{"id":5730,"date":"2026-04-02T14:37:20","date_gmt":"2026-04-02T12:37:20","guid":{"rendered":"https:\/\/catholicus.eu\/fr\/?p=5730"},"modified":"2026-04-02T14:37:52","modified_gmt":"2026-04-02T12:37:52","slug":"veillez-et-priez-la-nuit-la-plus-decisive-de-lhistoire","status":"publish","type":"post","link":"https:\/\/catholicus.eu\/fr\/veillez-et-priez-la-nuit-la-plus-decisive-de-lhistoire\/","title":{"rendered":"\u00ab Veillez et priez \u00bb : la nuit la plus d\u00e9cisive de l\u2019histoire"},"content":{"rendered":"\n<p>Il est des nuits qui changent l\u2019histoire. Non pas par le bruit des arm\u00e9es ni par le tumulte des foules, mais par le silence d\u2019une \u00e2me en lutte. La nuit de Geths\u00e9mani \u2014 v\u00e9cue par J\u00e9sus-Christ dans le jardin \u2014 ne fut pas seulement le pr\u00e9lude de la Passion : elle fut le moment d\u00e9cisif o\u00f9 l\u2019amour de Dieu et la libert\u00e9 humaine se sont rencontr\u00e9s face \u00e0 face dans leur forme la plus dramatique.<\/p>\n\n\n\n<p>En ce lieu \u2014 le Jardin de Geths\u00e9mani \u2014 r\u00e9sonne une parole qui traverse les si\u00e8cles et nous parvient avec une urgence saisissante :<br><strong>\u00ab Veillez et priez, afin de ne pas entrer en tentation \u00bb (Mt 26,41).<\/strong><\/p>\n\n\n\n<p>Ce commandement n\u2019est pas une simple recommandation pieuse. Il est une cl\u00e9 spirituelle pour comprendre la vie chr\u00e9tienne, le myst\u00e8re de la souffrance et le combat int\u00e9rieur de chaque personne.<\/p>\n\n\n\n<hr class=\"wp-block-separator has-alpha-channel-opacity\"\/>\n\n\n\n<h2 class=\"wp-block-heading\">1. Geths\u00e9mani : quand Dieu entre dans la nuit de l\u2019homme<\/h2>\n\n\n\n<p>Apr\u00e8s la C\u00e8ne, J\u00e9sus-Christ se retire pour prier. Il ne fuit pas : il se pr\u00e9pare. Il n\u2019\u00e9chappe pas \u00e0 la souffrance : il l\u2019embrasse librement.<\/p>\n\n\n\n<p>Le r\u00e9cit \u00e9vang\u00e9lique est bouleversant :<\/p>\n\n\n\n<blockquote class=\"wp-block-quote is-layout-flow wp-block-quote-is-layout-flow\">\n<p>\u00ab Mon \u00e2me est triste jusqu\u2019\u00e0 la mort \u00bb (Mt 26,38).<\/p>\n<\/blockquote>\n\n\n\n<p>Nous trouvons ici une v\u00e9rit\u00e9 th\u00e9ologique d\u2019une profondeur immense :<br>le Christ, vrai Dieu et vrai homme, fait l\u2019exp\u00e9rience de la peur, de l\u2019angoisse et de la solitude.<\/p>\n\n\n\n<p>Il ne s\u2019agit pas d\u2019une repr\u00e9sentation symbolique. C\u2019est une agonie r\u00e9elle. La tradition a m\u00eame parl\u00e9 d\u2019une \u00ab agonie spirituelle \u00bb dans laquelle le Christ contemple le poids des p\u00e9ch\u00e9s du monde.<\/p>\n\n\n\n<p>Et pourtant, au c\u0153ur de cette obscurit\u00e9, il prononce l\u2019une des pri\u00e8res les plus radicales jamais dites :<\/p>\n\n\n\n<blockquote class=\"wp-block-quote is-layout-flow wp-block-quote-is-layout-flow\">\n<p>\u00ab Mon P\u00e8re, s\u2019il est possible, que cette coupe passe loin de moi ; cependant, non pas comme je veux, mais comme tu veux \u00bb (Mt 26,39).<\/p>\n<\/blockquote>\n\n\n\n<p>Ici se r\u00e9v\u00e8le le c\u0153ur du christianisme :<br><strong>l\u2019ob\u00e9issance aimante qui vainc le p\u00e9ch\u00e9 de d\u00e9sob\u00e9issance.<\/strong><\/p>\n\n\n\n<p>L\u00e0 o\u00f9 Adam a dit \u00ab non \u00bb, le Christ dit \u00ab oui \u00bb.<\/p>\n\n\n\n<hr class=\"wp-block-separator has-alpha-channel-opacity\"\/>\n\n\n\n<h2 class=\"wp-block-heading\">2. \u00ab Veillez et priez \u00bb : le drame des disciples\u2026 et le n\u00f4tre<\/h2>\n\n\n\n<p>Pendant que le Christ lutte, ses disciples dorment.<\/p>\n\n\n\n<p>Ce contraste est profond\u00e9ment humain. Ils aiment J\u00e9sus, mais ils ne comprennent pas la gravit\u00e9 du moment. Leur faiblesse n\u2019est pas de la malice : c\u2019est un manque de vigilance.<\/p>\n\n\n\n<p>Le Christ les avertit :<\/p>\n\n\n\n<blockquote class=\"wp-block-quote is-layout-flow wp-block-quote-is-layout-flow\">\n<p>\u00ab L\u2019esprit est ardent, mais la chair est faible \u00bb (Mt 26,41).<\/p>\n<\/blockquote>\n\n\n\n<p>D\u2019un point de vue th\u00e9ologique, cette phrase r\u00e9v\u00e8le la condition de l\u2019homme d\u00e9chu :<\/p>\n\n\n\n<ul class=\"wp-block-list\">\n<li>Nous d\u00e9sirons le bien\u2026 mais nous peinons \u00e0 pers\u00e9v\u00e9rer.<\/li>\n\n\n\n<li>Nous voulons \u00eatre fid\u00e8les\u2026 mais nous c\u00e9dons \u00e0 la fatigue.<\/li>\n\n\n\n<li>Nous percevons la v\u00e9rit\u00e9\u2026 mais nous sommes distraits par l\u2019imm\u00e9diat.<\/li>\n<\/ul>\n\n\n\n<p>Geths\u00e9mani n\u2019est pas seulement un \u00e9pisode du pass\u00e9.<br><strong>C\u2019est un miroir de notre propre vie spirituelle.<\/strong><\/p>\n\n\n\n<hr class=\"wp-block-separator has-alpha-channel-opacity\"\/>\n\n\n\n<h2 class=\"wp-block-heading\">3. Le sens th\u00e9ologique de la vigilance<\/h2>\n\n\n\n<p>\u00ab Veiller \u00bb ne signifie pas simplement \u00ab ne pas dormir \u00bb. C\u2019est une attitude int\u00e9rieure.<\/p>\n\n\n\n<p>Dans la tradition chr\u00e9tienne, la vigilance implique :<\/p>\n\n\n\n<h3 class=\"wp-block-heading\">a) La conscience du combat spirituel<\/h3>\n\n\n\n<p>La vie chr\u00e9tienne n\u2019est pas neutre. Il existe une lutte entre le bien et le mal, entre la gr\u00e2ce et le p\u00e9ch\u00e9. Veiller, c\u2019est vivre \u00e9veill\u00e9 \u00e0 cette r\u00e9alit\u00e9.<\/p>\n\n\n\n<h3 class=\"wp-block-heading\">b) L\u2019attention au c\u0153ur<\/h3>\n\n\n\n<p>Veiller, c\u2019est s\u2019examiner, reconna\u00eetre ses fragilit\u00e9s, ne pas vivre dans l\u2019illusion.<\/p>\n\n\n\n<h3 class=\"wp-block-heading\">c) L\u2019attente active de Dieu<\/h3>\n\n\n\n<p>Celui qui veille ne vit pas distrait. Il vit dans l\u2019attente, attentif \u00e0 la pr\u00e9sence de Dieu dans le quotidien.<\/p>\n\n\n\n<hr class=\"wp-block-separator has-alpha-channel-opacity\"\/>\n\n\n\n<h2 class=\"wp-block-heading\">4. La pri\u00e8re : non comme refuge, mais comme combat<\/h2>\n\n\n\n<p>Le Christ ne dit pas seulement \u00ab veillez \u00bb. Il ajoute : <strong>\u00ab et priez \u00bb<\/strong>.<\/p>\n\n\n\n<p>La pri\u00e8re \u00e0 Geths\u00e9mani n\u2019est pas une fuite. C\u2019est un combat. C\u2019est le lieu o\u00f9 la volont\u00e9 humaine s\u2019unit \u00e0 la volont\u00e9 divine.<\/p>\n\n\n\n<p>Th\u00e9ologiquement, une v\u00e9rit\u00e9 essentielle se r\u00e9v\u00e8le ici :<br><strong>la pri\u00e8re ne change pas Dieu ; elle transforme celui qui prie.<\/strong><\/p>\n\n\n\n<p>Le Christ, dans son humanit\u00e9, traverse l\u2019angoisse et l\u2019abandon par la pri\u00e8re. Et nous sommes appel\u00e9s \u00e0 faire de m\u00eame.<\/p>\n\n\n\n<hr class=\"wp-block-separator has-alpha-channel-opacity\"\/>\n\n\n\n<h2 class=\"wp-block-heading\">5. La nuit de Geths\u00e9mani aujourd\u2019hui : une lecture actuelle<\/h2>\n\n\n\n<p>Nous pourrions penser que cette sc\u00e8ne appartient \u00e0 un autre temps. Mais il suffit de regarder autour de nous \u2014 et en nous-m\u00eames \u2014 pour d\u00e9couvrir que Geths\u00e9mani est toujours vivant :<\/p>\n\n\n\n<ul class=\"wp-block-list\">\n<li>Dans l\u2019angoisse que beaucoup vivent en silence.<\/li>\n\n\n\n<li>Dans les d\u00e9cisions difficiles qui exigent un renoncement.<\/li>\n\n\n\n<li>Dans la tentation de fuir la souffrance \u00e0 tout prix.<\/li>\n\n\n\n<li>Dans l\u2019indiff\u00e9rence spirituelle qui endort l\u2019\u00e2me.<\/li>\n<\/ul>\n\n\n\n<p>Nous vivons dans une culture de distraction permanente. Jamais il n\u2019a \u00e9t\u00e9 aussi facile de \u00ab s\u2019endormir \u00bb spirituellement : \u00e9crans, bruit, pr\u00e9cipitation\u2026 tout conspire contre l\u2019int\u00e9riorit\u00e9.<\/p>\n\n\n\n<p>C\u2019est pourquoi l\u2019appel du Christ est plus actuel que jamais.<\/p>\n\n\n\n<hr class=\"wp-block-separator has-alpha-channel-opacity\"\/>\n\n\n\n<h2 class=\"wp-block-heading\">6. Applications pratiques : comment vivre aujourd\u2019hui \u00ab veillez et priez \u00bb<\/h2>\n\n\n\n<p>La grandeur de l\u2019\u00c9vangile est qu\u2019il ne reste pas dans des id\u00e9es abstraites. Il s\u2019incarne dans la vie concr\u00e8te. Comment vivre cet enseignement aujourd\u2019hui ?<\/p>\n\n\n\n<h3 class=\"wp-block-heading\">1. Retrouver des moments de silence<\/h3>\n\n\n\n<p>Le silence n\u2019est pas vide : c\u2019est l\u2019espace o\u00f9 Dieu parle. Consacrer chaque jour quelques minutes sans distractions est d\u00e9j\u00e0 un acte de vigilance.<\/p>\n\n\n\n<h3 class=\"wp-block-heading\">2. \u00c9tablir une vie de pri\u00e8re simple mais constante<\/h3>\n\n\n\n<p>Il n\u2019est pas n\u00e9cessaire de commencer par de grands discours. La fid\u00e9lit\u00e9 suffit :<\/p>\n\n\n\n<ul class=\"wp-block-list\">\n<li>Un Notre P\u00e8re pri\u00e9 avec attention.<\/li>\n\n\n\n<li>Un moment de dialogue sinc\u00e8re avec Dieu.<\/li>\n\n\n\n<li>La lecture d\u2019un passage de la Bible.<\/li>\n<\/ul>\n\n\n\n<h3 class=\"wp-block-heading\">3. Examiner son c\u0153ur chaque jour<\/h3>\n\n\n\n<p>Se poser des questions :<\/p>\n\n\n\n<ul class=\"wp-block-list\">\n<li>O\u00f9 ai-je failli aujourd\u2019hui ?<\/li>\n\n\n\n<li>O\u00f9 ai-je aim\u00e9 ?<\/li>\n\n\n\n<li>Qu\u2019est-ce qui m\u2019\u00e9loigne de Dieu ?<\/li>\n<\/ul>\n\n\n\n<p>C\u2019est veiller sur soi-m\u00eame.<\/p>\n\n\n\n<h3 class=\"wp-block-heading\">4. Accueillir les petites croix<\/h3>\n\n\n\n<p>Geths\u00e9mani nous enseigne que toute souffrance ne doit pas \u00eatre \u00e9vit\u00e9e. Il existe des croix qui, v\u00e9cues avec amour, nous transforment.<\/p>\n\n\n\n<h3 class=\"wp-block-heading\">5. Rester fid\u00e8le m\u00eame dans la s\u00e9cheresse<\/h3>\n\n\n\n<p>Les disciples se sont endormis. Le Christ a pers\u00e9v\u00e9r\u00e9. La vie spirituelle n\u2019est pas toujours sensible. Parfois, elle est fid\u00e9lit\u00e9 dans la nuit.<\/p>\n\n\n\n<hr class=\"wp-block-separator has-alpha-channel-opacity\"\/>\n\n\n\n<h2 class=\"wp-block-heading\">7. Geths\u00e9mani et l\u2019esp\u00e9rance<\/h2>\n\n\n\n<p>Bien que la sc\u00e8ne soit profond\u00e9ment douloureuse, elle ne s\u2019ach\u00e8ve pas dans le d\u00e9sespoir. Geths\u00e9mani est le commencement de la victoire.<\/p>\n\n\n\n<p>Car l\u2019abandon du Christ en cette nuit ouvre le chemin vers la R\u00e9surrection.<\/p>\n\n\n\n<p>Voici la grande le\u00e7on pastorale :<br><strong>la nuit n\u2019a pas le dernier mot.<\/strong><\/p>\n\n\n\n<p>Toute lutte int\u00e9rieure, toute pri\u00e8re au c\u0153ur de la souffrance, toute fid\u00e9lit\u00e9 silencieuse\u2026 participe \u00e0 ce myst\u00e8re de r\u00e9demption.<\/p>\n\n\n\n<hr class=\"wp-block-separator has-alpha-channel-opacity\"\/>\n\n\n\n<h2 class=\"wp-block-heading\">Conclusion : un appel personnel<\/h2>\n\n\n\n<p>\u00ab Veillez et priez \u00bb n\u2019est pas un conseil r\u00e9serv\u00e9 \u00e0 quelques-uns. C\u2019est une invitation universelle.<\/p>\n\n\n\n<p>Chacun a son propre Geths\u00e9mani :<\/p>\n\n\n\n<ul class=\"wp-block-list\">\n<li>une d\u00e9cision difficile,<\/li>\n\n\n\n<li>une croix inattendue,<\/li>\n\n\n\n<li>un combat int\u00e9rieur.<\/li>\n<\/ul>\n\n\n\n<p>La question n\u2019est pas de savoir si nous traverserons la nuit.<br>La question est <strong>comment nous la vivrons<\/strong>.<\/p>\n\n\n\n<p>Le Christ nous montre le chemin :<br>ne pas fuir, ne pas dormir, ne pas abandonner\u2026<br>mais <strong>veiller et prier<\/strong>.<\/p>\n\n\n\n<p>Et dans cet acte humble, r\u00e9p\u00e9t\u00e9 jour apr\u00e8s jour, se joue quelque chose d\u2019immense :<br><strong>la transformation du c\u0153ur et la participation \u00e0 l\u2019amour r\u00e9dempteur de Dieu.<\/strong><\/p>\n","protected":false},"excerpt":{"rendered":"<p>Il est des nuits qui changent l\u2019histoire. Non pas par le bruit des arm\u00e9es ni par le tumulte des foules, mais par le silence d\u2019une \u00e2me en lutte. La nuit de Geths\u00e9mani \u2014 v\u00e9cue par J\u00e9sus-Christ dans le jardin \u2014 ne fut pas seulement le pr\u00e9lude de la Passion : elle fut le moment d\u00e9cisif &hellip;<\/p>\n","protected":false},"author":3,"featured_media":5731,"comment_status":"open","ping_status":"closed","sticky":false,"template":"","format":"standard","meta":{"_seopress_robots_primary_cat":"","_seopress_titles_title":"","_seopress_titles_desc":"","_seopress_robots_index":"","footnotes":""},"categories":[59,40],"tags":[1843,652],"class_list":["post-5730","post","type-post","status-publish","format-standard","has-post-thumbnail","","category-eucharistie-et-adoration","category-priere-et-spiritualite","tag-gethsemani","tag-jeudi-saint"],"_links":{"self":[{"href":"https:\/\/catholicus.eu\/fr\/wp-json\/wp\/v2\/posts\/5730","targetHints":{"allow":["GET"]}}],"collection":[{"href":"https:\/\/catholicus.eu\/fr\/wp-json\/wp\/v2\/posts"}],"about":[{"href":"https:\/\/catholicus.eu\/fr\/wp-json\/wp\/v2\/types\/post"}],"author":[{"embeddable":true,"href":"https:\/\/catholicus.eu\/fr\/wp-json\/wp\/v2\/users\/3"}],"replies":[{"embeddable":true,"href":"https:\/\/catholicus.eu\/fr\/wp-json\/wp\/v2\/comments?post=5730"}],"version-history":[{"count":1,"href":"https:\/\/catholicus.eu\/fr\/wp-json\/wp\/v2\/posts\/5730\/revisions"}],"predecessor-version":[{"id":5732,"href":"https:\/\/catholicus.eu\/fr\/wp-json\/wp\/v2\/posts\/5730\/revisions\/5732"}],"wp:featuredmedia":[{"embeddable":true,"href":"https:\/\/catholicus.eu\/fr\/wp-json\/wp\/v2\/media\/5731"}],"wp:attachment":[{"href":"https:\/\/catholicus.eu\/fr\/wp-json\/wp\/v2\/media?parent=5730"}],"wp:term":[{"taxonomy":"category","embeddable":true,"href":"https:\/\/catholicus.eu\/fr\/wp-json\/wp\/v2\/categories?post=5730"},{"taxonomy":"post_tag","embeddable":true,"href":"https:\/\/catholicus.eu\/fr\/wp-json\/wp\/v2\/tags?post=5730"}],"curies":[{"name":"wp","href":"https:\/\/api.w.org\/{rel}","templated":true}]}}