{"id":5712,"date":"2026-03-31T21:56:52","date_gmt":"2026-03-31T19:56:52","guid":{"rendered":"https:\/\/catholicus.eu\/fr\/?p=5712"},"modified":"2026-03-31T21:56:52","modified_gmt":"2026-03-31T19:56:52","slug":"le-devoir-detat-la-saintete-commence-la-ou-vous-etes-et-non-la-ou-vous-aimeriez-etre","status":"publish","type":"post","link":"https:\/\/catholicus.eu\/fr\/le-devoir-detat-la-saintete-commence-la-ou-vous-etes-et-non-la-ou-vous-aimeriez-etre\/","title":{"rendered":"Le devoir d\u2019\u00e9tat : la saintet\u00e9 commence l\u00e0 o\u00f9 vous \u00eates (et non l\u00e0 o\u00f9 vous aimeriez \u00eatre)"},"content":{"rendered":"\n<p>Dans un monde qui nous pousse constamment \u00e0 chercher \u00ab quelque chose de plus \u00bb, \u00e0 changer, \u00e0 nous r\u00e9inventer et \u00e0 aspirer \u00e0 des vies id\u00e9alis\u00e9es, la spiritualit\u00e9 catholique traditionnelle nous offre une v\u00e9rit\u00e9 profond\u00e9ment lib\u00e9ratrice \u2014 et exigeante \u2014 : <strong>Dieu veut que vous soyez saint exactement l\u00e0 o\u00f9 vous \u00eates<\/strong>. Pas demain, pas dans une autre vocation, pas dans une vie diff\u00e9rente. Ici. Maintenant.<\/p>\n\n\n\n<p>C\u2019est l\u00e0 le c\u0153ur du <strong>devoir d\u2019\u00e9tat<\/strong>.<\/p>\n\n\n\n<hr class=\"wp-block-separator has-alpha-channel-opacity\"\/>\n\n\n\n<h2 class=\"wp-block-heading\"><strong>Qu\u2019est-ce que le devoir d\u2019\u00e9tat ? Une d\u00e9finition qui change la vie<\/strong><\/h2>\n\n\n\n<p>Le devoir d\u2019\u00e9tat est l\u2019ensemble des obligations, responsabilit\u00e9s et t\u00e2ches propres \u00e0 la situation concr\u00e8te dans laquelle Dieu a plac\u00e9 chaque personne : sa vocation, sa profession, sa famille, sa condition sociale et son \u00e9tape de vie.<\/p>\n\n\n\n<p>Il ne s\u2019agit pas seulement de \u00ab faire ce qu\u2019il faut \u00bb, mais de comprendre que <strong>ces obligations sont le chemin ordinaire de sanctification<\/strong>.<\/p>\n\n\n\n<p>En d\u2019autres termes :<br><strong>votre travail, votre famille, vos luttes quotidiennes\u2026 sont votre autel.<\/strong><\/p>\n\n\n\n<hr class=\"wp-block-separator has-alpha-channel-opacity\"\/>\n\n\n\n<h2 class=\"wp-block-heading\"><strong>Une v\u00e9rit\u00e9 oubli\u00e9e : la saintet\u00e9 n\u2019est pas une fuite, elle est incarnation<\/strong><\/h2>\n\n\n\n<p>Nous imaginons souvent la saintet\u00e9 comme quelque chose d\u2019extraordinaire : visions mystiques, retraites dans le d\u00e9sert, vies h\u00e9ro\u00efques en dehors de l\u2019ordinaire. Mais la tradition de l\u2019\u00c9glise, profond\u00e9ment r\u00e9aliste, enseigne le contraire :<\/p>\n\n\n\n<p>La saintet\u00e9 ne consiste pas \u00e0 faire des choses extraordinaires, mais \u00e0 <strong>faire extraordinairement bien les choses ordinaires<\/strong>.<\/p>\n\n\n\n<p>Jesucristo Lui-m\u00eame a pass\u00e9 la majeure partie de sa vie dans la discr\u00e9tion, \u00e0 Nazareth, travaillant de ses mains, vivant en famille. Trente ann\u00e9es de vie \u00ab ordinaire \u00bb avant trois ann\u00e9es de vie publique.<\/p>\n\n\n\n<p>Une co\u00efncidence ? Pas du tout. C\u2019est une le\u00e7on.<\/p>\n\n\n\n<hr class=\"wp-block-separator has-alpha-channel-opacity\"\/>\n\n\n\n<h2 class=\"wp-block-heading\"><strong>Fondement biblique : Dieu vous appelle dans le concret<\/strong><\/h2>\n\n\n\n<p>L\u2019\u00c9criture Sainte regorge d\u2019exemples o\u00f9 Dieu appelle les personnes <strong>au c\u0153ur de leur vie quotidienne<\/strong>, et non en dehors d\u2019elle :<\/p>\n\n\n\n<blockquote class=\"wp-block-quote is-layout-flow wp-block-quote-is-layout-flow\">\n<p>\u00ab Ainsi, que chacun demeure devant Dieu dans l\u2019\u00e9tat o\u00f9 il \u00e9tait lorsqu\u2019il a \u00e9t\u00e9 appel\u00e9. \u00bb<br><em>(1 Corinthiens 7,24)<\/em><\/p>\n<\/blockquote>\n\n\n\n<p>Saint Paul n\u2019invite pas \u00e0 fuir, mais \u00e0 <strong>demeurer et sanctifier<\/strong>.<\/p>\n\n\n\n<p>Nous lisons aussi :<\/p>\n\n\n\n<blockquote class=\"wp-block-quote is-layout-flow wp-block-quote-is-layout-flow\">\n<p>\u00ab Soit que vous mangiez, soit que vous buviez, quoi que vous fassiez, faites tout pour la gloire de Dieu. \u00bb<br><em>(1 Corinthiens 10,31)<\/em><\/p>\n<\/blockquote>\n\n\n\n<p>Il n\u2019y a pas de s\u00e9paration entre le \u00ab sacr\u00e9 \u00bb et le \u00ab profane \u00bb lorsque l\u2019\u00e2me vit dans la gr\u00e2ce. Tout peut \u00eatre offert.<\/p>\n\n\n\n<hr class=\"wp-block-separator has-alpha-channel-opacity\"\/>\n\n\n\n<h2 class=\"wp-block-heading\"><strong>Histoire et tradition : un enseignement constant de l\u2019\u00c9glise<\/strong><\/h2>\n\n\n\n<p>D\u00e8s les premiers si\u00e8cles, les P\u00e8res de l\u2019\u00c9glise enseignaient d\u00e9j\u00e0 que <strong>chaque \u00e9tat de vie poss\u00e8de son propre chemin de perfection<\/strong>.<\/p>\n\n\n\n<ul class=\"wp-block-list\">\n<li>Les moines dans le d\u00e9sert sanctifiaient le silence.<\/li>\n\n\n\n<li>Les martyrs sanctifiaient la souffrance.<\/li>\n\n\n\n<li>Les p\u00e8res et m\u00e8res sanctifiaient le foyer.<\/li>\n\n\n\n<li>Les travailleurs sanctifiaient l\u2019effort quotidien.<\/li>\n<\/ul>\n\n\n\n<p>Plus tard, des saints comme saint Fran\u00e7ois de Sales ont insist\u00e9 sur le fait que la d\u00e9votion <strong>ne d\u00e9truit pas la vocation, mais la perfectionne<\/strong> :<\/p>\n\n\n\n<blockquote class=\"wp-block-quote is-layout-flow wp-block-quote-is-layout-flow\">\n<p>\u00ab La d\u00e9votion doit \u00eatre pratiqu\u00e9e diff\u00e9remment par le noble, par l\u2019artisan, par le serviteur, par le prince, par la veuve, par la jeune fille et par l\u2019\u00e9pouse. \u00bb<\/p>\n<\/blockquote>\n\n\n\n<p>Chacun \u00e0 sa place. Chacun dans sa mission.<\/p>\n\n\n\n<hr class=\"wp-block-separator has-alpha-channel-opacity\"\/>\n\n\n\n<h2 class=\"wp-block-heading\"><strong>La grande erreur moderne : vouloir servir Dieu\u2026 dans une autre vie<\/strong><\/h2>\n\n\n\n<p>L\u2019un des plus grands dangers spirituels aujourd\u2019hui n\u2019est pas le rejet explicite de Dieu, mais quelque chose de plus subtil :<br><strong>vouloir Le servir, mais pas depuis l\u2019endroit o\u00f9 Il nous a plac\u00e9s.<\/strong><\/p>\n\n\n\n<ul class=\"wp-block-list\">\n<li>Le p\u00e8re de famille qui r\u00eave d\u2019une vie de retraite\u2026 mais n\u00e9glige ses enfants.<\/li>\n\n\n\n<li>Le travailleur qui cherche des exp\u00e9riences spirituelles intenses\u2026 mais accomplit mal son travail.<\/li>\n\n\n\n<li>Le jeune qui veut changer le monde\u2026 mais n\u2019est pas fid\u00e8le dans les petites choses.<\/li>\n<\/ul>\n\n\n\n<p>C\u2019est une tentation constante : <strong>fuir le pr\u00e9sent au nom d\u2019un id\u00e9al spirituel<\/strong>.<\/p>\n\n\n\n<p>Mais Dieu ne vous demandera pas des comptes sur la vie que vous avez imagin\u00e9e, mais sur celle qu\u2019Il vous a donn\u00e9e.<\/p>\n\n\n\n<hr class=\"wp-block-separator has-alpha-channel-opacity\"\/>\n\n\n\n<h2 class=\"wp-block-heading\"><strong>Profondeur th\u00e9ologique : coop\u00e9ration avec la volont\u00e9 divine<\/strong><\/h2>\n\n\n\n<p>D\u2019un point de vue th\u00e9ologique, le devoir d\u2019\u00e9tat s\u2019enracine dans le myst\u00e8re de la <strong>Providence divine<\/strong>.<\/p>\n\n\n\n<p>Dieu n\u2019agit pas de mani\u00e8re abstraite : <strong>Il gouverne le monde \u00e0 travers des circonstances concr\u00e8tes<\/strong>. Votre vie n\u2019est pas un accident. C\u2019est une mission.<\/p>\n\n\n\n<p>Accomplir son devoir d\u2019\u00e9tat signifie :<\/p>\n\n\n\n<ul class=\"wp-block-list\">\n<li>Accepter la volont\u00e9 permissive de Dieu<\/li>\n\n\n\n<li>Coop\u00e9rer avec sa volont\u00e9 positive<\/li>\n\n\n\n<li>Ordonner sa vie selon son dessein<\/li>\n<\/ul>\n\n\n\n<p>C\u2019est, en d\u00e9finitive, une mani\u00e8re de vivre le <strong>\u00ab Que ta volont\u00e9 soit faite \u00bb<\/strong> du Notre P\u00e8re\u2026 en version concr\u00e8te.<\/p>\n\n\n\n<hr class=\"wp-block-separator has-alpha-channel-opacity\"\/>\n\n\n\n<h2 class=\"wp-block-heading\"><strong>Dimension morale : le devoir d\u2019\u00e9tat comme obligation grave<\/strong><\/h2>\n\n\n\n<p>Ce n\u2019est pas optionnel.<\/p>\n\n\n\n<p>Le devoir d\u2019\u00e9tat appartient au domaine de la <strong>morale objective<\/strong>. Le n\u00e9gliger, surtout en mati\u00e8re grave, peut constituer un p\u00e9ch\u00e9.<\/p>\n\n\n\n<p>Pourquoi ? Parce que cela implique :<\/p>\n\n\n\n<ul class=\"wp-block-list\">\n<li>Une n\u00e9gligence dans les responsabilit\u00e9s confi\u00e9es par Dieu<\/li>\n\n\n\n<li>Un tort caus\u00e9 au prochain (famille, travail, soci\u00e9t\u00e9)<\/li>\n\n\n\n<li>Un d\u00e9sordre dans sa propre vocation<\/li>\n<\/ul>\n\n\n\n<p>Il ne s\u2019agit pas de perfectionnisme, mais de fid\u00e9lit\u00e9.<\/p>\n\n\n\n<hr class=\"wp-block-separator has-alpha-channel-opacity\"\/>\n\n\n\n<h2 class=\"wp-block-heading\"><strong>Applications pratiques : comment vivre le devoir d\u2019\u00e9tat aujourd\u2019hui<\/strong><\/h2>\n\n\n\n<p>C\u2019est ici que cet enseignement devient v\u00e9ritablement r\u00e9volutionnaire.<\/p>\n\n\n\n<h3 class=\"wp-block-heading\"><strong>1. Sanctifiez votre travail (m\u00eame si vous ne l\u2019aimez pas)<\/strong><\/h3>\n\n\n\n<p>Vous n\u2019avez pas besoin d\u2019aimer votre travail pour le sanctifier. Il suffit de le faire :<\/p>\n\n\n\n<ul class=\"wp-block-list\">\n<li>Avec responsabilit\u00e9<\/li>\n\n\n\n<li>Avec une intention droite<\/li>\n\n\n\n<li>En l\u2019offrant \u00e0 Dieu<\/li>\n<\/ul>\n\n\n\n<p>Le travail devient pri\u00e8re lorsqu\u2019il est fait par amour.<\/p>\n\n\n\n<hr class=\"wp-block-separator has-alpha-channel-opacity\"\/>\n\n\n\n<h3 class=\"wp-block-heading\"><strong>2. Donnez la priorit\u00e9 \u00e0 ce que Dieu vous a confi\u00e9<\/strong><\/h3>\n\n\n\n<p>Votre famille, votre vocation, vos obligations concr\u00e8tes\u2026 ne sont pas des obstacles \u00e0 la vie spirituelle. Elles en sont le chemin.<\/p>\n\n\n\n<p><strong>Ne n\u00e9gligez pas l\u2019essentiel en poursuivant l\u2019accessoire.<\/strong><\/p>\n\n\n\n<hr class=\"wp-block-separator has-alpha-channel-opacity\"\/>\n\n\n\n<h3 class=\"wp-block-heading\"><strong>3. Vivez la pr\u00e9sence de Dieu dans le quotidien<\/strong><\/h3>\n\n\n\n<p>Vous n\u2019avez pas besoin d\u2019attendre l\u2019\u00e9glise ou des moments \u00ab spirituels \u00bb.<\/p>\n\n\n\n<ul class=\"wp-block-list\">\n<li>Cuisiner<\/li>\n\n\n\n<li>Nettoyer<\/li>\n\n\n\n<li>Servir des clients<\/li>\n\n\n\n<li>\u00c9couter quelqu\u2019un<\/li>\n<\/ul>\n\n\n\n<p>Tout peut devenir une rencontre avec Dieu.<\/p>\n\n\n\n<hr class=\"wp-block-separator has-alpha-channel-opacity\"\/>\n\n\n\n<h3 class=\"wp-block-heading\"><strong>4. \u00c9vitez la dispersion spirituelle<\/strong><\/h3>\n\n\n\n<p>Aujourd\u2019hui, il existe un exc\u00e8s de stimuli spirituels : podcasts, livres, retraites, r\u00e9seaux sociaux\u2026<\/p>\n\n\n\n<p>Tout cela est bon, mais peut devenir un pi\u00e8ge si cela remplace l\u2019essentiel :<\/p>\n\n\n\n<p><strong>accomplir fid\u00e8lement son devoir d\u2019\u00e9tat.<\/strong><\/p>\n\n\n\n<hr class=\"wp-block-separator has-alpha-channel-opacity\"\/>\n\n\n\n<h3 class=\"wp-block-heading\"><strong>5. Offrez les petites choses : c\u2019est la cl\u00e9<\/strong><\/h3>\n\n\n\n<p>La grandeur spirituelle ne r\u00e9side pas dans le spectaculaire, mais dans la fid\u00e9lit\u00e9 :<\/p>\n\n\n\n<ul class=\"wp-block-list\">\n<li>\u00catre ponctuel<\/li>\n\n\n\n<li>\u00catre patient<\/li>\n\n\n\n<li>Ne pas se plaindre<\/li>\n\n\n\n<li>Bien faire ce que personne ne voit<\/li>\n<\/ul>\n\n\n\n<p>C\u2019est l\u00e0 que se forment les saints.<\/p>\n\n\n\n<hr class=\"wp-block-separator has-alpha-channel-opacity\"\/>\n\n\n\n<h2 class=\"wp-block-heading\"><strong>Le devoir d\u2019\u00e9tat et la Croix : accepter ce que vous n\u2019avez pas choisi<\/strong><\/h2>\n\n\n\n<p>Il existe une dimension encore plus profonde.<\/p>\n\n\n\n<p>Le devoir d\u2019\u00e9tat inclut aussi ce que vous <strong>n\u2019avez pas choisi<\/strong> :<\/p>\n\n\n\n<ul class=\"wp-block-list\">\n<li>Les maladies<\/li>\n\n\n\n<li>Les limitations<\/li>\n\n\n\n<li>Les situations familiales difficiles<\/li>\n\n\n\n<li>Les \u00e9checs<\/li>\n<\/ul>\n\n\n\n<p>Accepter et offrir ces r\u00e9alit\u00e9s est une forme tr\u00e8s \u00e9lev\u00e9e d\u2019union \u00e0 la Croix.<\/p>\n\n\n\n<hr class=\"wp-block-separator has-alpha-channel-opacity\"\/>\n\n\n\n<h2 class=\"wp-block-heading\"><strong>Une spiritualit\u00e9 pour le XXIe si\u00e8cle<\/strong><\/h2>\n\n\n\n<p>Dans un monde marqu\u00e9 par l\u2019anxi\u00e9t\u00e9, la comparaison constante et l\u2019insatisfaction, le devoir d\u2019\u00e9tat apporte une r\u00e9ponse radicale :<\/p>\n\n\n\n<ul class=\"wp-block-list\">\n<li>Il vous recentre<\/li>\n\n\n\n<li>Il met de l\u2019ordre dans votre vie<\/li>\n\n\n\n<li>Il vous lib\u00e8re d\u2019un perfectionnisme irr\u00e9aliste<\/li>\n\n\n\n<li>Il vous relie \u00e0 la volont\u00e9 de Dieu<\/li>\n<\/ul>\n\n\n\n<p>Vous n\u2019avez pas besoin d\u2019une autre vie pour devenir saint.<br><strong>Vous avez besoin de vivre cette vie autrement.<\/strong><\/p>\n\n\n\n<hr class=\"wp-block-separator has-alpha-channel-opacity\"\/>\n\n\n\n<h2 class=\"wp-block-heading\"><strong>Conclusion : l\u00e0 o\u00f9 vous \u00eates, Dieu vous attend<\/strong><\/h2>\n\n\n\n<p>Le devoir d\u2019\u00e9tat n\u2019est pas un fardeau. C\u2019est une boussole.<\/p>\n\n\n\n<p>Il vous dit clairement :<br><strong>\u00ab C\u2019est ici que Dieu vous veut. C\u2019est ici que vous devenez saint. \u00bb<\/strong><\/p>\n\n\n\n<p>Pas dans les th\u00e9ories.<br>Pas dans les r\u00eaves.<br>Pas dans les comparaisons.<\/p>\n\n\n\n<p>Mais dans le concret, le quotidien, ce qui semble petit.<\/p>\n\n\n\n<p>Car au fond, la saintet\u00e9 ne consiste pas \u00e0 faire beaucoup de choses, mais \u00e0 faire la volont\u00e9 de Dieu\u2026 <strong>exactement l\u00e0 o\u00f9 vous \u00eates.<\/strong><\/p>\n","protected":false},"excerpt":{"rendered":"<p>Dans un monde qui nous pousse constamment \u00e0 chercher \u00ab quelque chose de plus \u00bb, \u00e0 changer, \u00e0 nous r\u00e9inventer et \u00e0 aspirer \u00e0 des vies id\u00e9alis\u00e9es, la spiritualit\u00e9 catholique traditionnelle nous offre une v\u00e9rit\u00e9 profond\u00e9ment lib\u00e9ratrice \u2014 et exigeante \u2014 : Dieu veut que vous soyez saint exactement l\u00e0 o\u00f9 vous \u00eates. Pas demain, &hellip;<\/p>\n","protected":false},"author":3,"featured_media":5713,"comment_status":"open","ping_status":"closed","sticky":false,"template":"","format":"standard","meta":{"_seopress_robots_primary_cat":"","_seopress_titles_title":"","_seopress_titles_desc":"","_seopress_robots_index":"","footnotes":""},"categories":[39,57],"tags":[1846],"class_list":["post-5712","post","type-post","status-publish","format-standard","has-post-thumbnail","","category-morale-et-vie-chretienne","category-vertus-chretiennes","tag-devoir-detat"],"_links":{"self":[{"href":"https:\/\/catholicus.eu\/fr\/wp-json\/wp\/v2\/posts\/5712","targetHints":{"allow":["GET"]}}],"collection":[{"href":"https:\/\/catholicus.eu\/fr\/wp-json\/wp\/v2\/posts"}],"about":[{"href":"https:\/\/catholicus.eu\/fr\/wp-json\/wp\/v2\/types\/post"}],"author":[{"embeddable":true,"href":"https:\/\/catholicus.eu\/fr\/wp-json\/wp\/v2\/users\/3"}],"replies":[{"embeddable":true,"href":"https:\/\/catholicus.eu\/fr\/wp-json\/wp\/v2\/comments?post=5712"}],"version-history":[{"count":1,"href":"https:\/\/catholicus.eu\/fr\/wp-json\/wp\/v2\/posts\/5712\/revisions"}],"predecessor-version":[{"id":5714,"href":"https:\/\/catholicus.eu\/fr\/wp-json\/wp\/v2\/posts\/5712\/revisions\/5714"}],"wp:featuredmedia":[{"embeddable":true,"href":"https:\/\/catholicus.eu\/fr\/wp-json\/wp\/v2\/media\/5713"}],"wp:attachment":[{"href":"https:\/\/catholicus.eu\/fr\/wp-json\/wp\/v2\/media?parent=5712"}],"wp:term":[{"taxonomy":"category","embeddable":true,"href":"https:\/\/catholicus.eu\/fr\/wp-json\/wp\/v2\/categories?post=5712"},{"taxonomy":"post_tag","embeddable":true,"href":"https:\/\/catholicus.eu\/fr\/wp-json\/wp\/v2\/tags?post=5712"}],"curies":[{"name":"wp","href":"https:\/\/api.w.org\/{rel}","templated":true}]}}