{"id":5685,"date":"2026-03-29T14:53:45","date_gmt":"2026-03-29T12:53:45","guid":{"rendered":"https:\/\/catholicus.eu\/fr\/?p=5685"},"modified":"2026-03-29T14:53:45","modified_gmt":"2026-03-29T12:53:45","slug":"les-quatre-piliers-du-catechisme-larchitecture-invisible-qui-soutient-ta-foi","status":"publish","type":"post","link":"https:\/\/catholicus.eu\/fr\/les-quatre-piliers-du-catechisme-larchitecture-invisible-qui-soutient-ta-foi\/","title":{"rendered":"Les Quatre Piliers du Cat\u00e9chisme : L\u2019Architecture Invisible qui Soutient ta Foi"},"content":{"rendered":"\n<p>Dans un monde fragment\u00e9, rapide et rempli de bruit, de nombreux chr\u00e9tiens sentent que leur foi s\u2019affaiblit, devient superficielle ou perd tout simplement de sa force face aux exigences de la vie moderne. Et pourtant, l\u2019\u00c9glise \u2014 comme une m\u00e8re sage \u2014 n\u2019a pas laiss\u00e9 ses enfants sans guide.<\/p>\n\n\n\n<p>Il existe une structure solide, mill\u00e9naire, profond\u00e9ment coh\u00e9rente, qui non seulement explique ce que nous croyons\u2026 mais nous enseigne <strong>comment vivre, comment prier et comment aimer<\/strong>.<\/p>\n\n\n\n<p>Cette structure, ce sont les <strong>quatre piliers du Cat\u00e9chisme de l\u2019\u00c9glise catholique<\/strong>.<\/p>\n\n\n\n<p>Ce ne sont pas de simples \u00ab th\u00e8mes \u00bb. Ce sont <strong>les fondations d\u2019une vie chr\u00e9tienne authentique<\/strong>.<\/p>\n\n\n\n<hr class=\"wp-block-separator has-alpha-channel-opacity\"\/>\n\n\n\n<h2 class=\"wp-block-heading\"><strong>1. La Profession de Foi : Savoir en qui tu crois<\/strong><\/h2>\n\n\n\n<p>Tout commence ici : <strong>croire<\/strong>.<\/p>\n\n\n\n<p>Mais il ne s\u2019agit pas d\u2019un sentiment vague ou d\u2019une \u00e9motion passag\u00e8re. La foi chr\u00e9tienne est <strong>une adh\u00e9sion ferme \u00e0 la v\u00e9rit\u00e9 r\u00e9v\u00e9l\u00e9e par Dieu<\/strong>.<\/p>\n\n\n\n<p>Le premier pilier du Cat\u00e9chisme d\u00e9veloppe le <strong>Credo<\/strong>, ce r\u00e9sum\u00e9 puissant de ce que l\u2019\u00c9glise croit depuis les Ap\u00f4tres. Chaque phrase contient des si\u00e8cles de r\u00e9flexion, de conciles, de martyrs et de saints.<\/p>\n\n\n\n<blockquote class=\"wp-block-quote is-layout-flow wp-block-quote-is-layout-flow\">\n<p>\u00ab Je crois en Dieu, le P\u00e8re tout-puissant, Cr\u00e9ateur du ciel et de la terre\u2026 \u00bb<\/p>\n<\/blockquote>\n\n\n\n<p>Ici, nous trouvons les grandes v\u00e9rit\u00e9s :<\/p>\n\n\n\n<ul class=\"wp-block-list\">\n<li>Dieu est Trinit\u00e9 : P\u00e8re, Fils et Saint-Esprit<\/li>\n\n\n\n<li>J\u00e9sus-Christ est vrai Dieu et vrai homme<\/li>\n\n\n\n<li>L\u2019\u00c9glise est une, sainte, catholique et apostolique<\/li>\n\n\n\n<li>La vie \u00e9ternelle existe<\/li>\n<\/ul>\n\n\n\n<p>Ce n\u2019est pas de la th\u00e9orie. C\u2019est <strong>une identit\u00e9<\/strong>.<\/p>\n\n\n\n<p>Comme le dit l\u2019\u00c9criture :<\/p>\n\n\n\n<blockquote class=\"wp-block-quote is-layout-flow wp-block-quote-is-layout-flow\">\n<p>\u00ab Sans la foi, il est impossible de plaire \u00e0 Dieu \u00bb (H\u00e9breux 11,6)<\/p>\n<\/blockquote>\n\n\n\n<h3 class=\"wp-block-heading\"><strong>Application pratique<\/strong><\/h3>\n\n\n\n<p>Aujourd\u2019hui, beaucoup croient \u00ab \u00e0 leur mani\u00e8re \u00bb. Mais le chr\u00e9tien n\u2019invente pas sa foi : <strong>il la re\u00e7oit<\/strong>.<br>Se former au Credo te donne des racines. Et sans racines, n\u2019importe quel vent id\u00e9ologique t\u2019emporte.<\/p>\n\n\n\n<hr class=\"wp-block-separator has-alpha-channel-opacity\"\/>\n\n\n\n<h2 class=\"wp-block-heading\"><strong>2. La C\u00e9l\u00e9bration du Myst\u00e8re Chr\u00e9tien : Vivre ce que tu crois<\/strong><\/h2>\n\n\n\n<p>La foi ne reste pas dans l\u2019esprit. <strong>Elle se c\u00e9l\u00e8bre<\/strong>.<\/p>\n\n\n\n<p>Le deuxi\u00e8me pilier nous introduit dans le monde de <strong>la liturgie et des sacrements<\/strong>, o\u00f9 Dieu agit concr\u00e8tement dans notre vie.<\/p>\n\n\n\n<p>Ici se trouve le c\u0153ur battant de l\u2019\u00c9glise :<\/p>\n\n\n\n<ul class=\"wp-block-list\">\n<li><strong>L\u2019Eucharistie<\/strong>, source et sommet de la vie chr\u00e9tienne<\/li>\n\n\n\n<li>Le Bapt\u00eame, qui nous fait enfants de Dieu<\/li>\n\n\n\n<li>La Confession, qui nous rend la gr\u00e2ce<\/li>\n\n\n\n<li>Les autres sacrements, qui accompagnent chaque \u00e9tape de la vie<\/li>\n<\/ul>\n\n\n\n<p>Les sacrements ne sont pas des symboles vides. Ce sont <strong>des actions r\u00e9elles du Christ<\/strong>.<\/p>\n\n\n\n<blockquote class=\"wp-block-quote is-layout-flow wp-block-quote-is-layout-flow\">\n<p>\u00ab Celui qui mange ma chair et boit mon sang a la vie \u00e9ternelle \u00bb (Jean 6,54)<\/p>\n<\/blockquote>\n\n\n\n<h3 class=\"wp-block-heading\"><strong>Application pratique<\/strong><\/h3>\n\n\n\n<p>Dans une culture qui a transform\u00e9 le spirituel en quelque chose de subjectif, les sacrements nous rappellent quelque chose de r\u00e9volutionnaire :<br><strong>Dieu touche ta vie de mani\u00e8re concr\u00e8te, visible et efficace<\/strong>.<\/p>\n\n\n\n<p>Il ne suffit pas de \u00ab croire en Dieu \u00bb.<br>Il faut <strong>le rencontrer dans les sacrements<\/strong>.<\/p>\n\n\n\n<hr class=\"wp-block-separator has-alpha-channel-opacity\"\/>\n\n\n\n<h2 class=\"wp-block-heading\"><strong>3. La Vie dans le Christ : Vivre comme de v\u00e9ritables enfants de Dieu<\/strong><\/h2>\n\n\n\n<p>Ce pilier r\u00e9pond \u00e0 une question essentielle :<br><strong>Si je crois en Dieu\u2026 comment dois-je vivre ?<\/strong><\/p>\n\n\n\n<p>Ici, nous entrons dans la morale chr\u00e9tienne :<\/p>\n\n\n\n<ul class=\"wp-block-list\">\n<li>Les <strong>Dix Commandements<\/strong><\/li>\n\n\n\n<li>Les <strong>B\u00e9atitudes<\/strong><\/li>\n\n\n\n<li>La loi naturelle et la gr\u00e2ce<\/li>\n\n\n\n<li>La lutte contre le p\u00e9ch\u00e9<\/li>\n\n\n\n<li>L\u2019appel \u00e0 la saintet\u00e9<\/li>\n<\/ul>\n\n\n\n<p>La morale n\u2019est pas une liste d\u2019interdictions. C\u2019est un chemin vers l\u2019accomplissement.<\/p>\n\n\n\n<blockquote class=\"wp-block-quote is-layout-flow wp-block-quote-is-layout-flow\">\n<p>\u00ab Si vous m\u2019aimez, vous garderez mes commandements \u00bb (Jean 14,15)<\/p>\n<\/blockquote>\n\n\n\n<p>Le christianisme ne propose pas une \u00e9thique froide, mais une transformation radicale du c\u0153ur.<\/p>\n\n\n\n<h3 class=\"wp-block-heading\"><strong>Application pratique<\/strong><\/h3>\n\n\n\n<p>Aujourd\u2019hui, on confond souvent la libert\u00e9 avec le fait de faire ce que l\u2019on veut.<br>Mais la v\u00e9ritable libert\u00e9, c\u2019est <strong>faire le bien<\/strong>.<\/p>\n\n\n\n<p>Ce pilier t\u2019enseigne \u00e0 :<\/p>\n\n\n\n<ul class=\"wp-block-list\">\n<li>Discerner dans un monde relativiste<\/li>\n\n\n\n<li>Vivre la puret\u00e9 dans une culture hypersexualis\u00e9e<\/li>\n\n\n\n<li>Pratiquer la charit\u00e9 dans une soci\u00e9t\u00e9 individualiste<\/li>\n<\/ul>\n\n\n\n<p>C\u2019est exigeant, oui. Mais aussi profond\u00e9ment lib\u00e9rateur.<\/p>\n\n\n\n<hr class=\"wp-block-separator has-alpha-channel-opacity\"\/>\n\n\n\n<h2 class=\"wp-block-heading\"><strong>4. La Pri\u00e8re Chr\u00e9tienne : Parler avec Dieu comme un enfant<\/strong><\/h2>\n\n\n\n<p>Le dernier pilier est l\u2019\u00e2me de tous les autres : <strong>la pri\u00e8re<\/strong>.<\/p>\n\n\n\n<p>Car il ne suffit pas de croire, de c\u00e9l\u00e9brer et d\u2019agir\u2026<br><strong>Il faut entrer en relation avec Dieu<\/strong>.<\/p>\n\n\n\n<p>Ce pilier culmine avec le <strong>Notre P\u00e8re<\/strong>, la pri\u00e8re parfaite enseign\u00e9e par le Christ.<\/p>\n\n\n\n<blockquote class=\"wp-block-quote is-layout-flow wp-block-quote-is-layout-flow\">\n<p>\u00ab Seigneur, apprends-nous \u00e0 prier \u00bb (Luc 11,1)<\/p>\n<\/blockquote>\n\n\n\n<p>La pri\u00e8re est :<\/p>\n\n\n\n<ul class=\"wp-block-list\">\n<li>Rencontre<\/li>\n\n\n\n<li>Combat spirituel<\/li>\n\n\n\n<li>Silence et \u00e9coute<\/li>\n\n\n\n<li>Amour<\/li>\n<\/ul>\n\n\n\n<h3 class=\"wp-block-heading\"><strong>Application pratique<\/strong><\/h3>\n\n\n\n<p>Dans un monde hyperconnect\u00e9, le silence est devenu inconfortable.<br>Mais sans pri\u00e8re, l\u2019\u00e2me se dess\u00e8che.<\/p>\n\n\n\n<p>La pri\u00e8re quotidienne :<\/p>\n\n\n\n<ul class=\"wp-block-list\">\n<li>Met de l\u2019ordre en toi<\/li>\n\n\n\n<li>T\u2019apporte de la clart\u00e9<\/li>\n\n\n\n<li>T\u2019unit \u00e0 Dieu<\/li>\n<\/ul>\n\n\n\n<p>Tu n\u2019as pas besoin de grandes paroles. Tu as besoin <strong>d\u2019un c\u0153ur disponible<\/strong>.<\/p>\n\n\n\n<hr class=\"wp-block-separator has-alpha-channel-opacity\"\/>\n\n\n\n<h1 class=\"wp-block-heading\"><strong>Une Unit\u00e9 Vivante : Non pas quatre parties\u2026 mais un seul chemin<\/strong><\/h1>\n\n\n\n<p>Ces quatre piliers ne sont pas s\u00e9par\u00e9s. Ils forment une unit\u00e9 organique :<\/p>\n\n\n\n<ul class=\"wp-block-list\">\n<li>Tu <strong>crois<\/strong> (Profession de Foi)<\/li>\n\n\n\n<li>Tu <strong>c\u00e9l\u00e8bres<\/strong> (Sacrements)<\/li>\n\n\n\n<li>Tu <strong>vis<\/strong> (Vie morale)<\/li>\n\n\n\n<li>Tu <strong>pries<\/strong> (Relation avec Dieu)<\/li>\n<\/ul>\n\n\n\n<p>S\u2019il en manque un, tout se d\u00e9s\u00e9quilibre.<\/p>\n\n\n\n<p>Aujourd\u2019hui, beaucoup :<\/p>\n\n\n\n<ul class=\"wp-block-list\">\n<li>Veulent une morale sans foi<\/li>\n\n\n\n<li>Une spiritualit\u00e9 sans sacrements<\/li>\n\n\n\n<li>Une liturgie sans conversion<\/li>\n\n\n\n<li>Une pri\u00e8re sans doctrine<\/li>\n<\/ul>\n\n\n\n<p>Le r\u00e9sultat est une foi faible, incoh\u00e9rente, fragile.<\/p>\n\n\n\n<hr class=\"wp-block-separator has-alpha-channel-opacity\"\/>\n\n\n\n<h1 class=\"wp-block-heading\"><strong>Actualit\u00e9 : Plus n\u00e9cessaires que jamais<\/strong><\/h1>\n\n\n\n<p>Nous vivons une \u00e9poque de confusion doctrinale, de crise morale et de superficialit\u00e9 spirituelle.<\/p>\n\n\n\n<p>C\u2019est pourquoi le Cat\u00e9chisme n\u2019est pas un livre de plus. C\u2019est <strong>une carte pour ne pas se perdre<\/strong>.<\/p>\n\n\n\n<p>Retrouver ces quatre piliers signifie :<\/p>\n\n\n\n<ul class=\"wp-block-list\">\n<li>Revenir \u00e0 l\u2019essentiel<\/li>\n\n\n\n<li>Red\u00e9couvrir la beaut\u00e9 de la foi<\/li>\n\n\n\n<li>Construire une vie solide<\/li>\n\n\n\n<li>R\u00e9sister \u00e0 la pression culturelle<\/li>\n<\/ul>\n\n\n\n<hr class=\"wp-block-separator has-alpha-channel-opacity\"\/>\n\n\n\n<h1 class=\"wp-block-heading\"><strong>Conclusion : Revenir aux fondations pour ne pas s\u2019effondrer<\/strong><\/h1>\n\n\n\n<p>Le Christ n\u2019est pas venu nous offrir une spiritualit\u00e9 l\u00e9g\u00e8re.<br>Il est venu nous donner <strong>une vie nouvelle, compl\u00e8te, exigeante et glorieuse<\/strong>.<\/p>\n\n\n\n<p>Les quatre piliers du Cat\u00e9chisme sont la mani\u00e8re concr\u00e8te de vivre cette vie.<\/p>\n\n\n\n<p>Ce n\u2019est pas de la th\u00e9orie.<br>C\u2019est le chemin.<br>C\u2019est la v\u00e9rit\u00e9.<br>C\u2019est la vie.<\/p>\n\n\n\n<blockquote class=\"wp-block-quote is-layout-flow wp-block-quote-is-layout-flow\">\n<p>\u00ab Tout homme qui \u00e9coute ces paroles que je dis et les met en pratique ressemble \u00e0 un homme prudent qui a b\u00e2ti sa maison sur le roc \u00bb (Matthieu 7,24)<\/p>\n<\/blockquote>\n\n\n\n<p>Aujourd\u2019hui plus que jamais, tu as besoin du roc.<\/p>\n\n\n\n<p>Et ce roc\u2026 a d\u00e9j\u00e0 \u00e9t\u00e9 pos\u00e9.<\/p>\n","protected":false},"excerpt":{"rendered":"<p>Dans un monde fragment\u00e9, rapide et rempli de bruit, de nombreux chr\u00e9tiens sentent que leur foi s\u2019affaiblit, devient superficielle ou perd tout simplement de sa force face aux exigences de la vie moderne. Et pourtant, l\u2019\u00c9glise \u2014 comme une m\u00e8re sage \u2014 n\u2019a pas laiss\u00e9 ses enfants sans guide. Il existe une structure solide, mill\u00e9naire, &hellip;<\/p>\n","protected":false},"author":3,"featured_media":5686,"comment_status":"open","ping_status":"closed","sticky":false,"template":"","format":"standard","meta":{"_seopress_robots_primary_cat":"","_seopress_titles_title":"","_seopress_titles_desc":"","_seopress_robots_index":"","footnotes":""},"categories":[43,37],"tags":[241],"class_list":["post-5685","post","type-post","status-publish","format-standard","has-post-thumbnail","","category-catechisme-de-leglise-catholique","category-doctrine-et-foi","tag-catechisme"],"_links":{"self":[{"href":"https:\/\/catholicus.eu\/fr\/wp-json\/wp\/v2\/posts\/5685","targetHints":{"allow":["GET"]}}],"collection":[{"href":"https:\/\/catholicus.eu\/fr\/wp-json\/wp\/v2\/posts"}],"about":[{"href":"https:\/\/catholicus.eu\/fr\/wp-json\/wp\/v2\/types\/post"}],"author":[{"embeddable":true,"href":"https:\/\/catholicus.eu\/fr\/wp-json\/wp\/v2\/users\/3"}],"replies":[{"embeddable":true,"href":"https:\/\/catholicus.eu\/fr\/wp-json\/wp\/v2\/comments?post=5685"}],"version-history":[{"count":1,"href":"https:\/\/catholicus.eu\/fr\/wp-json\/wp\/v2\/posts\/5685\/revisions"}],"predecessor-version":[{"id":5687,"href":"https:\/\/catholicus.eu\/fr\/wp-json\/wp\/v2\/posts\/5685\/revisions\/5687"}],"wp:featuredmedia":[{"embeddable":true,"href":"https:\/\/catholicus.eu\/fr\/wp-json\/wp\/v2\/media\/5686"}],"wp:attachment":[{"href":"https:\/\/catholicus.eu\/fr\/wp-json\/wp\/v2\/media?parent=5685"}],"wp:term":[{"taxonomy":"category","embeddable":true,"href":"https:\/\/catholicus.eu\/fr\/wp-json\/wp\/v2\/categories?post=5685"},{"taxonomy":"post_tag","embeddable":true,"href":"https:\/\/catholicus.eu\/fr\/wp-json\/wp\/v2\/tags?post=5685"}],"curies":[{"name":"wp","href":"https:\/\/api.w.org\/{rel}","templated":true}]}}