{"id":5683,"date":"2026-03-28T23:34:22","date_gmt":"2026-03-28T22:34:22","guid":{"rendered":"https:\/\/catholicus.eu\/fr\/?p=5683"},"modified":"2026-03-28T23:34:36","modified_gmt":"2026-03-28T22:34:36","slug":"rameaux-benis-ames-oubliees-le-risque-spirituel-dune-devotion-superficielle","status":"publish","type":"post","link":"https:\/\/catholicus.eu\/fr\/rameaux-benis-ames-oubliees-le-risque-spirituel-dune-devotion-superficielle\/","title":{"rendered":"Rameaux b\u00e9nis, \u00e2mes oubli\u00e9es : le risque spirituel d\u2019une d\u00e9votion superficielle"},"content":{"rendered":"\n<h2 class=\"wp-block-heading\">Introduction : quand le geste remplace le c\u0153ur<\/h2>\n\n\n\n<p>Chaque ann\u00e9e, des milliers de fid\u00e8les se rendent \u00e0 l\u2019\u00e9glise avec des rameaux \u00e0 la main. Palmes tress\u00e9es, branches d\u2019olivier, parfois m\u00eame de petites croix confectionn\u00e9es avec soin. C\u2019est un geste beau, charg\u00e9 de tradition, profond\u00e9ment enracin\u00e9 dans la vie catholique. Mais une question d\u00e9rangeante s\u2019impose :<\/p>\n\n\n\n<p><strong>Portons-nous des rameaux\u2026 ou portons-nous le Christ ?<\/strong><\/p>\n\n\n\n<p>Le risque spirituel de notre \u00e9poque n\u2019est pas tant le rejet ouvert de Dieu, mais quelque chose de bien plus subtil : <strong>la r\u00e9duction de la foi \u00e0 des gestes vides, \u00e0 des traditions sans conversion, \u00e0 des symboles sans vie int\u00e9rieure<\/strong>.<\/p>\n\n\n\n<p>Et le Dimanche des Rameaux \u2014 si riche de sens \u2014 peut paradoxalement devenir l\u2019un des exemples les plus frappants de cette superficialit\u00e9.<\/p>\n\n\n\n<hr class=\"wp-block-separator has-alpha-channel-opacity\"\/>\n\n\n\n<h2 class=\"wp-block-heading\">1. L\u2019origine : une foule qui acclame\u2026 puis abandonne<\/h2>\n\n\n\n<p>Le Dimanche des Rameaux n\u2019est pas une f\u00eate comme les autres. Il est profond\u00e9ment dramatique.<\/p>\n\n\n\n<p>Il comm\u00e9more l\u2019entr\u00e9e triomphale du Christ \u00e0 J\u00e9rusalem, lorsqu\u2019Il fut accueilli comme Roi et Messie par une foule agitant des palmes et des branches d\u2019olivier, en criant :<\/p>\n\n\n\n<blockquote class=\"wp-block-quote is-layout-flow wp-block-quote-is-layout-flow\">\n<p>\u00ab Hosanna ! B\u00e9ni soit celui qui vient au nom du Seigneur ! \u00bb (Mc 11, 9)<\/p>\n<\/blockquote>\n\n\n\n<p>Cet \u00e9v\u00e9nement marque le d\u00e9but de la Semaine Sainte et annonce la Passion du Christ.<\/p>\n\n\n\n<p>Mais voici le point th\u00e9ologique essentiel que nous ne pouvons ignorer :<\/p>\n\n\n\n<p>\ud83d\udc49 <strong>Cette m\u00eame foule qui L\u2019acclamait\u2026 quelques jours plus tard criera : \u00ab Crucifie-le ! \u00bb<\/strong><\/p>\n\n\n\n<p>Ce contraste n\u2019est pas un simple d\u00e9tail historique. C\u2019est un miroir de l\u2019\u00e2me humaine.<\/p>\n\n\n\n<ul class=\"wp-block-list\">\n<li>Aujourd\u2019hui, l\u2019enthousiasme<\/li>\n\n\n\n<li>Demain, l\u2019abandon<\/li>\n\n\n\n<li>Aujourd\u2019hui, la d\u00e9votion<\/li>\n\n\n\n<li>Demain, l\u2019indiff\u00e9rence<\/li>\n<\/ul>\n\n\n\n<p>Le Dimanche des Rameaux ne c\u00e9l\u00e8bre pas seulement une entr\u00e9e triomphale. <strong>Il r\u00e9v\u00e8le l\u2019inconstance du c\u0153ur humain<\/strong>.<\/p>\n\n\n\n<hr class=\"wp-block-separator has-alpha-channel-opacity\"\/>\n\n\n\n<h2 class=\"wp-block-heading\">2. Le sens du rameau : un sacramental, pas un talisman<\/h2>\n\n\n\n<p>Les rameaux b\u00e9nis ne sont pas des objets d\u00e9coratifs ni des amulettes. Ce sont des <strong>sacramentaux<\/strong>, c\u2019est-\u00e0-dire des signes sacr\u00e9s qui disposent l\u2019\u00e2me \u00e0 recevoir la gr\u00e2ce.<\/p>\n\n\n\n<p>L\u2019\u00c9glise b\u00e9nit les rameaux pour nous rappeler :<\/p>\n\n\n\n<ul class=\"wp-block-list\">\n<li>Que le Christ est Roi<\/li>\n\n\n\n<li>Que nous devons L\u2019accueillir dans notre vie<\/li>\n\n\n\n<li>Que Son r\u00e8gne passe par la Croix<\/li>\n<\/ul>\n\n\n\n<p>Traditionnellement :<\/p>\n\n\n\n<ul class=\"wp-block-list\">\n<li>On les place dans la maison comme signe de foi<\/li>\n\n\n\n<li>On les conserve avec respect<\/li>\n\n\n\n<li>On les br\u00fble pour les cendres du Mercredi des Cendres suivant<\/li>\n<\/ul>\n\n\n\n<p>Mais c\u2019est ici que surgit le danger :<\/p>\n\n\n\n<p>\ud83d\udc49 Quand le rameau cesse d\u2019\u00eatre un signe\u2026 et devient superstition.<\/p>\n\n\n\n<ul class=\"wp-block-list\">\n<li>\u00ab Je le mets derri\u00e8re la porte pour prot\u00e9ger la maison \u00bb<\/li>\n\n\n\n<li>\u00ab Il \u00e9loigne le mal \u00bb<\/li>\n\n\n\n<li>\u00ab Il porte bonheur \u00bb<\/li>\n<\/ul>\n\n\n\n<p>Ce n\u2019est pas la foi catholique. C\u2019est de la magie d\u00e9guis\u00e9e en religion.<\/p>\n\n\n\n<p>La diff\u00e9rence est profonde :<\/p>\n\n\n\n<figure class=\"wp-block-table\"><table class=\"has-fixed-layout\"><thead><tr><th>Foi authentique<\/th><th>Superstition<\/th><\/tr><\/thead><tbody><tr><td>Fait confiance \u00e0 Dieu<\/td><td>Fait confiance \u00e0 l\u2019objet<\/td><\/tr><tr><td>Cherche la conversion<\/td><td>Cherche une protection automatique<\/td><\/tr><tr><td>Transforme le c\u0153ur<\/td><td>\u00c9vite l\u2019engagement<\/td><\/tr><\/tbody><\/table><\/figure>\n\n\n\n<hr class=\"wp-block-separator has-alpha-channel-opacity\"\/>\n\n\n\n<h2 class=\"wp-block-heading\">3. La d\u00e9votion superficielle : le grand risque de notre temps<\/h2>\n\n\n\n<p>Nous vivons dans une culture de l\u2019imm\u00e9diatet\u00e9, de l\u2019esth\u00e9tique et de l\u2019\u00e9motion. Et cela a aussi affect\u00e9 la vie spirituelle.<\/p>\n\n\n\n<p>Aujourd\u2019hui, il est facile de :<\/p>\n\n\n\n<ul class=\"wp-block-list\">\n<li>Aller faire b\u00e9nir des rameaux<\/li>\n\n\n\n<li>Prendre une photo<\/li>\n\n\n\n<li>La partager sur les r\u00e9seaux sociaux<\/li>\n\n\n\n<li>Et oublier Dieu le reste de l\u2019ann\u00e9e<\/li>\n<\/ul>\n\n\n\n<p>Ce n\u2019est pas une caricature. C\u2019est une r\u00e9alit\u00e9 pastorale.<\/p>\n\n\n\n<p>\ud83d\udc49 <strong>Le danger n\u2019est pas d\u2019avoir des rameaux\u2026 mais de manquer de conversion.<\/strong><\/p>\n\n\n\n<p>Le Christ ne cherche pas des spectateurs, mais des disciples.<\/p>\n\n\n\n<p>Il ne veut pas des foules qui applaudissent\u2026 mais des \u00e2mes qui demeurent.<\/p>\n\n\n\n<p>Comme Il le dit Lui-m\u00eame :<\/p>\n\n\n\n<blockquote class=\"wp-block-quote is-layout-flow wp-block-quote-is-layout-flow\">\n<p>\u00ab Ce peuple m\u2019honore des l\u00e8vres, mais son c\u0153ur est loin de moi \u00bb (Mt 15, 8)<\/p>\n<\/blockquote>\n\n\n\n<hr class=\"wp-block-separator has-alpha-channel-opacity\"\/>\n\n\n\n<h2 class=\"wp-block-heading\">4. Le vrai sens : entrer dans la Passion avec le Christ<\/h2>\n\n\n\n<p>Le Dimanche des Rameaux n\u2019est pas une destination. C\u2019est une porte.<\/p>\n\n\n\n<p>Ce n\u2019est pas la fin de la d\u00e9votion, mais le d\u00e9but d\u2019un chemin :<\/p>\n\n\n\n<ul class=\"wp-block-list\">\n<li>De l\u2019enthousiasme \u00e0 la Croix<\/li>\n\n\n\n<li>Du rameau au Calvaire<\/li>\n\n\n\n<li>De l\u2019acclamation au sacrifice<\/li>\n<\/ul>\n\n\n\n<p>Liturgiquement, ce jour est profond\u00e9ment r\u00e9v\u00e9lateur :<\/p>\n\n\n\n<ul class=\"wp-block-list\">\n<li>Il commence dans la joie (procession)<\/li>\n\n\n\n<li>Il se termine avec la Passion<\/li>\n<\/ul>\n\n\n\n<p>Comme si l\u2019\u00c9glise nous disait :<\/p>\n\n\n\n<p>\ud83d\udc49 \u00ab Ne t\u2019arr\u00eate pas au rameau. Marche jusqu\u2019\u00e0 la Croix. \u00bb<\/p>\n\n\n\n<p>Car suivre le Christ implique :<\/p>\n\n\n\n<ul class=\"wp-block-list\">\n<li>Renoncer au p\u00e9ch\u00e9<\/li>\n\n\n\n<li>Porter sa croix chaque jour<\/li>\n\n\n\n<li>Rester fid\u00e8le m\u00eame dans l\u2019obscurit\u00e9<\/li>\n<\/ul>\n\n\n\n<hr class=\"wp-block-separator has-alpha-channel-opacity\"\/>\n\n\n\n<h2 class=\"wp-block-heading\">5. Applications pratiques : comment vivre une d\u00e9votion authentique<\/h2>\n\n\n\n<p>C\u2019est ici que tout devient concret. Car la foi ne se mesure pas aux \u00e9motions, mais \u00e0 la vie.<\/p>\n\n\n\n<h3 class=\"wp-block-heading\">1. Ne te limite pas au geste<\/h3>\n\n\n\n<p>Porter le rameau est une bonne chose. Mais demande-toi :<\/p>\n\n\n\n<ul class=\"wp-block-list\">\n<li>Ai-je pr\u00e9par\u00e9 mon \u00e2me ?<\/li>\n\n\n\n<li>Suis-je en \u00e9tat de gr\u00e2ce ?<\/li>\n\n\n\n<li>Ai-je confess\u00e9 mes p\u00e9ch\u00e9s ?<\/li>\n<\/ul>\n\n\n\n<h3 class=\"wp-block-heading\">2. Fais de ta maison un lieu de foi, pas de superstition<\/h3>\n\n\n\n<p>Place le rameau comme un rappel du Christ Roi, non comme un objet magique.<\/p>\n\n\n\n<p>Chaque fois que tu le vois, demande-toi :<\/p>\n\n\n\n<p>\ud83d\udc49 \u00ab Est-ce que je laisse le Christ r\u00e9gner dans ma vie ? \u00bb<\/p>\n\n\n\n<h3 class=\"wp-block-heading\">3. Vis toute la Semaine Sainte<\/h3>\n\n\n\n<p>Le Dimanche des Rameaux ne suffit pas.<\/p>\n\n\n\n<ul class=\"wp-block-list\">\n<li>Jeudi Saint : Eucharistie<\/li>\n\n\n\n<li>Vendredi Saint : Croix<\/li>\n\n\n\n<li>Vigile Pascale : R\u00e9surrection<\/li>\n<\/ul>\n\n\n\n<p>Le rameau sans la Croix\u2026 n\u2019a pas de sens.<\/p>\n\n\n\n<h3 class=\"wp-block-heading\">4. Sois coh\u00e9rent<\/h3>\n\n\n\n<p>Ne fais pas partie de la foule qui change d\u2019avis.<\/p>\n\n\n\n<ul class=\"wp-block-list\">\n<li>Sois fid\u00e8le dans les petites choses<\/li>\n\n\n\n<li>Sois constant dans la pri\u00e8re<\/li>\n\n\n\n<li>Sois ferme dans la v\u00e9rit\u00e9<\/li>\n<\/ul>\n\n\n\n<h3 class=\"wp-block-heading\">5. Passe de l\u2019\u00e9motion \u00e0 la d\u00e9cision<\/h3>\n\n\n\n<p>La foi n\u2019est pas seulement un sentiment. C\u2019est une d\u00e9cision.<\/p>\n\n\n\n<ul class=\"wp-block-list\">\n<li>D\u00e9cider de pardonner<\/li>\n\n\n\n<li>D\u00e9cider de changer<\/li>\n\n\n\n<li>D\u00e9cider de suivre le Christ<\/li>\n<\/ul>\n\n\n\n<hr class=\"wp-block-separator has-alpha-channel-opacity\"\/>\n\n\n\n<h2 class=\"wp-block-heading\">6. Un appel urgent : de l\u2019apparence \u00e0 la conversion<\/h2>\n\n\n\n<p>Aujourd\u2019hui plus que jamais, l\u2019\u00c9glise a besoin de chr\u00e9tiens authentiques.<\/p>\n\n\n\n<p>Il ne suffit pas d\u2019avoir :<\/p>\n\n\n\n<ul class=\"wp-block-list\">\n<li>Des traditions h\u00e9rit\u00e9es<\/li>\n\n\n\n<li>Des rites ext\u00e9rieurs<\/li>\n\n\n\n<li>Des coutumes culturelles<\/li>\n<\/ul>\n\n\n\n<p>Dieu cherche des c\u0153urs.<\/p>\n\n\n\n<p>Le grand drame n\u2019est pas qu\u2019il y ait moins de rameaux dans les mains\u2026<br>\ud83d\udc49 mais moins de foi dans les \u00e2mes.<\/p>\n\n\n\n<hr class=\"wp-block-separator has-alpha-channel-opacity\"\/>\n\n\n\n<h2 class=\"wp-block-heading\">Conclusion : Hosanna ou Crucifie-le ?<\/h2>\n\n\n\n<p>Le Dimanche des Rameaux nous place face \u00e0 un choix radical.<\/p>\n\n\n\n<p>Pas entre aller ou ne pas aller \u00e0 la messe.<br>Pas entre porter un rameau ou non.<\/p>\n\n\n\n<p>Mais entre :<\/p>\n\n\n\n<ul class=\"wp-block-list\">\n<li><strong>Une foi superficielle\u2026 ou une vie transform\u00e9e<\/strong><\/li>\n\n\n\n<li><strong>Un christianisme culturel\u2026 ou un v\u00e9ritable discipulat<\/strong><\/li>\n<\/ul>\n\n\n\n<p>Car au fond, nous sommes tous dans la foule.<\/p>\n\n\n\n<p>La seule question est :<\/p>\n\n\n\n<p>\ud83d\udc49 <strong>Que crions-nous avec notre vie ?<\/strong><\/p>\n\n\n\n<p>\u00ab Hosanna \u00bb pour un jour seulement\u2026<br>ou fid\u00e9lit\u00e9 jusqu\u2019\u00e0 la Croix ?<\/p>\n","protected":false},"excerpt":{"rendered":"<p>Introduction : quand le geste remplace le c\u0153ur Chaque ann\u00e9e, des milliers de fid\u00e8les se rendent \u00e0 l\u2019\u00e9glise avec des rameaux \u00e0 la main. Palmes tress\u00e9es, branches d\u2019olivier, parfois m\u00eame de petites croix confectionn\u00e9es avec soin. C\u2019est un geste beau, charg\u00e9 de tradition, profond\u00e9ment enracin\u00e9 dans la vie catholique. Mais une question d\u00e9rangeante s\u2019impose : &hellip;<\/p>\n","protected":false},"author":3,"featured_media":5681,"comment_status":"open","ping_status":"closed","sticky":false,"template":"","format":"standard","meta":{"_seopress_robots_primary_cat":"","_seopress_titles_title":"","_seopress_titles_desc":"","_seopress_robots_index":"","footnotes":""},"categories":[66,41],"tags":[716],"class_list":["post-5683","post","type-post","status-publish","format-standard","has-post-thumbnail","","category-culture-populaire-et-catholicisme","category-foi-et-culture","tag-dimanche-des-rameaux"],"_links":{"self":[{"href":"https:\/\/catholicus.eu\/fr\/wp-json\/wp\/v2\/posts\/5683","targetHints":{"allow":["GET"]}}],"collection":[{"href":"https:\/\/catholicus.eu\/fr\/wp-json\/wp\/v2\/posts"}],"about":[{"href":"https:\/\/catholicus.eu\/fr\/wp-json\/wp\/v2\/types\/post"}],"author":[{"embeddable":true,"href":"https:\/\/catholicus.eu\/fr\/wp-json\/wp\/v2\/users\/3"}],"replies":[{"embeddable":true,"href":"https:\/\/catholicus.eu\/fr\/wp-json\/wp\/v2\/comments?post=5683"}],"version-history":[{"count":1,"href":"https:\/\/catholicus.eu\/fr\/wp-json\/wp\/v2\/posts\/5683\/revisions"}],"predecessor-version":[{"id":5684,"href":"https:\/\/catholicus.eu\/fr\/wp-json\/wp\/v2\/posts\/5683\/revisions\/5684"}],"wp:featuredmedia":[{"embeddable":true,"href":"https:\/\/catholicus.eu\/fr\/wp-json\/wp\/v2\/media\/5681"}],"wp:attachment":[{"href":"https:\/\/catholicus.eu\/fr\/wp-json\/wp\/v2\/media?parent=5683"}],"wp:term":[{"taxonomy":"category","embeddable":true,"href":"https:\/\/catholicus.eu\/fr\/wp-json\/wp\/v2\/categories?post=5683"},{"taxonomy":"post_tag","embeddable":true,"href":"https:\/\/catholicus.eu\/fr\/wp-json\/wp\/v2\/tags?post=5683"}],"curies":[{"name":"wp","href":"https:\/\/api.w.org\/{rel}","templated":true}]}}