{"id":5677,"date":"2026-03-27T23:34:59","date_gmt":"2026-03-27T22:34:59","guid":{"rendered":"https:\/\/catholicus.eu\/fr\/?p=5677"},"modified":"2026-03-27T23:35:25","modified_gmt":"2026-03-27T22:35:25","slug":"gloria-laus-et-honneur-lhymne-qui-ouvre-les-portes-du-coeur-au-christ-roi","status":"publish","type":"post","link":"https:\/\/catholicus.eu\/fr\/gloria-laus-et-honneur-lhymne-qui-ouvre-les-portes-du-coeur-au-christ-roi\/","title":{"rendered":"GLORIA, LAUS ET HONNEUR : L\u2019HYMNE QUI OUVRE LES PORTES DU C\u0152UR AU CHRIST ROI"},"content":{"rendered":"\n<p>Il y a des chants que l\u2019on entend\u2026 et il y a des chants qui transpercent l\u2019\u00e2me.<br><em>Gloria, laus et honor<\/em> appartient \u00e0 cette seconde cat\u00e9gorie.<\/p>\n\n\n\n<p>Ce n\u2019est pas seulement un hymne liturgique. C\u2019est une proclamation. C\u2019est une procession devenue musique. C\u2019est la voix de l\u2019\u00c9glise qui, depuis plus de mille ans, continue de crier au monde : <strong>le Christ est Roi, m\u00eame lorsqu\u2019Il entre humblement, mont\u00e9 sur un \u00e2ne !<\/strong><\/p>\n\n\n\n<p>\u00c0 une \u00e9poque o\u00f9 la foi se dilue facilement dans le bruit du monde, red\u00e9couvrir le sens profond de cet hymne, c\u2019est r\u00e9apprendre <strong>comment accueillir le Christ dans notre vie<\/strong>.<\/p>\n\n\n\n<hr class=\"wp-block-separator has-alpha-channel-opacity\"\/>\n\n\n\n<h1 class=\"wp-block-heading\"><strong>1. Qu\u2019est-ce que le \u201cGloria, laus et honor\u201d ?<\/strong><\/h1>\n\n\n\n<p><em>Gloria, laus et honor tibi sit, Rex Christe, Redemptor<\/em> est un hymne liturgique catholique traditionnel, particuli\u00e8rement li\u00e9 au <strong>Dimanche des Rameaux<\/strong>, moment o\u00f9 l\u2019\u00c9glise comm\u00e9more l\u2019entr\u00e9e triomphale du Christ \u00e0 J\u00e9rusalem.<\/p>\n\n\n\n<p>Il est chant\u00e9 durant la procession des rameaux, rappelant cet instant o\u00f9 le peuple accueillit J\u00e9sus avec joie, en \u00e9tendant des manteaux et des branches :<\/p>\n\n\n\n<blockquote class=\"wp-block-quote is-layout-flow wp-block-quote-is-layout-flow\">\n<p><em>\u00ab Hosanna ! B\u00e9ni soit celui qui vient au nom du Seigneur ! \u00bb<\/em> (cf. Matthieu 21,9)<\/p>\n<\/blockquote>\n\n\n\n<p>Cet hymne n\u2019est pas un simple souvenir historique. C\u2019est une actualisation liturgique :<br><strong>Le Christ entre aujourd\u2019hui \u00e0 nouveau dans ta vie\u2026 et tu d\u00e9cides de L\u2019accueillir ou de Le rejeter.<\/strong><\/p>\n\n\n\n<hr class=\"wp-block-separator has-alpha-channel-opacity\"\/>\n\n\n\n<h1 class=\"wp-block-heading\"><strong>2. Origine historique : un hymne n\u00e9 dans l\u2019\u00e9preuve<\/strong><\/h1>\n\n\n\n<p>L\u2019auteur du <em>Gloria, laus et honor<\/em> fut Th\u00e9odulf d\u2019Orl\u00e9ans, un \u00e9v\u00eaque du IXe si\u00e8cle d\u2019origine hispano-wisigothique, qui v\u00e9cut sous le r\u00e8gne de Charlemagne.<\/p>\n\n\n\n<p>La tradition raconte que Th\u00e9odulf composa cet hymne <strong>alors qu\u2019il \u00e9tait emprisonn\u00e9<\/strong>, sur ordre de Louis le Pieux, fils de Charlemagne.<\/p>\n\n\n\n<p>Depuis sa cellule, un Dimanche des Rameaux, en entendant la procession passer sous sa fen\u00eatre, il se mit \u00e0 chanter cet hymne. La beaut\u00e9 et la force de ses paroles touch\u00e8rent tellement l\u2019empereur qu\u2019il ordonna sa lib\u00e9ration.<\/p>\n\n\n\n<p>Au-del\u00e0 de l\u2019exactitude historique du r\u00e9cit, le message est clair et profond\u00e9ment chr\u00e9tien :<\/p>\n\n\n\n<p>\ud83d\udc49 <strong>La louange au Christ na\u00eet souvent au c\u0153ur de la souffrance.<\/strong><br>\ud83d\udc49 <strong>Le v\u00e9ritable chant liturgique jaillit d\u2019un c\u0153ur \u00e9prouv\u00e9, non superficiel.<\/strong><\/p>\n\n\n\n<hr class=\"wp-block-separator has-alpha-channel-opacity\"\/>\n\n\n\n<h1 class=\"wp-block-heading\"><strong>3. Le texte : une th\u00e9ologie chant\u00e9e<\/strong><\/h1>\n\n\n\n<p>L\u2019hymne commence ainsi :<\/p>\n\n\n\n<blockquote class=\"wp-block-quote is-layout-flow wp-block-quote-is-layout-flow\">\n<p><em>Gloria, laus et honor tibi sit, Rex Christe, Redemptor,<\/em><br><em>cui puerile decus prompsit Hosanna pium.<\/em><\/p>\n<\/blockquote>\n\n\n\n<p>Traduction :<\/p>\n\n\n\n<blockquote class=\"wp-block-quote is-layout-flow wp-block-quote-is-layout-flow\">\n<p><em>Gloire, louange et honneur \u00e0 Toi, Christ Roi, R\u00e9dempteur,<\/em><br><em>\u00e0 qui les enfants pieux ont offert leur \u00ab Hosanna \u00bb.<\/em><\/p>\n<\/blockquote>\n\n\n\n<h3 class=\"wp-block-heading\"><strong>Cl\u00e9s th\u00e9ologiques du texte<\/strong><\/h3>\n\n\n\n<h3 class=\"wp-block-heading\">\u2726 Le Christ Roi\u2026 mais pas selon le monde<\/h3>\n\n\n\n<p>L\u2019hymne insiste pour appeler le Christ \u00ab Roi \u00bb. Mais non pas un roi politique, plut\u00f4t un Roi qui r\u00e8gne depuis la Croix.<\/p>\n\n\n\n<p>Ici appara\u00eet un paradoxe central du christianisme :<\/p>\n\n\n\n<p>\ud83d\udc49 <strong>Celui qui est acclam\u00e9 avec des rameaux sera crucifi\u00e9 quelques jours plus tard.<\/strong><\/p>\n\n\n\n<p>Cela nous interpelle directement :<br>Combien de fois acclamons-nous aussi le Christ\u2026 pour ensuite Le renier par nos actes ?<\/p>\n\n\n\n<hr class=\"wp-block-separator has-alpha-channel-opacity\"\/>\n\n\n\n<h3 class=\"wp-block-heading\">\u2726 Les enfants comme mod\u00e8le spirituel<\/h3>\n\n\n\n<p>L\u2019hymne rappelle que ce sont les enfants qui ont proclam\u00e9 le \u00ab Hosanna \u00bb.<\/p>\n\n\n\n<p>Cela rejoint l\u2019enseignement du Christ :<\/p>\n\n\n\n<blockquote class=\"wp-block-quote is-layout-flow wp-block-quote-is-layout-flow\">\n<p><em>\u00ab Si vous ne devenez comme les enfants, vous n\u2019entrerez pas dans le Royaume des cieux \u00bb<\/em> (Matthieu 18,3)<\/p>\n<\/blockquote>\n\n\n\n<p>La liturgie nous dit :<\/p>\n\n\n\n<p>\ud83d\udc49 <strong>La v\u00e9ritable louange na\u00eet d\u2019un c\u0153ur simple, non d\u2019un c\u0153ur sophistiqu\u00e9.<\/strong><\/p>\n\n\n\n<hr class=\"wp-block-separator has-alpha-channel-opacity\"\/>\n\n\n\n<h3 class=\"wp-block-heading\">\u2726 Toute la cr\u00e9ation loue le Christ<\/h3>\n\n\n\n<p>Dans ses strophes, l\u2019hymne inclut le peuple h\u00e9breu, les disciples et toute la cr\u00e9ation.<\/p>\n\n\n\n<p>Cela exprime une v\u00e9rit\u00e9 th\u00e9ologique profonde :<\/p>\n\n\n\n<p>\ud83d\udc49 <strong>Le Christ n\u2019est pas seulement le Seigneur des croyants, mais de toute la cr\u00e9ation.<\/strong><\/p>\n\n\n\n<hr class=\"wp-block-separator has-alpha-channel-opacity\"\/>\n\n\n\n<h1 class=\"wp-block-heading\"><strong>4. Le Dimanche des Rameaux : entre gloire et Croix<\/strong><\/h1>\n\n\n\n<p>Le <em>Gloria, laus et honor<\/em> n\u2019est pas un chant isol\u00e9. Il s\u2019inscrit dans une liturgie profond\u00e9ment p\u00e9dagogique.<\/p>\n\n\n\n<p>Le <strong>Dimanche des Rameaux<\/strong> est marqu\u00e9 par une tension dramatique :<\/p>\n\n\n\n<ul class=\"wp-block-list\">\n<li>Il commence dans la joie<\/li>\n\n\n\n<li>Il se termine par la lecture de la Passion<\/li>\n<\/ul>\n\n\n\n<p>Ainsi, l\u2019\u00c9glise nous enseigne :<\/p>\n\n\n\n<p>\ud83d\udc49 <strong>Il n\u2019y a pas de vraie gloire sans la Croix<\/strong><br>\ud83d\udc49 <strong>Il n\u2019y a pas de R\u00e9surrection sans la Passion<\/strong><\/p>\n\n\n\n<p>Cet hymne n\u2019est donc pas na\u00eff. Il est pleinement conscient du drame \u00e0 venir.<\/p>\n\n\n\n<hr class=\"wp-block-separator has-alpha-channel-opacity\"\/>\n\n\n\n<h1 class=\"wp-block-heading\"><strong>5. Quelques curiosit\u00e9s que vous ne connaissez peut-\u00eatre pas<\/strong><\/h1>\n\n\n\n<h3 class=\"wp-block-heading\">\u2726 Il \u00e9tait chant\u00e9 en alternance entre ch\u0153ur et peuple<\/h3>\n\n\n\n<p>Traditionnellement, l\u2019hymne \u00e9tait ex\u00e9cut\u00e9 de mani\u00e8re dialogu\u00e9e, symbolisant la rencontre entre le Christ et son peuple.<\/p>\n\n\n\n<h3 class=\"wp-block-heading\">\u2726 Il \u00e9tait chant\u00e9 devant des portes ferm\u00e9es<\/h3>\n\n\n\n<p>Dans certains rites anciens, la procession s\u2019arr\u00eatait devant les portes ferm\u00e9es de l\u2019\u00e9glise. Le chant devenait comme une supplication\u2026 jusqu\u2019\u00e0 l\u2019ouverture des portes.<\/p>\n\n\n\n<p>\ud83d\udc49 <strong>Un symbole puissant :<\/strong><br>Le Christ frappe\u2026 et le c\u0153ur doit s\u2019ouvrir.<\/p>\n\n\n\n<blockquote class=\"wp-block-quote is-layout-flow wp-block-quote-is-layout-flow\">\n<p><em>\u00ab Voici que je me tiens \u00e0 la porte et je frappe\u2026 \u00bb<\/em> (Apocalypse 3,20)<\/p>\n<\/blockquote>\n\n\n\n<hr class=\"wp-block-separator has-alpha-channel-opacity\"\/>\n\n\n\n<h3 class=\"wp-block-heading\">\u2726 C\u2019est l\u2019un des hymnes les plus anciens encore en usage<\/h3>\n\n\n\n<p>Plus de mille ans plus tard, il est toujours chant\u00e9 \u2014 non par nostalgie, mais parce qu\u2019il exprime une v\u00e9rit\u00e9 \u00e9ternelle.<\/p>\n\n\n\n<hr class=\"wp-block-separator has-alpha-channel-opacity\"\/>\n\n\n\n<h1 class=\"wp-block-heading\"><strong>6. Application spirituelle aujourd\u2019hui : comment vivre le \u201cGloria, laus\u201d<\/strong><\/h1>\n\n\n\n<p>C\u2019est ici que l\u2019hymne cesse d\u2019\u00eatre de l\u2019histoire\u2026 pour devenir vie.<\/p>\n\n\n\n<h3 class=\"wp-block-heading\"><strong>1. Accueillir le Christ consciemment<\/strong><\/h3>\n\n\n\n<p>Il ne suffit pas de \u00ab c\u00e9l\u00e9brer \u00bb le Dimanche des Rameaux.<br>La vraie question est :<\/p>\n\n\n\n<p>\ud83d\udc49 Est-ce que je laisse le Christ entrer dans toutes les dimensions de ma vie ?<\/p>\n\n\n\n<hr class=\"wp-block-separator has-alpha-channel-opacity\"\/>\n\n\n\n<h3 class=\"wp-block-heading\"><strong>2. \u00c9viter une foi superficielle<\/strong><\/h3>\n\n\n\n<p>Le m\u00eame peuple qui criait \u00ab Hosanna \u00bb cria ensuite \u00ab Crucifie-le \u00bb.<\/p>\n\n\n\n<p>Cela nous interpelle :<\/p>\n\n\n\n<p>\ud83d\udc49 Ma foi d\u00e9pend-elle des \u00e9motions\u2026 ou d\u2019une d\u00e9cision ferme ?<\/p>\n\n\n\n<hr class=\"wp-block-separator has-alpha-channel-opacity\"\/>\n\n\n\n<h3 class=\"wp-block-heading\"><strong>3. Louer m\u00eame dans l\u2019\u00e9preuve<\/strong><\/h3>\n\n\n\n<p>En se souvenant de Th\u00e9odulf :<\/p>\n\n\n\n<p>\ud83d\udc49 <strong>La v\u00e9ritable louange ne d\u00e9pend pas des circonstances.<\/strong><\/p>\n\n\n\n<p>Louer Dieu quand tout va bien est facile.<br>Le faire dans l\u2019\u00e9preuve\u2026 transforme l\u2019\u00e2me.<\/p>\n\n\n\n<hr class=\"wp-block-separator has-alpha-channel-opacity\"\/>\n\n\n\n<h3 class=\"wp-block-heading\"><strong>4. Revenir \u00e0 la simplicit\u00e9<\/strong><\/h3>\n\n\n\n<p>Le monde moderne nous pousse vers la complexit\u00e9, le bruit et l\u2019orgueil.<\/p>\n\n\n\n<p>Le <em>Gloria, laus<\/em> nous rappelle :<\/p>\n\n\n\n<p>\ud83d\udc49 <strong>Dieu se laisse trouver par les c\u0153urs simples.<\/strong><\/p>\n\n\n\n<hr class=\"wp-block-separator has-alpha-channel-opacity\"\/>\n\n\n\n<h1 class=\"wp-block-heading\"><strong>7. Un message profond\u00e9ment actuel<\/strong><\/h1>\n\n\n\n<p>Dans une soci\u00e9t\u00e9 qui a relativis\u00e9 la v\u00e9rit\u00e9, oubli\u00e9 la royaut\u00e9 du Christ et vit souvent loin de Dieu, cet hymne est presque contre-culturel.<\/p>\n\n\n\n<p>Proclamer aujourd\u2019hui :<\/p>\n\n\n\n<p>\ud83d\udc49 <strong>\u00ab Le Christ est Roi \u00bb<\/strong><\/p>\n\n\n\n<p>n\u2019est pas seulement une affirmation religieuse\u2026 c\u2019est une d\u00e9claration de vie.<\/p>\n\n\n\n<p>Cela signifie :<\/p>\n\n\n\n<ul class=\"wp-block-list\">\n<li>Qu\u2019Il a le dernier mot<\/li>\n\n\n\n<li>Que sa v\u00e9rit\u00e9 ne change pas<\/li>\n\n\n\n<li>Que son amour appelle une r\u00e9ponse<\/li>\n<\/ul>\n\n\n\n<hr class=\"wp-block-separator has-alpha-channel-opacity\"\/>\n\n\n\n<h1 class=\"wp-block-heading\"><strong>Conclusion : quand le chant devient vie<\/strong><\/h1>\n\n\n\n<p>Le <em>Gloria, laus et honor<\/em> n\u2019est pas seulement fait pour \u00eatre chant\u00e9 une fois par an lors d\u2019une procession.<\/p>\n\n\n\n<p>C\u2019est une attitude de l\u2019\u00e2me.<\/p>\n\n\n\n<p>C\u2019est dire chaque jour :<\/p>\n\n\n\n<ul class=\"wp-block-list\">\n<li>Gloire\u2026 m\u00eame quand c\u2019est difficile<\/li>\n\n\n\n<li>Louange\u2026 m\u00eame dans le silence<\/li>\n\n\n\n<li>Honneur\u2026 m\u00eame lorsque le monde se moque<\/li>\n<\/ul>\n\n\n\n<p>Car au fond, la grande question n\u2019est pas de savoir si tu chantes cet hymne\u2026<\/p>\n\n\n\n<p>\ud83d\udc49 <strong>La vraie question est :<br>Le Christ entre-t-Il vraiment dans ta vie comme Roi\u2026 ou seulement comme un invit\u00e9 occasionnel ?<\/strong><\/p>\n\n\n\n<h1 class=\"wp-block-heading\"><strong>Gloria, laus et honor<\/strong><\/h1>\n\n\n\n<p><strong>Gloria, laus et honor tibi sit, Rex Christe, Redemptor:<\/strong><br>Gloire, louange et honneur \u00e0 toi, Christ Roi, R\u00e9dempteur :<\/p>\n\n\n\n<p><strong>Cui puerile decus prompsit Hosanna pium.<\/strong><br>\u00c0 qui la joie des enfants a proclam\u00e9 un Hosanna pieux.<\/p>\n\n\n\n<hr class=\"wp-block-separator has-alpha-channel-opacity\"\/>\n\n\n\n<p><strong>Israel es tu Rex, Davidis et inclita proles:<\/strong><br>Tu es le Roi d\u2019Isra\u00ebl, noble descendant de David :<\/p>\n\n\n\n<p><strong>Nomine qui in Domini, Rex benedicte, venis.<\/strong><br>\u00d4 Roi b\u00e9ni, toi qui viens au nom du Seigneur.<\/p>\n\n\n\n<hr class=\"wp-block-separator has-alpha-channel-opacity\"\/>\n\n\n\n<p><strong>Coetus in excelsis te laudat caelicus omnis,<\/strong><br>Toute la multitude c\u00e9leste te loue dans les hauteurs,<\/p>\n\n\n\n<p><strong>Et mortalis homo, et cuncta creata simul.<\/strong><br>Et l\u2019homme mortel, et toute la cr\u00e9ation ensemble.<\/p>\n\n\n\n<hr class=\"wp-block-separator has-alpha-channel-opacity\"\/>\n\n\n\n<p><strong>Plebs Hebraea tibi cum palmis obvia venit:<\/strong><br>Le peuple h\u00e9breu est venu \u00e0 ta rencontre avec des palmes :<\/p>\n\n\n\n<p><strong>Cum prece, voto, hymnis, adsumus ecce tibi.<\/strong><br>Avec pri\u00e8res, v\u0153ux et hymnes, nous voici devant toi.<\/p>\n\n\n\n<hr class=\"wp-block-separator has-alpha-channel-opacity\"\/>\n\n\n\n<p><strong>Hi tibi passuro solvebant munia laudis:<\/strong><br>Ils t\u2019offraient des louanges alors que tu allais souffrir :<\/p>\n\n\n\n<p><strong>Nos tibi regnanti pangimus ecce melos.<\/strong><br>Nous te chantons maintenant, \u00e0 toi qui r\u00e8gnes.<\/p>\n\n\n\n<hr class=\"wp-block-separator has-alpha-channel-opacity\"\/>\n\n\n\n<p><strong>Hi placuere tibi, placeat devotio nostra:<\/strong><br>Eux t\u2019ont plu, que notre d\u00e9votion te plaise aussi :<\/p>\n\n\n\n<p><strong>Rex pie, Rex clemens, cui bona cuncta placent.<\/strong><br>Roi bon, Roi cl\u00e9ment, \u00e0 qui tout ce qui est bon pla\u00eet.<\/p>\n\n\n\n<figure class=\"wp-block-embed aligncenter is-type-video is-provider-youtube wp-block-embed-youtube wp-embed-aspect-16-9 wp-has-aspect-ratio\"><div class=\"wp-block-embed__wrapper\">\n<iframe loading=\"lazy\" title=\"&quot;Gloria, laus et honor&quot;: HYMN TO CHRIST THE KING (Video in Jerusalem)\" width=\"618\" height=\"348\" src=\"https:\/\/www.youtube.com\/embed\/4mHmZV1BC7g?feature=oembed\" frameborder=\"0\" allow=\"accelerometer; autoplay; clipboard-write; encrypted-media; gyroscope; picture-in-picture; web-share\" referrerpolicy=\"strict-origin-when-cross-origin\" allowfullscreen><\/iframe>\n<\/div><\/figure>\n","protected":false},"excerpt":{"rendered":"<p>Il y a des chants que l\u2019on entend\u2026 et il y a des chants qui transpercent l\u2019\u00e2me.Gloria, laus et honor appartient \u00e0 cette seconde cat\u00e9gorie. Ce n\u2019est pas seulement un hymne liturgique. C\u2019est une proclamation. C\u2019est une procession devenue musique. C\u2019est la voix de l\u2019\u00c9glise qui, depuis plus de mille ans, continue de crier au &hellip;<\/p>\n","protected":false},"author":3,"featured_media":5679,"comment_status":"open","ping_status":"closed","sticky":false,"template":"","format":"standard","meta":{"_seopress_robots_primary_cat":"","_seopress_titles_title":"","_seopress_titles_desc":"","_seopress_robots_index":"","footnotes":""},"categories":[38,52],"tags":[],"class_list":["post-5677","post","type-post","status-publish","format-standard","has-post-thumbnail","","category-histoire-et-tradition","category-liturgie-et-annee-liturgique"],"_links":{"self":[{"href":"https:\/\/catholicus.eu\/fr\/wp-json\/wp\/v2\/posts\/5677","targetHints":{"allow":["GET"]}}],"collection":[{"href":"https:\/\/catholicus.eu\/fr\/wp-json\/wp\/v2\/posts"}],"about":[{"href":"https:\/\/catholicus.eu\/fr\/wp-json\/wp\/v2\/types\/post"}],"author":[{"embeddable":true,"href":"https:\/\/catholicus.eu\/fr\/wp-json\/wp\/v2\/users\/3"}],"replies":[{"embeddable":true,"href":"https:\/\/catholicus.eu\/fr\/wp-json\/wp\/v2\/comments?post=5677"}],"version-history":[{"count":1,"href":"https:\/\/catholicus.eu\/fr\/wp-json\/wp\/v2\/posts\/5677\/revisions"}],"predecessor-version":[{"id":5678,"href":"https:\/\/catholicus.eu\/fr\/wp-json\/wp\/v2\/posts\/5677\/revisions\/5678"}],"wp:featuredmedia":[{"embeddable":true,"href":"https:\/\/catholicus.eu\/fr\/wp-json\/wp\/v2\/media\/5679"}],"wp:attachment":[{"href":"https:\/\/catholicus.eu\/fr\/wp-json\/wp\/v2\/media?parent=5677"}],"wp:term":[{"taxonomy":"category","embeddable":true,"href":"https:\/\/catholicus.eu\/fr\/wp-json\/wp\/v2\/categories?post=5677"},{"taxonomy":"post_tag","embeddable":true,"href":"https:\/\/catholicus.eu\/fr\/wp-json\/wp\/v2\/tags?post=5677"}],"curies":[{"name":"wp","href":"https:\/\/api.w.org\/{rel}","templated":true}]}}