{"id":5671,"date":"2026-03-27T22:27:10","date_gmt":"2026-03-27T21:27:10","guid":{"rendered":"https:\/\/catholicus.eu\/fr\/?p=5671"},"modified":"2026-03-27T22:27:10","modified_gmt":"2026-03-27T21:27:10","slug":"quand-la-foi-devient-vie-le-directoire-sur-la-piete-populaire-et-la-liturgie-le-tresor-oublie-qui-peut-transformer-ton-quotidien","status":"publish","type":"post","link":"https:\/\/catholicus.eu\/fr\/quand-la-foi-devient-vie-le-directoire-sur-la-piete-populaire-et-la-liturgie-le-tresor-oublie-qui-peut-transformer-ton-quotidien\/","title":{"rendered":"Quand la foi devient vie : le \u00ab Directoire sur la pi\u00e9t\u00e9 populaire et la liturgie \u00bb, le tr\u00e9sor oubli\u00e9 qui peut transformer ton quotidien"},"content":{"rendered":"\n<p>Dans un monde rapide, fragment\u00e9 et souvent d\u00e9connect\u00e9 du sacr\u00e9, l\u2019\u00c9glise catholique nous offre une boussole spirituelle \u00e9tonnamment actuelle : le <strong>Directoire sur la pi\u00e9t\u00e9 populaire et la liturgie<\/strong>. Ce document, publi\u00e9 par la <strong>Congr\u00e9gation pour le Culte Divin et la Discipline des Sacrements<\/strong> en 2001, n\u2019est pas un simple manuel liturgique, mais un v\u00e9ritable guide pastoral pour harmoniser la foi c\u00e9l\u00e9br\u00e9e dans la liturgie avec la foi v\u00e9cue dans la vie quotidienne du peuple chr\u00e9tien.<\/p>\n\n\n\n<p>Mais\u2026 qu\u2019est-ce que cela signifie vraiment ? Pourquoi est-il si important aujourd\u2019hui ? Et comment peut-il transformer concr\u00e8tement ta vie spirituelle ?<\/p>\n\n\n\n<hr class=\"wp-block-separator has-alpha-channel-opacity\"\/>\n\n\n\n<h2 class=\"wp-block-heading\"><strong>1. Qu\u2019est-ce que le Directoire sur la pi\u00e9t\u00e9 populaire et la liturgie ?<\/strong><\/h2>\n\n\n\n<p>Le Directoire est un enseignement officiel de l\u2019\u00c9glise qui cherche \u00e0 \u00e9clairer la relation entre deux dimensions fondamentales de la vie chr\u00e9tienne :<\/p>\n\n\n\n<ul class=\"wp-block-list\">\n<li><strong>La liturgie<\/strong>, en particulier la Sainte Messe et les sacrements<\/li>\n\n\n\n<li><strong>La pi\u00e9t\u00e9 populaire<\/strong>, c\u2019est-\u00e0-dire les d\u00e9votions, processions, rosaires, neuvaines, p\u00e8lerinages et les expressions simples de foi du peuple<\/li>\n<\/ul>\n\n\n\n<p>Loin de les opposer, le document affirme clairement :<br>\ud83d\udc49 <strong>la liturgie est le centre, mais la pi\u00e9t\u00e9 populaire en est l\u2019extension vivante dans le c\u0153ur du peuple.<\/strong><\/p>\n\n\n\n<p>Cette id\u00e9e est profond\u00e9ment li\u00e9e \u00e0 l\u2019enseignement du <strong>Concile Vatican II<\/strong>, qui a d\u00e9fini la liturgie comme \u00ab la source et le sommet de toute la vie chr\u00e9tienne \u00bb (<em>Sacrosanctum Concilium<\/em>, 10).<\/p>\n\n\n\n<hr class=\"wp-block-separator has-alpha-channel-opacity\"\/>\n\n\n\n<h2 class=\"wp-block-heading\"><strong>2. Racines historiques : la foi incarn\u00e9e dans le peuple<\/strong><\/h2>\n\n\n\n<p>D\u00e8s les premiers si\u00e8cles du christianisme, les fid\u00e8les ne se contentaient pas de c\u00e9l\u00e9brer l\u2019Eucharistie, mais exprimaient leur foi \u00e0 travers des gestes quotidiens :<\/p>\n\n\n\n<ul class=\"wp-block-list\">\n<li>P\u00e8lerinages vers des lieux saints<\/li>\n\n\n\n<li>V\u00e9n\u00e9ration des reliques<\/li>\n\n\n\n<li>Pri\u00e8re en famille<\/li>\n\n\n\n<li>Je\u00fbnes et pratiques p\u00e9nitentielles<\/li>\n<\/ul>\n\n\n\n<p>Avec le temps, ces expressions ont donn\u00e9 naissance \u00e0 une riche tradition : le Rosaire, le Chemin de Croix, les processions du Corpus Christi, les d\u00e9votions mariales\u2026<\/p>\n\n\n\n<p>Ces pratiques ne sont pas de simples \u00ab ajouts folkloriques \u00bb, mais <strong>des r\u00e9ponses du c\u0153ur croyant au myst\u00e8re de Dieu<\/strong>.<\/p>\n\n\n\n<p>Le Directoire reconna\u00eet cette valeur et affirme que la pi\u00e9t\u00e9 populaire est :<\/p>\n\n\n\n<blockquote class=\"wp-block-quote is-layout-flow wp-block-quote-is-layout-flow\">\n<p>\u00ab une v\u00e9ritable expression du sensus fidei du Peuple de Dieu \u00bb.<\/p>\n<\/blockquote>\n\n\n\n<hr class=\"wp-block-separator has-alpha-channel-opacity\"\/>\n\n\n\n<h2 class=\"wp-block-heading\"><strong>3. Cl\u00e9 th\u00e9ologique : pourquoi est-ce si important ?<\/strong><\/h2>\n\n\n\n<p>Voici le c\u0153ur profond du document.<\/p>\n\n\n\n<h3 class=\"wp-block-heading\"><strong>3.1. L\u2019incarnation de la foi<\/strong><\/h3>\n\n\n\n<p>Dieu ne se r\u00e9v\u00e8le pas dans l\u2019abstrait, mais dans le concret. En <strong>J\u00e9sus-Christ<\/strong>, Dieu se fait chair, histoire, culture.<\/p>\n\n\n\n<p>C\u2019est pourquoi la foi s\u2019exprime aussi dans des r\u00e9alit\u00e9s humaines :<\/p>\n\n\n\n<ul class=\"wp-block-list\">\n<li>Une bougie allum\u00e9e<\/li>\n\n\n\n<li>Une image v\u00e9n\u00e9r\u00e9e<\/li>\n\n\n\n<li>Une procession dans les rues<\/li>\n\n\n\n<li>Une pri\u00e8re simple<\/li>\n<\/ul>\n\n\n\n<p>La pi\u00e9t\u00e9 populaire est donc <strong>une prolongation de l\u2019Incarnation dans la vie du peuple<\/strong>.<\/p>\n\n\n\n<hr class=\"wp-block-separator has-alpha-channel-opacity\"\/>\n\n\n\n<h3 class=\"wp-block-heading\"><strong>3.2. Liturgie et pi\u00e9t\u00e9 : une relation ordonn\u00e9e<\/strong><\/h3>\n\n\n\n<p>Le Directoire \u00e9tablit un principe fondamental :<\/p>\n\n\n\n<ul class=\"wp-block-list\">\n<li>\u274c La pi\u00e9t\u00e9 populaire ne <strong>remplace pas<\/strong> la liturgie<\/li>\n\n\n\n<li>\u274c Elle ne doit pas la d\u00e9former<\/li>\n\n\n\n<li>\u2705 Elle doit <strong>y conduire<\/strong><\/li>\n<\/ul>\n\n\n\n<p>La liturgie est le centre objectif (le Christ agissant dans les sacrements).<br>La pi\u00e9t\u00e9 populaire est la r\u00e9ponse subjective (le c\u0153ur du croyant qui accueille ce myst\u00e8re).<\/p>\n\n\n\n<hr class=\"wp-block-separator has-alpha-channel-opacity\"\/>\n\n\n\n<h3 class=\"wp-block-heading\"><strong>3.3. Une p\u00e9dagogie spirituelle<\/strong><\/h3>\n\n\n\n<p>La pi\u00e9t\u00e9 populaire poss\u00e8de une immense valeur cat\u00e9ch\u00e9tique :<\/p>\n\n\n\n<ul class=\"wp-block-list\">\n<li>Elle enseigne la foi aux plus simples<\/li>\n\n\n\n<li>Elle transmet les traditions de g\u00e9n\u00e9ration en g\u00e9n\u00e9ration<\/li>\n\n\n\n<li>Elle introduit au myst\u00e8re sans n\u00e9cessiter de grands trait\u00e9s<\/li>\n<\/ul>\n\n\n\n<p>Elle est, en quelque sorte, <strong>la th\u00e9ologie du peuple<\/strong>.<\/p>\n\n\n\n<hr class=\"wp-block-separator has-alpha-channel-opacity\"\/>\n\n\n\n<h2 class=\"wp-block-heading\"><strong>4. Une lumi\u00e8re pour notre temps : crise et opportunit\u00e9<\/strong><\/h2>\n\n\n\n<p>Aujourd\u2019hui, nous vivons un paradoxe :<\/p>\n\n\n\n<ul class=\"wp-block-list\">\n<li>D\u2019un c\u00f4t\u00e9, la s\u00e9cularisation et l\u2019indiff\u00e9rence religieuse<\/li>\n\n\n\n<li>De l\u2019autre, une recherche spirituelle intense<\/li>\n<\/ul>\n\n\n\n<p>Dans ce contexte, le Directoire est proph\u00e9tique.<\/p>\n\n\n\n<hr class=\"wp-block-separator has-alpha-channel-opacity\"\/>\n\n\n\n<h3 class=\"wp-block-heading\"><strong>4.1. Face \u00e0 la froideur : la chaleur de la foi<\/strong><\/h3>\n\n\n\n<p>Beaucoup de personnes s\u2019\u00e9loignent de la liturgie parce qu\u2019elles la per\u00e7oivent comme distante ou incompr\u00e9hensible.<br>La pi\u00e9t\u00e9 populaire, en revanche, <strong>touche le c\u0153ur<\/strong>.<\/p>\n\n\n\n<p>Un Rosaire pri\u00e9 en famille, une procession, une visite au Saint-Sacrement\u2026<br>\ud83d\udc49 Ce sont des portes d\u2019entr\u00e9e vers Dieu.<\/p>\n\n\n\n<hr class=\"wp-block-separator has-alpha-channel-opacity\"\/>\n\n\n\n<h3 class=\"wp-block-heading\"><strong>4.2. Face \u00e0 l\u2019individualisme : la communaut\u00e9<\/strong><\/h3>\n\n\n\n<p>Les expressions populaires cr\u00e9ent de la communion :<\/p>\n\n\n\n<ul class=\"wp-block-list\">\n<li>P\u00e8leriner ensemble<\/li>\n\n\n\n<li>Prier ensemble<\/li>\n\n\n\n<li>C\u00e9l\u00e9brer ensemble<\/li>\n<\/ul>\n\n\n\n<p>La foi cesse d\u2019\u00eatre priv\u00e9e pour devenir <strong>vie partag\u00e9e<\/strong>.<\/p>\n\n\n\n<hr class=\"wp-block-separator has-alpha-channel-opacity\"\/>\n\n\n\n<h3 class=\"wp-block-heading\"><strong>4.3. Face au relativisme : l\u2019identit\u00e9<\/strong><\/h3>\n\n\n\n<p>La pi\u00e9t\u00e9 populaire enracin\u00e9e dans une culture concr\u00e8te donne une identit\u00e9 chr\u00e9tienne \u00e0 des peuples entiers.<\/p>\n\n\n\n<hr class=\"wp-block-separator has-alpha-channel-opacity\"\/>\n\n\n\n<h2 class=\"wp-block-heading\"><strong>5. Lumi\u00e8re biblique : la foi v\u00e9cue \u00e0 travers des gestes concrets<\/strong><\/h2>\n\n\n\n<p>La Sainte \u00c9criture nous montre que la foi s\u2019exprime toujours \u00e0 travers des signes visibles.<\/p>\n\n\n\n<p>Rappelons ce passage :<\/p>\n\n\n\n<blockquote class=\"wp-block-quote is-layout-flow wp-block-quote-is-layout-flow\">\n<p>\u00ab Ce peuple m\u2019honore des l\u00e8vres, mais son c\u0153ur est loin de moi \u00bb<br>(cf. <strong>\u00c9vangile selon saint Matthieu<\/strong>)<\/p>\n<\/blockquote>\n\n\n\n<p>J\u00e9sus ne rejette pas les gestes ext\u00e9rieurs, mais l\u2019hypocrisie.<br>La cl\u00e9 n\u2019est donc pas de supprimer la pi\u00e9t\u00e9 populaire, mais <strong>de la vivre avec une authenticit\u00e9 int\u00e9rieure<\/strong>.<\/p>\n\n\n\n<p>Nous trouvons aussi des exemples positifs :<\/p>\n\n\n\n<ul class=\"wp-block-list\">\n<li>La femme qui touche le manteau de J\u00e9sus (Mc 5,25-34)<\/li>\n\n\n\n<li>L\u2019usage de l\u2019huile, l\u2019imposition des mains, les signes visibles<\/li>\n<\/ul>\n\n\n\n<p>\ud83d\udc49 Dieu agit \u00e0 travers le sensible.<\/p>\n\n\n\n<hr class=\"wp-block-separator has-alpha-channel-opacity\"\/>\n\n\n\n<h2 class=\"wp-block-heading\"><strong>6. Applications pratiques : comment vivre le Directoire aujourd\u2019hui<\/strong><\/h2>\n\n\n\n<p>Voici l\u2019essentiel : comment l\u2019appliquer concr\u00e8tement.<\/p>\n\n\n\n<hr class=\"wp-block-separator has-alpha-channel-opacity\"\/>\n\n\n\n<h3 class=\"wp-block-heading\"><strong>6.1. Red\u00e9couvrir les d\u00e9votions traditionnelles<\/strong><\/h3>\n\n\n\n<ul class=\"wp-block-list\">\n<li>Prier le Rosaire avec intention, et non m\u00e9caniquement<\/li>\n\n\n\n<li>Vivre le Chemin de Croix pendant le Car\u00eame<\/li>\n\n\n\n<li>C\u00e9l\u00e9brer les f\u00eates liturgiques en profondeur<\/li>\n<\/ul>\n\n\n\n<p>Ce ne sont pas des routines : ce sont des chemins de rencontre avec Dieu.<\/p>\n\n\n\n<hr class=\"wp-block-separator has-alpha-channel-opacity\"\/>\n\n\n\n<h3 class=\"wp-block-heading\"><strong>6.2. Unir toujours pi\u00e9t\u00e9 et liturgie<\/strong><\/h3>\n\n\n\n<ul class=\"wp-block-list\">\n<li>La d\u00e9votion doit te conduire \u00e0 la Messe<\/li>\n\n\n\n<li>La Messe doit nourrir ta d\u00e9votion<\/li>\n<\/ul>\n\n\n\n<p>Exemple concret :<br>\ud83d\udc49 Prier avant ou apr\u00e8s la communion prolonge la gr\u00e2ce du sacrement.<\/p>\n\n\n\n<hr class=\"wp-block-separator has-alpha-channel-opacity\"\/>\n\n\n\n<h3 class=\"wp-block-heading\"><strong>6.3. Prendre soin des signes<\/strong><\/h3>\n\n\n\n<ul class=\"wp-block-list\">\n<li>Une bougie allum\u00e9e avec foi<\/li>\n\n\n\n<li>Un geste de r\u00e9v\u00e9rence<\/li>\n\n\n\n<li>Un silence bien v\u00e9cu<\/li>\n<\/ul>\n\n\n\n<p>Ces petits actes \u00e9duquent l\u2019\u00e2me.<\/p>\n\n\n\n<hr class=\"wp-block-separator has-alpha-channel-opacity\"\/>\n\n\n\n<h3 class=\"wp-block-heading\"><strong>6.4. Vivre la foi en famille<\/strong><\/h3>\n\n\n\n<p>La pi\u00e9t\u00e9 populaire est particuli\u00e8rement puissante \u00e0 la maison :<\/p>\n\n\n\n<ul class=\"wp-block-list\">\n<li>B\u00e9nir la table<\/li>\n\n\n\n<li>Prier ensemble<\/li>\n\n\n\n<li>Avoir des images sacr\u00e9es<\/li>\n<\/ul>\n\n\n\n<p>\ud83d\udc49 La maison devient une \u00ab \u00c9glise domestique \u00bb.<\/p>\n\n\n\n<hr class=\"wp-block-separator has-alpha-channel-opacity\"\/>\n\n\n\n<h3 class=\"wp-block-heading\"><strong>6.5. Purifier sans d\u00e9truire<\/strong><\/h3>\n\n\n\n<p>Le Directoire avertit aussi :<br>toutes les pratiques populaires ne sont pas parfaites.<\/p>\n\n\n\n<p>Il propose donc :<\/p>\n\n\n\n<ul class=\"wp-block-list\">\n<li>De purifier les superstitions<\/li>\n\n\n\n<li>D\u2019\u00e9viter les exc\u00e8s<\/li>\n\n\n\n<li>De tout centrer sur le Christ<\/li>\n<\/ul>\n\n\n\n<hr class=\"wp-block-separator has-alpha-channel-opacity\"\/>\n\n\n\n<h2 class=\"wp-block-heading\"><strong>7. Une synth\u00e8se profonde : c\u0153ur et autel<\/strong><\/h2>\n\n\n\n<p>Le grand message du Directoire est le suivant :<\/p>\n\n\n\n<p>\ud83d\udc49 <strong>La foi ne peut pas rester dans le temple, mais elle ne peut pas non plus s\u2019en passer.<\/strong><\/p>\n\n\n\n<p>Nous avons besoin :<\/p>\n\n\n\n<ul class=\"wp-block-list\">\n<li>De la <strong>liturgie<\/strong>, qui nous donne le Christ objectivement<\/li>\n\n\n\n<li>De la <strong>pi\u00e9t\u00e9 populaire<\/strong>, qui fait habiter le Christ dans notre vie concr\u00e8te<\/li>\n<\/ul>\n\n\n\n<hr class=\"wp-block-separator has-alpha-channel-opacity\"\/>\n\n\n\n<h2 class=\"wp-block-heading\"><strong>Conclusion : quand la foi devient vie<\/strong><\/h2>\n\n\n\n<p>Le <strong>Directoire sur la pi\u00e9t\u00e9 populaire et la liturgie<\/strong> n\u2019est pas un document du pass\u00e9. C\u2019est un appel urgent pour aujourd\u2019hui.<\/p>\n\n\n\n<p>Dans un monde en qu\u00eate d\u2019exp\u00e9riences, l\u2019\u00c9glise r\u00e9pond :<br>\ud83d\udc49 <strong>la v\u00e9ritable exp\u00e9rience de Dieu se trouve dans l\u2019union entre la liturgie et la vie.<\/strong><\/p>\n\n\n\n<p>Si tu accueilles ce chemin :<\/p>\n\n\n\n<ul class=\"wp-block-list\">\n<li>Ta pri\u00e8re deviendra plus profonde<\/li>\n\n\n\n<li>Ta foi sera plus incarn\u00e9e<\/li>\n\n\n\n<li>Ta vie quotidienne sera remplie de sens<\/li>\n<\/ul>\n\n\n\n<p>Car au fond, le but n\u2019est pas seulement de \u00ab pratiquer la religion \u00bb, mais <strong>de vivre en communion avec Dieu dans chaque geste, chaque jour, chaque battement de c\u0153ur<\/strong>.<\/p>\n\n\n\n<p>Et c\u2019est pr\u00e9cis\u00e9ment l\u00e0\u2014juste l\u00e0\u2014que la pi\u00e9t\u00e9 populaire, bien v\u00e9cue, devient un pont vers le Ciel.<\/p>\n","protected":false},"excerpt":{"rendered":"<p>Dans un monde rapide, fragment\u00e9 et souvent d\u00e9connect\u00e9 du sacr\u00e9, l\u2019\u00c9glise catholique nous offre une boussole spirituelle \u00e9tonnamment actuelle : le Directoire sur la pi\u00e9t\u00e9 populaire et la liturgie. Ce document, publi\u00e9 par la Congr\u00e9gation pour le Culte Divin et la Discipline des Sacrements en 2001, n\u2019est pas un simple manuel liturgique, mais un v\u00e9ritable &hellip;<\/p>\n","protected":false},"author":3,"featured_media":5672,"comment_status":"open","ping_status":"closed","sticky":false,"template":"","format":"standard","meta":{"_seopress_robots_primary_cat":"","_seopress_titles_title":"","_seopress_titles_desc":"","_seopress_robots_index":"","footnotes":""},"categories":[38,51],"tags":[],"class_list":["post-5671","post","type-post","status-publish","format-standard","has-post-thumbnail","","category-histoire-et-tradition","category-magistere-de-leglise"],"_links":{"self":[{"href":"https:\/\/catholicus.eu\/fr\/wp-json\/wp\/v2\/posts\/5671","targetHints":{"allow":["GET"]}}],"collection":[{"href":"https:\/\/catholicus.eu\/fr\/wp-json\/wp\/v2\/posts"}],"about":[{"href":"https:\/\/catholicus.eu\/fr\/wp-json\/wp\/v2\/types\/post"}],"author":[{"embeddable":true,"href":"https:\/\/catholicus.eu\/fr\/wp-json\/wp\/v2\/users\/3"}],"replies":[{"embeddable":true,"href":"https:\/\/catholicus.eu\/fr\/wp-json\/wp\/v2\/comments?post=5671"}],"version-history":[{"count":1,"href":"https:\/\/catholicus.eu\/fr\/wp-json\/wp\/v2\/posts\/5671\/revisions"}],"predecessor-version":[{"id":5673,"href":"https:\/\/catholicus.eu\/fr\/wp-json\/wp\/v2\/posts\/5671\/revisions\/5673"}],"wp:featuredmedia":[{"embeddable":true,"href":"https:\/\/catholicus.eu\/fr\/wp-json\/wp\/v2\/media\/5672"}],"wp:attachment":[{"href":"https:\/\/catholicus.eu\/fr\/wp-json\/wp\/v2\/media?parent=5671"}],"wp:term":[{"taxonomy":"category","embeddable":true,"href":"https:\/\/catholicus.eu\/fr\/wp-json\/wp\/v2\/categories?post=5671"},{"taxonomy":"post_tag","embeddable":true,"href":"https:\/\/catholicus.eu\/fr\/wp-json\/wp\/v2\/tags?post=5671"}],"curies":[{"name":"wp","href":"https:\/\/api.w.org\/{rel}","templated":true}]}}