{"id":5659,"date":"2026-03-26T17:30:56","date_gmt":"2026-03-26T16:30:56","guid":{"rendered":"https:\/\/catholicus.eu\/fr\/?p=5659"},"modified":"2026-03-26T17:30:57","modified_gmt":"2026-03-26T16:30:57","slug":"quand-lamour-est-frappe-la-flagellation-et-la-couronne-depines-comme-ecole-de-redemption-et-de-vie","status":"publish","type":"post","link":"https:\/\/catholicus.eu\/fr\/quand-lamour-est-frappe-la-flagellation-et-la-couronne-depines-comme-ecole-de-redemption-et-de-vie\/","title":{"rendered":"Quand l\u2019Amour est Frapp\u00e9 : La Flagellation et la Couronne d\u2019\u00c9pines comme \u00c9cole de R\u00e9demption et de Vie"},"content":{"rendered":"\n<p>Au c\u0153ur de la Passion du Christ se trouvent des sc\u00e8nes qui bouleversent l\u2019\u00e2me jusqu\u2019au plus profond. Elles ne sont pas simplement des \u00e9pisodes de souffrance physique, mais des r\u00e9v\u00e9lations d\u2019un amour qui se laisse blesser pour nous. La <strong>flagellation<\/strong> et la <strong>couronne d\u2019\u00e9pines<\/strong> ne sont pas seulement des \u00e9v\u00e9nements historiques : elles constituent une cat\u00e9ch\u00e8se vivante, une th\u00e9ologie incarn\u00e9e, un appel urgent pour l\u2019homme contemporain.<\/p>\n\n\n\n<p>Aujourd\u2019hui, dans un monde qui fuit la douleur, banalise la souffrance et recherche le succ\u00e8s sans la croix, ces sc\u00e8nes \u00e9vang\u00e9liques s\u2019\u00e9l\u00e8vent comme une lumi\u00e8re inconfortable mais n\u00e9cessaire.<\/p>\n\n\n\n<hr class=\"wp-block-separator has-alpha-channel-opacity\"\/>\n\n\n\n<h1 class=\"wp-block-heading\"><strong>1. Contexte historique : la brutalit\u00e9 de l\u2019Empire face au silence de l\u2019Innocent<\/strong><\/h1>\n\n\n\n<p>Apr\u00e8s le jugement devant Ponce Pilate, J\u00e9sus-Christ est livr\u00e9 aux soldats romains. La flagellation n\u2019\u00e9tait pas une punition mineure : c\u2019\u00e9tait une torture con\u00e7ue pour d\u00e9truire le corps.<\/p>\n\n\n\n<p>L\u2019instrument habituel, le <em>flagrum<\/em>, comportait des boules de m\u00e9tal ou des os attach\u00e9s \u00e0 ses extr\u00e9mit\u00e9s. Chaque coup d\u00e9chirait la peau, exposant les muscles et parfois m\u00eame les organes.<\/p>\n\n\n\n<p>Puis vint la moquerie : une parodie cruelle de royaut\u00e9. On le rev\u00eatit d\u2019un manteau, on lui pla\u00e7a un roseau comme sceptre\u2026 et une couronne d\u2019\u00e9pines fut enfonc\u00e9e sur sa t\u00eate.<\/p>\n\n\n\n<p>Ce n\u2019est pas seulement de la violence : c\u2019est une humiliation totale.<\/p>\n\n\n\n<hr class=\"wp-block-separator has-alpha-channel-opacity\"\/>\n\n\n\n<h1 class=\"wp-block-heading\"><strong>2. Le r\u00e9cit \u00e9vang\u00e9lique : une vue compar\u00e9e<\/strong><\/h1>\n\n\n\n<p>Les \u00c9vangiles synoptiques \u2014\u00c9vangile de Matthieu, \u00c9vangile de Marc et \u00c9vangile de Luc\u2014 ainsi que \u00c9vangile de Jean pr\u00e9sentent ce moment avec des nuances th\u00e9ologiques tr\u00e8s significatives.<\/p>\n\n\n\n<h2 class=\"wp-block-heading\"><strong>Matthieu (27:26\u201331)<\/strong><\/h2>\n\n\n\n<p>Matthieu souligne la <strong>dimension de moquerie messianique<\/strong>. J\u00e9sus est ridiculis\u00e9 comme \u201croi des Juifs\u201d. L\u2019accent est mis sur le m\u00e9pris collectif.<\/p>\n\n\n\n<h2 class=\"wp-block-heading\"><strong>Marc (15:15\u201320)<\/strong><\/h2>\n\n\n\n<p>Marc pr\u00e9sente la sc\u00e8ne avec crudit\u00e9 et rapidit\u00e9. Son accent est sur la <strong>souffrance r\u00e9elle et physique<\/strong> du Christ. Il n\u2019y a pas d\u2019embellissements : tout est direct, presque brutal.<\/p>\n\n\n\n<h2 class=\"wp-block-heading\"><strong>Luc (23:16, 22)<\/strong><\/h2>\n\n\n\n<p>Luc mentionne la flagellation, mais <strong>ne d\u00e9crit pas la couronne d\u2019\u00e9pines<\/strong> en tant que telle. Son int\u00e9r\u00eat est plus pastoral : il montre Pilate essayant d\u2019\u00e9viter la condamnation.<\/p>\n\n\n\n<h2 class=\"wp-block-heading\"><strong>Jean (19:1\u20135)<\/strong><\/h2>\n\n\n\n<p>Jean offre une cl\u00e9 profond\u00e9ment th\u00e9ologique. Ici, la couronne d\u2019\u00e9pines devient une <strong>r\u00e9v\u00e9lation paradoxale de la royaut\u00e9 du Christ<\/strong>.<\/p>\n\n\n\n<blockquote class=\"wp-block-quote is-layout-flow wp-block-quote-is-layout-flow\">\n<p><em>\u00ab Alors Pilate prit J\u00e9sus et le fit flageller\u2026 et les soldats tress\u00e8rent une couronne d\u2019\u00e9pines et la pos\u00e8rent sur sa t\u00eate\u2026 et J\u00e9sus sortit, portant la couronne d\u2019\u00e9pines et le manteau pourpre. Pilate leur dit : \u2018Ecce Homo\u2019 (Voici l\u2019homme) \u00bb<\/em> (Jn 19:1,5)<\/p>\n<\/blockquote>\n\n\n\n<h3 class=\"wp-block-heading\"><strong>Diff\u00e9rences cl\u00e9s<\/strong><\/h3>\n\n\n\n<ul class=\"wp-block-list\">\n<li><strong>Matthieu et Marc<\/strong> : accent sur la moquerie et la souffrance physique.<\/li>\n\n\n\n<li><strong>Luc<\/strong> : adoucit le r\u00e9cit, centr\u00e9 sur l\u2019innocence du Christ.<\/li>\n\n\n\n<li><strong>Jean<\/strong> : interpr\u00e8te l\u2019\u00e9v\u00e9nement comme une <strong>r\u00e9v\u00e9lation th\u00e9ologique<\/strong> (le Christ Roi dans l\u2019humiliation).<\/li>\n<\/ul>\n\n\n\n<hr class=\"wp-block-separator has-alpha-channel-opacity\"\/>\n\n\n\n<h1 class=\"wp-block-heading\"><strong>3. Signification th\u00e9ologique : le myst\u00e8re de la souffrance r\u00e9demptrice<\/strong><\/h1>\n\n\n\n<p>Entrons maintenant dans l\u2019essentiel.<\/p>\n\n\n\n<h2 class=\"wp-block-heading\"><strong>3.1. Le Christ porte le p\u00e9ch\u00e9 du monde<\/strong><\/h2>\n\n\n\n<p>La flagellation n\u2019est pas seulement une violence humaine : c\u2019est une participation au myst\u00e8re du p\u00e9ch\u00e9 universel.<\/p>\n\n\n\n<p>\u00c9sa\u00efe l\u2019avait annonc\u00e9 :<\/p>\n\n\n\n<blockquote class=\"wp-block-quote is-layout-flow wp-block-quote-is-layout-flow\">\n<p><em>\u00ab Il a \u00e9t\u00e9 transperc\u00e9 pour nos transgressions, \u00e9cras\u00e9 pour nos iniquit\u00e9s ; le ch\u00e2timent qui nous donne la paix est tomb\u00e9 sur lui, et par ses plaies nous sommes gu\u00e9ris \u00bb<\/em> (Is 53:5)<\/p>\n<\/blockquote>\n\n\n\n<p>Chaque coup de fouet a une valeur r\u00e9demptrice. Ce n\u2019est pas une souffrance inutile : c\u2019est <strong>l\u2019amour qui r\u00e9pare<\/strong>.<\/p>\n\n\n\n<hr class=\"wp-block-separator has-alpha-channel-opacity\"\/>\n\n\n\n<h2 class=\"wp-block-heading\"><strong>3.2. La couronne d\u2019\u00e9pines : inversion des valeurs du monde<\/strong><\/h2>\n\n\n\n<p>Le monde comprend le pouvoir comme domination. Le Christ le red\u00e9finit comme <strong>don de soi<\/strong>.<\/p>\n\n\n\n<ul class=\"wp-block-list\">\n<li>Couronne \u2192 douleur<\/li>\n\n\n\n<li>Tr\u00f4ne \u2192 croix<\/li>\n\n\n\n<li>Pouvoir \u2192 humiliation<\/li>\n<\/ul>\n\n\n\n<p>J\u00e9sus r\u00e8gne par la souffrance. Voil\u00e0 la grande r\u00e9volution chr\u00e9tienne.<\/p>\n\n\n\n<hr class=\"wp-block-separator has-alpha-channel-opacity\"\/>\n\n\n\n<h2 class=\"wp-block-heading\"><strong>3.3. La dignit\u00e9 de l\u2019homme r\u00e9v\u00e9l\u00e9e en Christ<\/strong><\/h2>\n\n\n\n<p>Quand Pilate dit <em>\u00ab Ecce Homo \u00bb<\/em>, il proclame quelque chose de plus profond qu\u2019il ne le comprend :<\/p>\n\n\n\n<p>Le Christ r\u00e9v\u00e8le <strong>ce qu\u2019est le v\u00e9ritable homme<\/strong> : celui qui aime jusqu\u2019au bout.<\/p>\n\n\n\n<hr class=\"wp-block-separator has-alpha-channel-opacity\"\/>\n\n\n\n<h1 class=\"wp-block-heading\"><strong>4. Dimension spirituelle : une \u00e9cole de saintet\u00e9<\/strong><\/h1>\n\n\n\n<p>La tradition catholique voit dans ces myst\u00e8res un chemin spirituel concret.<\/p>\n\n\n\n<h2 class=\"wp-block-heading\"><strong>4.1. La mortification int\u00e9rieure<\/strong><\/h2>\n\n\n\n<p>Il ne s\u2019agit pas de rechercher la douleur pour elle-m\u00eame, mais d\u2019apprendre \u00e0 :<\/p>\n\n\n\n<ul class=\"wp-block-list\">\n<li>Ma\u00eetriser ses passions<\/li>\n\n\n\n<li>Offrir de petits sacrifices<\/li>\n\n\n\n<li>Accepter les contrari\u00e9t\u00e9s quotidiennes<\/li>\n<\/ul>\n\n\n\n<p>La flagellation nous enseigne que l\u2019amour authentique <strong>a un prix<\/strong>.<\/p>\n\n\n\n<hr class=\"wp-block-separator has-alpha-channel-opacity\"\/>\n\n\n\n<h2 class=\"wp-block-heading\"><strong>4.2. L\u2019humilit\u00e9 profonde<\/strong><\/h2>\n\n\n\n<p>La couronne d\u2019\u00e9pines d\u00e9truit notre orgueil.<\/p>\n\n\n\n<p>Le Christ, \u00e9tant Roi, accepte d\u2019\u00eatre ridiculis\u00e9.<\/p>\n\n\n\n<p>Question cl\u00e9 pour l\u2019\u00e2me :<br>\ud83d\udc49 Comment r\u00e9agis-je lorsque je suis humili\u00e9 ou incompris ?<\/p>\n\n\n\n<hr class=\"wp-block-separator has-alpha-channel-opacity\"\/>\n\n\n\n<h2 class=\"wp-block-heading\"><strong>4.3. R\u00e9paration et offrande<\/strong><\/h2>\n\n\n\n<p>Chaque souffrance quotidienne peut \u00eatre unie \u00e0 celle du Christ :<\/p>\n\n\n\n<ul class=\"wp-block-list\">\n<li>Probl\u00e8mes professionnels<\/li>\n\n\n\n<li>Maladies<\/li>\n\n\n\n<li>Tensions familiales<\/li>\n<\/ul>\n\n\n\n<p>Rien n\u2019est perdu si cela est offert avec amour.<\/p>\n\n\n\n<hr class=\"wp-block-separator has-alpha-channel-opacity\"\/>\n\n\n\n<h1 class=\"wp-block-heading\"><strong>5. Applications pratiques aujourd\u2019hui<\/strong><\/h1>\n\n\n\n<p>Nous vivons dans une culture qui :<\/p>\n\n\n\n<ul class=\"wp-block-list\">\n<li>\u00c9vite le sacrifice<\/li>\n\n\n\n<li>Idol\u00e2tre le confort<\/li>\n\n\n\n<li>Rejette la souffrance<\/li>\n<\/ul>\n\n\n\n<p>La Passion du Christ est profond\u00e9ment contre-culturelle.<\/p>\n\n\n\n<h2 class=\"wp-block-heading\"><strong>5.1. Red\u00e9couvrir le sens de la souffrance<\/strong><\/h2>\n\n\n\n<p>Toutes les douleurs ne sont pas absurdes. En Christ, elles peuvent \u00eatre :<\/p>\n\n\n\n<ul class=\"wp-block-list\">\n<li>R\u00e9demptrices<\/li>\n\n\n\n<li>Purifiantes<\/li>\n\n\n\n<li>Transformantes<\/li>\n<\/ul>\n\n\n\n<hr class=\"wp-block-separator has-alpha-channel-opacity\"\/>\n\n\n\n<h2 class=\"wp-block-heading\"><strong>5.2. Pratiquer de petites renoncements<\/strong><\/h2>\n\n\n\n<p>Aucune h\u00e9ro\u00efcit\u00e9 extraordinaire n\u2019est requise :<\/p>\n\n\n\n<ul class=\"wp-block-list\">\n<li>\u00c9teindre son t\u00e9l\u00e9phone pour prier<\/li>\n\n\n\n<li>Je\u00fbner avec intention<\/li>\n\n\n\n<li>Se taire lors d\u2019une dispute<\/li>\n<\/ul>\n\n\n\n<p>Ce sont de \u201cpetites flagellations\u201d qui ordonnent l\u2019\u00e2me.<\/p>\n\n\n\n<hr class=\"wp-block-separator has-alpha-channel-opacity\"\/>\n\n\n\n<h2 class=\"wp-block-heading\"><strong>5.3. Vivre l\u2019humilit\u00e9 au quotidien<\/strong><\/h2>\n\n\n\n<p>Accepter :<\/p>\n\n\n\n<ul class=\"wp-block-list\">\n<li>Ne pas avoir toujours raison<\/li>\n\n\n\n<li>Ne pas \u00eatre reconnu<\/li>\n\n\n\n<li>Ne pas se distinguer<\/li>\n<\/ul>\n\n\n\n<p>C\u2019est l\u00e0 que commence la v\u00e9ritable libert\u00e9 int\u00e9rieure.<\/p>\n\n\n\n<hr class=\"wp-block-separator has-alpha-channel-opacity\"\/>\n\n\n\n<h2 class=\"wp-block-heading\"><strong>5.4. Contempler la Passion<\/strong><\/h2>\n\n\n\n<p>La m\u00e9ditation fr\u00e9quente de ces myst\u00e8res transforme le c\u0153ur.<\/p>\n\n\n\n<p>Particuli\u00e8rement \u00e0 travers :<\/p>\n\n\n\n<ul class=\"wp-block-list\">\n<li>Le Chemin de Croix<\/li>\n\n\n\n<li>Le Saint Rosaire (Myst\u00e8res douloureux)<\/li>\n\n\n\n<li>L\u2019adoration eucharistique<\/li>\n<\/ul>\n\n\n\n<hr class=\"wp-block-separator has-alpha-channel-opacity\"\/>\n\n\n\n<h1 class=\"wp-block-heading\"><strong>6. Appel final : du spectacle \u00e0 l\u2019engagement<\/strong><\/h1>\n\n\n\n<p>Le risque aujourd\u2019hui est de voir la Passion comme quelque chose de lointain, presque symbolique.<\/p>\n\n\n\n<p>Mais ce n\u2019est pas le cas.<\/p>\n\n\n\n<p>Le Christ n\u2019a pas \u00e9t\u00e9 flagell\u00e9 \u201cen th\u00e9orie\u201d. C\u2019\u00e9tait pour toi. Pour moi. Pour chaque p\u00e9ch\u00e9 concret.<\/p>\n\n\n\n<p>La question n\u2019est pas seulement :<br>\ud83d\udc49 Que lui ont-ils fait ?<\/p>\n\n\n\n<p>Mais :<br>\ud83d\udc49 Que fais-je de cet amour ?<\/p>\n\n\n\n<hr class=\"wp-block-separator has-alpha-channel-opacity\"\/>\n\n\n\n<h1 class=\"wp-block-heading\"><strong>Conclusion : la couronne que le monde ne comprend pas<\/strong><\/h1>\n\n\n\n<p>La flagellation et la couronne d\u2019\u00e9pines nous enseignent que :<\/p>\n\n\n\n<ul class=\"wp-block-list\">\n<li>Le v\u00e9ritable amour se donne<\/li>\n\n\n\n<li>La grandeur passe par l\u2019humiliation<\/li>\n\n\n\n<li>La victoire vient par la croix<\/li>\n<\/ul>\n\n\n\n<p>Dans un monde qui fuit la douleur, le Christ nous montre que la souffrance unie \u00e0 Dieu ne d\u00e9truit pas\u2026 <strong>elle sauve<\/strong>.<\/p>\n\n\n\n<p>Et peut-\u00eatre aujourd\u2019hui, plus que jamais, avons-nous besoin d\u2019entendre ces paroles :<\/p>\n\n\n\n<blockquote class=\"wp-block-quote is-layout-flow wp-block-quote-is-layout-flow\">\n<p><em>\u00ab Voici l\u2019homme \u00bb<\/em><\/p>\n<\/blockquote>\n\n\n\n<p>Car dans ce visage d\u00e9figur\u00e9\u2026 se trouve le mod\u00e8le de ce que nous sommes appel\u00e9s \u00e0 devenir.<\/p>\n","protected":false},"excerpt":{"rendered":"<p>Au c\u0153ur de la Passion du Christ se trouvent des sc\u00e8nes qui bouleversent l\u2019\u00e2me jusqu\u2019au plus profond. Elles ne sont pas simplement des \u00e9pisodes de souffrance physique, mais des r\u00e9v\u00e9lations d\u2019un amour qui se laisse blesser pour nous. La flagellation et la couronne d\u2019\u00e9pines ne sont pas seulement des \u00e9v\u00e9nements historiques : elles constituent une &hellip;<\/p>\n","protected":false},"author":3,"featured_media":5660,"comment_status":"open","ping_status":"closed","sticky":false,"template":"","format":"standard","meta":{"_seopress_robots_primary_cat":"","_seopress_titles_title":"","_seopress_titles_desc":"","_seopress_robots_index":"","footnotes":""},"categories":[37,45],"tags":[1832],"class_list":["post-5659","post","type-post","status-publish","format-standard","has-post-thumbnail","","category-doctrine-et-foi","category-saintes-ecritures","tag-couronne-depines"],"_links":{"self":[{"href":"https:\/\/catholicus.eu\/fr\/wp-json\/wp\/v2\/posts\/5659","targetHints":{"allow":["GET"]}}],"collection":[{"href":"https:\/\/catholicus.eu\/fr\/wp-json\/wp\/v2\/posts"}],"about":[{"href":"https:\/\/catholicus.eu\/fr\/wp-json\/wp\/v2\/types\/post"}],"author":[{"embeddable":true,"href":"https:\/\/catholicus.eu\/fr\/wp-json\/wp\/v2\/users\/3"}],"replies":[{"embeddable":true,"href":"https:\/\/catholicus.eu\/fr\/wp-json\/wp\/v2\/comments?post=5659"}],"version-history":[{"count":1,"href":"https:\/\/catholicus.eu\/fr\/wp-json\/wp\/v2\/posts\/5659\/revisions"}],"predecessor-version":[{"id":5661,"href":"https:\/\/catholicus.eu\/fr\/wp-json\/wp\/v2\/posts\/5659\/revisions\/5661"}],"wp:featuredmedia":[{"embeddable":true,"href":"https:\/\/catholicus.eu\/fr\/wp-json\/wp\/v2\/media\/5660"}],"wp:attachment":[{"href":"https:\/\/catholicus.eu\/fr\/wp-json\/wp\/v2\/media?parent=5659"}],"wp:term":[{"taxonomy":"category","embeddable":true,"href":"https:\/\/catholicus.eu\/fr\/wp-json\/wp\/v2\/categories?post=5659"},{"taxonomy":"post_tag","embeddable":true,"href":"https:\/\/catholicus.eu\/fr\/wp-json\/wp\/v2\/tags?post=5659"}],"curies":[{"name":"wp","href":"https:\/\/api.w.org\/{rel}","templated":true}]}}