{"id":5648,"date":"2026-03-25T21:30:06","date_gmt":"2026-03-25T20:30:06","guid":{"rendered":"https:\/\/catholicus.eu\/fr\/?p=5648"},"modified":"2026-03-25T21:30:06","modified_gmt":"2026-03-25T20:30:06","slug":"moi-non-plus-je-ne-te-condamne-pas-lhistoire-de-la-femme-adultere-qui-a-trouve-la-misericorde-face-au-jugement","status":"publish","type":"post","link":"https:\/\/catholicus.eu\/fr\/moi-non-plus-je-ne-te-condamne-pas-lhistoire-de-la-femme-adultere-qui-a-trouve-la-misericorde-face-au-jugement\/","title":{"rendered":"\u00ab Moi non plus, je ne te condamne pas \u00bb : l\u2019histoire de la femme adult\u00e8re qui a trouv\u00e9 la mis\u00e9ricorde face au jugement"},"content":{"rendered":"\n<p>Dans un monde o\u00f9 le jugement est imm\u00e9diat, public et souvent impitoyable \u2014 r\u00e9seaux sociaux, culture de l\u2019annulation, \u00e9tiquettes \u2014 l\u2019\u00e9pisode \u00e9vang\u00e9lique de la femme adult\u00e8re r\u00e9sonne avec une force \u00e9tonnamment actuelle. Ce n\u2019est pas seulement une histoire ancienne : c\u2019est un miroir de notre condition humaine, de nos mis\u00e8res\u2026 et de l\u2019infinie mis\u00e9ricorde de Dieu.<\/p>\n\n\n\n<p>Ce passage, racont\u00e9 dans l\u2019\u00c9vangile selon saint Jean (Jn 8,1-11), est l\u2019une des rencontres les plus bouleversantes entre le p\u00e9ch\u00e9 humain et l\u2019amour divin. En lui se r\u00e9v\u00e8le non seulement qui est le Christ, mais aussi qui nous sommes lorsque nous sommes confront\u00e9s \u00e0 la v\u00e9rit\u00e9.<\/p>\n\n\n\n<hr class=\"wp-block-separator has-alpha-channel-opacity\"\/>\n\n\n\n<h2 class=\"wp-block-heading\">1. La sc\u00e8ne : un pi\u00e8ge, une femme et une foule pr\u00eate \u00e0 condamner<\/h2>\n\n\n\n<p>Imagine la sc\u00e8ne : une femme est tra\u00een\u00e9e en public, humili\u00e9e, expos\u00e9e. Il n\u2019y a ni d\u00e9fense, ni dignit\u00e9, ni nom. Une seule accusation : <strong>l\u2019adult\u00e8re<\/strong>.<\/p>\n\n\n\n<p>Les scribes et les pharisiens ne cherchent pas la justice ; ils cherchent \u00e0 pi\u00e9ger J\u00e9sus. S\u2019il absout la femme, il contredit la Loi de Mo\u00efse ; s\u2019il la condamne, il trahit son message de mis\u00e9ricorde.<\/p>\n\n\n\n<p>La loi \u00e9tait claire : l\u2019adult\u00e8re \u00e9tait puni de mort (cf. Dt 22,22). Mais J\u00e9sus ne r\u00e9pond pas imm\u00e9diatement. Il se penche et \u00e9crit sur le sol. Silence. Tension. Attente.<\/p>\n\n\n\n<p>Puis il prononce l\u2019une des phrases les plus r\u00e9volutionnaires de l\u2019histoire :<\/p>\n\n\n\n<blockquote class=\"wp-block-quote is-layout-flow wp-block-quote-is-layout-flow\">\n<p>\u00ab Que celui d\u2019entre vous qui est sans p\u00e9ch\u00e9 lui jette la premi\u00e8re pierre \u00bb (Jn 8,7).<\/p>\n<\/blockquote>\n\n\n\n<p>Un \u00e0 un, des plus \u00e2g\u00e9s aux plus jeunes, ils s\u2019en vont tous.<\/p>\n\n\n\n<hr class=\"wp-block-separator has-alpha-channel-opacity\"\/>\n\n\n\n<h2 class=\"wp-block-heading\">2. Le moment d\u00e9cisif : la rencontre avec le Christ<\/h2>\n\n\n\n<p>Ils restent seuls : la femme et J\u00e9sus.<\/p>\n\n\n\n<p>C\u2019est ici que se joue l\u2019essentiel. Ce n\u2019est pas le scandale public, ni l\u2019accusation, ni m\u00eame le p\u00e9ch\u00e9. C\u2019est la <strong>rencontre personnelle avec le Christ<\/strong>.<\/p>\n\n\n\n<blockquote class=\"wp-block-quote is-layout-flow wp-block-quote-is-layout-flow\">\n<p>\u00ab Femme, o\u00f9 sont-ils ? Personne ne t\u2019a condamn\u00e9e ? \u00bb<br>\u00ab Personne, Seigneur. \u00bb<br>\u00ab Moi non plus, je ne te condamne pas ; va, et d\u00e9sormais ne p\u00e8che plus \u00bb (Jn 8,10-11).<\/p>\n<\/blockquote>\n\n\n\n<p>Ces paroles sont le c\u0153ur m\u00eame du christianisme.<\/p>\n\n\n\n<p>Il n\u2019y a pas de relativisme. J\u00e9sus ne dit pas que le p\u00e9ch\u00e9 n\u2019a pas d\u2019importance. Il dit quelque chose de bien plus profond : <strong>je ne te condamne pas\u2026 mais change de vie<\/strong>.<\/p>\n\n\n\n<hr class=\"wp-block-separator has-alpha-channel-opacity\"\/>\n\n\n\n<h2 class=\"wp-block-heading\">3. Cl\u00e9s th\u00e9ologiques : justice et mis\u00e9ricorde ne s\u2019opposent pas<\/h2>\n\n\n\n<h3 class=\"wp-block-heading\">a) Le Christ ne nie pas la loi, il l\u2019accomplit<\/h3>\n\n\n\n<p>J\u00e9sus ne contredit pas la Loi mosa\u00efque. Il la m\u00e8ne \u00e0 sa pl\u00e9nitude. La loi r\u00e9v\u00e9lait le p\u00e9ch\u00e9 ; le Christ offre la r\u00e9demption.<\/p>\n\n\n\n<p>La sc\u00e8ne r\u00e9v\u00e8le une v\u00e9rit\u00e9 centrale :<br>\ud83d\udc49 <strong>Dieu n\u2019ignore pas le p\u00e9ch\u00e9, mais il n\u2019abandonne pas le p\u00e9cheur.<\/strong><\/p>\n\n\n\n<p>Dans la th\u00e9ologie catholique traditionnelle, cela est fondamental :<\/p>\n\n\n\n<ul class=\"wp-block-list\">\n<li>La justice sans mis\u00e9ricorde \u00e9crase.<\/li>\n\n\n\n<li>La mis\u00e9ricorde sans v\u00e9rit\u00e9 trompe.<\/li>\n\n\n\n<li>Le Christ unit parfaitement les deux.<\/li>\n<\/ul>\n\n\n\n<hr class=\"wp-block-separator has-alpha-channel-opacity\"\/>\n\n\n\n<h3 class=\"wp-block-heading\">b) Nous sommes tous cette femme<\/h3>\n\n\n\n<p>La tradition spirituelle a vu dans cette femme une image de toute \u00e2me humaine.<\/p>\n\n\n\n<p>Parce qu\u2019au fond :<\/p>\n\n\n\n<ul class=\"wp-block-list\">\n<li>Nous avons tous failli.<\/li>\n\n\n\n<li>Nous avons tous \u00e9t\u00e9 incoh\u00e9rents.<\/li>\n\n\n\n<li>Nous avons tous besoin de pardon.<\/li>\n<\/ul>\n\n\n\n<p>Comme le rappelle ce m\u00eame chapitre de Jean :<\/p>\n\n\n\n<blockquote class=\"wp-block-quote is-layout-flow wp-block-quote-is-layout-flow\">\n<p>\u00ab Quiconque commet le p\u00e9ch\u00e9 est esclave du p\u00e9ch\u00e9 \u00bb (Jn 8,34).<\/p>\n<\/blockquote>\n\n\n\n<p>La diff\u00e9rence ne se situe pas entre \u00ab bons \u00bb et \u00ab mauvais \u00bb, mais entre :<\/p>\n\n\n\n<ul class=\"wp-block-list\">\n<li>ceux qui reconnaissent leur p\u00e9ch\u00e9<\/li>\n\n\n\n<li>et ceux qui se croient justes<\/li>\n<\/ul>\n\n\n\n<hr class=\"wp-block-separator has-alpha-channel-opacity\"\/>\n\n\n\n<h3 class=\"wp-block-heading\">c) Le jugement humain face au regard de Dieu<\/h3>\n\n\n\n<p>Les pharisiens regardent le p\u00e9ch\u00e9.<br>J\u00e9sus regarde la personne.<\/p>\n\n\n\n<p>Les pharisiens \u00e9tiquettent.<br>J\u00e9sus restaure.<\/p>\n\n\n\n<p>Les pharisiens exposent.<br>J\u00e9sus prot\u00e8ge.<\/p>\n\n\n\n<p>Voici une le\u00e7on cl\u00e9 pour aujourd\u2019hui :<br>\ud83d\udc49 <strong>Dieu ne r\u00e9duit pas ton identit\u00e9 \u00e0 ta pire faute.<\/strong><\/p>\n\n\n\n<hr class=\"wp-block-separator has-alpha-channel-opacity\"\/>\n\n\n\n<h3 class=\"wp-block-heading\">d) \u00ab Ne p\u00e8che plus \u00bb : l\u2019exigence de la conversion<\/h3>\n\n\n\n<p>Ce point est crucial et souvent oubli\u00e9.<\/p>\n\n\n\n<p>J\u00e9sus pardonne\u2026 mais il exige aussi.<\/p>\n\n\n\n<p>Il n\u2019y a pas de mis\u00e9ricorde \u00e0 bon march\u00e9. Il n\u2019y a pas de \u00ab tout est permis \u00bb.<br>La gr\u00e2ce est gratuite, mais elle transforme.<\/p>\n\n\n\n<p>Du point de vue de la th\u00e9ologie catholique :<\/p>\n\n\n\n<ul class=\"wp-block-list\">\n<li>Le pardon implique le <strong>repentir<\/strong><\/li>\n\n\n\n<li>La rencontre avec le Christ implique la <strong>conversion<\/strong><\/li>\n\n\n\n<li>La mis\u00e9ricorde implique <strong>une vie nouvelle<\/strong><\/li>\n<\/ul>\n\n\n\n<hr class=\"wp-block-separator has-alpha-channel-opacity\"\/>\n\n\n\n<h2 class=\"wp-block-heading\">4. Application actuelle : que nous dit ce passage aujourd\u2019hui ?<\/h2>\n\n\n\n<p>Cet \u00e9pisode est profond\u00e9ment actuel, plus qu\u2019il n\u2019y para\u00eet.<\/p>\n\n\n\n<h3 class=\"wp-block-heading\">1. La culture du jugement est toujours vivante<\/h3>\n\n\n\n<p>Aujourd\u2019hui, nous ne jetons pas de pierres physiques, mais nous lan\u00e7ons :<\/p>\n\n\n\n<ul class=\"wp-block-list\">\n<li>des critiques<\/li>\n\n\n\n<li>des exclusions<\/li>\n\n\n\n<li>du m\u00e9pris public<\/li>\n\n\n\n<li>des jugements sans contexte<\/li>\n<\/ul>\n\n\n\n<p>Ce passage nous interpelle directement :<\/p>\n\n\n\n<p>\ud83d\udc49 Avant d\u2019accuser\u2026 regarde-toi.<\/p>\n\n\n\n<hr class=\"wp-block-separator has-alpha-channel-opacity\"\/>\n\n\n\n<h3 class=\"wp-block-heading\">2. La tentation de la double morale<\/h3>\n\n\n\n<p>Il est frappant que seule la femme apparaisse dans la sc\u00e8ne.<br>O\u00f9 est l\u2019homme ?<\/p>\n\n\n\n<p>Cela r\u00e9v\u00e8le quelque chose de profond\u00e9ment humain :<br>\ud83d\udc49 nous jugeons de mani\u00e8re s\u00e9lective.<\/p>\n\n\n\n<p>Le Christ d\u00e9monte cette hypocrisie de l\u2019int\u00e9rieur.<\/p>\n\n\n\n<hr class=\"wp-block-separator has-alpha-channel-opacity\"\/>\n\n\n\n<h3 class=\"wp-block-heading\">3. Le besoin d\u2019exp\u00e9rimenter la mis\u00e9ricorde<\/h3>\n\n\n\n<p>Beaucoup aujourd\u2019hui vivent enferm\u00e9s dans :<\/p>\n\n\n\n<ul class=\"wp-block-list\">\n<li>la culpabilit\u00e9<\/li>\n\n\n\n<li>la honte<\/li>\n\n\n\n<li>leur pass\u00e9<\/li>\n<\/ul>\n\n\n\n<p>Cet \u00c9vangile dit quelque chose de lib\u00e9rateur :<\/p>\n\n\n\n<p>\ud83d\udc49 <strong>Ton histoire ne s\u2019arr\u00eate pas \u00e0 ton p\u00e9ch\u00e9.<\/strong><\/p>\n\n\n\n<p>Le Christ ne fait pas que pardonner : il <strong>reconstruit<\/strong>.<\/p>\n\n\n\n<hr class=\"wp-block-separator has-alpha-channel-opacity\"\/>\n\n\n\n<h3 class=\"wp-block-heading\">4. L\u2019appel \u00e0 \u00eatre instruments de mis\u00e9ricorde<\/h3>\n\n\n\n<p>Le chr\u00e9tien ne re\u00e7oit pas seulement la mis\u00e9ricorde : il est appel\u00e9 \u00e0 la donner.<\/p>\n\n\n\n<p>Cela implique :<\/p>\n\n\n\n<ul class=\"wp-block-list\">\n<li>ne pas humilier celui qui tombe<\/li>\n\n\n\n<li>accompagner les processus<\/li>\n\n\n\n<li>corriger avec charit\u00e9<\/li>\n\n\n\n<li>\u00e9viter le jugement destructeur<\/li>\n<\/ul>\n\n\n\n<hr class=\"wp-block-separator has-alpha-channel-opacity\"\/>\n\n\n\n<h2 class=\"wp-block-heading\">5. Guide pratique : vivre cet \u00c9vangile au quotidien<\/h2>\n\n\n\n<p>Voici une application concr\u00e8te, pastorale et r\u00e9aliste :<\/p>\n\n\n\n<h3 class=\"wp-block-heading\">\ud83d\udfe1 1. Fais un examen de conscience avant de juger<\/h3>\n\n\n\n<p>Avant de critiquer, demande-toi :<\/p>\n\n\n\n<ul class=\"wp-block-list\">\n<li>N\u2019ai-je jamais failli en cela ?<\/li>\n\n\n\n<li>Avec quelle autorit\u00e9 morale je parle ?<\/li>\n<\/ul>\n\n\n\n<hr class=\"wp-block-separator has-alpha-channel-opacity\"\/>\n\n\n\n<h3 class=\"wp-block-heading\">\ud83d\udfe1 2. Apprends \u00e0 distinguer la personne et le p\u00e9ch\u00e9<\/h3>\n\n\n\n<ul class=\"wp-block-list\">\n<li>Le p\u00e9ch\u00e9 est rejet\u00e9<\/li>\n\n\n\n<li>La personne est aim\u00e9e<\/li>\n<\/ul>\n\n\n\n<hr class=\"wp-block-separator has-alpha-channel-opacity\"\/>\n\n\n\n<h3 class=\"wp-block-heading\">\ud83d\udfe1 3. Pratique le pardon actif<\/h3>\n\n\n\n<p>Pas seulement \u00ab ne pas condamner \u00bb, mais aussi :<\/p>\n\n\n\n<ul class=\"wp-block-list\">\n<li>comprendre<\/li>\n\n\n\n<li>accompagner<\/li>\n\n\n\n<li>aider \u00e0 se relever<\/li>\n<\/ul>\n\n\n\n<hr class=\"wp-block-separator has-alpha-channel-opacity\"\/>\n\n\n\n<h3 class=\"wp-block-heading\">\ud83d\udfe1 4. Approche-toi du sacrement de la confession<\/h3>\n\n\n\n<p>Ce passage est une image vivante de ce qui se passe \u00e0 chaque confession :<\/p>\n\n\n\n<ul class=\"wp-block-list\">\n<li>tu es accus\u00e9\u2026 mais aussi absous<\/li>\n\n\n\n<li>tu es coupable\u2026 mais aim\u00e9<\/li>\n<\/ul>\n\n\n\n<hr class=\"wp-block-separator has-alpha-channel-opacity\"\/>\n\n\n\n<h3 class=\"wp-block-heading\">\ud83d\udfe1 5. Vis dans une conversion constante<\/h3>\n\n\n\n<p>Le Christ te dit aussi aujourd\u2019hui :<\/p>\n\n\n\n<p>\ud83d\udc49 \u00ab Va, et d\u00e9sormais ne p\u00e8che plus \u00bb<\/p>\n\n\n\n<p>Non comme une condamnation, mais comme un chemin de libert\u00e9.<\/p>\n\n\n\n<hr class=\"wp-block-separator has-alpha-channel-opacity\"\/>\n\n\n\n<h2 class=\"wp-block-heading\">6. Conclusion : entre la pierre et la gr\u00e2ce<\/h2>\n\n\n\n<p>Dans cette histoire, il y a deux options :<\/p>\n\n\n\n<ul class=\"wp-block-list\">\n<li>vivre en jetant des pierres<\/li>\n\n\n\n<li>ou se laisser transformer par la gr\u00e2ce<\/li>\n<\/ul>\n\n\n\n<p>Nous avons tous, \u00e0 un moment donn\u00e9, \u00e9t\u00e9 :<\/p>\n\n\n\n<ul class=\"wp-block-list\">\n<li>accusateurs<\/li>\n\n\n\n<li>accus\u00e9s<\/li>\n<\/ul>\n\n\n\n<p>Mais un seul dans la sc\u00e8ne avait le droit de condamner\u2026<br>et il a choisi de pardonner.<\/p>\n\n\n\n<p>C\u2019est le Christ.<\/p>\n\n\n\n<p>Et c\u2019est le c\u0153ur de l\u2019\u00c9vangile :<\/p>\n\n\n\n<p>\ud83d\udc49 <strong>Dieu n\u2019est pas venu pour d\u00e9truire le p\u00e9cheur, mais pour le sauver.<\/strong><\/p>\n","protected":false},"excerpt":{"rendered":"<p>Dans un monde o\u00f9 le jugement est imm\u00e9diat, public et souvent impitoyable \u2014 r\u00e9seaux sociaux, culture de l\u2019annulation, \u00e9tiquettes \u2014 l\u2019\u00e9pisode \u00e9vang\u00e9lique de la femme adult\u00e8re r\u00e9sonne avec une force \u00e9tonnamment actuelle. Ce n\u2019est pas seulement une histoire ancienne : c\u2019est un miroir de notre condition humaine, de nos mis\u00e8res\u2026 et de l\u2019infinie mis\u00e9ricorde de &hellip;<\/p>\n","protected":false},"author":3,"featured_media":5649,"comment_status":"open","ping_status":"closed","sticky":false,"template":"","format":"standard","meta":{"_seopress_robots_primary_cat":"","_seopress_titles_title":"","_seopress_titles_desc":"","_seopress_robots_index":"","footnotes":""},"categories":[37,45],"tags":[1829],"class_list":["post-5648","post","type-post","status-publish","format-standard","has-post-thumbnail","","category-doctrine-et-foi","category-saintes-ecritures","tag-femme-adultere"],"_links":{"self":[{"href":"https:\/\/catholicus.eu\/fr\/wp-json\/wp\/v2\/posts\/5648","targetHints":{"allow":["GET"]}}],"collection":[{"href":"https:\/\/catholicus.eu\/fr\/wp-json\/wp\/v2\/posts"}],"about":[{"href":"https:\/\/catholicus.eu\/fr\/wp-json\/wp\/v2\/types\/post"}],"author":[{"embeddable":true,"href":"https:\/\/catholicus.eu\/fr\/wp-json\/wp\/v2\/users\/3"}],"replies":[{"embeddable":true,"href":"https:\/\/catholicus.eu\/fr\/wp-json\/wp\/v2\/comments?post=5648"}],"version-history":[{"count":1,"href":"https:\/\/catholicus.eu\/fr\/wp-json\/wp\/v2\/posts\/5648\/revisions"}],"predecessor-version":[{"id":5650,"href":"https:\/\/catholicus.eu\/fr\/wp-json\/wp\/v2\/posts\/5648\/revisions\/5650"}],"wp:featuredmedia":[{"embeddable":true,"href":"https:\/\/catholicus.eu\/fr\/wp-json\/wp\/v2\/media\/5649"}],"wp:attachment":[{"href":"https:\/\/catholicus.eu\/fr\/wp-json\/wp\/v2\/media?parent=5648"}],"wp:term":[{"taxonomy":"category","embeddable":true,"href":"https:\/\/catholicus.eu\/fr\/wp-json\/wp\/v2\/categories?post=5648"},{"taxonomy":"post_tag","embeddable":true,"href":"https:\/\/catholicus.eu\/fr\/wp-json\/wp\/v2\/tags?post=5648"}],"curies":[{"name":"wp","href":"https:\/\/api.w.org\/{rel}","templated":true}]}}