{"id":5609,"date":"2026-03-24T11:35:11","date_gmt":"2026-03-24T10:35:11","guid":{"rendered":"https:\/\/catholicus.eu\/fr\/?p=5609"},"modified":"2026-03-24T11:35:12","modified_gmt":"2026-03-24T10:35:12","slug":"theologie-liberale-une-analyse-theologique-et-pastorale-depuis-la-tradition","status":"publish","type":"post","link":"https:\/\/catholicus.eu\/fr\/theologie-liberale-une-analyse-theologique-et-pastorale-depuis-la-tradition\/","title":{"rendered":"Th\u00e9ologie lib\u00e9rale : Une analyse th\u00e9ologique et pastorale depuis la Tradition"},"content":{"rendered":"\n<p>Dans le monde contemporain de la foi, nous entendons souvent des termes tels que \u00ab modernisme \u00bb, \u00ab th\u00e9ologie de la lib\u00e9ration \u00bb ou \u00ab th\u00e9ologie lib\u00e9rale \u00bb. Parmi tous ces courants, la <strong>th\u00e9ologie lib\u00e9rale<\/strong> occupe une place particuli\u00e8re : elle cherche \u00e0 concilier la foi avec les id\u00e9es modernes, la raison humaine et les exigences du monde contemporain. Cependant, du point de vue de l\u2019\u00c9glise catholique traditionnelle, ce courant pr\u00e9sente des risques th\u00e9ologiques profonds et peut d\u00e9tourner le croyant de la v\u00e9rit\u00e9 que le Christ nous a confi\u00e9e.<\/p>\n\n\n\n<p>Dans cet article, nous allons explorer ce qu\u2019est la th\u00e9ologie lib\u00e9rale, comment elle s\u2019est d\u00e9velopp\u00e9e historiquement, quelles sont ses erreurs fondamentales et, surtout, comment nous pouvons renforcer notre foi personnelle et communautaire face \u00e0 ces tendances.<\/p>\n\n\n\n<hr class=\"wp-block-separator has-alpha-channel-opacity\"\/>\n\n\n\n<h2 class=\"wp-block-heading\">Qu\u2019est-ce que la th\u00e9ologie lib\u00e9rale ?<\/h2>\n\n\n\n<p>La <strong>th\u00e9ologie lib\u00e9rale<\/strong> est apparue au XIX\u1d49 si\u00e8cle comme une tentative d\u2019adapter la foi chr\u00e9tienne aux avanc\u00e9es de la science, de la philosophie et de la culture moderne. Ses principales caract\u00e9ristiques sont :<\/p>\n\n\n\n<ol class=\"wp-block-list\">\n<li><strong>Subordination de la R\u00e9v\u00e9lation \u00e0 la Raison :<\/strong> La v\u00e9rit\u00e9 r\u00e9v\u00e9l\u00e9e par Dieu dans les Saintes \u00c9critures et la Tradition est interpr\u00e9t\u00e9e selon la raison humaine et la pens\u00e9e critique moderne.<\/li>\n\n\n\n<li><strong>Accent sur l\u2019\u00e9thique plut\u00f4t que sur la dogmatique :<\/strong> Pour la th\u00e9ologie lib\u00e9rale, l\u2019enseignement moral de J\u00e9sus et les principes \u00e9thiques sont plus importants que les v\u00e9rit\u00e9s dogmatiques sur la divinit\u00e9 du Christ, la R\u00e9surrection ou les sacrements.<\/li>\n\n\n\n<li><strong>R\u00e9interpr\u00e9tation historique de la Bible :<\/strong> Les \u00c9critures sont consid\u00e9r\u00e9es davantage comme un document historique ou litt\u00e9raire que comme la Parole vivante de Dieu. Les miracles peuvent \u00eatre \u00ab des m\u00e9taphores \u00bb et les doctrines, des \u00ab adaptations culturelles \u00bb de leur \u00e9poque.<\/li>\n\n\n\n<li><strong>Flexibilit\u00e9 doctrinale :<\/strong> Ce qui est consid\u00e9r\u00e9 comme \u00ab v\u00e9rit\u00e9 \u00bb dans la th\u00e9ologie lib\u00e9rale change selon la culture, le contexte historique ou les d\u00e9couvertes scientifiques.<\/li>\n<\/ol>\n\n\n\n<p>En d\u2019autres termes, la th\u00e9ologie lib\u00e9rale ne rejette pas n\u00e9cessairement la foi, mais elle la transforme pour l\u2019adapter \u00e0 la pens\u00e9e moderne. \u00c0 premi\u00e8re vue, cela peut sembler attrayant pour ceux qui cherchent \u00e0 concilier vie intellectuelle et vie spirituelle, mais ce chemin est profond\u00e9ment probl\u00e9matique du point de vue th\u00e9ologique.<\/p>\n\n\n\n<hr class=\"wp-block-separator has-alpha-channel-opacity\"\/>\n\n\n\n<h2 class=\"wp-block-heading\">Histoire et d\u00e9veloppement<\/h2>\n\n\n\n<p>Les origines de la th\u00e9ologie lib\u00e9rale se trouvent en Allemagne avec des figures telles que <strong>Friedrich Schleiermacher<\/strong> (1768\u20131834), consid\u00e9r\u00e9 comme le \u00ab p\u00e8re de la th\u00e9ologie moderne \u00bb. Schleiermacher proposait que la religion devait se concentrer sur l\u2019exp\u00e9rience religieuse et le sentiment de d\u00e9pendance envers Dieu, plut\u00f4t que sur l\u2019acceptation des dogmes. Son influence s\u2019est \u00e9tendue \u00e0 de nombreux pays europ\u00e9ens et, plus tard, en Am\u00e9rique, o\u00f9 un courant lib\u00e9ral a prosp\u00e9r\u00e9 au sein des universit\u00e9s et des s\u00e9minaires.<\/p>\n\n\n\n<p>Au XX\u1d49 si\u00e8cle, la th\u00e9ologie lib\u00e9rale a donn\u00e9 naissance \u00e0 diverses branches :<\/p>\n\n\n\n<ul class=\"wp-block-list\">\n<li><strong>Le modernisme catholique<\/strong>, qui cherchait \u00e0 r\u00e9interpr\u00e9ter la foi \u00e0 la lumi\u00e8re de la pens\u00e9e scientifique et philologique moderne, fermement condamn\u00e9 par le pape Pie X dans l\u2019encyclique <em>Pascendi Dominici Gregis<\/em> (1907).<\/li>\n\n\n\n<li><strong>La th\u00e9ologie lib\u00e9rale protestante<\/strong>, qui a influenc\u00e9 l\u2019\u00e9thique sociale et promu une vision de J\u00e9sus comme \u00ab ma\u00eetre moral \u00bb plut\u00f4t que comme Sauveur divin.<\/li>\n<\/ul>\n\n\n\n<p>Aujourd\u2019hui, la th\u00e9ologie lib\u00e9rale reste pr\u00e9sente, parfois de mani\u00e8re subtile, dans les d\u00e9bats sur la moralit\u00e9, l\u2019interpr\u00e9tation biblique et le minist\u00e8re pastoral, m\u00eame au sein de certains secteurs de l\u2019\u00c9glise catholique.<\/p>\n\n\n\n<hr class=\"wp-block-separator has-alpha-channel-opacity\"\/>\n\n\n\n<h2 class=\"wp-block-heading\">Erreurs fondamentales de la th\u00e9ologie lib\u00e9rale<\/h2>\n\n\n\n<p>Du point de vue de l\u2019\u00c9glise catholique, les erreurs de la th\u00e9ologie lib\u00e9rale sont claires et graves :<\/p>\n\n\n\n<ol class=\"wp-block-list\">\n<li><strong>Subjectivisme religieux :<\/strong> En donnant la priorit\u00e9 \u00e0 l\u2019exp\u00e9rience personnelle ou au contexte historique par rapport \u00e0 la v\u00e9rit\u00e9 objective de Dieu, la foi risque de se transformer en simple opinion ou sentiment. Cela contredit l\u2019ordre de J\u00e9sus : <em>\u00ab Je suis le chemin, la v\u00e9rit\u00e9 et la vie \u00bb<\/em> (Jean 14:6). La v\u00e9rit\u00e9 du Christ ne change pas selon la culture ou la science.<\/li>\n\n\n\n<li><strong>Relativisme doctrinal :<\/strong> La th\u00e9ologie lib\u00e9rale soutient que les dogmes peuvent \u00eatre r\u00e9interpr\u00e9t\u00e9s ou adapt\u00e9s. Cela sape l\u2019autorit\u00e9 de l\u2019\u00c9glise et du Magist\u00e8re, qui prot\u00e8gent la r\u00e9v\u00e9lation divine transmise par les Ap\u00f4tres.<\/li>\n\n\n\n<li><strong>N\u00e9gation de la divinit\u00e9 et des miracles du Christ :<\/strong> Certains th\u00e9ologiens lib\u00e9raux ont tendance \u00e0 r\u00e9interpr\u00e9ter les miracles comme des symboles ou des l\u00e9gendes. Cela affaiblit le c\u0153ur de notre foi : l\u2019Incarnation, la R\u00e9demption et la R\u00e9surrection.<\/li>\n\n\n\n<li><strong>R\u00e9duction \u00e9thique de la foi :<\/strong> La foi n\u2019est pas seulement un code moral ; c\u2019est une relation vivante avec Dieu, qui se manifeste dans les sacrements et la pri\u00e8re. La th\u00e9ologie lib\u00e9rale remplace souvent la vie sacramentelle par l\u2019activisme social ou l\u2019\u00e9thique la\u00efque.<\/li>\n<\/ol>\n\n\n\n<hr class=\"wp-block-separator has-alpha-channel-opacity\"\/>\n\n\n\n<h2 class=\"wp-block-heading\">Pertinence th\u00e9ologique et pastorale<\/h2>\n\n\n\n<p>Pourquoi est-il important de comprendre la th\u00e9ologie lib\u00e9rale aujourd\u2019hui ? Parce que ses id\u00e9es peuvent s\u2019infiltrer dans la formation cat\u00e9ch\u00e9tique, la pens\u00e9e des jeunes et les d\u00e9bats culturels sur la moralit\u00e9 et la religion. En tant que pasteurs, \u00e9ducateurs ou simples croyants, nous devons discerner clairement :<\/p>\n\n\n\n<ul class=\"wp-block-list\">\n<li>La foi n\u2019est pas une \u00ab opinion moderne \u00bb mais un don qui nous unit \u00e0 la v\u00e9rit\u00e9 \u00e9ternelle.<\/li>\n\n\n\n<li>Les dogmes ne sont pas des obstacles \u00e0 la pens\u00e9e, mais des piliers qui soutiennent l\u2019esprit et le c\u0153ur face \u00e0 la confusion du monde.<\/li>\n\n\n\n<li>La Bible n\u2019est pas seulement un livre d\u2019histoire ou d\u2019\u00e9thique ; c\u2019est la Parole de Dieu, vivante et efficace (H\u00e9breux 4:12).<\/li>\n<\/ul>\n\n\n\n<hr class=\"wp-block-separator has-alpha-channel-opacity\"\/>\n\n\n\n<h2 class=\"wp-block-heading\">Applications pratiques pour la vie quotidienne<\/h2>\n\n\n\n<ol class=\"wp-block-list\">\n<li><strong>\u00c9tude constante de la Bible et de la Tradition :<\/strong> Conna\u00eetre la Parole de Dieu et les enseignements des P\u00e8res de l\u2019\u00c9glise aide \u00e0 discerner la v\u00e9rit\u00e9 face aux interpr\u00e9tations subjectives.<\/li>\n\n\n\n<li><strong>Formation th\u00e9ologique personnelle :<\/strong> Les cours de cat\u00e9ch\u00e8se, les livres de th\u00e9ologie et les hom\u00e9lies bien fond\u00e9es permettent de voir clairement les erreurs de la th\u00e9ologie lib\u00e9rale.<\/li>\n\n\n\n<li><strong>Vie sacramentelle :<\/strong> L\u2019Eucharistie, la Confession et la pri\u00e8re sont des antidotes puissants contre la subjectivit\u00e9 religieuse. La foi se vit davantage qu\u2019elle ne se \u00ab pense \u00bb.<\/li>\n\n\n\n<li><strong>T\u00e9moignage et communaut\u00e9 :<\/strong> Participer \u00e0 des paroisses ou des groupes de foi authentiques renforce la vie spirituelle et prot\u00e8ge contre les influences relativistes.<\/li>\n\n\n\n<li><strong>Discernement culturel :<\/strong> Tout ce qui est \u00ab moderne \u00bb n\u2019est pas n\u00e9cessairement bon pour la foi. Apprendre \u00e0 lire la culture avec des yeux de foi aide \u00e0 s\u00e9parer ce qui est utile de ce qui est dangereux.<\/li>\n<\/ol>\n\n\n\n<hr class=\"wp-block-separator has-alpha-channel-opacity\"\/>\n\n\n\n<h2 class=\"wp-block-heading\">Conclusion<\/h2>\n\n\n\n<p>La th\u00e9ologie lib\u00e9rale est un ph\u00e9nom\u00e8ne complexe et tentant : elle promet de concilier foi et modernit\u00e9, mais le fait au d\u00e9triment de la v\u00e9rit\u00e9 r\u00e9v\u00e9l\u00e9e. Pour le croyant, le d\u00e9fi n\u2019est pas de supprimer la pens\u00e9e critique, mais de l\u2019int\u00e9grer correctement dans la foi catholique : la raison au service de la foi, et non la foi au service de la raison.<\/p>\n\n\n\n<p>Comme nous le rappelle saint Paul : <em>\u00ab Examinez tout ; retenez ce qui est bon \u00bb<\/em> (1 Thessaloniciens 5:21). Dans un monde o\u00f9 les id\u00e9es changent rapidement, il est n\u00e9cessaire de discerner, de s\u2019instruire et de rester fermes dans la tradition qui nous assure le salut.<\/p>\n\n\n\n<hr class=\"wp-block-separator has-alpha-channel-opacity\"\/>\n\n\n\n<p><strong>R\u00e9flexion finale :<\/strong> Vivre la foi avec libert\u00e9 ne signifie pas l\u2019ajuster \u00e0 la mode du moment. Cela signifie l\u2019approfondir, la comprendre, laisser la foi transformer notre vie et porter cette lumi\u00e8re aux autres. La th\u00e9ologie lib\u00e9rale nous enseigne, paradoxalement, combien nous avons besoin de fid\u00e9lit\u00e9 au Christ, qui ne change jamais.<\/p>\n","protected":false},"excerpt":{"rendered":"<p>Dans le monde contemporain de la foi, nous entendons souvent des termes tels que \u00ab modernisme \u00bb, \u00ab th\u00e9ologie de la lib\u00e9ration \u00bb ou \u00ab th\u00e9ologie lib\u00e9rale \u00bb. Parmi tous ces courants, la th\u00e9ologie lib\u00e9rale occupe une place particuli\u00e8re : elle cherche \u00e0 concilier la foi avec les id\u00e9es modernes, la raison humaine et les &hellip;<\/p>\n","protected":false},"author":3,"featured_media":5610,"comment_status":"open","ping_status":"closed","sticky":false,"template":"","format":"standard","meta":{"_seopress_robots_primary_cat":"","_seopress_titles_title":"","_seopress_titles_desc":"","_seopress_robots_index":"","footnotes":""},"categories":[66,41],"tags":[1816],"class_list":["post-5609","post","type-post","status-publish","format-standard","has-post-thumbnail","","category-culture-populaire-et-catholicisme","category-foi-et-culture","tag-theologie-liberale"],"_links":{"self":[{"href":"https:\/\/catholicus.eu\/fr\/wp-json\/wp\/v2\/posts\/5609","targetHints":{"allow":["GET"]}}],"collection":[{"href":"https:\/\/catholicus.eu\/fr\/wp-json\/wp\/v2\/posts"}],"about":[{"href":"https:\/\/catholicus.eu\/fr\/wp-json\/wp\/v2\/types\/post"}],"author":[{"embeddable":true,"href":"https:\/\/catholicus.eu\/fr\/wp-json\/wp\/v2\/users\/3"}],"replies":[{"embeddable":true,"href":"https:\/\/catholicus.eu\/fr\/wp-json\/wp\/v2\/comments?post=5609"}],"version-history":[{"count":1,"href":"https:\/\/catholicus.eu\/fr\/wp-json\/wp\/v2\/posts\/5609\/revisions"}],"predecessor-version":[{"id":5611,"href":"https:\/\/catholicus.eu\/fr\/wp-json\/wp\/v2\/posts\/5609\/revisions\/5611"}],"wp:featuredmedia":[{"embeddable":true,"href":"https:\/\/catholicus.eu\/fr\/wp-json\/wp\/v2\/media\/5610"}],"wp:attachment":[{"href":"https:\/\/catholicus.eu\/fr\/wp-json\/wp\/v2\/media?parent=5609"}],"wp:term":[{"taxonomy":"category","embeddable":true,"href":"https:\/\/catholicus.eu\/fr\/wp-json\/wp\/v2\/categories?post=5609"},{"taxonomy":"post_tag","embeddable":true,"href":"https:\/\/catholicus.eu\/fr\/wp-json\/wp\/v2\/tags?post=5609"}],"curies":[{"name":"wp","href":"https:\/\/api.w.org\/{rel}","templated":true}]}}