{"id":5606,"date":"2026-03-24T10:56:11","date_gmt":"2026-03-24T09:56:11","guid":{"rendered":"https:\/\/catholicus.eu\/fr\/?p=5606"},"modified":"2026-03-24T10:56:11","modified_gmt":"2026-03-24T09:56:11","slug":"votre-maison-est-elle-prete-idees-pour-introniser-les-rameaux-benis-chez-vous","status":"publish","type":"post","link":"https:\/\/catholicus.eu\/fr\/votre-maison-est-elle-prete-idees-pour-introniser-les-rameaux-benis-chez-vous\/","title":{"rendered":"Votre maison est-elle pr\u00eate ? Id\u00e9es pour introniser les rameaux b\u00e9nis chez vous"},"content":{"rendered":"\n<p>Chaque ann\u00e9e, avec l\u2019arriv\u00e9e du <strong>Dimanche des Rameaux<\/strong>, des millions de chr\u00e9tiens \u00e9l\u00e8vent des palmes et des rameaux d\u2019olivier pour acclamer le Christ comme Roi. C\u2019est un geste simple, presque habituel\u2026 mais profond\u00e9ment riche de sens. Cependant, une question importante demeure apr\u00e8s la procession :<\/p>\n\n\n\n<p><strong>Que faire du rameau b\u00e9ni lorsque nous rentrons \u00e0 la maison ?<\/strong><\/p>\n\n\n\n<p>Loin d\u2019\u00eatre un simple souvenir ou une d\u00e9coration passag\u00e8re, le rameau b\u00e9ni est un <strong>sacramental<\/strong>, c\u2019est-\u00e0-dire un signe sacr\u00e9 qui nous dispose \u00e0 recevoir la gr\u00e2ce de Dieu et \u00e0 sanctifier notre vie quotidienne. Dans cet article, nous allons approfondir \u2014 avec rigueur th\u00e9ologique et sens pastoral \u2014 la mani\u00e8re d\u2019<strong>introniser les rameaux b\u00e9nis dans le foyer<\/strong>, transformant ainsi notre maison en un v\u00e9ritable espace de foi vivante.<\/p>\n\n\n\n<hr class=\"wp-block-separator has-alpha-channel-opacity\"\/>\n\n\n\n<h2 class=\"wp-block-heading\">\ud83c\udf3f L\u2019origine : de J\u00e9rusalem \u00e0 votre maison<\/h2>\n\n\n\n<p>Le geste des rameaux trouve son origine dans un \u00e9v\u00e9nement historique et salvifique : l\u2019<strong>entr\u00e9e triomphale de J\u00e9sus-Christ \u00e0 J\u00e9rusalem<\/strong>. Les \u00c9vangiles racontent comment le peuple \u00e9tendait des manteaux et agitait des branches en proclamant :<\/p>\n\n\n\n<blockquote class=\"wp-block-quote is-layout-flow wp-block-quote-is-layout-flow\">\n<p><em>\u00ab Hosanna ! B\u00e9ni soit celui qui vient au nom du Seigneur ! \u00bb<\/em> (cf. Matthieu 21,9)<\/p>\n<\/blockquote>\n\n\n\n<p>Ce moment n\u2019est pas simplement \u00e9motionnel. C\u2019est une proclamation messianique : le Christ entre comme Roi\u2026 mais un Roi qui r\u00e9gnera depuis la Croix.<\/p>\n\n\n\n<p>D\u00e8s les premiers si\u00e8cles, l\u2019\u00c9glise a voulu <strong>faire m\u00e9moire vivante de cet \u00e9v\u00e9nement<\/strong>, en b\u00e9nissant des rameaux qui symbolisent :<\/p>\n\n\n\n<ul class=\"wp-block-list\">\n<li>La victoire du Christ<\/li>\n\n\n\n<li>La paix messianique (particuli\u00e8rement dans l\u2019olivier)<\/li>\n\n\n\n<li>La vie nouvelle qui jaillit de P\u00e2ques<\/li>\n<\/ul>\n\n\n\n<p>Ainsi, lorsque vous apportez un rameau chez vous, vous n\u2019apportez pas un objet d\u00e9coratif : vous apportez un <strong>signe du Christ Roi qui d\u00e9sire habiter dans votre maison<\/strong>.<\/p>\n\n\n\n<hr class=\"wp-block-separator has-alpha-channel-opacity\"\/>\n\n\n\n<h2 class=\"wp-block-heading\">\u271d\ufe0f Le sens th\u00e9ologique : un sacramental qui prot\u00e8ge et sanctifie<\/h2>\n\n\n\n<p>Dans la th\u00e9ologie catholique, les rameaux b\u00e9nis appartiennent aux <strong>sacramentaux<\/strong>, comme l\u2019eau b\u00e9nite ou les m\u00e9dailles. Ils ne conf\u00e8rent pas la gr\u00e2ce de la m\u00eame mani\u00e8re que les sacrements, mais ils :<\/p>\n\n\n\n<ul class=\"wp-block-list\">\n<li>Pr\u00e9parent le c\u0153ur \u00e0 la recevoir<\/li>\n\n\n\n<li>\u00c9loignent le mal par la pri\u00e8re de l\u2019\u00c9glise<\/li>\n\n\n\n<li>Sanctifient la vie quotidienne<\/li>\n<\/ul>\n\n\n\n<p>Saint Thomas d\u2019Aquin explique que les sacramentaux agissent <strong>par l\u2019intercession de l\u2019\u00c9glise<\/strong> (<em>ex opere operantis Ecclesiae<\/em>), ce qui signifie que leur efficacit\u00e9 est li\u00e9e \u00e0 la foi de celui qui les utilise.<\/p>\n\n\n\n<p>\ud83d\udc49 Ainsi, introniser un rameau b\u00e9ni n\u2019est pas une superstition. C\u2019est un acte de foi humble et concret.<\/p>\n\n\n\n<p>Il existe \u00e9galement une ancienne tradition chr\u00e9tienne de placer les rameaux dans des lieux visibles de la maison comme :<\/p>\n\n\n\n<ul class=\"wp-block-list\">\n<li>Protection spirituelle<\/li>\n\n\n\n<li>Rappel constant de la Passion<\/li>\n\n\n\n<li>T\u00e9moignage visible de la foi<\/li>\n<\/ul>\n\n\n\n<hr class=\"wp-block-separator has-alpha-channel-opacity\"\/>\n\n\n\n<h2 class=\"wp-block-heading\">\ud83c\udfe1 Comment introniser les rameaux b\u00e9nis chez soi (Guide pratique)<\/h2>\n\n\n\n<p>C\u2019est ici que la foi devient vie. Il ne suffit pas de ranger le rameau dans un tiroir : il est appel\u00e9 \u00e0 <strong>\u00e9vang\u00e9liser votre maison<\/strong>.<\/p>\n\n\n\n<h3 class=\"wp-block-heading\">1. \u00c0 la porte d\u2019entr\u00e9e : le Christ r\u00e8gne dans cette maison<\/h3>\n\n\n\n<p>Placer le rameau \u00e0 l\u2019entr\u00e9e principale est une tradition tr\u00e8s r\u00e9pandue.<\/p>\n\n\n\n<p>\ud83d\udd39 Signification :<\/p>\n\n\n\n<ul class=\"wp-block-list\">\n<li>Vous d\u00e9clarez que votre maison appartient au Christ<\/li>\n\n\n\n<li>Vous rappelez \u00e0 ceux qui entrent (et \u00e0 vous-m\u00eame) qu\u2019une famille chr\u00e9tienne y vit<\/li>\n\n\n\n<li>C\u2019est un signe d\u2019accueil et de b\u00e9n\u00e9diction<\/li>\n<\/ul>\n\n\n\n<p>Vous pouvez l\u2019attacher en forme de croix ou le placer pr\u00e8s d\u2019une image religieuse.<\/p>\n\n\n\n<hr class=\"wp-block-separator has-alpha-channel-opacity\"\/>\n\n\n\n<h3 class=\"wp-block-heading\">2. Dans l\u2019\u00ab autel domestique \u00bb : le c\u0153ur spirituel du foyer<\/h3>\n\n\n\n<p>Si vous avez un petit coin de pri\u00e8re, c\u2019est l\u2019endroit id\u00e9al.<\/p>\n\n\n\n<p>\ud83d\udd39 Vous pouvez l\u2019accompagner de :<\/p>\n\n\n\n<ul class=\"wp-block-list\">\n<li>Une Bible<\/li>\n\n\n\n<li>Un crucifix<\/li>\n\n\n\n<li>Une image de la Vierge Marie<\/li>\n\n\n\n<li>Une bougie<\/li>\n<\/ul>\n\n\n\n<p>\ud83d\udd39 Signification :<\/p>\n\n\n\n<ul class=\"wp-block-list\">\n<li>Il int\u00e8gre le rameau \u00e0 votre vie de pri\u00e8re<\/li>\n\n\n\n<li>Il unit la liturgie de l\u2019\u00c9glise \u00e0 la vie familiale<\/li>\n\n\n\n<li>Il rend visible que le Christ est le centre du foyer<\/li>\n<\/ul>\n\n\n\n<hr class=\"wp-block-separator has-alpha-channel-opacity\"\/>\n\n\n\n<h3 class=\"wp-block-heading\">3. Dans les chambres : b\u00e9nir le repos<\/h3>\n\n\n\n<p>Placer de petits rameaux dans les chambres est une autre pratique traditionnelle.<\/p>\n\n\n\n<p>\ud83d\udd39 Signification :<\/p>\n\n\n\n<ul class=\"wp-block-list\">\n<li>Confier le repos \u00e0 Dieu<\/li>\n\n\n\n<li>Se rappeler la pr\u00e9sence du Christ dans le quotidien<\/li>\n\n\n\n<li>Cr\u00e9er une atmosph\u00e8re de paix spirituelle<\/li>\n<\/ul>\n\n\n\n<hr class=\"wp-block-separator has-alpha-channel-opacity\"\/>\n\n\n\n<h3 class=\"wp-block-heading\">4. Les conserver avec respect : ne jamais les jeter simplement<\/h3>\n\n\n\n<p>Un aspect important que beaucoup ignorent :<\/p>\n\n\n\n<p>\ud83d\udc49 Les rameaux b\u00e9nis <strong>ne doivent pas \u00eatre jet\u00e9s \u00e0 la poubelle<\/strong>.<\/p>\n\n\n\n<p>Lorsqu\u2019ils se d\u00e9t\u00e9riorent, ils doivent :<\/p>\n\n\n\n<ul class=\"wp-block-list\">\n<li>\u00catre br\u00fbl\u00e9s avec respect<\/li>\n\n\n\n<li>Ou \u00eatre rapport\u00e9s \u00e0 la paroisse<\/li>\n<\/ul>\n\n\n\n<p>En effet, les cendres utilis\u00e9es pour le <strong>Mercredi des Cendres<\/strong> proviennent souvent de ces rameaux.<\/p>\n\n\n\n<hr class=\"wp-block-separator has-alpha-channel-opacity\"\/>\n\n\n\n<h2 class=\"wp-block-heading\">\ud83d\udd25 Une spiritualit\u00e9 pour aujourd\u2019hui : du symbole \u00e0 la vie<\/h2>\n\n\n\n<p>Dans un monde marqu\u00e9 par le bruit, la pr\u00e9cipitation et la s\u00e9cularisation, ces gestes simples ont une valeur immense.<\/p>\n\n\n\n<p>Introniser un rameau b\u00e9ni, c\u2019est :<\/p>\n\n\n\n<ul class=\"wp-block-list\">\n<li>Dire \u00ab oui \u00bb au Christ dans la vie quotidienne<\/li>\n\n\n\n<li>\u00c9vang\u00e9liser sans paroles<\/li>\n\n\n\n<li>Se rappeler que notre foi n\u2019est pas priv\u00e9e, mais incarn\u00e9e<\/li>\n<\/ul>\n\n\n\n<p>Mais attention : le signe ext\u00e9rieur doit \u00eatre accompagn\u00e9 d\u2019une vie coh\u00e9rente.<\/p>\n\n\n\n<p>Comme nous le rappelle l\u2019\u00c9criture :<\/p>\n\n\n\n<blockquote class=\"wp-block-quote is-layout-flow wp-block-quote-is-layout-flow\">\n<p><em>\u00ab Ce peuple m\u2019honore des l\u00e8vres, mais son c\u0153ur est loin de moi \u00bb<\/em> (Marc 7,6)<\/p>\n<\/blockquote>\n\n\n\n<p>Le rameau sur le mur ne remplace pas :<\/p>\n\n\n\n<ul class=\"wp-block-list\">\n<li>La pri\u00e8re quotidienne<\/li>\n\n\n\n<li>La vie sacramentelle<\/li>\n\n\n\n<li>La charit\u00e9<\/li>\n<\/ul>\n\n\n\n<p>Mais il peut \u00eatre un <strong>rappel constant<\/strong> qui nous conduit \u00e0 tout cela.<\/p>\n\n\n\n<hr class=\"wp-block-separator has-alpha-channel-opacity\"\/>\n\n\n\n<h2 class=\"wp-block-heading\">\ud83d\ude4f Une proposition concr\u00e8te pour votre famille<\/h2>\n\n\n\n<p>Je vous propose quelque chose de simple mais transformant :<\/p>\n\n\n\n<p>Le jour o\u00f9 vous rapportez le rameau \u00e0 la maison :<\/p>\n\n\n\n<ol class=\"wp-block-list\">\n<li>R\u00e9unissez votre famille<\/li>\n\n\n\n<li>Placez-le \u00e0 l\u2019endroit choisi<\/li>\n\n\n\n<li>Priez ensemble une courte pri\u00e8re, par exemple :<\/li>\n<\/ol>\n\n\n\n<blockquote class=\"wp-block-quote is-layout-flow wp-block-quote-is-layout-flow\">\n<p>\u00ab Seigneur J\u00e9sus, toi qui es entr\u00e9 \u00e0 J\u00e9rusalem comme un Roi humble, entre aussi dans notre maison. Que ce signe b\u00e9ni nous rappelle ton amour, nous prot\u00e8ge du mal et nous aide \u00e0 vivre comme tes enfants. Amen. \u00bb<\/p>\n<\/blockquote>\n\n\n\n<hr class=\"wp-block-separator has-alpha-channel-opacity\"\/>\n\n\n\n<h2 class=\"wp-block-heading\">\u2728 Conclusion : votre maison est aussi J\u00e9rusalem<\/h2>\n\n\n\n<p>Le Dimanche des Rameaux ne se termine pas avec la procession. Il continue dans votre maison.<\/p>\n\n\n\n<p>Chaque fois que vous regardez ce rameau :<\/p>\n\n\n\n<ul class=\"wp-block-list\">\n<li>Rappelez-vous que le Christ veut r\u00e9gner dans votre vie<\/li>\n\n\n\n<li>Que sa victoire passe par la Croix<\/li>\n\n\n\n<li>Et que votre maison est appel\u00e9e \u00e0 \u00eatre une <strong>petite \u00c9glise domestique<\/strong><\/li>\n<\/ul>\n\n\n\n<p>Car, au fond, la question n\u2019est pas seulement :<\/p>\n\n\n\n<p>\ud83d\udc49 <em>O\u00f9 placer le rameau ?<\/em><\/p>\n\n\n\n<p>Mais celle-ci :<\/p>\n\n\n\n<p>\ud83d\udc49 <em>Le Christ est-il vraiment intronis\u00e9 dans ma maison\u2026 et dans mon c\u0153ur ?<\/em><\/p>\n","protected":false},"excerpt":{"rendered":"<p>Chaque ann\u00e9e, avec l\u2019arriv\u00e9e du Dimanche des Rameaux, des millions de chr\u00e9tiens \u00e9l\u00e8vent des palmes et des rameaux d\u2019olivier pour acclamer le Christ comme Roi. C\u2019est un geste simple, presque habituel\u2026 mais profond\u00e9ment riche de sens. Cependant, une question importante demeure apr\u00e8s la procession : Que faire du rameau b\u00e9ni lorsque nous rentrons \u00e0 la &hellip;<\/p>\n","protected":false},"author":3,"featured_media":5607,"comment_status":"open","ping_status":"closed","sticky":false,"template":"","format":"standard","meta":{"_seopress_robots_primary_cat":"","_seopress_titles_title":"","_seopress_titles_desc":"","_seopress_robots_index":"","footnotes":""},"categories":[40,62],"tags":[1815],"class_list":["post-5606","post","type-post","status-publish","format-standard","has-post-thumbnail","","category-priere-et-spiritualite","category-sacramentaux-et-pelerinages","tag-rameaux"],"_links":{"self":[{"href":"https:\/\/catholicus.eu\/fr\/wp-json\/wp\/v2\/posts\/5606","targetHints":{"allow":["GET"]}}],"collection":[{"href":"https:\/\/catholicus.eu\/fr\/wp-json\/wp\/v2\/posts"}],"about":[{"href":"https:\/\/catholicus.eu\/fr\/wp-json\/wp\/v2\/types\/post"}],"author":[{"embeddable":true,"href":"https:\/\/catholicus.eu\/fr\/wp-json\/wp\/v2\/users\/3"}],"replies":[{"embeddable":true,"href":"https:\/\/catholicus.eu\/fr\/wp-json\/wp\/v2\/comments?post=5606"}],"version-history":[{"count":1,"href":"https:\/\/catholicus.eu\/fr\/wp-json\/wp\/v2\/posts\/5606\/revisions"}],"predecessor-version":[{"id":5608,"href":"https:\/\/catholicus.eu\/fr\/wp-json\/wp\/v2\/posts\/5606\/revisions\/5608"}],"wp:featuredmedia":[{"embeddable":true,"href":"https:\/\/catholicus.eu\/fr\/wp-json\/wp\/v2\/media\/5607"}],"wp:attachment":[{"href":"https:\/\/catholicus.eu\/fr\/wp-json\/wp\/v2\/media?parent=5606"}],"wp:term":[{"taxonomy":"category","embeddable":true,"href":"https:\/\/catholicus.eu\/fr\/wp-json\/wp\/v2\/categories?post=5606"},{"taxonomy":"post_tag","embeddable":true,"href":"https:\/\/catholicus.eu\/fr\/wp-json\/wp\/v2\/tags?post=5606"}],"curies":[{"name":"wp","href":"https:\/\/api.w.org\/{rel}","templated":true}]}}