{"id":5603,"date":"2026-03-24T10:07:51","date_gmt":"2026-03-24T09:07:51","guid":{"rendered":"https:\/\/catholicus.eu\/fr\/?p=5603"},"modified":"2026-03-24T10:07:52","modified_gmt":"2026-03-24T09:07:52","slug":"vexilla-regis-prodeunt-le-mystere-de-la-croix-qui-apparait-deja-a-lhorizon","status":"publish","type":"post","link":"https:\/\/catholicus.eu\/fr\/vexilla-regis-prodeunt-le-mystere-de-la-croix-qui-apparait-deja-a-lhorizon\/","title":{"rendered":"Vexilla Regis Prodeunt : Le myst\u00e8re de la Croix qui appara\u00eet d\u00e9j\u00e0 \u00e0 l\u2019horizon"},"content":{"rendered":"\n<p>Il existe des moments dans la vie chr\u00e9tienne o\u00f9 la liturgie cesse d\u2019\u00eatre simplement une pri\u00e8re pour devenir une proclamation proph\u00e9tique. L\u2019un de ces moments se trouve dans l\u2019ancien hymne latin <em>Vexilla Regis Prodeunt<\/em>, qui commence par des paroles aussi solennelles que myst\u00e9rieuses : <em>\u00ab Les \u00e9tendards du Roi s\u2019avancent\u2026 \u00bb<\/em>. Il ne s\u2019agit pas d\u2019une simple image militaire. C\u2019est en r\u00e9alit\u00e9 la proclamation d\u2019un paradoxe qui traverse toute la foi chr\u00e9tienne : le Roi triomphe depuis la Croix.<\/p>\n\n\n\n<p>Cet hymne, profond\u00e9ment enracin\u00e9 dans la tradition de l\u2019\u00c9glise, n\u2019appartient pas seulement au pass\u00e9. Il parle au c\u0153ur du croyant d\u2019aujourd\u2019hui, surtout dans un monde qui fuit la souffrance, rejette le sacrifice et cherche des solutions imm\u00e9diates. C\u2019est pr\u00e9cis\u00e9ment pour cela que son message est plus urgent que jamais.<\/p>\n\n\n\n<hr class=\"wp-block-separator has-alpha-channel-opacity\"\/>\n\n\n\n<h2 class=\"wp-block-heading\"><strong>1. Origine et histoire : un hymne n\u00e9 de la Croix<\/strong><\/h2>\n\n\n\n<p>Le <em>Vexilla Regis<\/em> a \u00e9t\u00e9 compos\u00e9 au VIe si\u00e8cle par Venance Fortunat, dans un contexte tr\u00e8s pr\u00e9cis : la r\u00e9ception solennelle d\u2019une relique de la Sainte Croix. D\u00e8s son origine, cet hymne n\u2019est pas une r\u00e9flexion abstraite, mais une proclamation publique de foi : la Croix n\u2019est pas une d\u00e9faite, mais une victoire.<\/p>\n\n\n\n<p>Dans la mentalit\u00e9 ancienne, l\u2019\u00e9tendard (<em>vexillum<\/em>) repr\u00e9sentait la puissance de l\u2019arm\u00e9e et l\u2019autorit\u00e9 du roi. Fortunat reprend cette image et la transforme radicalement : l\u2019\u00e9tendard du Roi n\u2019est pas un drapeau glorieux, mais le bois de la Croix.<\/p>\n\n\n\n<p>C\u2019est ici que se produit le premier grand renversement th\u00e9ologique :<br>\ud83d\udc49 Ce que le monde consid\u00e8re comme un \u00e9chec, Dieu le r\u00e9v\u00e8le comme un triomphe.<\/p>\n\n\n\n<hr class=\"wp-block-separator has-alpha-channel-opacity\"\/>\n\n\n\n<h2 class=\"wp-block-heading\"><strong>2. La th\u00e9ologie de la Croix : scandale et sagesse<\/strong><\/h2>\n\n\n\n<p>Saint Paul l\u2019exprime avec une clart\u00e9 qui traverse les si\u00e8cles :<\/p>\n\n\n\n<blockquote class=\"wp-block-quote is-layout-flow wp-block-quote-is-layout-flow\">\n<p><em>\u00ab Nous, nous pr\u00eachons un Christ crucifi\u00e9 : scandale pour les Juifs et folie pour les pa\u00efens \u00bb<\/em> (1 Corinthiens 1,23).<\/p>\n<\/blockquote>\n\n\n\n<p>La Croix est un scandale parce qu\u2019elle brise nos attentes humaines. Nous attendons un Dieu fort, visible, invincible\u2026 et nous rencontrons un Dieu humili\u00e9, souffrant, clou\u00e9 sur un bois.<\/p>\n\n\n\n<p>Mais c\u2019est l\u00e0 que r\u00e9side le c\u0153ur du myst\u00e8re chr\u00e9tien :<\/p>\n\n\n\n<ul class=\"wp-block-list\">\n<li><strong>Dieu sauve de l\u2019int\u00e9rieur de la souffrance, non en l\u2019\u00e9vitant.<\/strong><\/li>\n\n\n\n<li><strong>Dieu vainc le mal non en le d\u00e9truisant de l\u2019ext\u00e9rieur, mais en le transformant de l\u2019int\u00e9rieur.<\/strong><\/li>\n\n\n\n<li><strong>L\u2019amour va jusqu\u2019au bout<\/strong>, m\u00eame lorsque ce bout est la mort.<\/li>\n<\/ul>\n\n\n\n<p>Le <em>Vexilla Regis<\/em> nous invite pr\u00e9cis\u00e9ment \u00e0 contempler cela : le moment o\u00f9 la Croix \u00ab appara\u00eet d\u00e9j\u00e0 \u00e0 l\u2019horizon \u00bb, c\u2019est-\u00e0-dire lorsque le chr\u00e9tien commence \u00e0 comprendre que sa vie sera elle aussi marqu\u00e9e par ce m\u00eame signe.<\/p>\n\n\n\n<hr class=\"wp-block-separator has-alpha-channel-opacity\"\/>\n\n\n\n<h2 class=\"wp-block-heading\"><strong>3. La Croix comme tr\u00f4ne : une royaut\u00e9 paradoxale<\/strong><\/h2>\n\n\n\n<p>L\u2019hymne proclame que le Christ r\u00e8gne depuis la Croix. Ce n\u2019est pas une m\u00e9taphore po\u00e9tique, mais une affirmation profond\u00e9ment th\u00e9ologique.<\/p>\n\n\n\n<p>Dans la logique du monde :<\/p>\n\n\n\n<ul class=\"wp-block-list\">\n<li>Le pouvoir s\u2019impose<\/li>\n\n\n\n<li>Le fort domine<\/li>\n\n\n\n<li>Le succ\u00e8s se mesure par des r\u00e9sultats visibles<\/li>\n<\/ul>\n\n\n\n<p>Dans la logique de Dieu :<\/p>\n\n\n\n<ul class=\"wp-block-list\">\n<li>Le pouvoir se manifeste dans le don de soi<\/li>\n\n\n\n<li>Le fort est celui qui aime jusqu\u2019au bout<\/li>\n\n\n\n<li>La victoire passe par le sacrifice<\/li>\n<\/ul>\n\n\n\n<p>Le Christ ne perd pas sur la Croix : <strong>Il r\u00e8gne depuis elle<\/strong>.<\/p>\n\n\n\n<p>Cela change compl\u00e8tement notre mani\u00e8re de comprendre la vie :<\/p>\n\n\n\n<ul class=\"wp-block-list\">\n<li>La douleur n\u2019est pas inutile<\/li>\n\n\n\n<li>Le sacrifice n\u2019est pas absurde<\/li>\n\n\n\n<li>Le don de soi n\u2019est pas une perte, mais une f\u00e9condit\u00e9<\/li>\n<\/ul>\n\n\n\n<hr class=\"wp-block-separator has-alpha-channel-opacity\"\/>\n\n\n\n<h2 class=\"wp-block-heading\"><strong>4. L\u2019horizon de la Croix dans la vie quotidienne<\/strong><\/h2>\n\n\n\n<p>Le titre de cet article parle de \u00ab la Croix qui appara\u00eet d\u00e9j\u00e0 \u00e0 l\u2019horizon \u00bb. Ce n\u2019est pas seulement une image liturgique : c\u2019est une r\u00e9alit\u00e9 existentielle.<\/p>\n\n\n\n<p>Chacun de nous, \u00e0 un moment donn\u00e9, voit la Croix appara\u00eetre dans sa vie :<\/p>\n\n\n\n<ul class=\"wp-block-list\">\n<li>Une maladie inattendue<\/li>\n\n\n\n<li>Un conflit familial<\/li>\n\n\n\n<li>Une profonde d\u00e9ception<\/li>\n\n\n\n<li>Une lutte int\u00e9rieure contre le p\u00e9ch\u00e9<\/li>\n\n\n\n<li>Un sentiment d\u2019\u00e9chec ou de vide<\/li>\n<\/ul>\n\n\n\n<p>Le monde moderne nous dit : \u00ab \u00c9vite la Croix \u00e0 tout prix \u00bb.<br>L\u2019\u00c9vangile nous dit : \u00ab Embrasse la Croix, car en elle se trouve la vie \u00bb.<\/p>\n\n\n\n<p>J\u00e9sus Lui-m\u00eame l\u2019a exprim\u00e9 avec radicalit\u00e9 :<\/p>\n\n\n\n<blockquote class=\"wp-block-quote is-layout-flow wp-block-quote-is-layout-flow\">\n<p><em>\u00ab Si quelqu\u2019un veut venir \u00e0 ma suite, qu\u2019il se renie lui-m\u00eame, qu\u2019il prenne sa croix chaque jour et qu\u2019il me suive \u00bb<\/em> (Luc 9,23).<\/p>\n<\/blockquote>\n\n\n\n<p>Ici, il n\u2019y a aucun romantisme. Il y a la v\u00e9rit\u00e9.<\/p>\n\n\n\n<hr class=\"wp-block-separator has-alpha-channel-opacity\"\/>\n\n\n\n<h2 class=\"wp-block-heading\"><strong>5. Applications pratiques : vivre le Vexilla Regis aujourd\u2019hui<\/strong><\/h2>\n\n\n\n<p>Comment traduire tout cela dans notre vie quotidienne ? Voil\u00e0 le v\u00e9ritable d\u00e9fi.<\/p>\n\n\n\n<h3 class=\"wp-block-heading\"><strong>a) Apprendre \u00e0 reconna\u00eetre la Croix<\/strong><\/h3>\n\n\n\n<p>Toutes les difficult\u00e9s ne sont pas une Croix au sens chr\u00e9tien. La Croix est ce qui :<\/p>\n\n\n\n<ul class=\"wp-block-list\">\n<li>Nous ne cherchons pas volontairement<\/li>\n\n\n\n<li>Nous ne pouvons pas \u00e9viter l\u00e9gitimement<\/li>\n\n\n\n<li>Et que, pourtant, nous pouvons offrir avec amour<\/li>\n<\/ul>\n\n\n\n<p>\ud83d\udc49 La cl\u00e9 n\u2019est pas de souffrir, mais <strong>la mani\u00e8re dont nous souffrons<\/strong>.<\/p>\n\n\n\n<hr class=\"wp-block-separator has-alpha-channel-opacity\"\/>\n\n\n\n<h3 class=\"wp-block-heading\"><strong>b) Offrir la souffrance<\/strong><\/h3>\n\n\n\n<p>La spiritualit\u00e9 catholique traditionnelle insiste sur une v\u00e9rit\u00e9 oubli\u00e9e : la souffrance offerte a une valeur r\u00e9demptrice.<\/p>\n\n\n\n<p>On peut commencer simplement :<\/p>\n\n\n\n<ul class=\"wp-block-list\">\n<li>\u00ab Seigneur, je t\u2019offre cette douleur pour ma famille. \u00bb<\/li>\n\n\n\n<li>\u00ab Je t\u2019offre cette difficult\u00e9 pour la conversion de quelqu\u2019un. \u00bb<\/li>\n<\/ul>\n\n\n\n<p>Cela transforme radicalement l\u2019exp\u00e9rience de la douleur.<\/p>\n\n\n\n<hr class=\"wp-block-separator has-alpha-channel-opacity\"\/>\n\n\n\n<h3 class=\"wp-block-heading\"><strong>c) S\u2019unir au Christ crucifi\u00e9<\/strong><\/h3>\n\n\n\n<p>Nous ne sommes pas seuls sur la Croix. C\u2019est l\u00e0 la grande diff\u00e9rence chr\u00e9tienne.<\/p>\n\n\n\n<p>Le Christ ne nous demande rien qu\u2019Il n\u2019ait v\u00e9cu Lui-m\u00eame en premier.<br>Chaque croix, petite ou grande, peut devenir une communion avec Lui.<\/p>\n\n\n\n<hr class=\"wp-block-separator has-alpha-channel-opacity\"\/>\n\n\n\n<h3 class=\"wp-block-heading\"><strong>d) D\u00e9couvrir la f\u00e9condit\u00e9 cach\u00e9e<\/strong><\/h3>\n\n\n\n<p>Tr\u00e8s souvent, nous ne verrons pas les fruits de notre croix\u2026 du moins pas imm\u00e9diatement.<\/p>\n\n\n\n<p>Mais la foi nous enseigne :<\/p>\n\n\n\n<ul class=\"wp-block-list\">\n<li>Aucun sacrifice offert n\u2019est perdu<\/li>\n\n\n\n<li>Aucune larme donn\u00e9e n\u2019est inutile<\/li>\n\n\n\n<li>Aucun acte d\u2019amour ne passe inaper\u00e7u devant Dieu<\/li>\n<\/ul>\n\n\n\n<hr class=\"wp-block-separator has-alpha-channel-opacity\"\/>\n\n\n\n<h2 class=\"wp-block-heading\"><strong>6. Une parole pour notre temps<\/strong><\/h2>\n\n\n\n<p>Nous vivons dans une culture qui idol\u00e2tre le confort imm\u00e9diat et rejette toute forme de souffrance. Cela engendre une profonde fragilit\u00e9 int\u00e9rieure :<\/p>\n\n\n\n<ul class=\"wp-block-list\">\n<li>Nous ne savons pas souffrir<\/li>\n\n\n\n<li>Nous ne savons pas attendre<\/li>\n\n\n\n<li>Nous ne savons pas offrir<\/li>\n<\/ul>\n\n\n\n<p>Le r\u00e9sultat est une soci\u00e9t\u00e9 anxieuse, frustr\u00e9e et vide.<\/p>\n\n\n\n<p>Le message du <em>Vexilla Regis<\/em> est profond\u00e9ment contre-culturel :<\/p>\n\n\n\n<p>\ud83d\udc49 <strong>La Croix n\u2019est pas la fin, elle est le commencement.<\/strong><br>\ud83d\udc49 <strong>La douleur n\u2019est pas absurde, elle peut \u00eatre r\u00e9demptrice.<\/strong><br>\ud83d\udc49 <strong>Le don de soi n\u2019appauvrit pas, il transforme.<\/strong><\/p>\n\n\n\n<hr class=\"wp-block-separator has-alpha-channel-opacity\"\/>\n\n\n\n<h2 class=\"wp-block-heading\"><strong>7. Contempler pour comprendre : la p\u00e9dagogie de la Croix<\/strong><\/h2>\n\n\n\n<p>Il ne suffit pas de comprendre la Croix intellectuellement. Il faut la contempler.<\/p>\n\n\n\n<p>C\u2019est pourquoi l\u2019\u00c9glise insiste tant sur :<\/p>\n\n\n\n<ul class=\"wp-block-list\">\n<li>Le crucifix \u00e0 la maison<\/li>\n\n\n\n<li>Le chemin de Croix<\/li>\n\n\n\n<li>L\u2019adoration de la Croix le Vendredi saint<\/li>\n<\/ul>\n\n\n\n<p>Car ce n\u2019est qu\u2019en regardant le Christ crucifi\u00e9 que nous apprenons :<\/p>\n\n\n\n<ul class=\"wp-block-list\">\n<li>Ce que signifie vraiment aimer<\/li>\n\n\n\n<li>Ce que signifie pardonner<\/li>\n\n\n\n<li>Ce que signifie se donner totalement<\/li>\n<\/ul>\n\n\n\n<hr class=\"wp-block-separator has-alpha-channel-opacity\"\/>\n\n\n\n<h2 class=\"wp-block-heading\"><strong>Conclusion : quand les \u00e9tendards avancent<\/strong><\/h2>\n\n\n\n<p><em>Vexilla Regis Prodeunt.<\/em> Les \u00e9tendards du Roi s\u2019avancent.<\/p>\n\n\n\n<p>Ce n\u2019est pas un chant du pass\u00e9. C\u2019est une r\u00e9alit\u00e9 pr\u00e9sente.<\/p>\n\n\n\n<p>Chaque fois que tu :<\/p>\n\n\n\n<ul class=\"wp-block-list\">\n<li>Acceptes une difficult\u00e9 avec foi<\/li>\n\n\n\n<li>Pardonnes quand cela co\u00fbte<\/li>\n\n\n\n<li>Pers\u00e9v\u00e8res au milieu de la fatigue<\/li>\n\n\n\n<li>Aimes sans rien recevoir en retour<\/li>\n<\/ul>\n\n\n\n<p>\ud83d\udc49 La Croix se rel\u00e8ve dans le monde.<br>\ud83d\udc49 Le Roi r\u00e8gne de nouveau depuis le bois.<\/p>\n\n\n\n<p>Et alors nous commen\u00e7ons \u00e0 comprendre, peu \u00e0 peu, que ce que nous craignions\u2026 \u00e9tait en r\u00e9alit\u00e9 le chemin vers la vie.<\/p>\n\n\n\n<p>Car au fond, le myst\u00e8re de la Croix n\u2019est pas seulement la souffrance.<br>C\u2019est l\u2019amour port\u00e9 jusqu\u2019\u00e0 son extr\u00eame.<br>C\u2019est une victoire cach\u00e9e.<br>C\u2019est une esp\u00e9rance qui ne d\u00e9\u00e7oit pas.<\/p>\n\n\n\n<p>Et c\u2019est surtout la promesse que <strong>derri\u00e8re chaque Croix, l\u2019aube de la R\u00e9surrection se l\u00e8ve toujours<\/strong>.<\/p>\n","protected":false},"excerpt":{"rendered":"<p>Il existe des moments dans la vie chr\u00e9tienne o\u00f9 la liturgie cesse d\u2019\u00eatre simplement une pri\u00e8re pour devenir une proclamation proph\u00e9tique. L\u2019un de ces moments se trouve dans l\u2019ancien hymne latin Vexilla Regis Prodeunt, qui commence par des paroles aussi solennelles que myst\u00e9rieuses : \u00ab Les \u00e9tendards du Roi s\u2019avancent\u2026 \u00bb. Il ne s\u2019agit pas &hellip;<\/p>\n","protected":false},"author":3,"featured_media":5604,"comment_status":"open","ping_status":"closed","sticky":false,"template":"","format":"standard","meta":{"_seopress_robots_primary_cat":"","_seopress_titles_title":"","_seopress_titles_desc":"","_seopress_robots_index":"","footnotes":""},"categories":[38,52],"tags":[1814],"class_list":["post-5603","post","type-post","status-publish","format-standard","has-post-thumbnail","","category-histoire-et-tradition","category-liturgie-et-annee-liturgique","tag-vexilla-regis-prodeunt"],"_links":{"self":[{"href":"https:\/\/catholicus.eu\/fr\/wp-json\/wp\/v2\/posts\/5603","targetHints":{"allow":["GET"]}}],"collection":[{"href":"https:\/\/catholicus.eu\/fr\/wp-json\/wp\/v2\/posts"}],"about":[{"href":"https:\/\/catholicus.eu\/fr\/wp-json\/wp\/v2\/types\/post"}],"author":[{"embeddable":true,"href":"https:\/\/catholicus.eu\/fr\/wp-json\/wp\/v2\/users\/3"}],"replies":[{"embeddable":true,"href":"https:\/\/catholicus.eu\/fr\/wp-json\/wp\/v2\/comments?post=5603"}],"version-history":[{"count":1,"href":"https:\/\/catholicus.eu\/fr\/wp-json\/wp\/v2\/posts\/5603\/revisions"}],"predecessor-version":[{"id":5605,"href":"https:\/\/catholicus.eu\/fr\/wp-json\/wp\/v2\/posts\/5603\/revisions\/5605"}],"wp:featuredmedia":[{"embeddable":true,"href":"https:\/\/catholicus.eu\/fr\/wp-json\/wp\/v2\/media\/5604"}],"wp:attachment":[{"href":"https:\/\/catholicus.eu\/fr\/wp-json\/wp\/v2\/media?parent=5603"}],"wp:term":[{"taxonomy":"category","embeddable":true,"href":"https:\/\/catholicus.eu\/fr\/wp-json\/wp\/v2\/categories?post=5603"},{"taxonomy":"post_tag","embeddable":true,"href":"https:\/\/catholicus.eu\/fr\/wp-json\/wp\/v2\/tags?post=5603"}],"curies":[{"name":"wp","href":"https:\/\/api.w.org\/{rel}","templated":true}]}}