{"id":5597,"date":"2026-03-24T09:03:14","date_gmt":"2026-03-24T08:03:14","guid":{"rendered":"https:\/\/catholicus.eu\/fr\/?p=5597"},"modified":"2026-03-24T09:03:14","modified_gmt":"2026-03-24T08:03:14","slug":"dire-toujours-la-verite-meme-quand-cela-coute","status":"publish","type":"post","link":"https:\/\/catholicus.eu\/fr\/dire-toujours-la-verite-meme-quand-cela-coute\/","title":{"rendered":"Dire toujours la v\u00e9rit\u00e9 : m\u00eame quand cela co\u00fbte"},"content":{"rendered":"\n<h3 class=\"wp-block-heading\">Un appel urgent \u00e0 l\u2019authenticit\u00e9 chr\u00e9tienne en temps de confusion<\/h3>\n\n\n\n<p>Nous vivons \u00e0 une \u00e9poque o\u00f9 dire la v\u00e9rit\u00e9 semble souvent \u00eatre un acte de courage. La culture contemporaine r\u00e9compense ce qui est confortable, acceptable, politiquement correct\u2026 m\u00eame lorsque ce n\u2019est pas vrai.<\/p>\n\n\n\n<p>L\u2019id\u00e9e s\u2019est install\u00e9e que \u00ab tout n\u2019a pas besoin d\u2019\u00eatre dit \u00bb, que la v\u00e9rit\u00e9 peut \u00eatre adapt\u00e9e, adoucie ou m\u00eame r\u00e9duite au silence pour \u00e9viter les conflits.<\/p>\n\n\n\n<p>Mais un chr\u00e9tien ne peut pas vivre ainsi.<\/p>\n\n\n\n<p>Dire la v\u00e9rit\u00e9 n\u2019est pas une option secondaire dans la vie spirituelle : c\u2019est une exigence centrale de l\u2019\u00c9vangile. Et pas n\u2019importe quelle v\u00e9rit\u00e9, mais la v\u00e9rit\u00e9 qui jaillit de Dieu Lui-m\u00eame. Car, en fin de compte, <strong>la v\u00e9rit\u00e9 n\u2019est pas une id\u00e9e : c\u2019est une Personne.<\/strong><\/p>\n\n\n\n<hr class=\"wp-block-separator has-alpha-channel-opacity\"\/>\n\n\n\n<h2 class=\"wp-block-heading\">1. Le Christ : la V\u00e9rit\u00e9 incarn\u00e9e<\/h2>\n\n\n\n<p>J\u00e9sus n\u2019a pas simplement dit : \u00ab je dis la v\u00e9rit\u00e9 \u00bb. Il est all\u00e9 beaucoup plus loin :<\/p>\n\n\n\n<blockquote class=\"wp-block-quote is-layout-flow wp-block-quote-is-layout-flow\">\n<p>\u00ab Je suis le chemin, la v\u00e9rit\u00e9 et la vie \u00bb (Jn 14,6)<\/p>\n<\/blockquote>\n\n\n\n<p>Ici se trouve le fondement de toute la morale chr\u00e9tienne concernant la v\u00e9rit\u00e9. Dire la v\u00e9rit\u00e9 n\u2019est pas seulement un acte \u00e9thique : c\u2019est un acte de communion avec le Christ. Mentir, dissimuler, manipuler\u2026 ce n\u2019est pas simplement \u00ab \u00e9chouer \u00bb, mais s\u2019\u00e9loigner de Lui.<\/p>\n\n\n\n<p>Le Christ n\u2019a pas n\u00e9goci\u00e9 la v\u00e9rit\u00e9. Il ne l\u2019a pas adoucie pour plaire aux foules. Il ne l\u2019a pas adapt\u00e9e pour \u00e9viter sa Passion. Il l\u2019a proclam\u00e9e clairement m\u00eame lorsqu\u2019Il savait que cela Le conduirait \u00e0 la Croix.<\/p>\n\n\n\n<p>Et cela nous place face \u00e0 une question inconfortable :<\/p>\n\n\n\n<p><strong>Sommes-nous pr\u00eats \u00e0 payer le prix de la v\u00e9rit\u00e9 ?<\/strong><\/p>\n\n\n\n<hr class=\"wp-block-separator has-alpha-channel-opacity\"\/>\n\n\n\n<h2 class=\"wp-block-heading\">2. Le mensonge : une rupture avec Dieu<\/h2>\n\n\n\n<p>D\u2019un point de vue th\u00e9ologique, le mensonge n\u2019est pas seulement un d\u00e9faut moral. C\u2019est une d\u00e9formation de l\u2019\u00e2me.<\/p>\n\n\n\n<p>Le p\u00e9ch\u00e9 originel a \u00e0 sa racine un mensonge : \u00ab Vous ne mourrez pas \u00bb (cf. Gn 3,4). Le diable, que le Christ appelle le \u00ab p\u00e8re du mensonge \u00bb (Jn 8,44), introduit la fausset\u00e9 comme une rupture avec Dieu.<\/p>\n\n\n\n<p>Chaque fois que nous mentons :<\/p>\n\n\n\n<ul class=\"wp-block-list\">\n<li>Nous d\u00e9formons la r\u00e9alit\u00e9 cr\u00e9\u00e9e par Dieu<\/li>\n\n\n\n<li>Nous brisons la confiance avec les autres<\/li>\n\n\n\n<li>Nous nous \u00e9loignons de notre propre identit\u00e9<\/li>\n<\/ul>\n\n\n\n<p>Le mensonge cr\u00e9e une double vie. Et l\u2019\u00e2me n\u2019est pas faite pour vivre divis\u00e9e.<\/p>\n\n\n\n<hr class=\"wp-block-separator has-alpha-channel-opacity\"\/>\n\n\n\n<h2 class=\"wp-block-heading\">3. Dire la v\u00e9rit\u00e9 : vertu et martyre quotidien<\/h2>\n\n\n\n<p>Dans la tradition chr\u00e9tienne, dire la v\u00e9rit\u00e9 fait partie de la vertu de <strong>v\u00e9racit\u00e9<\/strong>, qui rel\u00e8ve de la justice. Il ne s\u2019agit pas seulement de \u00ab ne pas mentir \u00bb, mais de vivre en accord avec la v\u00e9rit\u00e9.<\/p>\n\n\n\n<p>Mais il y a quelque chose de plus profond : <strong>dire la v\u00e9rit\u00e9 implique souvent de souffrir<\/strong>.<\/p>\n\n\n\n<ul class=\"wp-block-list\">\n<li>Dire la v\u00e9rit\u00e9 au travail peut vous co\u00fbter une promotion<\/li>\n\n\n\n<li>Dire la v\u00e9rit\u00e9 en famille peut cr\u00e9er des conflits<\/li>\n\n\n\n<li>Dire la v\u00e9rit\u00e9 dans la soci\u00e9t\u00e9 peut conduire au rejet<\/li>\n<\/ul>\n\n\n\n<p>Pour cette raison, dans de nombreux cas, dire la v\u00e9rit\u00e9 devient une forme de martyre. Non sanglant, mais r\u00e9el.<\/p>\n\n\n\n<p>C\u2019est le martyre de briser le silence.<br>Le martyre de ne pas c\u00e9der.<br>Le martyre de rester ferme quand tous les autres se taisent.<\/p>\n\n\n\n<hr class=\"wp-block-separator has-alpha-channel-opacity\"\/>\n\n\n\n<h2 class=\"wp-block-heading\">4. Le silence complice : une forme moderne de mensonge<\/h2>\n\n\n\n<p>Aujourd\u2019hui, nous ne mentons pas toujours avec des mots. Parfois, nous mentons par le silence.<\/p>\n\n\n\n<p>Se taire face \u00e0 l\u2019injustice, \u00e0 l\u2019erreur, au p\u00e9ch\u00e9\u2026 peut devenir une forme de trahison de la v\u00e9rit\u00e9.<\/p>\n\n\n\n<p>Ici entre en jeu la responsabilit\u00e9 chr\u00e9tienne :<\/p>\n\n\n\n<ul class=\"wp-block-list\">\n<li>Tout ne doit pas \u00eatre dit \u00e0 n\u2019importe quel moment (prudence)<\/li>\n\n\n\n<li>Mais il y a des v\u00e9rit\u00e9s que l\u2019on ne peut pas taire sans trahir l\u2019\u00c9vangile<\/li>\n<\/ul>\n\n\n\n<p>L\u2019\u00e9quilibre entre charit\u00e9 et v\u00e9rit\u00e9 est d\u00e9licat, mais n\u00e9cessaire. Car <strong>la v\u00e9rit\u00e9 sans charit\u00e9 blesse, mais la charit\u00e9 sans v\u00e9rit\u00e9 trompe.<\/strong><\/p>\n\n\n\n<hr class=\"wp-block-separator has-alpha-channel-opacity\"\/>\n\n\n\n<h2 class=\"wp-block-heading\">5. Dire la v\u00e9rit\u00e9 dans la charit\u00e9 : la voie chr\u00e9tienne<\/h2>\n\n\n\n<p>Saint Paul l\u2019exprime avec une clart\u00e9 lumineuse :<\/p>\n\n\n\n<blockquote class=\"wp-block-quote is-layout-flow wp-block-quote-is-layout-flow\">\n<p>\u00ab Dire la v\u00e9rit\u00e9 dans la charit\u00e9 \u00bb (Ep 4,15)<\/p>\n<\/blockquote>\n\n\n\n<p>C\u2019est l\u2019id\u00e9al chr\u00e9tien. Il ne suffit pas de dire la v\u00e9rit\u00e9 : il faut la dire correctement.<\/p>\n\n\n\n<p>Cela implique :<\/p>\n\n\n\n<ul class=\"wp-block-list\">\n<li>\u00c9viter la duret\u00e9 inutile<\/li>\n\n\n\n<li>Chercher le bien de l\u2019autre<\/li>\n\n\n\n<li>Parler avec amour, et non par orgueil<\/li>\n<\/ul>\n\n\n\n<p>Dire la v\u00e9rit\u00e9, ce n\u2019est pas \u00ab dire tout ce que je pense \u00bb. C\u2019est un acte d\u2019amour ordonn\u00e9.<\/p>\n\n\n\n<p>Le Christ a dit des v\u00e9rit\u00e9s tr\u00e8s dures\u2026 mais toujours avec un c\u0153ur qui cherchait \u00e0 sauver, non \u00e0 condamner.<\/p>\n\n\n\n<hr class=\"wp-block-separator has-alpha-channel-opacity\"\/>\n\n\n\n<h2 class=\"wp-block-heading\">6. La v\u00e9rit\u00e9 \u00e0 l\u2019\u00e9poque du relativisme<\/h2>\n\n\n\n<p>L\u2019un des grands maux de notre \u00e9poque est le relativisme : l\u2019id\u00e9e qu\u2019il n\u2019existe pas de v\u00e9rit\u00e9 objective, mais de nombreuses \u00ab v\u00e9rit\u00e9s \u00bb.<\/p>\n\n\n\n<p>Cela a des cons\u00e9quences d\u00e9vastatrices :<\/p>\n\n\n\n<ul class=\"wp-block-list\">\n<li>S\u2019il n\u2019y a pas de v\u00e9rit\u00e9, tout devient opinion<\/li>\n\n\n\n<li>Si tout est opinion, rien n\u2019est solide<\/li>\n\n\n\n<li>Et si rien n\u2019est solide, la vie perd sa direction<\/li>\n<\/ul>\n\n\n\n<p>Le chr\u00e9tien est appel\u00e9 \u00e0 \u00eatre un <strong>t\u00e9moin de la v\u00e9rit\u00e9 au milieu de la confusion<\/strong>.<\/p>\n\n\n\n<p>Non pas comme quelqu\u2019un d\u2019arrogant, mais comme quelqu\u2019un qui a trouv\u00e9 un roc solide.<\/p>\n\n\n\n<hr class=\"wp-block-separator has-alpha-channel-opacity\"\/>\n\n\n\n<h2 class=\"wp-block-heading\">7. Applications pratiques : comment vivre dans la v\u00e9rit\u00e9 aujourd\u2019hui<\/h2>\n\n\n\n<p>C\u2019est ici que tout devient concret. Comment vivre cela au quotidien ?<\/p>\n\n\n\n<h3 class=\"wp-block-heading\">1. Examinez votre relation \u00e0 la v\u00e9rit\u00e9<\/h3>\n\n\n\n<p>Posez-vous honn\u00eatement la question :<\/p>\n\n\n\n<ul class=\"wp-block-list\">\n<li>Est-ce que je mens pour \u00e9viter des probl\u00e8mes ?<\/li>\n\n\n\n<li>Est-ce que j\u2019exag\u00e8re ou je manipule ?<\/li>\n\n\n\n<li>Est-ce que je me tais quand je devrais parler ?<\/li>\n<\/ul>\n\n\n\n<p>La conversion commence par l\u2019honn\u00eatet\u00e9 int\u00e9rieure.<\/p>\n\n\n\n<hr class=\"wp-block-separator has-alpha-channel-opacity\"\/>\n\n\n\n<h3 class=\"wp-block-heading\">2. Confessez vos fautes<\/h3>\n\n\n\n<p>Le mensonge p\u00e8se. Et il ne se lib\u00e8re que dans la confession.<\/p>\n\n\n\n<p>Le sacrement ne pardonne pas seulement : <strong>il restaure la v\u00e9rit\u00e9 dans l\u2019\u00e2me<\/strong>.<\/p>\n\n\n\n<hr class=\"wp-block-separator has-alpha-channel-opacity\"\/>\n\n\n\n<h3 class=\"wp-block-heading\">3. Vivez dans la coh\u00e9rence<\/h3>\n\n\n\n<p>Que votre vie ne soit pas une chose en public et une autre en priv\u00e9.<\/p>\n\n\n\n<p>La v\u00e9rit\u00e9 se vit, elle ne se dit pas seulement.<\/p>\n\n\n\n<hr class=\"wp-block-separator has-alpha-channel-opacity\"\/>\n\n\n\n<h3 class=\"wp-block-heading\">4. Apprenez \u00e0 souffrir pour la v\u00e9rit\u00e9<\/h3>\n\n\n\n<p>Ne fuyez pas le conflit lorsque l\u2019essentiel est en jeu.<\/p>\n\n\n\n<p>Parfois, perdre, c\u2019est gagner\u2026 si c\u2019est par fid\u00e9lit\u00e9 au Christ.<\/p>\n\n\n\n<hr class=\"wp-block-separator has-alpha-channel-opacity\"\/>\n\n\n\n<h3 class=\"wp-block-heading\">5. Formez votre conscience<\/h3>\n\n\n\n<p>Vous ne pouvez pas dire la v\u00e9rit\u00e9 si vous ne la connaissez pas.<\/p>\n\n\n\n<p>Lisez, \u00e9tudiez, approfondissez la doctrine. L\u2019ignorance est un terrain fertile pour l\u2019erreur.<\/p>\n\n\n\n<hr class=\"wp-block-separator has-alpha-channel-opacity\"\/>\n\n\n\n<h2 class=\"wp-block-heading\">8. T\u00e9moins de la v\u00e9rit\u00e9 : une \u00c9glise qui ne n\u00e9gocie pas<\/h2>\n\n\n\n<p>L\u2019histoire de l\u2019\u00c9glise est pleine d\u2019hommes et de femmes qui ont pr\u00e9f\u00e9r\u00e9 mourir plut\u00f4t que mentir.<\/p>\n\n\n\n<p>Martyrs, confesseurs, saints\u2026 tous ont compris une chose fondamentale :<\/p>\n\n\n\n<p><strong>La v\u00e9rit\u00e9 vaut plus que la vie.<\/strong><\/p>\n\n\n\n<p>Aujourd\u2019hui, on ne nous demandera peut-\u00eatre pas notre sang, mais on nous demande notre coh\u00e9rence.<\/p>\n\n\n\n<p>Et dans un monde de masques, le chr\u00e9tien est appel\u00e9 \u00e0 \u00eatre transparent.<\/p>\n\n\n\n<hr class=\"wp-block-separator has-alpha-channel-opacity\"\/>\n\n\n\n<h2 class=\"wp-block-heading\">Conclusion : la v\u00e9rit\u00e9 qui lib\u00e8re<\/h2>\n\n\n\n<p>J\u00e9sus l\u2019a dit avec une promesse qui r\u00e9sonne encore aujourd\u2019hui :<\/p>\n\n\n\n<blockquote class=\"wp-block-quote is-layout-flow wp-block-quote-is-layout-flow\">\n<p>\u00ab La v\u00e9rit\u00e9 vous rendra libres \u00bb (Jn 8,32)<\/p>\n<\/blockquote>\n\n\n\n<p>Pas confortables.<br>Pas populaires.<br>Libres.<\/p>\n\n\n\n<p>Dire toujours la v\u00e9rit\u00e9 \u2014 m\u00eame quand cela co\u00fbte \u2014 est le chemin vers cette libert\u00e9 int\u00e9rieure que rien ni personne ne peut enlever.<\/p>\n\n\n\n<p>Car, au fond, il ne s\u2019agit pas seulement de \u00ab dire la v\u00e9rit\u00e9 \u00bb.<\/p>\n\n\n\n<p>Il s\u2019agit de vivre dans le Christ.<br>Et celui qui vit en Lui\u2026 ne peut pas vivre dans le mensonge.<\/p>\n\n\n\n<hr class=\"wp-block-separator has-alpha-channel-opacity\"\/>\n\n\n\n<h3 class=\"wp-block-heading\">Une invitation finale<\/h3>\n\n\n\n<p>La prochaine fois que vous devrez choisir entre le silence ou la v\u00e9rit\u00e9, entre le confort ou la fid\u00e9lit\u00e9\u2026<\/p>\n\n\n\n<p>Souvenez-vous :<br><strong>chaque petit acte de v\u00e9rit\u00e9 est une victoire \u00e9ternelle.<\/strong><\/p>\n\n\n\n<p>Et m\u00eame quand cela co\u00fbte, cela en vaut la peine.<\/p>\n","protected":false},"excerpt":{"rendered":"<p>Un appel urgent \u00e0 l\u2019authenticit\u00e9 chr\u00e9tienne en temps de confusion Nous vivons \u00e0 une \u00e9poque o\u00f9 dire la v\u00e9rit\u00e9 semble souvent \u00eatre un acte de courage. La culture contemporaine r\u00e9compense ce qui est confortable, acceptable, politiquement correct\u2026 m\u00eame lorsque ce n\u2019est pas vrai. L\u2019id\u00e9e s\u2019est install\u00e9e que \u00ab tout n\u2019a pas besoin d\u2019\u00eatre dit \u00bb, &hellip;<\/p>\n","protected":false},"author":3,"featured_media":5598,"comment_status":"open","ping_status":"closed","sticky":false,"template":"","format":"standard","meta":{"_seopress_robots_primary_cat":"","_seopress_titles_title":"","_seopress_titles_desc":"","_seopress_robots_index":"","footnotes":""},"categories":[39,57],"tags":[1192],"class_list":["post-5597","post","type-post","status-publish","format-standard","has-post-thumbnail","","category-morale-et-vie-chretienne","category-vertus-chretiennes","tag-verite"],"_links":{"self":[{"href":"https:\/\/catholicus.eu\/fr\/wp-json\/wp\/v2\/posts\/5597","targetHints":{"allow":["GET"]}}],"collection":[{"href":"https:\/\/catholicus.eu\/fr\/wp-json\/wp\/v2\/posts"}],"about":[{"href":"https:\/\/catholicus.eu\/fr\/wp-json\/wp\/v2\/types\/post"}],"author":[{"embeddable":true,"href":"https:\/\/catholicus.eu\/fr\/wp-json\/wp\/v2\/users\/3"}],"replies":[{"embeddable":true,"href":"https:\/\/catholicus.eu\/fr\/wp-json\/wp\/v2\/comments?post=5597"}],"version-history":[{"count":1,"href":"https:\/\/catholicus.eu\/fr\/wp-json\/wp\/v2\/posts\/5597\/revisions"}],"predecessor-version":[{"id":5599,"href":"https:\/\/catholicus.eu\/fr\/wp-json\/wp\/v2\/posts\/5597\/revisions\/5599"}],"wp:featuredmedia":[{"embeddable":true,"href":"https:\/\/catholicus.eu\/fr\/wp-json\/wp\/v2\/media\/5598"}],"wp:attachment":[{"href":"https:\/\/catholicus.eu\/fr\/wp-json\/wp\/v2\/media?parent=5597"}],"wp:term":[{"taxonomy":"category","embeddable":true,"href":"https:\/\/catholicus.eu\/fr\/wp-json\/wp\/v2\/categories?post=5597"},{"taxonomy":"post_tag","embeddable":true,"href":"https:\/\/catholicus.eu\/fr\/wp-json\/wp\/v2\/tags?post=5597"}],"curies":[{"name":"wp","href":"https:\/\/api.w.org\/{rel}","templated":true}]}}