{"id":5591,"date":"2026-03-23T22:55:38","date_gmt":"2026-03-23T21:55:38","guid":{"rendered":"https:\/\/catholicus.eu\/fr\/?p=5591"},"modified":"2026-03-23T22:55:39","modified_gmt":"2026-03-23T21:55:39","slug":"les-sectes-quand-la-verite-se-deguise-en-lumiere-guide-catholique-pour-discerner-se-proteger-et-demeurer-dans-la-verite","status":"publish","type":"post","link":"https:\/\/catholicus.eu\/fr\/les-sectes-quand-la-verite-se-deguise-en-lumiere-guide-catholique-pour-discerner-se-proteger-et-demeurer-dans-la-verite\/","title":{"rendered":"Les sectes : Quand la V\u00e9rit\u00e9 se d\u00e9guise en lumi\u00e8re \u2014 Guide catholique pour discerner, se prot\u00e9ger et demeurer dans la V\u00e9rit\u00e9"},"content":{"rendered":"\n<p>Nous vivons \u00e0 une \u00e9poque o\u00f9 la recherche spirituelle a ressurgi avec force. Beaucoup de personnes ressentent un vide int\u00e9rieur, un d\u00e9sir de sens, de v\u00e9rit\u00e9, de transcendance. Et pourtant, au milieu de cette soif l\u00e9gitime, se multiplient des chemins trompeurs qui promettent la lumi\u00e8re\u2026 mais conduisent \u00e0 l\u2019obscurit\u00e9. C\u2019est ici qu\u2019\u00e9merge une question urgente et profond\u00e9ment actuelle : <strong>qu\u2019est-ce qu\u2019une secte, et comment pouvons-nous la reconna\u00eetre \u00e0 partir de la foi catholique ?<\/strong><\/p>\n\n\n\n<p>Cet article ne cherche pas \u00e0 susciter la peur, mais \u00e0 <strong>former la conscience<\/strong>, \u00e9clairer l\u2019intelligence et fortifier le c\u0153ur du croyant afin qu\u2019il ne soit pas \u00ab ballott\u00e9 et emport\u00e9 \u00e0 tout vent de doctrine \u00bb (cf. Ep 4,14).<\/p>\n\n\n\n<hr class=\"wp-block-separator has-alpha-channel-opacity\"\/>\n\n\n\n<h2 class=\"wp-block-heading\"><strong>Qu\u2019est-ce qu\u2019une secte ? Un regard th\u00e9ologique et pastoral<\/strong><\/h2>\n\n\n\n<p>Le mot \u00ab secte \u00bb vient du latin <em>secta<\/em>, qui signifie \u00ab chemin \u00bb ou \u00ab \u00e9cole de pens\u00e9e \u00bb. \u00c0 l\u2019origine, il n\u2019avait pas n\u00e9cessairement une connotation n\u00e9gative. Cependant, d\u2019un point de vue th\u00e9ologique et pastoral, <strong>une secte est un groupe religieux qui se s\u00e9pare de la v\u00e9rit\u00e9 r\u00e9v\u00e9l\u00e9e et de la communion avec l\u2019\u00c9glise, en d\u00e9formant le message de l\u2019\u00c9vangile et, dans bien des cas, en manipulant ses membres<\/strong>.<\/p>\n\n\n\n<p>L\u2019\u00c9glise, fond\u00e9e par J\u00e9sus-Christ, est \u00ab colonne et soutien de la v\u00e9rit\u00e9 \u00bb (1 Tm 3,15). Par cons\u00e9quent, toute communaut\u00e9 qui s\u2019\u00e9loigne de cette v\u00e9rit\u00e9 \u2014 en la r\u00e9interpr\u00e9tant arbitrairement ou en la rempla\u00e7ant par des doctrines humaines \u2014 entre dans un terrain dangereux.<\/p>\n\n\n\n<p>Mais toutes les sectes ne sont pas identiques. Certaines se pr\u00e9sentent comme \u00ab chr\u00e9tiennes \u00bb, d\u2019autres comme des spiritualit\u00e9s alternatives, et d\u2019autres encore comme des mouvements de d\u00e9veloppement personnel. Ce qui les unit n\u2019est pas leur forme ext\u00e9rieure, mais leur <strong>rupture avec la pl\u00e9nitude de la v\u00e9rit\u00e9 et leur dynamique interne de contr\u00f4le<\/strong>.<\/p>\n\n\n\n<hr class=\"wp-block-separator has-alpha-channel-opacity\"\/>\n\n\n\n<h2 class=\"wp-block-heading\"><strong>Br\u00e8ve histoire : les sectes \u00e0 travers le christianisme<\/strong><\/h2>\n\n\n\n<p>D\u00e8s les premiers si\u00e8cles, l\u2019\u00c9glise a d\u00fb affronter des d\u00e9viations doctrinales. D\u00e9j\u00e0 \u00e0 l\u2019\u00e9poque apostolique, des groupes sont apparus qui d\u00e9formaient le message originel.<\/p>\n\n\n\n<p>Saint Jean avertit clairement :<\/p>\n\n\n\n<blockquote class=\"wp-block-quote is-layout-flow wp-block-quote-is-layout-flow\">\n<p>\u00ab Ils sont sortis de chez nous, mais ils n\u2019\u00e9taient pas des n\u00f4tres \u00bb (1 Jn 2,19).<\/p>\n<\/blockquote>\n\n\n\n<p>Des mouvements comme le gnosticisme, l\u2019arianisme ou le montanisme furent des formes anciennes de ce que nous appelons aujourd\u2019hui des sectes : des groupes qui, <strong>\u00e0 partir d\u2019\u00e9l\u00e9ments chr\u00e9tiens, les ont profond\u00e9ment d\u00e9form\u00e9s<\/strong>.<\/p>\n\n\n\n<p>Au cours de l\u2019histoire, ces d\u00e9viations ont pris de nouvelles formes. \u00c0 l\u2019\u00e9poque moderne et postmoderne, avec la crise de l\u2019autorit\u00e9 et la fragmentation culturelle, les sectes se sont encore davantage multipli\u00e9es, profitant de la confusion spirituelle de l\u2019homme contemporain.<\/p>\n\n\n\n<hr class=\"wp-block-separator has-alpha-channel-opacity\"\/>\n\n\n\n<h2 class=\"wp-block-heading\"><strong>La racine du probl\u00e8me : une blessure dans la v\u00e9rit\u00e9 et dans le c\u0153ur humain<\/strong><\/h2>\n\n\n\n<p>D\u2019un point de vue th\u00e9ologique, les sectes ne sont pas seulement une erreur intellectuelle : elles constituent aussi un drame spirituel.<\/p>\n\n\n\n<p>L\u2019\u00eatre humain a \u00e9t\u00e9 cr\u00e9\u00e9 pour la v\u00e9rit\u00e9. Comme l\u2019a enseign\u00e9 Saint Thomas d&rsquo;Aquin, l\u2019intelligence humaine est naturellement ordonn\u00e9e \u00e0 conna\u00eetre la v\u00e9rit\u00e9, et la volont\u00e9 \u00e0 aimer le bien.<\/p>\n\n\n\n<p>Lorsque cette recherche est d\u00e9vi\u00e9e \u2014 par ignorance, orgueil ou blessure int\u00e9rieure \u2014 l\u2019\u00e2me devient vuln\u00e9rable. Les sectes s\u2019introduisent souvent pr\u00e9cis\u00e9ment l\u00e0 :<\/p>\n\n\n\n<ul class=\"wp-block-list\">\n<li>L\u00e0 o\u00f9 il y a <strong>solitude<\/strong>, elles offrent une appartenance.<\/li>\n\n\n\n<li>L\u00e0 o\u00f9 il y a <strong>confusion<\/strong>, elles offrent des r\u00e9ponses simples.<\/li>\n\n\n\n<li>L\u00e0 o\u00f9 il y a <strong>souffrance<\/strong>, elles offrent un r\u00e9confort imm\u00e9diat.<\/li>\n<\/ul>\n\n\n\n<p>Mais ce r\u00e9confort a souvent un prix : <strong>la perte de la libert\u00e9 int\u00e9rieure<\/strong>.<\/p>\n\n\n\n<hr class=\"wp-block-separator has-alpha-channel-opacity\"\/>\n\n\n\n<h2 class=\"wp-block-heading\"><strong>Comment reconna\u00eetre une secte ? Cl\u00e9s pratiques et spirituelles<\/strong><\/h2>\n\n\n\n<p>Le discernement n\u2019est pas toujours facile. Beaucoup de sectes se pr\u00e9sentent sous une apparence de bien. Rappelons l\u2019avertissement de saint Paul :<\/p>\n\n\n\n<blockquote class=\"wp-block-quote is-layout-flow wp-block-quote-is-layout-flow\">\n<p>\u00ab Satan lui-m\u00eame se d\u00e9guise en ange de lumi\u00e8re \u00bb (2 Co 11,14).<\/p>\n<\/blockquote>\n\n\n\n<p>Voici quelques crit\u00e8res clairs, issus de la th\u00e9ologie et de l\u2019exp\u00e9rience pastorale :<\/p>\n\n\n\n<h3 class=\"wp-block-heading\"><strong>1. Autorit\u00e9 absolue d\u2019un leader<\/strong><\/h3>\n\n\n\n<p>Un signe cl\u00e9 est la pr\u00e9sence d\u2019un leader qui se pr\u00e9sente comme l\u2019unique interpr\u00e8te de la v\u00e9rit\u00e9, incontestable.<\/p>\n\n\n\n<ul class=\"wp-block-list\">\n<li>On lui attribue une autorit\u00e9 presque divine.<\/li>\n\n\n\n<li>L\u2019esprit critique n\u2019est pas permis.<\/li>\n<\/ul>\n\n\n\n<h3 class=\"wp-block-heading\"><strong>2. Manipulation \u00e9motionnelle et psychologique<\/strong><\/h3>\n\n\n\n<p>Les sectes utilisent des techniques de contr\u00f4le :<\/p>\n\n\n\n<ul class=\"wp-block-list\">\n<li>Isolement de la famille et des amis.<\/li>\n\n\n\n<li>Usage de la peur (punitions, damnation).<\/li>\n\n\n\n<li>D\u00e9pendance affective envers le groupe.<\/li>\n<\/ul>\n\n\n\n<h3 class=\"wp-block-heading\"><strong>3. Doctrine d\u00e9form\u00e9e<\/strong><\/h3>\n\n\n\n<p>M\u00eame si elles utilisent un langage chr\u00e9tien :<\/p>\n\n\n\n<ul class=\"wp-block-list\">\n<li>Elles nient des v\u00e9rit\u00e9s essentielles (la Trinit\u00e9, la divinit\u00e9 du Christ, les sacrements).<\/li>\n\n\n\n<li>Elles interpr\u00e8tent l\u2019\u00c9criture en dehors de la Tradition.<\/li>\n<\/ul>\n\n\n\n<h3 class=\"wp-block-heading\"><strong>4. Exclusivisme radical<\/strong><\/h3>\n\n\n\n<p>Elles se pr\u00e9sentent comme <strong>le seul chemin de salut<\/strong> :<\/p>\n\n\n\n<ul class=\"wp-block-list\">\n<li>\u00ab Ici seulement se trouve la v\u00e9rit\u00e9 \u00bb.<\/li>\n\n\n\n<li>\u00ab En dehors de ce groupe, tout est erreur ou condamnation \u00bb.<\/li>\n<\/ul>\n\n\n\n<p>Cela contredit l\u2019enseignement de l\u2019\u00c9glise, qui reconna\u00eet l\u2019action de Dieu au-del\u00e0 de ses fronti\u00e8res visibles, tout en gardant la pl\u00e9nitude de la v\u00e9rit\u00e9.<\/p>\n\n\n\n<h3 class=\"wp-block-heading\"><strong>5. Contr\u00f4le de la vie personnelle<\/strong><\/h3>\n\n\n\n<p>Des d\u00e9cisions quotidiennes aux relations personnelles :<\/p>\n\n\n\n<ul class=\"wp-block-list\">\n<li>Que penser.<\/li>\n\n\n\n<li>Que lire.<\/li>\n\n\n\n<li>Avec qui se relier.<\/li>\n<\/ul>\n\n\n\n<p>Cela porte atteinte \u00e0 la dignit\u00e9 de la personne, cr\u00e9\u00e9e libre par Dieu.<\/p>\n\n\n\n<hr class=\"wp-block-separator has-alpha-channel-opacity\"\/>\n\n\n\n<h2 class=\"wp-block-heading\"><strong>La r\u00e9ponse de l\u2019\u00c9glise : v\u00e9rit\u00e9, libert\u00e9 et charit\u00e9<\/strong><\/h2>\n\n\n\n<p>L\u2019\u00c9glise ne r\u00e9pond pas aux sectes par la peur, mais par <strong>la v\u00e9rit\u00e9 et l\u2019amour<\/strong>.<\/p>\n\n\n\n<p>Comme m\u00e8re et ma\u00eetresse, elle invite tous \u00e0 revenir \u00e0 la pleine communion, non pas en imposant, mais en proposant.<\/p>\n\n\n\n<p>Il est essentiel de se rappeler :<\/p>\n\n\n\n<ul class=\"wp-block-list\">\n<li>La foi catholique <strong>ne supprime pas la raison, elle l\u2019\u00e9l\u00e8ve<\/strong>.<\/li>\n\n\n\n<li>L\u2019\u00c9glise <strong>n\u2019asservit pas, elle lib\u00e8re<\/strong>.<\/li>\n\n\n\n<li>Le Christ n\u2019impose pas, <strong>Il appelle<\/strong>.<\/li>\n<\/ul>\n\n\n\n<blockquote class=\"wp-block-quote is-layout-flow wp-block-quote-is-layout-flow\">\n<p>\u00ab Vous conna\u00eetrez la v\u00e9rit\u00e9, et la v\u00e9rit\u00e9 vous rendra libres \u00bb (Jn 8,32).<\/p>\n<\/blockquote>\n\n\n\n<hr class=\"wp-block-separator has-alpha-channel-opacity\"\/>\n\n\n\n<h2 class=\"wp-block-heading\"><strong>Applications pratiques : comment prot\u00e9ger sa foi et aider les autres<\/strong><\/h2>\n\n\n\n<h3 class=\"wp-block-heading\"><strong>1. Formation solide<\/strong><\/h3>\n\n\n\n<p>Un catholique bien form\u00e9 est difficilement tromp\u00e9.<\/p>\n\n\n\n<ul class=\"wp-block-list\">\n<li>Lire la Sainte \u00c9criture.<\/li>\n\n\n\n<li>\u00c9tudier le Cat\u00e9chisme.<\/li>\n\n\n\n<li>Conna\u00eetre la doctrine.<\/li>\n<\/ul>\n\n\n\n<h3 class=\"wp-block-heading\"><strong>2. Vie sacramentelle<\/strong><\/h3>\n\n\n\n<p>La gr\u00e2ce fortifie l\u2019\u00e2me :<\/p>\n\n\n\n<ul class=\"wp-block-list\">\n<li>Communion fr\u00e9quente.<\/li>\n\n\n\n<li>Confession r\u00e9guli\u00e8re.<\/li>\n\n\n\n<li>Pri\u00e8re quotidienne.<\/li>\n<\/ul>\n\n\n\n<h3 class=\"wp-block-heading\"><strong>3. Communaut\u00e9 authentique<\/strong><\/h3>\n\n\n\n<p>L\u2019\u00c9glise offre une v\u00e9ritable famille spirituelle, sans manipulation ni contr\u00f4le malsain.<\/p>\n\n\n\n<h3 class=\"wp-block-heading\"><strong>4. Accompagnement pastoral<\/strong><\/h3>\n\n\n\n<p>Si vous connaissez quelqu\u2019un pris dans une secte :<\/p>\n\n\n\n<ul class=\"wp-block-list\">\n<li>Ne le jugez pas.<\/li>\n\n\n\n<li>\u00c9coutez-le.<\/li>\n\n\n\n<li>Soyez un pont, pas un mur.<\/li>\n<\/ul>\n\n\n\n<p>L\u2019amour ouvre des portes l\u00e0 o\u00f9 la discussion n\u2019y parvient pas.<\/p>\n\n\n\n<hr class=\"wp-block-separator has-alpha-channel-opacity\"\/>\n\n\n\n<h2 class=\"wp-block-heading\"><strong>Le discernement spirituel : la cl\u00e9 en temps de confusion<\/strong><\/h2>\n\n\n\n<p>Aujourd\u2019hui plus que jamais, nous avons besoin du <strong>discernement<\/strong>, ce don de l\u2019Esprit Saint qui permet de distinguer le vrai du faux.<\/p>\n\n\n\n<p>Comme l\u2019enseignait Saint Ignace de Loyola, le mauvais esprit agit par tromperie, tandis que le bon esprit conduit \u00e0 la paix, \u00e0 la clart\u00e9 et \u00e0 la libert\u00e9.<\/p>\n\n\n\n<p>Demandez-vous toujours :<\/p>\n\n\n\n<ul class=\"wp-block-list\">\n<li>Cela me rapproche-t-il du Christ ou m\u2019en \u00e9loigne-t-il ?<\/li>\n\n\n\n<li>Cela me rend-il plus libre ou plus d\u00e9pendant ?<\/li>\n\n\n\n<li>Cela me conduit-il \u00e0 la v\u00e9rit\u00e9 ou \u00e0 la peur ?<\/li>\n<\/ul>\n\n\n\n<hr class=\"wp-block-separator has-alpha-channel-opacity\"\/>\n\n\n\n<h2 class=\"wp-block-heading\"><strong>Conclusion : Demeurer dans la V\u00e9rit\u00e9 qui lib\u00e8re<\/strong><\/h2>\n\n\n\n<p>Les sectes ne sont pas simplement un ph\u00e9nom\u00e8ne religieux marginal. Elles sont un signe de notre temps : <strong>la faim de Dieu dans un monde qui a perdu son orientation<\/strong>.<\/p>\n\n\n\n<p>Mais cette faim ne peut \u00eatre pleinement rassasi\u00e9e que par Celui qui a dit :<\/p>\n\n\n\n<blockquote class=\"wp-block-quote is-layout-flow wp-block-quote-is-layout-flow\">\n<p>\u00ab Je suis le chemin, la v\u00e9rit\u00e9 et la vie \u00bb (Jn 14,6).<\/p>\n<\/blockquote>\n\n\n\n<p>La r\u00e9ponse n\u2019est pas la peur, mais <strong>la profondeur dans la foi<\/strong>, <strong>la clart\u00e9 dans la doctrine<\/strong> et <strong>la charit\u00e9 dans les relations<\/strong>.<\/p>\n\n\n\n<p>Demeurer dans l\u2019\u00c9glise n\u2019est pas une limitation, mais un don : c\u2019est habiter dans la maison o\u00f9 la v\u00e9rit\u00e9 ne change pas, o\u00f9 la gr\u00e2ce est r\u00e9pandue et o\u00f9 le Christ demeure vivant.<\/p>\n\n\n\n<p>Et au milieu de tant de voix, souvenez-vous toujours de ceci :<\/p>\n\n\n\n<p><strong>Tout ce qui brille n\u2019est pas lumi\u00e8re\u2026 mais la v\u00e9ritable Lumi\u00e8re ne trompe jamais.<\/strong><\/p>\n","protected":false},"excerpt":{"rendered":"<p>Nous vivons \u00e0 une \u00e9poque o\u00f9 la recherche spirituelle a ressurgi avec force. Beaucoup de personnes ressentent un vide int\u00e9rieur, un d\u00e9sir de sens, de v\u00e9rit\u00e9, de transcendance. Et pourtant, au milieu de cette soif l\u00e9gitime, se multiplient des chemins trompeurs qui promettent la lumi\u00e8re\u2026 mais conduisent \u00e0 l\u2019obscurit\u00e9. C\u2019est ici qu\u2019\u00e9merge une question urgente &hellip;<\/p>\n","protected":false},"author":3,"featured_media":5592,"comment_status":"open","ping_status":"closed","sticky":false,"template":"","format":"standard","meta":{"_seopress_robots_primary_cat":"","_seopress_titles_title":"","_seopress_titles_desc":"","_seopress_robots_index":"","footnotes":""},"categories":[54,39],"tags":[1811],"class_list":["post-5591","post","type-post","status-publish","format-standard","has-post-thumbnail","","category-bioethique-et-questions-contemporaines","category-morale-et-vie-chretienne","tag-sectes"],"_links":{"self":[{"href":"https:\/\/catholicus.eu\/fr\/wp-json\/wp\/v2\/posts\/5591","targetHints":{"allow":["GET"]}}],"collection":[{"href":"https:\/\/catholicus.eu\/fr\/wp-json\/wp\/v2\/posts"}],"about":[{"href":"https:\/\/catholicus.eu\/fr\/wp-json\/wp\/v2\/types\/post"}],"author":[{"embeddable":true,"href":"https:\/\/catholicus.eu\/fr\/wp-json\/wp\/v2\/users\/3"}],"replies":[{"embeddable":true,"href":"https:\/\/catholicus.eu\/fr\/wp-json\/wp\/v2\/comments?post=5591"}],"version-history":[{"count":1,"href":"https:\/\/catholicus.eu\/fr\/wp-json\/wp\/v2\/posts\/5591\/revisions"}],"predecessor-version":[{"id":5593,"href":"https:\/\/catholicus.eu\/fr\/wp-json\/wp\/v2\/posts\/5591\/revisions\/5593"}],"wp:featuredmedia":[{"embeddable":true,"href":"https:\/\/catholicus.eu\/fr\/wp-json\/wp\/v2\/media\/5592"}],"wp:attachment":[{"href":"https:\/\/catholicus.eu\/fr\/wp-json\/wp\/v2\/media?parent=5591"}],"wp:term":[{"taxonomy":"category","embeddable":true,"href":"https:\/\/catholicus.eu\/fr\/wp-json\/wp\/v2\/categories?post=5591"},{"taxonomy":"post_tag","embeddable":true,"href":"https:\/\/catholicus.eu\/fr\/wp-json\/wp\/v2\/tags?post=5591"}],"curies":[{"name":"wp","href":"https:\/\/api.w.org\/{rel}","templated":true}]}}