{"id":5588,"date":"2026-03-23T21:24:19","date_gmt":"2026-03-23T20:24:19","guid":{"rendered":"https:\/\/catholicus.eu\/fr\/?p=5588"},"modified":"2026-03-23T21:24:20","modified_gmt":"2026-03-23T20:24:20","slug":"une-supplication-desesperee-et-une-foi-inebranlable-la-femme-cananeenne-qui-a-touche-le-coeur-du-christ","status":"publish","type":"post","link":"https:\/\/catholicus.eu\/fr\/une-supplication-desesperee-et-une-foi-inebranlable-la-femme-cananeenne-qui-a-touche-le-coeur-du-christ\/","title":{"rendered":"Une supplication d\u00e9sesp\u00e9r\u00e9e et une foi in\u00e9branlable : la femme canan\u00e9enne qui a touch\u00e9 le c\u0153ur du Christ"},"content":{"rendered":"\n<p>Dans l\u2019\u00c9vangile, nous trouvons des sc\u00e8nes qui ne se contentent pas de raconter un \u00e9v\u00e9nement, mais qui ouvrent une fen\u00eatre directe sur le myst\u00e8re du c\u0153ur de Dieu. L\u2019une d\u2019elles \u2014 intense, d\u00e9routante et profond\u00e9ment humaine \u2014 est la rencontre entre J\u00e9sus et la femme canan\u00e9enne (cf. Matthieu 15, 21-28).<\/p>\n\n\n\n<p>\u00c0 premi\u00e8re vue, cet \u00e9pisode peut sembler dur. Mais lu attentivement et \u00e0 la lumi\u00e8re de la foi de l\u2019\u00c9glise, il devient l\u2019une des le\u00e7ons les plus puissantes sur la pri\u00e8re, la pers\u00e9v\u00e9rance et la mis\u00e9ricorde divine.<\/p>\n\n\n\n<p>Ce passage n\u2019est pas seulement une histoire : c\u2019est un miroir dans lequel chaque chr\u00e9tien peut se reconna\u00eetre.<\/p>\n\n\n\n<hr class=\"wp-block-separator has-alpha-channel-opacity\"\/>\n\n\n\n<h2 class=\"wp-block-heading\">1. Le r\u00e9cit : une m\u00e8re, un cri et un silence d\u00e9concertant<\/h2>\n\n\n\n<p>L\u2019\u00c9vangile nous situe en territoire pa\u00efen, hors d\u2019Isra\u00ebl. L\u00e0 appara\u00eet une femme canan\u00e9enne \u2014 \u00e9trang\u00e8re, exclue religieusement \u2014 qui crie dans sa souffrance :<\/p>\n\n\n\n<blockquote class=\"wp-block-quote is-layout-flow wp-block-quote-is-layout-flow\">\n<p>\u00ab Aie piti\u00e9 de moi, Seigneur, Fils de David ! Ma fille est cruellement tourment\u00e9e par un d\u00e9mon. \u00bb (Mt 15, 22)<\/p>\n<\/blockquote>\n\n\n\n<p>D\u00e8s le d\u00e9but, quelque chose de profond\u00e9ment r\u00e9v\u00e9lateur appara\u00eet :<br>cette femme reconna\u00eet en J\u00e9sus le Messie (\u00ab Fils de David \u00bb), ce que beaucoup en Isra\u00ebl n\u2019avaient pas encore fait.<\/p>\n\n\n\n<p>Mais alors, il se passe quelque chose d\u2019inattendu :<\/p>\n\n\n\n<blockquote class=\"wp-block-quote is-layout-flow wp-block-quote-is-layout-flow\">\n<p>\u00ab Il ne lui r\u00e9pondit pas un mot. \u00bb<\/p>\n<\/blockquote>\n\n\n\n<p>Silence.<br>Un silence qui fait mal.<br>Un silence que beaucoup de croyants ont d\u00e9j\u00e0 exp\u00e9riment\u00e9.<\/p>\n\n\n\n<p>Les disciples, g\u00ean\u00e9s, demandent \u00e0 J\u00e9sus de la renvoyer. Et il r\u00e9pond par une phrase qui semble fermer toute esp\u00e9rance :<\/p>\n\n\n\n<blockquote class=\"wp-block-quote is-layout-flow wp-block-quote-is-layout-flow\">\n<p>\u00ab Je n\u2019ai \u00e9t\u00e9 envoy\u00e9 qu\u2019aux brebis perdues de la maison d\u2019Isra\u00ebl. \u00bb<\/p>\n<\/blockquote>\n\n\n\n<p>Cependant, la femme ne renonce pas. Elle s\u2019approche, se prosterne et supplie :<\/p>\n\n\n\n<blockquote class=\"wp-block-quote is-layout-flow wp-block-quote-is-layout-flow\">\n<p>\u00ab Seigneur, viens \u00e0 mon secours ! \u00bb<\/p>\n<\/blockquote>\n\n\n\n<p>Puis vient la r\u00e9ponse la plus d\u00e9routante :<\/p>\n\n\n\n<blockquote class=\"wp-block-quote is-layout-flow wp-block-quote-is-layout-flow\">\n<p>\u00ab Il n\u2019est pas bien de prendre le pain des enfants pour le jeter aux petits chiens. \u00bb<\/p>\n<\/blockquote>\n\n\n\n<p>Mais c\u2019est ici que le miracle a lieu avant le miracle.<\/p>\n\n\n\n<hr class=\"wp-block-separator has-alpha-channel-opacity\"\/>\n\n\n\n<h2 class=\"wp-block-heading\">2. Le moment d\u00e9cisif : une foi qui ne se scandalise pas<\/h2>\n\n\n\n<p>Loin de se scandaliser, de s\u2019offenser ou de partir, la femme r\u00e9pond avec une humilit\u00e9 et une intelligence spirituelle extraordinaires :<\/p>\n\n\n\n<blockquote class=\"wp-block-quote is-layout-flow wp-block-quote-is-layout-flow\">\n<p>\u00ab Oui, Seigneur ; mais les petits chiens mangent les miettes qui tombent de la table de leurs ma\u00eetres. \u00bb<\/p>\n<\/blockquote>\n\n\n\n<p>Cette phrase est un v\u00e9ritable joyau th\u00e9ologique.<\/p>\n\n\n\n<p>Pourquoi ?<\/p>\n\n\n\n<p>Parce qu\u2019elle unit trois attitudes essentielles de la foi authentique :<\/p>\n\n\n\n<h3 class=\"wp-block-heading\">1. Humilit\u00e9 radicale<\/h3>\n\n\n\n<p>Elle ne revendique aucun droit. Elle ne se consid\u00e8re pas digne.<br>Elle accepte sa petitesse\u2026 mais ne doute pas de la bont\u00e9 de Dieu.<\/p>\n\n\n\n<h3 class=\"wp-block-heading\">2. Confiance totale<\/h3>\n\n\n\n<p>Elle croit qu\u2019une simple \u00ab miette \u00bb du Christ suffit \u00e0 transformer sa r\u00e9alit\u00e9.<\/p>\n\n\n\n<h3 class=\"wp-block-heading\">3. Pers\u00e9v\u00e9rance invincible<\/h3>\n\n\n\n<p>Elle ne renonce pas, m\u00eame lorsque tout semble ferm\u00e9.<\/p>\n\n\n\n<p>Alors J\u00e9sus r\u00e9v\u00e8le le sens de tout ce dialogue :<\/p>\n\n\n\n<blockquote class=\"wp-block-quote is-layout-flow wp-block-quote-is-layout-flow\">\n<p>\u00ab Femme, ta foi est grande ! Que tout se passe pour toi comme tu le veux. \u00bb<\/p>\n<\/blockquote>\n\n\n\n<p>Et sa fille fut gu\u00e9rie \u00e0 l\u2019instant m\u00eame.<\/p>\n\n\n\n<hr class=\"wp-block-separator has-alpha-channel-opacity\"\/>\n\n\n\n<h2 class=\"wp-block-heading\">3. Cl\u00e9 th\u00e9ologique : pourquoi J\u00e9sus agit-il ainsi ?<\/h2>\n\n\n\n<p>Ce passage a fait l\u2019objet d\u2019une profonde r\u00e9flexion dans la tradition de l\u2019\u00c9glise. Il ne s\u2019agit pas d\u2019un v\u00e9ritable rejet, mais d\u2019une p\u00e9dagogie divine.<\/p>\n\n\n\n<h3 class=\"wp-block-heading\">a) Une foi \u00e9prouv\u00e9e, non refus\u00e9e<\/h3>\n\n\n\n<p>Dieu met \u00e0 l\u2019\u00e9preuve non pour humilier, mais pour purifier et \u00e9lever.<br>Comme l\u2019or dans la fournaise, la foi grandit dans l\u2019\u00e9preuve.<\/p>\n\n\n\n<h3 class=\"wp-block-heading\">b) Une annonce de l\u2019universalit\u00e9 du salut<\/h3>\n\n\n\n<p>J\u00e9sus commence sa mission en Isra\u00ebl, mais cet \u00e9pisode annonce quelque chose d\u2019immense :<br>le salut est pour tous, m\u00eame pour ceux qui sont \u00ab loin \u00bb.<\/p>\n\n\n\n<p>La femme canan\u00e9enne repr\u00e9sente les pa\u00efens\u2026 et, d\u2019une certaine mani\u00e8re, chacun de nous.<\/p>\n\n\n\n<h3 class=\"wp-block-heading\">c) La pri\u00e8re pers\u00e9v\u00e9rante<\/h3>\n\n\n\n<p>Ce passage est li\u00e9 \u00e0 d\u2019autres enseignements du Christ :<\/p>\n\n\n\n<ul class=\"wp-block-list\">\n<li>La veuve insistante (Lc 18, 1-8)<\/li>\n\n\n\n<li>L\u2019ami importun (Lc 11, 5-8)<\/li>\n<\/ul>\n\n\n\n<p>Dieu veut que nous pers\u00e9v\u00e9rions, non pas parce qu\u2019il n\u2019\u00e9coute pas, mais parce qu\u2019il d\u00e9sire une relation vivante, confiante et pers\u00e9v\u00e9rante.<\/p>\n\n\n\n<hr class=\"wp-block-separator has-alpha-channel-opacity\"\/>\n\n\n\n<h2 class=\"wp-block-heading\">4. Application spirituelle : quand Dieu semble se taire<\/h2>\n\n\n\n<p>Cet \u00e9pisode touche une exp\u00e9rience tr\u00e8s actuelle.<\/p>\n\n\n\n<p>Combien de fois avons-nous pri\u00e9\u2026 sans voir de r\u00e9ponse ?<br>Combien de fois avons-nous ressenti le \u00ab silence de Dieu \u00bb ?<\/p>\n\n\n\n<p>La femme canan\u00e9enne nous enseigne comment vivre ces moments.<\/p>\n\n\n\n<h3 class=\"wp-block-heading\">1. Ne pas interpr\u00e9ter le silence comme un abandon<\/h3>\n\n\n\n<p>Le silence de Dieu n\u2019est pas une absence.<br>Il est souvent une forme plus profonde de pr\u00e9sence.<\/p>\n\n\n\n<p>Dieu agit m\u00eame lorsque nous ne le percevons pas.<\/p>\n\n\n\n<h3 class=\"wp-block-heading\">2. Pers\u00e9v\u00e9rer quand tout pousse \u00e0 abandonner<\/h3>\n\n\n\n<p>La foi m\u00fbre n\u2019est pas celle qui croit seulement lorsqu\u2019elle voit des r\u00e9sultats,<br>mais celle qui demeure lorsqu\u2019elle n\u2019en voit pas.<\/p>\n\n\n\n<h3 class=\"wp-block-heading\">3. Prier avec humilit\u00e9, non avec exigence<\/h3>\n\n\n\n<p>Nous vivons dans une culture des droits, mais la vie spirituelle se construit \u00e0 partir du don.<\/p>\n\n\n\n<p>Nous ne \u00ab m\u00e9ritons \u00bb pas la gr\u00e2ce\u2026 nous la recevons.<\/p>\n\n\n\n<h3 class=\"wp-block-heading\">4. Croire qu\u2019une \u00ab miette \u00bb suffit<\/h3>\n\n\n\n<p>Un petit geste de Dieu peut transformer compl\u00e8tement une vie.<\/p>\n\n\n\n<p>Nous n\u2019avons pas besoin que tout soit r\u00e9solu, mais de sa gr\u00e2ce \u00e0 l\u2019\u0153uvre.<\/p>\n\n\n\n<hr class=\"wp-block-separator has-alpha-channel-opacity\"\/>\n\n\n\n<h2 class=\"wp-block-heading\">5. Une le\u00e7on pour notre temps<\/h2>\n\n\n\n<p>Dans une soci\u00e9t\u00e9 marqu\u00e9e par l\u2019imm\u00e9diatet\u00e9, la frustration et l\u2019abandon rapide de ce qui ne fonctionne pas, la femme canan\u00e9enne nous offre une v\u00e9ritable contre-culture spirituelle :<\/p>\n\n\n\n<ul class=\"wp-block-list\">\n<li>Face \u00e0 la pr\u00e9cipitation \u2192 pers\u00e9v\u00e9rance<\/li>\n\n\n\n<li>Face \u00e0 l\u2019orgueil \u2192 humilit\u00e9<\/li>\n\n\n\n<li>Face au d\u00e9sespoir \u2192 confiance<\/li>\n<\/ul>\n\n\n\n<p>Aujourd\u2019hui, beaucoup abandonnent la pri\u00e8re parce qu\u2019ils \u00ab ne ressentent rien \u00bb ou \u00ab ne voient pas de r\u00e9sultats \u00bb.<\/p>\n\n\n\n<p>Mais la foi n\u2019est pas un contrat de r\u00e9sultats, c\u2019est une relation d\u2019amour.<\/p>\n\n\n\n<hr class=\"wp-block-separator has-alpha-channel-opacity\"\/>\n\n\n\n<h2 class=\"wp-block-heading\">6. Dimension pastorale : comment vivre cet enseignement aujourd\u2019hui<\/h2>\n\n\n\n<p>Voici quelques pratiques concr\u00e8tes pour incarner cet \u00c9vangile :<\/p>\n\n\n\n<h3 class=\"wp-block-heading\">\ud83d\udd39 1. Garder une intention pr\u00e9cise dans la pri\u00e8re<\/h3>\n\n\n\n<p>Comme la femme canan\u00e9enne, pr\u00e9sente \u00e0 Dieu un besoin concret (le tien ou celui d\u2019un proche) et pers\u00e9v\u00e8re dans cette demande.<\/p>\n\n\n\n<h3 class=\"wp-block-heading\">\ud83d\udd39 2. \u00c9tablir un temps quotidien de pri\u00e8re, m\u00eame si tu \u00ab ne ressens rien \u00bb<\/h3>\n\n\n\n<p>La fid\u00e9lit\u00e9 vaut plus que l\u2019\u00e9motion.<\/p>\n\n\n\n<h3 class=\"wp-block-heading\">\ud83d\udd39 3. R\u00e9p\u00e9ter une courte pri\u00e8re<\/h3>\n\n\n\n<p>Par exemple :<br>\u00ab Seigneur, prends piti\u00e9 de moi \u00bb<br>\u00ab J\u00e9sus, j\u2019ai confiance en Toi \u00bb<\/p>\n\n\n\n<h3 class=\"wp-block-heading\">\ud83d\udd39 4. Accueillir le temps de Dieu<\/h3>\n\n\n\n<p>Tout n\u2019arrive pas quand nous le voulons, mais tout arrive quand cela est bon pour notre salut.<\/p>\n\n\n\n<h3 class=\"wp-block-heading\">\ud83d\udd39 5. Apprendre \u00e0 voir les \u00ab miettes \u00bb<\/h3>\n\n\n\n<p>Remercie pour les petits signes de gr\u00e2ce : une paix int\u00e9rieure, une aide inattendue, une lumi\u00e8re au milieu de la confusion.<\/p>\n\n\n\n<hr class=\"wp-block-separator has-alpha-channel-opacity\"\/>\n\n\n\n<h2 class=\"wp-block-heading\">7. Une foi qui touche le c\u0153ur du Christ<\/h2>\n\n\n\n<p>L\u2019\u00c9vangile ne dit pas souvent que J\u00e9sus loue la foi\u2026 mais ici, oui :<\/p>\n\n\n\n<blockquote class=\"wp-block-quote is-layout-flow wp-block-quote-is-layout-flow\">\n<p>\u00ab Ta foi est grande ! \u00bb<\/p>\n<\/blockquote>\n\n\n\n<p>Ce n\u2019est pas la foi d\u2019un ap\u00f4tre, ni d\u2019un savant, ni d\u2019un chef religieux.<br>C\u2019est la foi d\u2019une m\u00e8re \u00e9trang\u00e8re, bless\u00e9e, d\u00e9sesp\u00e9r\u00e9e\u2026 mais confiante.<\/p>\n\n\n\n<p>C\u2019est profond\u00e9ment plein d\u2019esp\u00e9rance.<\/p>\n\n\n\n<p>Car cela signifie que tu n\u2019as pas besoin d\u2019\u00eatre parfait pour atteindre Dieu.<br>Il te suffit de ne pas abandonner.<\/p>\n\n\n\n<hr class=\"wp-block-separator has-alpha-channel-opacity\"\/>\n\n\n\n<h2 class=\"wp-block-heading\">Conclusion : ton histoire peut \u00eatre comme la sienne<\/h2>\n\n\n\n<p>\u00c0 un moment ou \u00e0 un autre, nous sommes tous cette femme :<\/p>\n\n\n\n<ul class=\"wp-block-list\">\n<li>Quand nous prions pour un enfant, un proche ou une situation impossible<\/li>\n\n\n\n<li>Quand nous avons l\u2019impression que Dieu ne r\u00e9pond pas<\/li>\n\n\n\n<li>Quand tout semble ferm\u00e9<\/li>\n<\/ul>\n\n\n\n<p>Mais cet \u00c9vangile nous laisse une certitude ferme :<\/p>\n\n\n\n<p><strong>La foi pers\u00e9v\u00e9rante ne reste jamais sans r\u00e9ponse.<\/strong><\/p>\n\n\n\n<p>Peut-\u00eatre pas toujours comme nous l\u2019attendons.<br>Peut-\u00eatre pas au moment que nous d\u00e9sirons.<br>Mais toujours au moment juste et pour notre bien.<\/p>\n\n\n\n<p>Aujourd\u2019hui, le Christ continue de chercher cette foi.<br>Cette foi qui ne se scandalise pas.<br>Cette foi qui insiste.<br>Cette foi qui, m\u00eame dans la pauvret\u00e9, ose dire :<\/p>\n\n\n\n<p><strong>\u00ab Seigneur, m\u00eame si ce n\u2019est qu\u2019une miette\u2026 cela me suffit. \u00bb<\/strong><\/p>\n","protected":false},"excerpt":{"rendered":"<p>Dans l\u2019\u00c9vangile, nous trouvons des sc\u00e8nes qui ne se contentent pas de raconter un \u00e9v\u00e9nement, mais qui ouvrent une fen\u00eatre directe sur le myst\u00e8re du c\u0153ur de Dieu. L\u2019une d\u2019elles \u2014 intense, d\u00e9routante et profond\u00e9ment humaine \u2014 est la rencontre entre J\u00e9sus et la femme canan\u00e9enne (cf. Matthieu 15, 21-28). \u00c0 premi\u00e8re vue, cet \u00e9pisode &hellip;<\/p>\n","protected":false},"author":3,"featured_media":5589,"comment_status":"open","ping_status":"closed","sticky":false,"template":"","format":"standard","meta":{"_seopress_robots_primary_cat":"","_seopress_titles_title":"","_seopress_titles_desc":"","_seopress_robots_index":"","footnotes":""},"categories":[37,45],"tags":[1810],"class_list":["post-5588","post","type-post","status-publish","format-standard","has-post-thumbnail","","category-doctrine-et-foi","category-saintes-ecritures","tag-femme-cananeenne"],"_links":{"self":[{"href":"https:\/\/catholicus.eu\/fr\/wp-json\/wp\/v2\/posts\/5588","targetHints":{"allow":["GET"]}}],"collection":[{"href":"https:\/\/catholicus.eu\/fr\/wp-json\/wp\/v2\/posts"}],"about":[{"href":"https:\/\/catholicus.eu\/fr\/wp-json\/wp\/v2\/types\/post"}],"author":[{"embeddable":true,"href":"https:\/\/catholicus.eu\/fr\/wp-json\/wp\/v2\/users\/3"}],"replies":[{"embeddable":true,"href":"https:\/\/catholicus.eu\/fr\/wp-json\/wp\/v2\/comments?post=5588"}],"version-history":[{"count":1,"href":"https:\/\/catholicus.eu\/fr\/wp-json\/wp\/v2\/posts\/5588\/revisions"}],"predecessor-version":[{"id":5590,"href":"https:\/\/catholicus.eu\/fr\/wp-json\/wp\/v2\/posts\/5588\/revisions\/5590"}],"wp:featuredmedia":[{"embeddable":true,"href":"https:\/\/catholicus.eu\/fr\/wp-json\/wp\/v2\/media\/5589"}],"wp:attachment":[{"href":"https:\/\/catholicus.eu\/fr\/wp-json\/wp\/v2\/media?parent=5588"}],"wp:term":[{"taxonomy":"category","embeddable":true,"href":"https:\/\/catholicus.eu\/fr\/wp-json\/wp\/v2\/categories?post=5588"},{"taxonomy":"post_tag","embeddable":true,"href":"https:\/\/catholicus.eu\/fr\/wp-json\/wp\/v2\/tags?post=5588"}],"curies":[{"name":"wp","href":"https:\/\/api.w.org\/{rel}","templated":true}]}}