{"id":5585,"date":"2026-03-23T20:57:24","date_gmt":"2026-03-23T19:57:24","guid":{"rendered":"https:\/\/catholicus.eu\/fr\/?p=5585"},"modified":"2026-03-23T20:57:25","modified_gmt":"2026-03-23T19:57:25","slug":"la-loi-morale-naturelle-et-la-loi-divine-quand-la-philosophie-soutient-lethique-chretienne","status":"publish","type":"post","link":"https:\/\/catholicus.eu\/fr\/la-loi-morale-naturelle-et-la-loi-divine-quand-la-philosophie-soutient-lethique-chretienne\/","title":{"rendered":"La Loi Morale Naturelle et la Loi Divine : Quand la Philosophie Soutient l\u2019\u00c9thique Chr\u00e9tienne"},"content":{"rendered":"\n<p>Dans un monde o\u00f9 tout semble relatif, o\u00f9 le bien et le mal sont constamment red\u00e9finis selon l\u2019opinion dominante, une question fondamentale surgit : <strong>existe-t-il un bien objectif ? Existe-t-il une v\u00e9rit\u00e9 morale qui ne d\u00e9pende ni des modes ni des sentiments ?<\/strong><\/p>\n\n\n\n<p>La tradition chr\u00e9tienne, en profonde harmonie avec la philosophie classique, r\u00e9pond avec clart\u00e9 : <strong>oui<\/strong>. Il existe une loi inscrite dans le c\u0153ur de l\u2019homme \u2014 la <em>loi naturelle<\/em> \u2014 qui trouve son accomplissement dans la <strong>loi divine r\u00e9v\u00e9l\u00e9e par Dieu<\/strong>.<\/p>\n\n\n\n<p>Cet article veut \u00eatre un guide pour comprendre, avec profondeur mais de mani\u00e8re accessible, comment la philosophie et la th\u00e9ologie convergent vers une m\u00eame v\u00e9rit\u00e9 : <strong>la morale chr\u00e9tienne n\u2019est pas une imposition arbitraire, mais l\u2019expression la plus pleine de ce que signifie \u00eatre v\u00e9ritablement humain<\/strong>.<\/p>\n\n\n\n<hr class=\"wp-block-separator has-alpha-channel-opacity\"\/>\n\n\n\n<h2 class=\"wp-block-heading\">1. Qu\u2019est-ce que la loi naturelle ? Une boussole inscrite dans l\u2019\u00e2me<\/h2>\n\n\n\n<p>La <strong>loi naturelle<\/strong> est l\u2019un des concepts les plus importants \u2014 et souvent les plus oubli\u00e9s \u2014 de la tradition chr\u00e9tienne.<\/p>\n\n\n\n<p>C\u2019est une id\u00e9e simple mais profonde :<br>\ud83d\udc49 <strong>Dieu a inscrit dans le c\u0153ur de l\u2019homme une capacit\u00e9 naturelle \u00e0 reconna\u00eetre le bien et le mal.<\/strong><\/p>\n\n\n\n<p>Il n\u2019est pas n\u00e9cessaire d\u2019\u00eatre croyant pour comprendre, par exemple :<\/p>\n\n\n\n<ul class=\"wp-block-list\">\n<li>que tuer est mauvais<\/li>\n\n\n\n<li>que mentir d\u00e9truit la confiance<\/li>\n\n\n\n<li>qu\u2019aimer et prendre soin est bon<\/li>\n<\/ul>\n\n\n\n<p>Cette intuition universelle n\u2019est pas le fruit du hasard. Elle refl\u00e8te une loi int\u00e9rieure.<\/p>\n\n\n\n<p>Le grand th\u00e9ologien Santo Tom\u00e1s de Aquino l\u2019a expliqu\u00e9 avec une clart\u00e9 lumineuse :<\/p>\n\n\n\n<blockquote class=\"wp-block-quote is-layout-flow wp-block-quote-is-layout-flow\">\n<p>\u00ab La loi naturelle est la participation de la loi \u00e9ternelle dans la cr\u00e9ature rationnelle. \u00bb<\/p>\n<\/blockquote>\n\n\n\n<p>Autrement dit, <strong>l\u2019homme participe \u00e0 l\u2019ordre divin par sa raison<\/strong>.<\/p>\n\n\n\n<h3 class=\"wp-block-heading\">Caract\u00e9ristiques de la loi naturelle<\/h3>\n\n\n\n<ul class=\"wp-block-list\">\n<li>Elle est <strong>universelle<\/strong> (elle vaut pour tous les hommes)<\/li>\n\n\n\n<li>Elle est <strong>immuable<\/strong> (elle ne change pas avec le temps)<\/li>\n\n\n\n<li>Elle est <strong>accessible \u00e0 la raison<\/strong> (elle ne d\u00e9pend pas de la foi pour \u00eatre connue)<\/li>\n<\/ul>\n\n\n\n<p>Et pourtant, bien que tous la per\u00e7oivent, tous ne la suivent pas. Pourquoi ?<\/p>\n\n\n\n<p>Parce que l\u2019homme est bless\u00e9 par le p\u00e9ch\u00e9, et son intelligence peut \u00eatre obscurcie.<\/p>\n\n\n\n<hr class=\"wp-block-separator has-alpha-channel-opacity\"\/>\n\n\n\n<h2 class=\"wp-block-heading\">2. La loi divine : quand Dieu parle directement \u00e0 l\u2019homme<\/h2>\n\n\n\n<p>Si la loi naturelle est comme une boussole int\u00e9rieure, la <strong>loi divine<\/strong> est comme une carte d\u00e9taill\u00e9e donn\u00e9e par Dieu.<\/p>\n\n\n\n<p>Dieu ne s\u2019est pas limit\u00e9 \u00e0 nous laisser avec notre seule raison. Il a voulu <strong>se r\u00e9v\u00e9ler<\/strong>, nous montrer clairement le chemin vers une vie accomplie.<\/p>\n\n\n\n<p>Cette loi divine se manifeste principalement dans :<\/p>\n\n\n\n<ul class=\"wp-block-list\">\n<li>Les <strong>Dix Commandements<\/strong><\/li>\n\n\n\n<li>L\u2019enseignement de J\u00e9sus-Christ<\/li>\n\n\n\n<li>La Tradition de l\u2019\u00c9glise<\/li>\n<\/ul>\n\n\n\n<p>Selon les paroles de l\u2019\u00c9criture :<\/p>\n\n\n\n<blockquote class=\"wp-block-quote is-layout-flow wp-block-quote-is-layout-flow\">\n<p>\u00ab Ta parole est une lampe pour mes pas, une lumi\u00e8re sur ma route. \u00bb (Psaume 119,105)<\/p>\n<\/blockquote>\n\n\n\n<p>Nous trouvons ici une cl\u00e9 essentielle :<br>\ud83d\udc49 <strong>La loi divine ne remplace pas la loi naturelle ; elle l\u2019\u00e9claire et la perfectionne.<\/strong><\/p>\n\n\n\n<hr class=\"wp-block-separator has-alpha-channel-opacity\"\/>\n\n\n\n<h2 class=\"wp-block-heading\">3. Philosophie et foi : une alliance, non un conflit<\/h2>\n\n\n\n<p>Aujourd\u2019hui, la foi et la raison sont souvent pr\u00e9sent\u00e9es comme ennemies. Mais dans la tradition chr\u00e9tienne, c\u2019est tout le contraire.<\/p>\n\n\n\n<p>La philosophie \u2014 en particulier celle d\u2019inspiration aristot\u00e9licienne \u2014 a \u00e9t\u00e9 un instrument fondamental pour comprendre la morale chr\u00e9tienne.<\/p>\n\n\n\n<p>Santo Tom\u00e1s de Aquino lui-m\u00eame a r\u00e9alis\u00e9 une synth\u00e8se extraordinaire entre :<\/p>\n\n\n\n<ul class=\"wp-block-list\">\n<li>La raison (philosophie)<\/li>\n\n\n\n<li>La foi (th\u00e9ologie)<\/li>\n<\/ul>\n\n\n\n<p>Gr\u00e2ce \u00e0 cette int\u00e9gration, nous comprenons que :<\/p>\n\n\n\n<ul class=\"wp-block-list\">\n<li>La morale chr\u00e9tienne n\u2019est <strong>pas irrationnelle<\/strong><\/li>\n\n\n\n<li>Elle n\u2019est pas non plus une liste de r\u00e8gles arbitraires<\/li>\n\n\n\n<li>Elle est une <strong>r\u00e9ponse coh\u00e9rente \u00e0 la nature humaine<\/strong><\/li>\n<\/ul>\n\n\n\n<p>\ud83d\udc49 <strong>Dieu ne commande rien d\u2019absurde. Il nous appelle \u00e0 vivre selon ce que nous sommes.<\/strong><\/p>\n\n\n\n<hr class=\"wp-block-separator has-alpha-channel-opacity\"\/>\n\n\n\n<h2 class=\"wp-block-heading\">4. La crise actuelle : quand la loi naturelle est oubli\u00e9e<\/h2>\n\n\n\n<p>L\u2019un des grands drames de notre \u00e9poque est l\u2019oubli de la loi naturelle.<\/p>\n\n\n\n<p>Lorsque l\u2019existence d\u2019une v\u00e9rit\u00e9 morale objective est ni\u00e9e :<\/p>\n\n\n\n<ul class=\"wp-block-list\">\n<li>Tout devient relatif<\/li>\n\n\n\n<li>Le bien d\u00e9pend de l\u2019opinion<\/li>\n\n\n\n<li>La libert\u00e9 est confondue avec le fait de faire ce que l\u2019on veut<\/li>\n<\/ul>\n\n\n\n<p>Cela a des cons\u00e9quences tr\u00e8s concr\u00e8tes :<\/p>\n\n\n\n<ul class=\"wp-block-list\">\n<li>Crise de la famille<\/li>\n\n\n\n<li>Confusion sur l\u2019identit\u00e9 humaine<\/li>\n\n\n\n<li>Culture du rejet<\/li>\n\n\n\n<li>Perte du sens du sacrifice<\/li>\n<\/ul>\n\n\n\n<p>Sans fondement objectif, l\u2019\u00e9thique devient fragile.<\/p>\n\n\n\n<p>Et ici appara\u00eet un paradoxe moderne :<br>\ud83d\udc49 On parle beaucoup de droits, mais on a oubli\u00e9 le fondement des devoirs.<\/p>\n\n\n\n<hr class=\"wp-block-separator has-alpha-channel-opacity\"\/>\n\n\n\n<h2 class=\"wp-block-heading\">5. J\u00e9sus-Christ : accomplissement de la loi<\/h2>\n\n\n\n<p>La loi divine atteint son expression la plus pleine dans la personne de Jesucristo.<\/p>\n\n\n\n<p>Il n\u2019est pas venu abolir la loi, mais l\u2019accomplir :<\/p>\n\n\n\n<blockquote class=\"wp-block-quote is-layout-flow wp-block-quote-is-layout-flow\">\n<p>\u00ab Je ne suis pas venu abolir la loi, mais l\u2019accomplir. \u00bb (Matthieu 5,17)<\/p>\n<\/blockquote>\n\n\n\n<p>Qu\u2019est-ce que cela signifie ?<\/p>\n\n\n\n<p>Que la morale chr\u00e9tienne ne se limite pas \u00e0 des r\u00e8gles ext\u00e9rieures.<br>Elle touche le c\u0153ur.<\/p>\n\n\n\n<p>J\u00e9sus nous r\u00e9v\u00e8le que :<\/p>\n\n\n\n<ul class=\"wp-block-list\">\n<li>Il ne suffit pas de ne pas tuer \u2192 il faut aimer<\/li>\n\n\n\n<li>Il ne suffit pas de ne pas mentir \u2192 il faut vivre dans la v\u00e9rit\u00e9<\/li>\n\n\n\n<li>Il ne suffit pas d\u2019ob\u00e9ir \u2192 il faut se donner<\/li>\n<\/ul>\n\n\n\n<p>\ud83d\udc49 <strong>La loi se transforme en amour.<\/strong><\/p>\n\n\n\n<hr class=\"wp-block-separator has-alpha-channel-opacity\"\/>\n\n\n\n<h2 class=\"wp-block-heading\">6. Applications pratiques : vivre aujourd\u2019hui la loi naturelle et divine<\/h2>\n\n\n\n<p>Tout cela peut sembler tr\u00e8s th\u00e9orique, mais a une application immense dans la vie quotidienne.<\/p>\n\n\n\n<h3 class=\"wp-block-heading\">1. Former la conscience<\/h3>\n\n\n\n<p>La conscience n\u2019est pas \u00ab ce que je ressens \u00bb, mais :<br>\ud83d\udc49 <strong>la capacit\u00e9 de juger correctement selon la v\u00e9rit\u00e9<\/strong><\/p>\n\n\n\n<p>Comment la former ?<\/p>\n\n\n\n<ul class=\"wp-block-list\">\n<li>En \u00e9tudiant la doctrine chr\u00e9tienne<\/li>\n\n\n\n<li>En lisant l\u2019\u00c9criture<\/li>\n\n\n\n<li>En recherchant une direction spirituelle<\/li>\n<\/ul>\n\n\n\n<hr class=\"wp-block-separator has-alpha-channel-opacity\"\/>\n\n\n\n<h3 class=\"wp-block-heading\">2. Retrouver le sens du bien objectif<\/h3>\n\n\n\n<p>Dans les d\u00e9cisions concr\u00e8tes :<\/p>\n\n\n\n<ul class=\"wp-block-list\">\n<li>Au travail<\/li>\n\n\n\n<li>Dans la famille<\/li>\n\n\n\n<li>Dans l\u2019usage de la technologie<\/li>\n\n\n\n<li>Dans la vie affective<\/li>\n<\/ul>\n\n\n\n<p>Se demander :<br>\ud83d\udc49 <em>Est-ce que cela est bon en soi, ou cela me semble-t-il simplement pratique ?<\/em><\/p>\n\n\n\n<hr class=\"wp-block-separator has-alpha-channel-opacity\"\/>\n\n\n\n<h3 class=\"wp-block-heading\">3. Vivre la libert\u00e9 comme responsabilit\u00e9<\/h3>\n\n\n\n<p>La v\u00e9ritable libert\u00e9 n\u2019est pas de faire ce que je veux, mais :<br>\ud83d\udc49 <strong>faire le bien avec connaissance et volont\u00e9<\/strong><\/p>\n\n\n\n<p>Cela implique :<\/p>\n\n\n\n<ul class=\"wp-block-list\">\n<li>Ma\u00eetrise de soi<\/li>\n\n\n\n<li>Sacrifice<\/li>\n\n\n\n<li>Coh\u00e9rence<\/li>\n<\/ul>\n\n\n\n<hr class=\"wp-block-separator has-alpha-channel-opacity\"\/>\n\n\n\n<h3 class=\"wp-block-heading\">4. T\u00e9moigner dans une culture relativiste<\/h3>\n\n\n\n<p>Aujourd\u2019hui plus que jamais, le chr\u00e9tien est appel\u00e9 \u00e0 \u00eatre :<\/p>\n\n\n\n<ul class=\"wp-block-list\">\n<li>Lumi\u00e8re<\/li>\n\n\n\n<li>R\u00e9f\u00e9rence morale<\/li>\n\n\n\n<li>T\u00e9moin de la v\u00e9rit\u00e9<\/li>\n<\/ul>\n\n\n\n<p>Non pas par l\u2019imposition, mais par la coh\u00e9rence de vie.<\/p>\n\n\n\n<hr class=\"wp-block-separator has-alpha-channel-opacity\"\/>\n\n\n\n<h2 class=\"wp-block-heading\">7. Une cl\u00e9 spirituelle : la loi \u00e9crite dans le c\u0153ur<\/h2>\n\n\n\n<p>Il existe une v\u00e9rit\u00e9 profond\u00e9ment consolante :<\/p>\n\n\n\n<p>\ud83d\udc49 <strong>Dieu ne nous demande rien qu\u2019il n\u2019ait d\u2019abord plac\u00e9 en nous.<\/strong><\/p>\n\n\n\n<p>La loi naturelle est cette empreinte divine dans l\u2019\u00e2me.<br>La loi divine est sa voix qui la confirme.<br>La gr\u00e2ce est la force pour la vivre.<\/p>\n\n\n\n<p>Saint Paul l\u2019exprime avec profondeur :<\/p>\n\n\n\n<blockquote class=\"wp-block-quote is-layout-flow wp-block-quote-is-layout-flow\">\n<p>\u00ab La loi est \u00e9crite dans leurs c\u0153urs \u00bb (Romains 2,15)<\/p>\n<\/blockquote>\n\n\n\n<hr class=\"wp-block-separator has-alpha-channel-opacity\"\/>\n\n\n\n<h2 class=\"wp-block-heading\">Conclusion : revenir \u00e0 la v\u00e9rit\u00e9 qui nous rend libres<\/h2>\n\n\n\n<p>En des temps de confusion, red\u00e9couvrir la loi naturelle et la loi divine, c\u2019est revenir \u00e0 l\u2019essentiel.<\/p>\n\n\n\n<p>Il ne s\u2019agit pas de r\u00e8gles froides, mais d\u2019un chemin vers l\u2019accomplissement humain.<\/p>\n\n\n\n<ul class=\"wp-block-list\">\n<li>La philosophie nous aide \u00e0 comprendre<\/li>\n\n\n\n<li>La th\u00e9ologie r\u00e9v\u00e8le le sens ultime<\/li>\n\n\n\n<li>Le Christ nous donne la force de le vivre<\/li>\n<\/ul>\n\n\n\n<p>\ud83d\udc49 <strong>La morale chr\u00e9tienne ne limite pas l\u2019homme : elle l\u2019\u00e9l\u00e8ve.<\/strong><br>\ud83d\udc49 <strong>Elle ne r\u00e9prime pas sa libert\u00e9 : elle l\u2019oriente vers le vrai bien.<\/strong><\/p>\n\n\n\n<p>Et sur ce chemin, loin de perdre quoi que ce soit, l\u2019homme trouve tout.<\/p>\n","protected":false},"excerpt":{"rendered":"<p>Dans un monde o\u00f9 tout semble relatif, o\u00f9 le bien et le mal sont constamment red\u00e9finis selon l\u2019opinion dominante, une question fondamentale surgit : existe-t-il un bien objectif ? Existe-t-il une v\u00e9rit\u00e9 morale qui ne d\u00e9pende ni des modes ni des sentiments ? La tradition chr\u00e9tienne, en profonde harmonie avec la philosophie classique, r\u00e9pond avec &hellip;<\/p>\n","protected":false},"author":3,"featured_media":5586,"comment_status":"open","ping_status":"closed","sticky":false,"template":"","format":"standard","meta":{"_seopress_robots_primary_cat":"","_seopress_titles_title":"","_seopress_titles_desc":"","_seopress_robots_index":"","footnotes":""},"categories":[41,63],"tags":[1809,1808],"class_list":["post-5585","post","type-post","status-publish","format-standard","has-post-thumbnail","","category-foi-et-culture","category-philosophie-et-foi","tag-loi-divine","tag-loi-morale-naturelle"],"_links":{"self":[{"href":"https:\/\/catholicus.eu\/fr\/wp-json\/wp\/v2\/posts\/5585","targetHints":{"allow":["GET"]}}],"collection":[{"href":"https:\/\/catholicus.eu\/fr\/wp-json\/wp\/v2\/posts"}],"about":[{"href":"https:\/\/catholicus.eu\/fr\/wp-json\/wp\/v2\/types\/post"}],"author":[{"embeddable":true,"href":"https:\/\/catholicus.eu\/fr\/wp-json\/wp\/v2\/users\/3"}],"replies":[{"embeddable":true,"href":"https:\/\/catholicus.eu\/fr\/wp-json\/wp\/v2\/comments?post=5585"}],"version-history":[{"count":1,"href":"https:\/\/catholicus.eu\/fr\/wp-json\/wp\/v2\/posts\/5585\/revisions"}],"predecessor-version":[{"id":5587,"href":"https:\/\/catholicus.eu\/fr\/wp-json\/wp\/v2\/posts\/5585\/revisions\/5587"}],"wp:featuredmedia":[{"embeddable":true,"href":"https:\/\/catholicus.eu\/fr\/wp-json\/wp\/v2\/media\/5586"}],"wp:attachment":[{"href":"https:\/\/catholicus.eu\/fr\/wp-json\/wp\/v2\/media?parent=5585"}],"wp:term":[{"taxonomy":"category","embeddable":true,"href":"https:\/\/catholicus.eu\/fr\/wp-json\/wp\/v2\/categories?post=5585"},{"taxonomy":"post_tag","embeddable":true,"href":"https:\/\/catholicus.eu\/fr\/wp-json\/wp\/v2\/tags?post=5585"}],"curies":[{"name":"wp","href":"https:\/\/api.w.org\/{rel}","templated":true}]}}