{"id":5552,"date":"2026-03-22T15:04:56","date_gmt":"2026-03-22T14:04:56","guid":{"rendered":"https:\/\/catholicus.eu\/fr\/?p=5552"},"modified":"2026-03-22T15:04:57","modified_gmt":"2026-03-22T14:04:57","slug":"vous-pouvez-avoir-raison-et-pourtant-perdre-votre-ame-quand-la-foi-sert-plus-a-debattre-qua-aimer","status":"publish","type":"post","link":"https:\/\/catholicus.eu\/fr\/vous-pouvez-avoir-raison-et-pourtant-perdre-votre-ame-quand-la-foi-sert-plus-a-debattre-qua-aimer\/","title":{"rendered":"Vous pouvez avoir raison\u2026 et pourtant perdre votre \u00e2me : quand la foi sert plus \u00e0 d\u00e9battre qu\u2019\u00e0 aimer"},"content":{"rendered":"\n<p>Nous vivons \u00e0 une \u00e9poque o\u00f9 tout se d\u00e9bat, tout s\u2019opine et tout se confronte. R\u00e9seaux sociaux, forums, conversations familiales\u2026 m\u00eame la foi est devenue, dans bien des cas, un champ de bataille. Mais il y a une question d\u00e9rangeante que tout chr\u00e9tien devrait se poser avec honn\u00eatet\u00e9 :<\/p>\n\n\n\n<p><strong>Est-ce que j\u2019utilise ma foi pour aimer\u2026 ou pour gagner des discussions ?<\/strong><\/p>\n\n\n\n<p>Car il existe un avertissement tr\u00e8s s\u00e9rieux dans l\u2019\u00c9criture Sainte qui traverse les si\u00e8cles et parle directement \u00e0 notre c\u0153ur :<\/p>\n\n\n\n<blockquote class=\"wp-block-quote is-layout-flow wp-block-quote-is-layout-flow\">\n<p><em>\u00ab Quand je parlerais les langues des hommes et des anges, si je n\u2019ai pas la charit\u00e9, je suis comme un airain qui r\u00e9sonne ou une cymbale qui retentit. \u00bb<\/em> (1 Corinthiens 13,1)<\/p>\n<\/blockquote>\n\n\n\n<p>Ces paroles de l\u2019ap\u00f4tre Saint Paul ne sont pas seulement une belle po\u00e9sie : elles sont un jugement spirituel.<\/p>\n\n\n\n<hr class=\"wp-block-separator has-alpha-channel-opacity\"\/>\n\n\n\n<h2 class=\"wp-block-heading\"><strong>1. Savoir beaucoup\u2026 et aimer peu : le grand danger spirituel<\/strong><\/h2>\n\n\n\n<p>Dans la tradition catholique, la doctrine est essentielle. Elle n\u2019est pas optionnelle. La v\u00e9rit\u00e9 compte. Le Christ Lui-m\u00eame a dit :<\/p>\n\n\n\n<blockquote class=\"wp-block-quote is-layout-flow wp-block-quote-is-layout-flow\">\n<p><em>\u00ab La v\u00e9rit\u00e9 vous rendra libres. \u00bb<\/em> (Jean 8,32)<\/p>\n<\/blockquote>\n\n\n\n<p>Mais voici le probl\u00e8me :<br><strong>la v\u00e9rit\u00e9 sans charit\u00e9 cesse de ressembler au Christ.<\/strong><\/p>\n\n\n\n<p>Vous pouvez conna\u00eetre le Cat\u00e9chisme, d\u00e9fendre la liturgie, corriger des erreurs th\u00e9ologiques\u2026 et pourtant \u00eatre spirituellement malade.<\/p>\n\n\n\n<p>Car la connaissance n\u2019est pas la saintet\u00e9.<\/p>\n\n\n\n<p>En fait, il y a quelqu\u2019un qui conna\u00eet parfaitement la doctrine\u2026<\/p>\n\n\n\n<p><strong>et qui n\u2019aime pas.<\/strong><\/p>\n\n\n\n<p>Oui : le d\u00e9mon.<\/p>\n\n\n\n<p>Il sait qui est Dieu.<br>Il sait qui est le Christ.<br>Il sait ce que l\u2019\u00c9glise enseigne.<\/p>\n\n\n\n<p>Et pourtant, il hait.<\/p>\n\n\n\n<p>C\u2019est pourquoi, lorsqu\u2019un chr\u00e9tien utilise la foi pour humilier, m\u00e9priser ou \u00e9craser l\u2019autre, il tombe dans un pi\u00e8ge tr\u00e8s subtil :<br><strong>avoir raison sans avoir Dieu.<\/strong><\/p>\n\n\n\n<hr class=\"wp-block-separator has-alpha-channel-opacity\"\/>\n\n\n\n<h2 class=\"wp-block-heading\"><strong>2. Le Christ n\u2019est pas venu pour gagner des d\u00e9bats\u2026 mais pour sauver des \u00e2mes<\/strong><\/h2>\n\n\n\n<p>Regardez la vie de J\u00e9sus-Christ.<\/p>\n\n\n\n<p>D\u00e9fendait-Il la v\u00e9rit\u00e9 ? Oui.<br>Corrigeait-Il l\u2019erreur ? Aussi.<br>D\u00e9non\u00e7ait-Il le p\u00e9ch\u00e9 ? Sans aucun doute.<\/p>\n\n\n\n<p>Mais Il faisait tout \u00e0 partir d\u2019une autorit\u00e9 n\u00e9e de l\u2019amour.<\/p>\n\n\n\n<p>Lorsqu\u2019Il rencontrait des p\u00e9cheurs, Il ne commen\u00e7ait pas par un discours doctrinal froid. Il commen\u00e7ait par un regard qui transformait.<\/p>\n\n\n\n<ul class=\"wp-block-list\">\n<li>La femme adult\u00e8re : Il ne l\u2019\u00e9crase pas, Il la rel\u00e8ve.<\/li>\n\n\n\n<li>Zach\u00e9e : Il ne l\u2019accuse pas, Il l\u2019invite.<\/li>\n\n\n\n<li>Pierre : Il ne le d\u00e9truit pas pour sa trahison, Il le reconstruit.<\/li>\n<\/ul>\n\n\n\n<p>Le Christ ne relativise pas la v\u00e9rit\u00e9, mais <strong>Il ne s\u00e9pare jamais la v\u00e9rit\u00e9 de l\u2019amour.<\/strong><\/p>\n\n\n\n<p>Et voici la cl\u00e9 :<br><strong>la v\u00e9rit\u00e9 chr\u00e9tienne n\u2019est pas une arme, c\u2019est un rem\u00e8de.<\/strong><\/p>\n\n\n\n<hr class=\"wp-block-separator has-alpha-channel-opacity\"\/>\n\n\n\n<h2 class=\"wp-block-heading\"><strong>3. La tentation moderne : transformer la foi en id\u00e9ologie<\/strong><\/h2>\n\n\n\n<p>Aujourd\u2019hui, il est facile de tomber dans une caricature de la foi :<\/p>\n\n\n\n<ul class=\"wp-block-list\">\n<li>D\u00e9fendre la tradition comme s\u2019il s\u2019agissait d\u2019un drapeau politique<\/li>\n\n\n\n<li>Corriger les autres sans \u00e9couter<\/li>\n\n\n\n<li>Chercher \u00e0 \u00ab avoir raison \u00bb plut\u00f4t qu\u2019\u00e0 sauver l\u2019autre<\/li>\n<\/ul>\n\n\n\n<p>Cela se produit aussi bien \u00e0 l\u2019int\u00e9rieur qu\u2019\u00e0 l\u2019ext\u00e9rieur de l\u2019\u00c9glise.<\/p>\n\n\n\n<p>Le probl\u00e8me n\u2019est pas d\u2019aimer la v\u00e9rit\u00e9.<br>Le probl\u00e8me est <strong>d\u2019aimer avoir raison plus que d\u2019aimer le prochain.<\/strong><\/p>\n\n\n\n<p>Quand cela arrive, la foi cesse d\u2019\u00eatre un chemin de saintet\u00e9 et devient une id\u00e9ologie.<\/p>\n\n\n\n<p>Et une id\u00e9ologie divise.<\/p>\n\n\n\n<p>La charit\u00e9, elle, unit.<\/p>\n\n\n\n<hr class=\"wp-block-separator has-alpha-channel-opacity\"\/>\n\n\n\n<h2 class=\"wp-block-heading\"><strong>4. La th\u00e9ologie est claire : la charit\u00e9 est sup\u00e9rieure \u00e0 la connaissance<\/strong><\/h2>\n\n\n\n<p>Saint Thomas d\u2019Aquin enseigne quelque chose de profond\u00e9ment contre-culturel :<\/p>\n\n\n\n<blockquote class=\"wp-block-quote is-layout-flow wp-block-quote-is-layout-flow\">\n<p><strong>La charit\u00e9 est la forme de toutes les vertus.<\/strong><\/p>\n<\/blockquote>\n\n\n\n<p>Qu\u2019est-ce que cela signifie ?<\/p>\n\n\n\n<p>Que m\u00eame la foi et la connaissance th\u00e9ologique doivent \u00eatre \u00ab form\u00e9es \u00bb par la charit\u00e9 pour \u00eatre vraies.<\/p>\n\n\n\n<p>Sans amour :<\/p>\n\n\n\n<ul class=\"wp-block-list\">\n<li>La foi devient rigide<\/li>\n\n\n\n<li>La v\u00e9rit\u00e9 devient dure<\/li>\n\n\n\n<li>La correction devient violence<\/li>\n<\/ul>\n\n\n\n<p>Avec amour :<\/p>\n\n\n\n<ul class=\"wp-block-list\">\n<li>La foi devient vivante<\/li>\n\n\n\n<li>La v\u00e9rit\u00e9 devient lumineuse<\/li>\n\n\n\n<li>La correction devient rem\u00e8de<\/li>\n<\/ul>\n\n\n\n<p>C\u2019est pourquoi Saint Paul poursuit dans le m\u00eame chapitre :<\/p>\n\n\n\n<blockquote class=\"wp-block-quote is-layout-flow wp-block-quote-is-layout-flow\">\n<p><em>\u00ab La charit\u00e9 est patiente, elle est serviable\u2026 elle ne cherche pas son int\u00e9r\u00eat, elle ne s\u2019irrite pas, elle ne tient pas compte du mal\u2026 \u00bb<\/em> (1 Corinthiens 13,4-5)<\/p>\n<\/blockquote>\n\n\n\n<p>Ce n\u2019est pas optionnel.<br>C\u2019est le thermom\u00e8tre de votre vie spirituelle.<\/p>\n\n\n\n<hr class=\"wp-block-separator has-alpha-channel-opacity\"\/>\n\n\n\n<h2 class=\"wp-block-heading\"><strong>5. Comment savoir si vous utilisez la foi pour aimer ou pour d\u00e9battre<\/strong><\/h2>\n\n\n\n<p>Posez-vous ces questions avec sinc\u00e9rit\u00e9 :<\/p>\n\n\n\n<ul class=\"wp-block-list\">\n<li>Est-ce que je corrige pour aider\u2026 ou pour prouver que je sais davantage ?<\/li>\n\n\n\n<li>Est-ce que j\u2019\u00e9coute les autres\u2026 ou est-ce que j\u2019attends seulement mon tour pour r\u00e9pondre ?<\/li>\n\n\n\n<li>Est-ce que je me r\u00e9jouis quand l\u2019autre grandit\u2026 ou quand il est mis en d\u00e9faut ?<\/li>\n\n\n\n<li>Est-ce que je prie pour les personnes avec lesquelles je me dispute ?<\/li>\n<\/ul>\n\n\n\n<p>Car voici une v\u00e9rit\u00e9 d\u00e9rangeante :<\/p>\n\n\n\n<p><strong>Vous pouvez d\u00e9fendre l\u2019orthodoxie\u2026 et pourtant perdre la charit\u00e9.<\/strong><\/p>\n\n\n\n<p>Et si vous perdez la charit\u00e9, vous perdez tout.<\/p>\n\n\n\n<hr class=\"wp-block-separator has-alpha-channel-opacity\"\/>\n\n\n\n<h2 class=\"wp-block-heading\"><strong>6. Applications pratiques : comment vivre une foi qui aime<\/strong><\/h2>\n\n\n\n<p>Voici un guide concret, pastoral et r\u00e9aliste :<\/p>\n\n\n\n<h3 class=\"wp-block-heading\"><strong>1. Avant de corriger, examinez votre intention<\/strong><\/h3>\n\n\n\n<p>Voulez-vous aider ou gagner ?<br>S\u2019il n\u2019y a pas d\u2019amour, le silence peut \u00eatre plus saint que la parole.<\/p>\n\n\n\n<h3 class=\"wp-block-heading\"><strong>2. Priez pour ceux que vous pensez dans l\u2019erreur<\/strong><\/h3>\n\n\n\n<p>Il est impossible de ha\u00efr profond\u00e9ment quelqu\u2019un pour qui l\u2019on prie vraiment.<\/p>\n\n\n\n<h3 class=\"wp-block-heading\"><strong>3. Apprenez \u00e0 dire la v\u00e9rit\u00e9 avec douceur<\/strong><\/h3>\n\n\n\n<p>Il ne s\u2019agit pas d\u2019abaisser la v\u00e9rit\u00e9, mais d\u2019\u00e9lever la mani\u00e8re de la communiquer.<\/p>\n\n\n\n<h3 class=\"wp-block-heading\"><strong>4. Acceptez que tous ne soient pas au m\u00eame stade<\/strong><\/h3>\n\n\n\n<p>Dieu a des rythmes diff\u00e9rents pour chaque \u00e2me.<\/p>\n\n\n\n<h3 class=\"wp-block-heading\"><strong>5. Souvenez-vous que vous vous trompez aussi<\/strong><\/h3>\n\n\n\n<p>L\u2019humilit\u00e9 d\u00e9sarme plus que mille arguments.<\/p>\n\n\n\n<hr class=\"wp-block-separator has-alpha-channel-opacity\"\/>\n\n\n\n<h2 class=\"wp-block-heading\"><strong>7. L\u2019\u00e9preuve ultime : l\u2019amour est la seule chose qui demeure<\/strong><\/h2>\n\n\n\n<p>\u00c0 la fin de votre vie, Dieu ne vous demandera pas :<\/p>\n\n\n\n<ul class=\"wp-block-list\">\n<li>combien de d\u00e9bats vous avez gagn\u00e9s<\/li>\n\n\n\n<li>combien d\u2019erreurs vous avez corrig\u00e9es<\/li>\n\n\n\n<li>combien d\u2019arguments vous ma\u00eetrisiez<\/li>\n<\/ul>\n\n\n\n<p>Il vous posera une question bien plus radicale :<\/p>\n\n\n\n<p><strong>Avez-vous aim\u00e9 ?<\/strong><\/p>\n\n\n\n<p>Car, comme le dit Saint Paul :<\/p>\n\n\n\n<blockquote class=\"wp-block-quote is-layout-flow wp-block-quote-is-layout-flow\">\n<p><em>\u00ab Maintenant donc demeurent la foi, l\u2019esp\u00e9rance et la charit\u00e9 ; mais la plus grande des trois, c\u2019est la charit\u00e9. \u00bb<\/em> (1 Corinthiens 13,13)<\/p>\n<\/blockquote>\n\n\n\n<hr class=\"wp-block-separator has-alpha-channel-opacity\"\/>\n\n\n\n<h2 class=\"wp-block-heading\"><strong>Conclusion : la foi qui sauve n\u2019est pas celle qui crie\u2026 c\u2019est celle qui aime<\/strong><\/h2>\n\n\n\n<p>L\u2019\u00c9glise a aujourd\u2019hui besoin de chr\u00e9tiens bien form\u00e9s, oui.<br>Mais surtout, elle a besoin de chr\u00e9tiens <strong>transform\u00e9s<\/strong>.<\/p>\n\n\n\n<p>Des personnes qui n\u2019utilisent pas la foi comme un marteau, mais comme une lumi\u00e8re.<br>Qui ne cherchent pas \u00e0 vaincre l\u2019autre, mais \u00e0 le sauver.<br>Qui ne transforment pas la v\u00e9rit\u00e9 en arme, mais en acte d\u2019amour.<\/p>\n\n\n\n<p>Car vous pouvez tout savoir\u2026<\/p>\n\n\n\n<p>et n\u2019avoir rien compris.<\/p>\n\n\n\n<p>Et vous pouvez dire peu\u2026<\/p>\n\n\n\n<p>mais aimer comme le Christ.<\/p>\n\n\n\n<p>Et alors, seulement alors,<br>votre foi sera vraiment chr\u00e9tienne.<\/p>\n","protected":false},"excerpt":{"rendered":"<p>Nous vivons \u00e0 une \u00e9poque o\u00f9 tout se d\u00e9bat, tout s\u2019opine et tout se confronte. R\u00e9seaux sociaux, forums, conversations familiales\u2026 m\u00eame la foi est devenue, dans bien des cas, un champ de bataille. Mais il y a une question d\u00e9rangeante que tout chr\u00e9tien devrait se poser avec honn\u00eatet\u00e9 : Est-ce que j\u2019utilise ma foi pour &hellip;<\/p>\n","protected":false},"author":3,"featured_media":5553,"comment_status":"open","ping_status":"closed","sticky":false,"template":"","format":"standard","meta":{"_seopress_robots_primary_cat":"","_seopress_titles_title":"","_seopress_titles_desc":"","_seopress_robots_index":"","footnotes":""},"categories":[66,41],"tags":[],"class_list":["post-5552","post","type-post","status-publish","format-standard","has-post-thumbnail","","category-culture-populaire-et-catholicisme","category-foi-et-culture"],"_links":{"self":[{"href":"https:\/\/catholicus.eu\/fr\/wp-json\/wp\/v2\/posts\/5552","targetHints":{"allow":["GET"]}}],"collection":[{"href":"https:\/\/catholicus.eu\/fr\/wp-json\/wp\/v2\/posts"}],"about":[{"href":"https:\/\/catholicus.eu\/fr\/wp-json\/wp\/v2\/types\/post"}],"author":[{"embeddable":true,"href":"https:\/\/catholicus.eu\/fr\/wp-json\/wp\/v2\/users\/3"}],"replies":[{"embeddable":true,"href":"https:\/\/catholicus.eu\/fr\/wp-json\/wp\/v2\/comments?post=5552"}],"version-history":[{"count":1,"href":"https:\/\/catholicus.eu\/fr\/wp-json\/wp\/v2\/posts\/5552\/revisions"}],"predecessor-version":[{"id":5554,"href":"https:\/\/catholicus.eu\/fr\/wp-json\/wp\/v2\/posts\/5552\/revisions\/5554"}],"wp:featuredmedia":[{"embeddable":true,"href":"https:\/\/catholicus.eu\/fr\/wp-json\/wp\/v2\/media\/5553"}],"wp:attachment":[{"href":"https:\/\/catholicus.eu\/fr\/wp-json\/wp\/v2\/media?parent=5552"}],"wp:term":[{"taxonomy":"category","embeddable":true,"href":"https:\/\/catholicus.eu\/fr\/wp-json\/wp\/v2\/categories?post=5552"},{"taxonomy":"post_tag","embeddable":true,"href":"https:\/\/catholicus.eu\/fr\/wp-json\/wp\/v2\/tags?post=5552"}],"curies":[{"name":"wp","href":"https:\/\/api.w.org\/{rel}","templated":true}]}}