{"id":5519,"date":"2026-03-19T14:57:04","date_gmt":"2026-03-19T13:57:04","guid":{"rendered":"https:\/\/catholicus.eu\/fr\/?p=5519"},"modified":"2026-03-19T14:57:05","modified_gmt":"2026-03-19T13:57:05","slug":"leternite-et-letre-reflexions-philosophiques-sur-la-nature-de-dieu","status":"publish","type":"post","link":"https:\/\/catholicus.eu\/fr\/leternite-et-letre-reflexions-philosophiques-sur-la-nature-de-dieu\/","title":{"rendered":"L\u2019\u00c9ternit\u00e9 et l\u2019\u00catre : R\u00e9flexions Philosophiques sur la Nature de Dieu"},"content":{"rendered":"\n<h2 class=\"wp-block-heading\">Introduction : Quand le c\u0153ur cherche l\u2019\u00e9ternel<\/h2>\n\n\n\n<p>Il existe des questions qui traversent toute l\u2019histoire de l\u2019humanit\u00e9 \u2014 des questions qui ne s\u2019\u00e9puisent pas avec le temps, parce qu\u2019elles naissent du plus profond de l\u2019\u00e2me. Qui est Dieu ? Que signifie qu\u2019Il soit \u00e9ternel ? Comment peut-Il \u00eatre \u00ab l\u2019\u00catre m\u00eame \u00bb ? Et surtout, quel rapport tout cela a-t-il avec ma vie concr\u00e8te, avec mes pr\u00e9occupations quotidiennes, avec mes peurs et mes esp\u00e9rances ?<\/p>\n\n\n\n<p>Parler de l\u2019\u00e9ternit\u00e9 et de l\u2019\u00eatre de Dieu n\u2019est pas un exercice abstrait r\u00e9serv\u00e9 aux philosophes ou aux th\u00e9ologiens. C\u2019est, en r\u00e9alit\u00e9, une invitation \u00e0 d\u00e9couvrir le fondement ultime de notre existence. Car si Dieu est \u00e9ternel et s\u2019Il est l\u2019\u00catre m\u00eame, alors tout ce que nous sommes et tout ce que nous vivons trouve sa racine en Lui.<\/p>\n\n\n\n<p>Cet article veut \u00eatre pr\u00e9cis\u00e9ment cela : un guide accessible mais profond pour entrer dans le myst\u00e8re de Dieu \u00e0 partir de la philosophie et de la th\u00e9ologie catholique, avec un regard pastoral qui nous aide \u00e0 mieux vivre aujourd\u2019hui.<\/p>\n\n\n\n<hr class=\"wp-block-separator has-alpha-channel-opacity\"\/>\n\n\n\n<h2 class=\"wp-block-heading\">1. L\u2019\u00e9merveillement originel : la question de l\u2019\u00catre<\/h2>\n\n\n\n<p>D\u00e8s les premiers philosophes, comme Parm\u00e9nide ou Aristote, l\u2019\u00eatre humain a per\u00e7u que tout ce qui existe participe de quelque chose de plus profond. Les choses changent, naissent et meurent, mais quelque chose demeure.<\/p>\n\n\n\n<p>Ici surgit la grande intuition : si tout ce qui existe change, il doit y avoir quelque chose qui ne change pas. Si tout ce qui est, est \u00ab par un autre \u00bb, il doit exister un \u00catre qui soit \u00ab par lui-m\u00eame \u00bb.<\/p>\n\n\n\n<p>Cette intuition trouve sa pl\u00e9nitude dans la th\u00e9ologie chr\u00e9tienne, en particulier dans l\u2019\u0153uvre de saint Thomas d\u2019Aquin, qui affirme que Dieu n\u2019est pas \u00ab un \u00eatre parmi d\u2019autres \u00bb, mais bien <strong>l\u2019\u00catre m\u00eame subsistant (Ipsum Esse Subsistens)<\/strong>.<\/p>\n\n\n\n<p>Cela signifie quelque chose de r\u00e9volutionnaire :<\/p>\n\n\n\n<ul class=\"wp-block-list\">\n<li>Dieu n\u2019a pas l\u2019\u00eatre\u2026 <strong>Il est l\u2019\u00catre<\/strong>.<\/li>\n\n\n\n<li>Dieu n\u2019existe pas comme les cr\u00e9atures\u2026 <strong>Il est l\u2019existence m\u00eame<\/strong>.<\/li>\n\n\n\n<li>Il ne d\u00e9pend de rien\u2026 <strong>tout d\u00e9pend de Lui<\/strong>.<\/li>\n<\/ul>\n\n\n\n<hr class=\"wp-block-separator has-alpha-channel-opacity\"\/>\n\n\n\n<h2 class=\"wp-block-heading\">2. \u00ab Je suis celui qui suis \u00bb : la r\u00e9v\u00e9lation de l\u2019\u00catre \u00e9ternel<\/h2>\n\n\n\n<p>La philosophie atteint un certain point. Mais c\u2019est la r\u00e9v\u00e9lation divine qui \u00e9claire pleinement ce myst\u00e8re.<\/p>\n\n\n\n<p>Dans le livre de l\u2019Exode, Dieu se r\u00e9v\u00e8le \u00e0 Mo\u00efse avec un nom qui contient toute la th\u00e9ologie de l\u2019\u00eatre :<\/p>\n\n\n\n<blockquote class=\"wp-block-quote is-layout-flow wp-block-quote-is-layout-flow\">\n<p>\u00ab Je suis celui qui suis \u00bb (Exode 3,14)<\/p>\n<\/blockquote>\n\n\n\n<p>Cette affirmation n\u2019est pas une simple identification. C\u2019est une d\u00e9claration ontologique :<\/p>\n\n\n\n<ul class=\"wp-block-list\">\n<li>Dieu <strong>ne change pas<\/strong>.<\/li>\n\n\n\n<li>Dieu <strong>ne commence ni ne finit<\/strong>.<\/li>\n\n\n\n<li>Dieu <strong>ne d\u00e9pend pas du temps<\/strong>.<\/li>\n<\/ul>\n\n\n\n<p>Nous entrons ici dans le myst\u00e8re de <strong>l\u2019\u00e9ternit\u00e9 divine<\/strong>.<\/p>\n\n\n\n<hr class=\"wp-block-separator has-alpha-channel-opacity\"\/>\n\n\n\n<h2 class=\"wp-block-heading\">3. Que signifie que Dieu soit \u00e9ternel ?<\/h2>\n\n\n\n<p>Nous pensons souvent l\u2019\u00e9ternit\u00e9 comme \u00ab beaucoup de temps \u00bb ou \u00ab un temps infini \u00bb. Mais cela est insuffisant.<\/p>\n\n\n\n<p>La th\u00e9ologie classique enseigne que l\u2019\u00e9ternit\u00e9 de Dieu n\u2019est pas une dur\u00e9e, mais <strong>la pl\u00e9nitude de l\u2019\u00eatre sans le temps<\/strong>.<\/p>\n\n\n\n<p>Saint Augustin l\u2019exprime de mani\u00e8re magistrale :<\/p>\n\n\n\n<blockquote class=\"wp-block-quote is-layout-flow wp-block-quote-is-layout-flow\">\n<p>\u00ab Dans l\u2019\u00e9ternit\u00e9, rien ne passe, tout est pr\u00e9sent. \u00bb<\/p>\n<\/blockquote>\n\n\n\n<p>Cela a des implications profondes :<\/p>\n\n\n\n<ul class=\"wp-block-list\">\n<li>Dieu ne vit ni dans le pass\u00e9 ni dans le futur.<\/li>\n\n\n\n<li>Dieu n\u2019attend pas et ne se souvient pas.<\/li>\n\n\n\n<li>Dieu <strong>est un pr\u00e9sent \u00e9ternel<\/strong>.<\/li>\n<\/ul>\n\n\n\n<p>Pour nous, le temps est une succession : pass\u00e9 \u2192 pr\u00e9sent \u2192 futur.<br>Pour Dieu, tout est un \u00ab maintenant \u00bb absolu.<\/p>\n\n\n\n<hr class=\"wp-block-separator has-alpha-channel-opacity\"\/>\n\n\n\n<h2 class=\"wp-block-heading\">4. Dieu comme fondement de tout ce qui existe<\/h2>\n\n\n\n<p>Si Dieu est l\u2019\u00catre m\u00eame et qu\u2019Il est \u00e9ternel, alors tout ce qui existe :<\/p>\n\n\n\n<ul class=\"wp-block-list\">\n<li>Existe parce que Dieu le soutient.<\/li>\n\n\n\n<li>Subsiste parce que Dieu le veut.<\/li>\n\n\n\n<li>A du sens parce que Dieu l\u2019ordonne.<\/li>\n<\/ul>\n\n\n\n<p>Saint Paul r\u00e9sume cela par une phrase d\u2019une profondeur immense :<\/p>\n\n\n\n<blockquote class=\"wp-block-quote is-layout-flow wp-block-quote-is-layout-flow\">\n<p>\u00ab En Lui nous avons la vie, le mouvement et l\u2019\u00eatre \u00bb (Actes 17,28)<\/p>\n<\/blockquote>\n\n\n\n<p>Cela change compl\u00e8tement notre vision du monde :<\/p>\n\n\n\n<ul class=\"wp-block-list\">\n<li>Nous ne sommes pas le fruit du hasard.<\/li>\n\n\n\n<li>Nous ne sommes pas des \u00eatres isol\u00e9s.<\/li>\n\n\n\n<li>Nous ne sommes pas abandonn\u00e9s.<\/li>\n<\/ul>\n\n\n\n<p>Nous vivons constamment soutenus par Dieu.<\/p>\n\n\n\n<hr class=\"wp-block-separator has-alpha-channel-opacity\"\/>\n\n\n\n<h2 class=\"wp-block-heading\">5. La diff\u00e9rence entre Dieu et les cr\u00e9atures<\/h2>\n\n\n\n<p>Il est ici essentiel de comprendre une distinction fondamentale :<\/p>\n\n\n\n<figure class=\"wp-block-table\"><table class=\"has-fixed-layout\"><thead><tr><th>Dieu<\/th><th>Cr\u00e9atures<\/th><\/tr><\/thead><tbody><tr><td>Est l\u2019\u00catre<\/td><td>A l\u2019\u00eatre<\/td><\/tr><tr><td>Est \u00e9ternel<\/td><td>Est dans le temps<\/td><\/tr><tr><td>Est n\u00e9cessaire<\/td><td>Est contingent<\/td><\/tr><tr><td>Ne change pas<\/td><td>Change constamment<\/td><\/tr><\/tbody><\/table><\/figure>\n\n\n\n<p>Nous <strong>aurions pu ne pas exister<\/strong>. Dieu, en revanche, <strong>ne peut pas ne pas exister<\/strong>.<\/p>\n\n\n\n<p>Ce n\u2019est pas une limitation, mais sa perfection absolue.<\/p>\n\n\n\n<hr class=\"wp-block-separator has-alpha-channel-opacity\"\/>\n\n\n\n<h2 class=\"wp-block-heading\">6. L\u2019\u00e9ternit\u00e9 et le probl\u00e8me de la souffrance<\/h2>\n\n\n\n<p>L\u2019une des questions les plus actuelles est :<br><strong>Si Dieu est \u00e9ternel et parfait, pourquoi permet-Il le mal et la souffrance ?<\/strong><\/p>\n\n\n\n<p>Du point de vue de l\u2019\u00e9ternit\u00e9 :<\/p>\n\n\n\n<ul class=\"wp-block-list\">\n<li>Dieu voit l\u2019ensemble complet de l\u2019histoire.<\/li>\n\n\n\n<li>Nous ne voyons que des fragments.<\/li>\n<\/ul>\n\n\n\n<p>Ce qui est incompr\u00e9hensible pour nous dans le pr\u00e9sent peut avoir un sens dans le plan \u00e9ternel de Dieu.<\/p>\n\n\n\n<p>Cela ne supprime pas la douleur, mais lui donne un horizon :<\/p>\n\n\n\n<blockquote class=\"wp-block-quote is-layout-flow wp-block-quote-is-layout-flow\">\n<p>\u00ab Nous savons que tout concourt au bien de ceux qui aiment Dieu \u00bb (Romains 8,28)<\/p>\n<\/blockquote>\n\n\n\n<hr class=\"wp-block-separator has-alpha-channel-opacity\"\/>\n\n\n\n<h2 class=\"wp-block-heading\">7. Le Christ : le pont entre le temps et l\u2019\u00e9ternit\u00e9<\/h2>\n\n\n\n<p>Le christianisme ne reste pas dans l\u2019abstraction philosophique. Dieu entre dans l\u2019histoire.<\/p>\n\n\n\n<p>En J\u00e9sus-Christ, quelque chose d\u2019extraordinaire se produit :<\/p>\n\n\n\n<ul class=\"wp-block-list\">\n<li>L\u2019\u00c9ternel entre dans le temps.<\/li>\n\n\n\n<li>L\u2019Immuable assume la chair.<\/li>\n\n\n\n<li>L\u2019\u00catre m\u00eame se fait proche.<\/li>\n<\/ul>\n\n\n\n<p>Cela a une valeur immense pour notre vie spirituelle :<\/p>\n\n\n\n<ul class=\"wp-block-list\">\n<li>Dieu n\u2019est pas une id\u00e9e lointaine.<\/li>\n\n\n\n<li>Dieu conna\u00eet notre exp\u00e9rience humaine.<\/li>\n\n\n\n<li>Dieu a v\u00e9cu la souffrance, la joie et la mort.<\/li>\n<\/ul>\n\n\n\n<p>Le Christ est le pont entre notre temporalit\u00e9 et l\u2019\u00e9ternit\u00e9 divine.<\/p>\n\n\n\n<hr class=\"wp-block-separator has-alpha-channel-opacity\"\/>\n\n\n\n<h2 class=\"wp-block-heading\">8. Applications pratiques : vivre \u00e0 partir de l\u2019\u00e9ternit\u00e9<\/h2>\n\n\n\n<p>Tout cela peut sembler \u00e9lev\u00e9, mais a des cons\u00e9quences tr\u00e8s concr\u00e8tes.<\/p>\n\n\n\n<h3 class=\"wp-block-heading\">8.1. Relativiser ce qui passe<\/h3>\n\n\n\n<p>Si Dieu est \u00e9ternel, alors :<\/p>\n\n\n\n<ul class=\"wp-block-list\">\n<li>Nos probl\u00e8mes ne sont pas absolus.<\/li>\n\n\n\n<li>Nos pr\u00e9occupations ne sont pas d\u00e9finitives.<\/li>\n<\/ul>\n\n\n\n<p>Cela ne signifie pas ignorer la r\u00e9alit\u00e9, mais la mettre en perspective.<\/p>\n\n\n\n<h3 class=\"wp-block-heading\">8.2. Chercher ce qui demeure<\/h3>\n\n\n\n<p>J\u00e9sus le dit clairement :<\/p>\n\n\n\n<blockquote class=\"wp-block-quote is-layout-flow wp-block-quote-is-layout-flow\">\n<p>\u00ab Ne vous amassez pas des tr\u00e9sors sur la terre\u2026 \u00bb (Matthieu 6,19)<\/p>\n<\/blockquote>\n\n\n\n<p>Vivre \u00e0 partir de l\u2019\u00e9ternit\u00e9 implique :<\/p>\n\n\n\n<ul class=\"wp-block-list\">\n<li>De donner la priorit\u00e9 au spirituel.<\/li>\n\n\n\n<li>De cultiver la vie int\u00e9rieure.<\/li>\n\n\n\n<li>D\u2019investir dans ce qui ne passe pas : l\u2019amour, la foi, la v\u00e9rit\u00e9.<\/li>\n<\/ul>\n\n\n\n<h3 class=\"wp-block-heading\">8.3. Apprendre \u00e0 vivre le pr\u00e9sent<\/h3>\n\n\n\n<p>Si Dieu est un pr\u00e9sent \u00e9ternel, le lieu o\u00f9 nous Le rencontrons est <strong>maintenant<\/strong>.<\/p>\n\n\n\n<ul class=\"wp-block-list\">\n<li>Pas dans la nostalgie du pass\u00e9.<\/li>\n\n\n\n<li>Pas dans l\u2019angoisse du futur.<\/li>\n<\/ul>\n\n\n\n<p>Mais dans le moment pr\u00e9sent v\u00e9cu avec Dieu.<\/p>\n\n\n\n<h3 class=\"wp-block-heading\">8.4. Faire confiance au plan de Dieu<\/h3>\n\n\n\n<p>L\u2019\u00e9ternit\u00e9 de Dieu nous invite \u00e0 la confiance :<\/p>\n\n\n\n<ul class=\"wp-block-list\">\n<li>Il voit ce que nous ne voyons pas.<\/li>\n\n\n\n<li>Il guide ce que nous ne comprenons pas.<\/li>\n<\/ul>\n\n\n\n<p>Cela se traduit par une attitude spirituelle concr\u00e8te : l\u2019abandon confiant.<\/p>\n\n\n\n<hr class=\"wp-block-separator has-alpha-channel-opacity\"\/>\n\n\n\n<h2 class=\"wp-block-heading\">9. La pri\u00e8re comme rencontre avec l\u2019\u00e9ternel<\/h2>\n\n\n\n<p>Quand nous prions, quelque chose de remarquable se produit :<\/p>\n\n\n\n<ul class=\"wp-block-list\">\n<li>Nous n\u2019\u00ab appelons \u00bb pas un Dieu lointain.<\/li>\n\n\n\n<li>Nous entrons dans la pr\u00e9sence de l\u2019\u00c9ternel.<\/li>\n<\/ul>\n\n\n\n<p>La pri\u00e8re est, en un certain sens, une anticipation de l\u2019\u00e9ternit\u00e9.<\/p>\n\n\n\n<p>C\u2019est pourquoi m\u00eame quelques minutes de pri\u00e8re :<\/p>\n\n\n\n<ul class=\"wp-block-list\">\n<li>Ordonnent l\u2019\u00e2me.<\/li>\n\n\n\n<li>Apportent la paix.<\/li>\n\n\n\n<li>Illuminent la vie.<\/li>\n<\/ul>\n\n\n\n<hr class=\"wp-block-separator has-alpha-channel-opacity\"\/>\n\n\n\n<h2 class=\"wp-block-heading\">10. L\u2019esp\u00e9rance chr\u00e9tienne : au-del\u00e0 du temps<\/h2>\n\n\n\n<p>Enfin, tout cela culmine dans l\u2019esp\u00e9rance :<\/p>\n\n\n\n<p>La vie ne s\u2019ach\u00e8ve pas dans la mort. Nous sommes appel\u00e9s \u00e0 participer \u00e0 l\u2019\u00e9ternit\u00e9 de Dieu.<\/p>\n\n\n\n<p>Non pas comme une existence interminable, mais comme :<\/p>\n\n\n\n<ul class=\"wp-block-list\">\n<li>Pl\u00e9nitude de l\u2019amour.<\/li>\n\n\n\n<li>Pl\u00e9nitude de la v\u00e9rit\u00e9.<\/li>\n\n\n\n<li>Pl\u00e9nitude de la vie.<\/li>\n<\/ul>\n\n\n\n<p>Le ciel n\u2019est pas \u00ab beaucoup de temps \u00bb, c\u2019est <strong>\u00eatre en Dieu<\/strong>.<\/p>\n\n\n\n<hr class=\"wp-block-separator has-alpha-channel-opacity\"\/>\n\n\n\n<h2 class=\"wp-block-heading\">Conclusion : Vivre les pieds sur terre et le c\u0153ur dans l\u2019\u00e9ternit\u00e9<\/h2>\n\n\n\n<p>R\u00e9fl\u00e9chir \u00e0 l\u2019\u00e9ternit\u00e9 et \u00e0 l\u2019\u00eatre de Dieu ne nous \u00e9loigne pas du monde ; cela nous aide \u00e0 mieux y vivre.<\/p>\n\n\n\n<p>Cela nous apprend \u00e0 :<\/p>\n\n\n\n<ul class=\"wp-block-list\">\n<li>Ne pas absolutiser ce qui passe.<\/li>\n\n\n\n<li>Ne pas d\u00e9sesp\u00e9rer face \u00e0 la souffrance.<\/li>\n\n\n\n<li>Ne pas perdre le sens.<\/li>\n<\/ul>\n\n\n\n<p>Car, au fond, tout pointe vers une v\u00e9rit\u00e9 simple et transformante :<\/p>\n\n\n\n<p><strong>Notre vie a un fondement \u00e9ternel.<\/strong><\/p>\n\n\n\n<p>Et ce fondement n\u2019est pas une id\u00e9e, mais un Dieu vivant qui nous soutient, nous aime et nous appelle \u00e0 participer \u00e0 sa propre \u00e9ternit\u00e9.<\/p>\n","protected":false},"excerpt":{"rendered":"<p>Introduction : Quand le c\u0153ur cherche l\u2019\u00e9ternel Il existe des questions qui traversent toute l\u2019histoire de l\u2019humanit\u00e9 \u2014 des questions qui ne s\u2019\u00e9puisent pas avec le temps, parce qu\u2019elles naissent du plus profond de l\u2019\u00e2me. Qui est Dieu ? Que signifie qu\u2019Il soit \u00e9ternel ? Comment peut-Il \u00eatre \u00ab l\u2019\u00catre m\u00eame \u00bb ? Et surtout, &hellip;<\/p>\n","protected":false},"author":3,"featured_media":5520,"comment_status":"open","ping_status":"closed","sticky":false,"template":"","format":"standard","meta":{"_seopress_robots_primary_cat":"","_seopress_titles_title":"","_seopress_titles_desc":"","_seopress_robots_index":"","footnotes":""},"categories":[41,63],"tags":[1792],"class_list":["post-5519","post","type-post","status-publish","format-standard","has-post-thumbnail","","category-foi-et-culture","category-philosophie-et-foi","tag-eternite"],"_links":{"self":[{"href":"https:\/\/catholicus.eu\/fr\/wp-json\/wp\/v2\/posts\/5519","targetHints":{"allow":["GET"]}}],"collection":[{"href":"https:\/\/catholicus.eu\/fr\/wp-json\/wp\/v2\/posts"}],"about":[{"href":"https:\/\/catholicus.eu\/fr\/wp-json\/wp\/v2\/types\/post"}],"author":[{"embeddable":true,"href":"https:\/\/catholicus.eu\/fr\/wp-json\/wp\/v2\/users\/3"}],"replies":[{"embeddable":true,"href":"https:\/\/catholicus.eu\/fr\/wp-json\/wp\/v2\/comments?post=5519"}],"version-history":[{"count":1,"href":"https:\/\/catholicus.eu\/fr\/wp-json\/wp\/v2\/posts\/5519\/revisions"}],"predecessor-version":[{"id":5521,"href":"https:\/\/catholicus.eu\/fr\/wp-json\/wp\/v2\/posts\/5519\/revisions\/5521"}],"wp:featuredmedia":[{"embeddable":true,"href":"https:\/\/catholicus.eu\/fr\/wp-json\/wp\/v2\/media\/5520"}],"wp:attachment":[{"href":"https:\/\/catholicus.eu\/fr\/wp-json\/wp\/v2\/media?parent=5519"}],"wp:term":[{"taxonomy":"category","embeddable":true,"href":"https:\/\/catholicus.eu\/fr\/wp-json\/wp\/v2\/categories?post=5519"},{"taxonomy":"post_tag","embeddable":true,"href":"https:\/\/catholicus.eu\/fr\/wp-json\/wp\/v2\/tags?post=5519"}],"curies":[{"name":"wp","href":"https:\/\/api.w.org\/{rel}","templated":true}]}}