{"id":5507,"date":"2026-03-18T11:10:16","date_gmt":"2026-03-18T10:10:16","guid":{"rendered":"https:\/\/catholicus.eu\/fr\/?p=5507"},"modified":"2026-03-18T11:10:17","modified_gmt":"2026-03-18T10:10:17","slug":"trente-jours-de-devotion-a-saint-joseph-30-jours-qui-peuvent-transformer-votre-vie-spirituelle-et-votre-foyer-depuis-linvisible","status":"publish","type":"post","link":"https:\/\/catholicus.eu\/fr\/trente-jours-de-devotion-a-saint-joseph-30-jours-qui-peuvent-transformer-votre-vie-spirituelle-et-votre-foyer-depuis-linvisible\/","title":{"rendered":"Trente Jours de D\u00e9votion \u00e0 Saint Joseph : 30 Jours Qui Peuvent Transformer Votre Vie Spirituelle (et Votre Foyer) depuis l\u2019Invisible"},"content":{"rendered":"\n<p>Dans un monde marqu\u00e9 par la pr\u00e9cipitation, l\u2019incertitude et la fragilit\u00e9 des relations, red\u00e9couvrir des figures silencieuses mais constantes devient presque une n\u00e9cessit\u00e9 spirituelle. Parmi elles, \u00e9merge avec force et actualit\u00e9 la figure de Saint Joseph : le gardien de la Sainte Famille, l\u2019homme juste, le p\u00e8re dans l\u2019ombre\u2026 et, de mani\u00e8re surprenante, l\u2019un des saints les plus puissants pour notre temps.<\/p>\n\n\n\n<p>La <strong>d\u00e9votion de trente jours \u00e0 Saint Joseph<\/strong> \u2014 une d\u00e9votion de trente jours cons\u00e9cutifs de pri\u00e8re \u2014 n\u2019est pas simplement une pratique pieuse ancienne. C\u2019est une v\u00e9ritable \u00e9cole spirituelle, un chemin de transformation int\u00e9rieure qui, v\u00e9cu avec foi, peut renouveler votre vie, votre famille et votre relation avec Dieu.<\/p>\n\n\n\n<hr class=\"wp-block-separator has-alpha-channel-opacity\"\/>\n\n\n\n<h2 class=\"wp-block-heading\"><strong>Qu\u2019est-ce que la d\u00e9votion de trente jours \u00e0 Saint Joseph et pourquoi 30 jours ?<\/strong><\/h2>\n\n\n\n<p>Cette d\u00e9votion consiste \u00e0 consacrer <strong>30 jours cons\u00e9cutifs de pri\u00e8re \u00e0 Saint Joseph<\/strong>, g\u00e9n\u00e9ralement en pr\u00e9paration de sa solennit\u00e9 le 19 mars ou \u00e0 tout moment de l\u2019ann\u00e9e pour un besoin particulier.<\/p>\n\n\n\n<p>Le nombre <strong>30 n\u2019est pas accidentel<\/strong> : il fait r\u00e9f\u00e9rence aux ann\u00e9es que, selon la tradition, Saint Joseph a v\u00e9cues avec J\u00e9sus sur terre. Trente ans de silence, de travail, de don total\u2026 trente ans de saintet\u00e9 v\u00e9cue dans l\u2019ordinaire.<\/p>\n\n\n\n<p>Cette d\u00e9votion a des racines profondes dans la spiritualit\u00e9 catholique, particuli\u00e8rement promue par des saints comme Sainte Th\u00e9r\u00e8se de J\u00e9sus, qui affirmait :<\/p>\n\n\n\n<blockquote class=\"wp-block-quote is-layout-flow wp-block-quote-is-layout-flow\">\n<p>\u00ab Je ne me rappelle pas jusqu\u2019ici d\u2019avoir jamais demand\u00e9 quelque chose qu\u2019Il ait refus\u00e9 de me donner. \u00bb<\/p>\n<\/blockquote>\n\n\n\n<hr class=\"wp-block-separator has-alpha-channel-opacity\"\/>\n\n\n\n<h2 class=\"wp-block-heading\"><strong>Saint Joseph : le saint du silence qui parle au c\u0153ur moderne<\/strong><\/h2>\n\n\n\n<p>Nous vivons \u00e0 l\u2019\u00e8re du bruit. Tout est comment\u00e9, tout est expos\u00e9, tout est acc\u00e9l\u00e9r\u00e9. Pourtant, Saint Joseph n\u2019a prononc\u00e9 <strong>aucune parole<\/strong> dans les \u00c9vangiles.<\/p>\n\n\n\n<p>Mais son silence n\u2019est pas vide : il est <strong>ob\u00e9issance, foi, \u00e9coute, force<\/strong>.<\/p>\n\n\n\n<p>L\u2019\u00c9vangile le d\u00e9finit par un mot cl\u00e9 :<\/p>\n\n\n\n<blockquote class=\"wp-block-quote is-layout-flow wp-block-quote-is-layout-flow\">\n<p>\u00ab Joseph, son \u00e9poux, \u00e9tant juste\u2026 \u00bb (Matthieu 1,19)<\/p>\n<\/blockquote>\n\n\n\n<p>Ici appara\u00eet un concept profond\u00e9ment th\u00e9ologique : la <strong>justice biblique<\/strong>, qui ne consiste pas seulement \u00e0 suivre des r\u00e8gles, mais \u00e0 vivre en pleine harmonie avec la volont\u00e9 de Dieu.<\/p>\n\n\n\n<p>Saint Joseph est juste parce qu\u2019il :<\/p>\n\n\n\n<ul class=\"wp-block-list\">\n<li>A confiance sans comprendre enti\u00e8rement<\/li>\n\n\n\n<li>Prot\u00e8ge sans rechercher la reconnaissance<\/li>\n\n\n\n<li>Aime sans poss\u00e9der<\/li>\n\n\n\n<li>Ob\u00e9it sans conditions<\/li>\n<\/ul>\n\n\n\n<p>Dans une culture qui fuit l\u2019engagement, Saint Joseph est le mod\u00e8le de fid\u00e9lit\u00e9 silencieuse.<\/p>\n\n\n\n<hr class=\"wp-block-separator has-alpha-channel-opacity\"\/>\n\n\n\n<h2 class=\"wp-block-heading\"><strong>Fondement th\u00e9ologique de la d\u00e9votion<\/strong><\/h2>\n\n\n\n<p>La d\u00e9votion de trente jours \u00e0 Saint Joseph n\u2019est pas une pratique superstitieuse ou magique. Elle repose sur trois piliers th\u00e9ologiques fondamentaux :<\/p>\n\n\n\n<h3 class=\"wp-block-heading\">1. <strong>La communion des saints<\/strong><\/h3>\n\n\n\n<p>Nous croyons que les saints interc\u00e8dent pour nous. Saint Joseph, par sa proximit\u00e9 unique avec le Christ et la Vierge Marie, occupe une place privil\u00e9gi\u00e9e.<\/p>\n\n\n\n<h3 class=\"wp-block-heading\">2. <strong>La paternit\u00e9 spirituelle<\/strong><\/h3>\n\n\n\n<p>Saint Joseph n\u2019est pas seulement une figure historique. Il est le <strong>p\u00e8re spirituel de l\u2019\u00c9glise<\/strong>, comme l\u2019a proclam\u00e9 Pape Fran\u00e7ois. Son soin s\u2019\u00e9tend aujourd\u2019hui \u00e0 chaque croyant.<\/p>\n\n\n\n<h3 class=\"wp-block-heading\">3. <strong>La m\u00e9diation subordonn\u00e9e<\/strong><\/h3>\n\n\n\n<p>Toute gr\u00e2ce vient de Dieu, mais Il souhaite se servir d\u2019interm\u00e9diaires. Saint Joseph est l\u2019un des plus efficaces pr\u00e9cis\u00e9ment par son humilit\u00e9.<\/p>\n\n\n\n<hr class=\"wp-block-separator has-alpha-channel-opacity\"\/>\n\n\n\n<h2 class=\"wp-block-heading\"><strong>Pourquoi pratiquer la d\u00e9votion de trente jours \u00e0 Saint Joseph aujourd\u2019hui ? (plus pertinent que jamais)<\/strong><\/h2>\n\n\n\n<p>Parce qu\u2019elle touche aux plus grands d\u00e9fis de notre temps :<\/p>\n\n\n\n<h3 class=\"wp-block-heading\">\ud83d\udd39 Crise de la famille<\/h3>\n\n\n\n<p>Saint Joseph est le <strong>protecteur du foyer<\/strong>. En p\u00e9riode de rupture, son exemple reconstruit.<\/p>\n\n\n\n<h3 class=\"wp-block-heading\">\ud83d\udd39 Crise de l\u2019identit\u00e9 masculine<\/h3>\n\n\n\n<p>Il offre un mod\u00e8le de masculinit\u00e9 :<\/p>\n\n\n\n<ul class=\"wp-block-list\">\n<li>Fort mais pas agressif<\/li>\n\n\n\n<li>Responsable mais pas dominateur<\/li>\n\n\n\n<li>Silencieux mais ferme<\/li>\n<\/ul>\n\n\n\n<h3 class=\"wp-block-heading\">\ud83d\udd39 Ins\u00e9curit\u00e9 \u00e9conomique et professionnelle<\/h3>\n\n\n\n<p>Saint Joseph est le <strong>patron des travailleurs<\/strong>. Il comprend la pr\u00e9carit\u00e9, l\u2019effort quotidien et l\u2019incertitude.<\/p>\n\n\n\n<h3 class=\"wp-block-heading\">\ud83d\udd39 Anxi\u00e9t\u00e9 et manque de paix int\u00e9rieure<\/h3>\n\n\n\n<p>Sa vie nous enseigne \u00e0 faire confiance \u00e0 Dieu m\u00eame dans l\u2019inattendu.<\/p>\n\n\n\n<hr class=\"wp-block-separator has-alpha-channel-opacity\"\/>\n\n\n\n<h2 class=\"wp-block-heading\"><strong>Comment prier la d\u00e9votion de trente jours \u00e0 Saint Joseph (guide pratique et pastoral)<\/strong><\/h2>\n\n\n\n<p>Vous n\u2019avez pas besoin de vous compliquer la vie. L\u2019essentiel est <strong>la constance et la disposition du c\u0153ur<\/strong>.<\/p>\n\n\n\n<h3 class=\"wp-block-heading\">Structure quotidienne recommand\u00e9e :<\/h3>\n\n\n\n<ol class=\"wp-block-list\">\n<li><strong>Signe de la Croix<\/strong><\/li>\n\n\n\n<li><strong>Pri\u00e8re d\u2019ouverture \u00e0 Saint Joseph<\/strong><\/li>\n\n\n\n<li><strong>Br\u00e8ve lecture de l\u2019\u00c9vangile (optionnelle mais fortement recommand\u00e9e)<\/strong><\/li>\n\n\n\n<li><strong>P\u00e9tition concr\u00e8te<\/strong><\/li>\n\n\n\n<li><strong>Pri\u00e8re finale ou litanie<\/strong><\/li>\n<\/ol>\n\n\n\n<p>Vous pouvez ajouter :<\/p>\n\n\n\n<ul class=\"wp-block-list\">\n<li>Le Rosaire<\/li>\n\n\n\n<li>M\u00e9ditation silencieuse<\/li>\n\n\n\n<li>Actes concrets de charit\u00e9<\/li>\n<\/ul>\n\n\n\n<hr class=\"wp-block-separator has-alpha-channel-opacity\"\/>\n\n\n\n<h2 class=\"wp-block-heading\"><strong>Applications pratiques : comment cela transforme votre vie<\/strong><\/h2>\n\n\n\n<p>Voici ce qui est vraiment important : <strong>porter la d\u00e9votion dans la vie quotidienne<\/strong>.<\/p>\n\n\n\n<h3 class=\"wp-block-heading\">1. Dans votre famille<\/h3>\n\n\n\n<p>Vous apprenez \u00e0 :<\/p>\n\n\n\n<ul class=\"wp-block-list\">\n<li>Servir sans attendre de reconnaissance<\/li>\n\n\n\n<li>\u00c9couter davantage et parler moins<\/li>\n\n\n\n<li>\u00catre une pr\u00e9sence stable<\/li>\n<\/ul>\n\n\n\n<h3 class=\"wp-block-heading\">2. Dans votre travail<\/h3>\n\n\n\n<p>Saint Joseph vous enseigne \u00e0 :<\/p>\n\n\n\n<ul class=\"wp-block-list\">\n<li>Dignifier l\u2019ordinaire<\/li>\n\n\n\n<li>Travailler avec int\u00e9grit\u00e9<\/li>\n\n\n\n<li>Offrir votre effort \u00e0 Dieu<\/li>\n<\/ul>\n\n\n\n<h3 class=\"wp-block-heading\">3. Dans votre vie int\u00e9rieure<\/h3>\n\n\n\n<p>La d\u00e9votion cultive :<\/p>\n\n\n\n<ul class=\"wp-block-list\">\n<li>La patience<\/li>\n\n\n\n<li>La confiance dans la providence<\/li>\n\n\n\n<li>La capacit\u00e9 de discernement<\/li>\n<\/ul>\n\n\n\n<hr class=\"wp-block-separator has-alpha-channel-opacity\"\/>\n\n\n\n<h2 class=\"wp-block-heading\"><strong>Une spiritualit\u00e9 profond\u00e9ment incarn\u00e9e<\/strong><\/h2>\n\n\n\n<p>Saint Joseph n\u2019a pas fond\u00e9 d\u2019ordres, n\u2019a pas \u00e9crit de livres, n\u2019a pas pr\u00each\u00e9 de sermons\u2026 mais il a v\u00e9cu l\u2019essentiel :<\/p>\n\n\n\n<p><strong>Il a fait de sa vie une r\u00e9ponse constante \u00e0 Dieu.<\/strong><\/p>\n\n\n\n<p>Ceci est la cl\u00e9 th\u00e9ologique : la saintet\u00e9 ne consiste pas \u00e0 accomplir des choses extraordinaires, mais \u00e0 <strong>faire extraordinairement bien les choses ordinaires<\/strong>.<\/p>\n\n\n\n<hr class=\"wp-block-separator has-alpha-channel-opacity\"\/>\n\n\n\n<h2 class=\"wp-block-heading\"><strong>Cl\u00e9s spirituelles pour bien vivre la d\u00e9votion<\/strong><\/h2>\n\n\n\n<ul class=\"wp-block-list\">\n<li><strong>La constance plut\u00f4t que l\u2019\u00e9motion<\/strong> : peu importe si certains jours vous ne ressentez rien<\/li>\n\n\n\n<li><strong>La sinc\u00e9rit\u00e9 dans votre demande<\/strong> : parlez avec confiance<\/li>\n\n\n\n<li><strong>Ouverture \u00e0 la volont\u00e9 de Dieu<\/strong> : vous ne recevrez pas toujours ce que vous attendez, mais vous recevrez ce dont vous avez besoin<\/li>\n\n\n\n<li><strong>Imitation active<\/strong> : ne vous contentez pas de demander, imitez Saint Joseph<\/li>\n<\/ul>\n\n\n\n<hr class=\"wp-block-separator has-alpha-channel-opacity\"\/>\n\n\n\n<h2 class=\"wp-block-heading\"><strong>Une citation biblique pour m\u00e9diter pendant la d\u00e9votion<\/strong><\/h2>\n\n\n\n<blockquote class=\"wp-block-quote is-layout-flow wp-block-quote-is-layout-flow\">\n<p>\u00ab Le Seigneur est proche de ceux qui ont le c\u0153ur bris\u00e9 \u00bb (Psaume 34,19)<\/p>\n<\/blockquote>\n\n\n\n<p>Saint Joseph a v\u00e9cu des moments d\u2019incertitude profonde : la grossesse inattendue de Marie, la fuite en \u00c9gypte, la perte de l\u2019Enfant au Temple\u2026<br>Et en tout cela, Dieu \u00e9tait avec lui.<\/p>\n\n\n\n<p>Il sera avec vous aussi.<\/p>\n\n\n\n<hr class=\"wp-block-separator has-alpha-channel-opacity\"\/>\n\n\n\n<h2 class=\"wp-block-heading\"><strong>Conclusion : une d\u00e9votion simple qui peut tout changer<\/strong><\/h2>\n\n\n\n<p>La d\u00e9votion de trente jours \u00e0 Saint Joseph n\u2019est pas une formule magique, mais c\u2019est un <strong>chemin de gr\u00e2ce \u00e9prouv\u00e9<\/strong>.<\/p>\n\n\n\n<p>\u00c0 une \u00e9poque qui cherche des solutions rapides, cette d\u00e9votion propose quelque chose de contre-culturel :<br><strong>trente jours de fid\u00e9lit\u00e9, de silence, de pri\u00e8re et de confiance.<\/strong><\/p>\n\n\n\n<p>Et l\u00e0, dans les petites choses, Dieu accomplit de grandes \u0153uvres.<\/p>\n\n\n\n<p>Saint Joseph continue d\u2019agir aujourd\u2019hui.<br>Il continue de prot\u00e9ger, guider et interc\u00e9der.<\/p>\n\n\n\n<p>La question n\u2019est pas de savoir si cette d\u00e9votion fonctionne.<br>La question est :<\/p>\n\n\n\n<p><strong>\u00cates-vous pr\u00eat \u00e0 vous laisser transformer pendant 30 jours ?<\/strong><\/p>\n","protected":false},"excerpt":{"rendered":"<p>Dans un monde marqu\u00e9 par la pr\u00e9cipitation, l\u2019incertitude et la fragilit\u00e9 des relations, red\u00e9couvrir des figures silencieuses mais constantes devient presque une n\u00e9cessit\u00e9 spirituelle. Parmi elles, \u00e9merge avec force et actualit\u00e9 la figure de Saint Joseph : le gardien de la Sainte Famille, l\u2019homme juste, le p\u00e8re dans l\u2019ombre\u2026 et, de mani\u00e8re surprenante, l\u2019un des &hellip;<\/p>\n","protected":false},"author":3,"featured_media":5508,"comment_status":"open","ping_status":"closed","sticky":false,"template":"","format":"standard","meta":{"_seopress_robots_primary_cat":"","_seopress_titles_title":"","_seopress_titles_desc":"","_seopress_robots_index":"","footnotes":""},"categories":[40,58],"tags":[724],"class_list":["post-5507","post","type-post","status-publish","format-standard","has-post-thumbnail","","category-priere-et-spiritualite","category-priere-et-vie-spirituelle","tag-saint-joseph"],"_links":{"self":[{"href":"https:\/\/catholicus.eu\/fr\/wp-json\/wp\/v2\/posts\/5507","targetHints":{"allow":["GET"]}}],"collection":[{"href":"https:\/\/catholicus.eu\/fr\/wp-json\/wp\/v2\/posts"}],"about":[{"href":"https:\/\/catholicus.eu\/fr\/wp-json\/wp\/v2\/types\/post"}],"author":[{"embeddable":true,"href":"https:\/\/catholicus.eu\/fr\/wp-json\/wp\/v2\/users\/3"}],"replies":[{"embeddable":true,"href":"https:\/\/catholicus.eu\/fr\/wp-json\/wp\/v2\/comments?post=5507"}],"version-history":[{"count":1,"href":"https:\/\/catholicus.eu\/fr\/wp-json\/wp\/v2\/posts\/5507\/revisions"}],"predecessor-version":[{"id":5509,"href":"https:\/\/catholicus.eu\/fr\/wp-json\/wp\/v2\/posts\/5507\/revisions\/5509"}],"wp:featuredmedia":[{"embeddable":true,"href":"https:\/\/catholicus.eu\/fr\/wp-json\/wp\/v2\/media\/5508"}],"wp:attachment":[{"href":"https:\/\/catholicus.eu\/fr\/wp-json\/wp\/v2\/media?parent=5507"}],"wp:term":[{"taxonomy":"category","embeddable":true,"href":"https:\/\/catholicus.eu\/fr\/wp-json\/wp\/v2\/categories?post=5507"},{"taxonomy":"post_tag","embeddable":true,"href":"https:\/\/catholicus.eu\/fr\/wp-json\/wp\/v2\/tags?post=5507"}],"curies":[{"name":"wp","href":"https:\/\/api.w.org\/{rel}","templated":true}]}}