{"id":5498,"date":"2026-03-18T09:43:54","date_gmt":"2026-03-18T08:43:54","guid":{"rendered":"https:\/\/catholicus.eu\/fr\/?p=5498"},"modified":"2026-03-18T09:43:55","modified_gmt":"2026-03-18T08:43:55","slug":"tu-penses-que-prier-est-difficile-decouvre-5-facons-simples-de-parler-a-dieu-meme-si-tu-es-petit","status":"publish","type":"post","link":"https:\/\/catholicus.eu\/fr\/tu-penses-que-prier-est-difficile-decouvre-5-facons-simples-de-parler-a-dieu-meme-si-tu-es-petit\/","title":{"rendered":"Tu penses que prier est difficile ? D\u00e9couvre 5 fa\u00e7ons simples de parler \u00e0 Dieu (m\u00eame si tu es petit)"},"content":{"rendered":"\n<p>Nous vivons dans un monde rapide, bruyant, rempli d\u2019\u00e9crans et de distractions constantes. Beaucoup pensent que la pri\u00e8re est quelque chose de compliqu\u00e9, r\u00e9serv\u00e9 aux saints, aux religieux ou \u00e0 ceux qui ont beaucoup de temps. Mais la v\u00e9rit\u00e9 est bien plus simple \u2014 et profond\u00e9ment belle : <strong>prier, c\u2019est parler \u00e0 Dieu\u2026 et tout le monde peut le faire<\/strong>.<\/p>\n\n\n\n<p>Oui, m\u00eame un enfant. M\u00eame quelqu\u2019un qui n\u2019a jamais pri\u00e9 auparavant. M\u00eame toi, tel que tu es en ce moment.<\/p>\n\n\n\n<p>Parce que la pri\u00e8re n\u2019est pas une technique compliqu\u00e9e, mais une relation vivante avec J\u00e9sus-Christ, qui nous a appris que Dieu est notre P\u00e8re et que nous pouvons nous approcher de Lui avec confiance, simplicit\u00e9 et amour.<\/p>\n\n\n\n<blockquote class=\"wp-block-quote is-layout-flow wp-block-quote-is-layout-flow\">\n<p>\u00ab Laissez les enfants venir \u00e0 moi, ne les emp\u00eachez pas, car le Royaume de Dieu est \u00e0 ceux qui leur ressemblent. \u00bb (Mc 10,14)<\/p>\n<\/blockquote>\n\n\n\n<p>Cet article est un guide profond mais accessible pour d\u00e9couvrir <strong>5 fa\u00e7ons simples de prier chaque jour<\/strong>, enracin\u00e9es dans la Tradition de l\u2019\u00c9glise et appliqu\u00e9es concr\u00e8tement \u00e0 la vie moderne.<\/p>\n\n\n\n<hr class=\"wp-block-separator has-alpha-channel-opacity\"\/>\n\n\n\n<h1 class=\"wp-block-heading\"><strong>1. La pri\u00e8re vocale : quand tes l\u00e8vres enseignent \u00e0 ton c\u0153ur<\/strong><\/h1>\n\n\n\n<h2 class=\"wp-block-heading\">\ud83d\udcdc Histoire et fondement th\u00e9ologique<\/h2>\n\n\n\n<p>La pri\u00e8re vocale est la forme la plus simple et la plus universelle de pri\u00e8re. D\u00e8s l\u2019Ancien Testament, le peuple d\u2019Isra\u00ebl priait avec des paroles concr\u00e8tes : les Psaumes, les b\u00e9n\u00e9dictions, les supplications\u2026<\/p>\n\n\n\n<p>La Bible est remplie de pri\u00e8res prononc\u00e9es \u00e0 voix haute. Et J\u00e9sus-Christ Lui-m\u00eame nous a enseign\u00e9 \u00e0 prier avec des mots dans le <strong>Notre P\u00e8re<\/strong>.<\/p>\n\n\n\n<p>L\u2019\u00c9glise a toujours valoris\u00e9 cette forme de pri\u00e8re parce qu\u2019elle <strong>\u00e9duque l\u2019\u00e2me<\/strong>. Ce n\u2019est pas quelque chose de m\u00e9canique : c\u2019est un chemin pour apprendre \u00e0 parler \u00e0 Dieu.<\/p>\n\n\n\n<h2 class=\"wp-block-heading\">\ud83d\ude4f Comment la pratiquer ?<\/h2>\n\n\n\n<ul class=\"wp-block-list\">\n<li>Prie le matin au r\u00e9veil : \u00ab Seigneur, je t\u2019offre cette journ\u00e9e. \u00bb<\/li>\n\n\n\n<li>Avant de dormir : un Notre P\u00e8re ou un Je vous salue Marie.<\/li>\n\n\n\n<li>Avant les repas : b\u00e9nir la nourriture.<\/li>\n\n\n\n<li>Dans les moments difficiles : une courte pri\u00e8re (\u00ab J\u00e9sus, j\u2019ai confiance en Toi \u00bb).<\/li>\n<\/ul>\n\n\n\n<h2 class=\"wp-block-heading\">\ud83d\udca1 Cl\u00e9 spirituelle<\/h2>\n\n\n\n<p>M\u00eame si cela semble r\u00e9p\u00e9titif au d\u00e9but, <strong>les paroles fa\u00e7onnent le c\u0153ur<\/strong>. Comme un enfant qui apprend \u00e0 parler, l\u2019\u00e2me apprend \u00e0 aimer.<\/p>\n\n\n\n<hr class=\"wp-block-separator has-alpha-channel-opacity\"\/>\n\n\n\n<h1 class=\"wp-block-heading\"><strong>2. La pri\u00e8re mentale : parler \u00e0 Dieu comme \u00e0 un ami<\/strong><\/h1>\n\n\n\n<h2 class=\"wp-block-heading\">\ud83d\udcdc Tradition spirituelle<\/h2>\n\n\n\n<p>De grands saints comme Sainte Th\u00e9r\u00e8se d\u2019Avila d\u00e9finissaient la pri\u00e8re mentale ainsi :<\/p>\n\n\n\n<blockquote class=\"wp-block-quote is-layout-flow wp-block-quote-is-layout-flow\">\n<p>\u00ab Ce n\u2019est rien d\u2019autre qu\u2019un commerce d\u2019amiti\u00e9, o\u00f9 l\u2019on s\u2019entretient souvent seul \u00e0 seul avec Celui dont on se sait aim\u00e9. \u00bb<\/p>\n<\/blockquote>\n\n\n\n<p>Ici, il ne s\u2019agit plus seulement de r\u00e9p\u00e9ter des mots, mais de <strong>dialoguer avec Dieu depuis le c\u0153ur<\/strong>.<\/p>\n\n\n\n<h2 class=\"wp-block-heading\">\ud83e\udde0 En quoi consiste-t-elle ?<\/h2>\n\n\n\n<ul class=\"wp-block-list\">\n<li>Parler \u00e0 Dieu avec tes propres mots.<\/li>\n\n\n\n<li>Lui confier ce qui te pr\u00e9occupe.<\/li>\n\n\n\n<li>Le remercier pour ce que tu as.<\/li>\n\n\n\n<li>Lui demander son aide avec confiance.<\/li>\n<\/ul>\n\n\n\n<h2 class=\"wp-block-heading\">\ud83d\ude4f Exemple simple<\/h2>\n\n\n\n<p>Un enfant peut prier ainsi :<\/p>\n\n\n\n<blockquote class=\"wp-block-quote is-layout-flow wp-block-quote-is-layout-flow\">\n<p>\u00ab J\u00e9sus, aujourd\u2019hui je me suis f\u00e2ch\u00e9\u2026 aide-moi \u00e0 \u00eatre meilleur. Merci pour ma famille. \u00bb<\/p>\n<\/blockquote>\n\n\n\n<p>C\u2019est une vraie pri\u00e8re.<\/p>\n\n\n\n<h2 class=\"wp-block-heading\">\ud83d\udca1 Cl\u00e9 spirituelle<\/h2>\n\n\n\n<p>Dieu n\u2019attend pas des discours parfaits. <strong>Il veut ta v\u00e9rit\u00e9, pas ta perfection<\/strong>.<\/p>\n\n\n\n<hr class=\"wp-block-separator has-alpha-channel-opacity\"\/>\n\n\n\n<h1 class=\"wp-block-heading\"><strong>3. La pri\u00e8re avec la Parole de Dieu : quand Il te parle en premier<\/strong><\/h1>\n\n\n\n<h2 class=\"wp-block-heading\">\ud83d\udcdc Fondement th\u00e9ologique<\/h2>\n\n\n\n<p>La pri\u00e8re n\u2019est pas seulement parler : c\u2019est aussi \u00e9couter. Et Dieu parle principalement \u00e0 travers Sa Parole.<\/p>\n\n\n\n<p>C\u2019est pourquoi l\u2019\u00c9glise a toujours recommand\u00e9 la lecture priante de l\u2019\u00c9criture (lectio divina).<\/p>\n\n\n\n<blockquote class=\"wp-block-quote is-layout-flow wp-block-quote-is-layout-flow\">\n<p>\u00ab Ta parole est une lampe pour mes pas, une lumi\u00e8re sur ma route. \u00bb (Ps 119,105)<\/p>\n<\/blockquote>\n\n\n\n<h2 class=\"wp-block-heading\">\ud83d\udcd6 Comment la pratiquer ?<\/h2>\n\n\n\n<ul class=\"wp-block-list\">\n<li>Lis un court passage de l\u2019\u00c9vangile.<\/li>\n\n\n\n<li>Imagine la sc\u00e8ne.<\/li>\n\n\n\n<li>Demande-toi : que me dit Dieu ici ?<\/li>\n\n\n\n<li>R\u00e9ponds par une pri\u00e8re.<\/li>\n<\/ul>\n\n\n\n<h2 class=\"wp-block-heading\">\u2728 Exemple<\/h2>\n\n\n\n<p>Tu lis comment J\u00e9sus-Christ apaise la temp\u00eate.<\/p>\n\n\n\n<p>\u2192 Tu peux dire :<br>\u00ab Seigneur, apaise aussi mes peurs. \u00bb<\/p>\n\n\n\n<h2 class=\"wp-block-heading\">\ud83d\udca1 Cl\u00e9 spirituelle<\/h2>\n\n\n\n<p>La pri\u00e8re chr\u00e9tienne ne commence pas par nous : <strong>elle commence par Dieu qui parle le premier<\/strong>.<\/p>\n\n\n\n<hr class=\"wp-block-separator has-alpha-channel-opacity\"\/>\n\n\n\n<h1 class=\"wp-block-heading\"><strong>4. La pri\u00e8re dans le quotidien : transformer ta vie en dialogue avec Dieu<\/strong><\/h1>\n\n\n\n<h2 class=\"wp-block-heading\">\ud83d\udcdc Th\u00e9ologie de la vie ordinaire<\/h2>\n\n\n\n<p>Ici, nous entrons dans quelque chose de profond\u00e9ment r\u00e9volutionnaire : <strong>tout peut devenir pri\u00e8re<\/strong>.<\/p>\n\n\n\n<p>Saint Paul le dit clairement :<\/p>\n\n\n\n<blockquote class=\"wp-block-quote is-layout-flow wp-block-quote-is-layout-flow\">\n<p>\u00ab Priez sans cesse. \u00bb (1 Th 5,17)<\/p>\n<\/blockquote>\n\n\n\n<p>Comment est-ce possible ? Nous ne pouvons pas prier formellement toute la journ\u00e9e\u2026 mais nous pouvons <strong>vivre en pr\u00e9sence de Dieu<\/strong>.<\/p>\n\n\n\n<h2 class=\"wp-block-heading\">\ud83c\udfe1 Application pratique<\/h2>\n\n\n\n<ul class=\"wp-block-list\">\n<li>Offrir ton travail : \u00ab Seigneur, c\u2019est pour Toi. \u00bb<\/li>\n\n\n\n<li>\u00c9tudier avec intention : \u00ab Aide-moi \u00e0 bien faire. \u00bb<\/li>\n\n\n\n<li>Aider \u00e0 la maison avec amour.<\/li>\n\n\n\n<li>Accepter les difficult\u00e9s avec patience.<\/li>\n<\/ul>\n\n\n\n<h2 class=\"wp-block-heading\">\ud83d\udca1 Cl\u00e9 spirituelle<\/h2>\n\n\n\n<p>Il ne s\u2019agit pas de faire des choses extraordinaires, mais de <strong>faire les choses ordinaires avec un amour surnaturel<\/strong>.<\/p>\n\n\n\n<hr class=\"wp-block-separator has-alpha-channel-opacity\"\/>\n\n\n\n<h1 class=\"wp-block-heading\"><strong>5. La pri\u00e8re du c\u0153ur : le silence qui transforme<\/strong><\/h1>\n\n\n\n<h2 class=\"wp-block-heading\">\ud83d\udcdc Racines dans la tradition<\/h2>\n\n\n\n<p>Les grands mystiques parlent d\u2019une pri\u00e8re plus profonde : <strong>le silence int\u00e9rieur<\/strong>.<\/p>\n\n\n\n<p>Il n\u2019y a pas toujours des mots. Parfois, tu es simplement avec Dieu.<\/p>\n\n\n\n<p>Comme le disait Saint Jean de la Croix :<\/p>\n\n\n\n<blockquote class=\"wp-block-quote is-layout-flow wp-block-quote-is-layout-flow\">\n<p>\u00ab Le langage de Dieu est le silence. \u00bb<\/p>\n<\/blockquote>\n\n\n\n<h2 class=\"wp-block-heading\">\ud83d\udd4a\ufe0f Comment la vivre ?<\/h2>\n\n\n\n<ul class=\"wp-block-list\">\n<li>Trouve un moment de silence (m\u00eame 5 minutes).<\/li>\n\n\n\n<li>Reste en pr\u00e9sence de Dieu.<\/li>\n\n\n\n<li>Ne force pas les pens\u00e9es.<\/li>\n\n\n\n<li>Aime simplement\u2026 et laisse-toi aimer.<\/li>\n<\/ul>\n\n\n\n<h2 class=\"wp-block-heading\">\ud83d\udca1 Cl\u00e9 spirituelle<\/h2>\n\n\n\n<p>Ici, tu ne fais rien\u2026 mais Dieu fait tout.<\/p>\n\n\n\n<hr class=\"wp-block-separator has-alpha-channel-opacity\"\/>\n\n\n\n<h1 class=\"wp-block-heading\"><strong>Pourquoi est-il si important de prier chaque jour ?<\/strong><\/h1>\n\n\n\n<p>D\u2019un point de vue th\u00e9ologique, la pri\u00e8re n\u2019est pas optionnelle : <strong>elle est vitale<\/strong>.<\/p>\n\n\n\n<ul class=\"wp-block-list\">\n<li>Elle est le moyen ordinaire de la gr\u00e2ce.<\/li>\n\n\n\n<li>Elle fortifie la foi, l\u2019esp\u00e9rance et la charit\u00e9.<\/li>\n\n\n\n<li>Elle nous unit \u00e0 Dieu et transforme notre \u00e2me.<\/li>\n<\/ul>\n\n\n\n<p>Sans la pri\u00e8re, la vie chr\u00e9tienne s\u2019affaiblit. Avec la pri\u00e8re, m\u00eame la personne la plus simple peut atteindre une grande saintet\u00e9.<\/p>\n\n\n\n<hr class=\"wp-block-separator has-alpha-channel-opacity\"\/>\n\n\n\n<h1 class=\"wp-block-heading\"><strong>Application pratique : un plan simple pour commencer aujourd\u2019hui<\/strong><\/h1>\n\n\n\n<p>Tu n\u2019as pas besoin de changer toute ta vie d\u2019un coup. Commence ainsi :<\/p>\n\n\n\n<h3 class=\"wp-block-heading\">\ud83c\udf05 Le matin<\/h3>\n\n\n\n<p>Une courte pri\u00e8re (1 minute)<\/p>\n\n\n\n<h3 class=\"wp-block-heading\">\ud83c\udf7d\ufe0f Avant les repas<\/h3>\n\n\n\n<p>B\u00e9nir la nourriture<\/p>\n\n\n\n<h3 class=\"wp-block-heading\">\ud83d\udcd6 Pendant la journ\u00e9e<\/h3>\n\n\n\n<p>Lire un verset de l\u2019\u00c9vangile<\/p>\n\n\n\n<h3 class=\"wp-block-heading\">\ud83d\udcac \u00c0 tout moment<\/h3>\n\n\n\n<p>Parler \u00e0 Dieu comme \u00e0 un ami<\/p>\n\n\n\n<h3 class=\"wp-block-heading\">\ud83c\udf19 Le soir<\/h3>\n\n\n\n<p>Rendre gr\u00e2ce et demander pardon<\/p>\n\n\n\n<hr class=\"wp-block-separator has-alpha-channel-opacity\"\/>\n\n\n\n<h1 class=\"wp-block-heading\"><strong>Conclusion : Dieu ne cherche pas des experts\u2026 Il cherche des c\u0153urs<\/strong><\/h1>\n\n\n\n<p>Peut-\u00eatre que tu penses ne pas savoir prier. Peut-\u00eatre que tu te distrais. Peut-\u00eatre que tu commences puis tu abandonnes.<\/p>\n\n\n\n<p>Ce n\u2019est pas grave.<\/p>\n\n\n\n<p>Dieu n\u2019attend pas une pri\u00e8re parfaite. Il attend <strong>ta pr\u00e9sence<\/strong>.<\/p>\n\n\n\n<p>Parce que prier, ce n\u2019est pas impressionner Dieu\u2026<br>c\u2019est <strong>laisser Dieu transformer ta vie de l\u2019int\u00e9rieur<\/strong>.<\/p>\n\n\n\n<p>Et la chose la plus belle, c\u2019est celle-ci :<br><strong>peu importe si tu es petit, faible ou inconstant\u2026 Dieu \u00e9coute toujours.<\/strong><\/p>\n","protected":false},"excerpt":{"rendered":"<p>Nous vivons dans un monde rapide, bruyant, rempli d\u2019\u00e9crans et de distractions constantes. Beaucoup pensent que la pri\u00e8re est quelque chose de compliqu\u00e9, r\u00e9serv\u00e9 aux saints, aux religieux ou \u00e0 ceux qui ont beaucoup de temps. Mais la v\u00e9rit\u00e9 est bien plus simple \u2014 et profond\u00e9ment belle : prier, c\u2019est parler \u00e0 Dieu\u2026 et tout &hellip;<\/p>\n","protected":false},"author":3,"featured_media":5499,"comment_status":"open","ping_status":"closed","sticky":false,"template":"","format":"standard","meta":{"_seopress_robots_primary_cat":"","_seopress_titles_title":"","_seopress_titles_desc":"","_seopress_robots_index":"","footnotes":""},"categories":[40,58],"tags":[175],"class_list":["post-5498","post","type-post","status-publish","format-standard","has-post-thumbnail","","category-priere-et-spiritualite","category-priere-et-vie-spirituelle","tag-prier"],"_links":{"self":[{"href":"https:\/\/catholicus.eu\/fr\/wp-json\/wp\/v2\/posts\/5498","targetHints":{"allow":["GET"]}}],"collection":[{"href":"https:\/\/catholicus.eu\/fr\/wp-json\/wp\/v2\/posts"}],"about":[{"href":"https:\/\/catholicus.eu\/fr\/wp-json\/wp\/v2\/types\/post"}],"author":[{"embeddable":true,"href":"https:\/\/catholicus.eu\/fr\/wp-json\/wp\/v2\/users\/3"}],"replies":[{"embeddable":true,"href":"https:\/\/catholicus.eu\/fr\/wp-json\/wp\/v2\/comments?post=5498"}],"version-history":[{"count":1,"href":"https:\/\/catholicus.eu\/fr\/wp-json\/wp\/v2\/posts\/5498\/revisions"}],"predecessor-version":[{"id":5500,"href":"https:\/\/catholicus.eu\/fr\/wp-json\/wp\/v2\/posts\/5498\/revisions\/5500"}],"wp:featuredmedia":[{"embeddable":true,"href":"https:\/\/catholicus.eu\/fr\/wp-json\/wp\/v2\/media\/5499"}],"wp:attachment":[{"href":"https:\/\/catholicus.eu\/fr\/wp-json\/wp\/v2\/media?parent=5498"}],"wp:term":[{"taxonomy":"category","embeddable":true,"href":"https:\/\/catholicus.eu\/fr\/wp-json\/wp\/v2\/categories?post=5498"},{"taxonomy":"post_tag","embeddable":true,"href":"https:\/\/catholicus.eu\/fr\/wp-json\/wp\/v2\/tags?post=5498"}],"curies":[{"name":"wp","href":"https:\/\/api.w.org\/{rel}","templated":true}]}}