{"id":5495,"date":"2026-03-18T09:25:32","date_gmt":"2026-03-18T08:25:32","guid":{"rendered":"https:\/\/catholicus.eu\/fr\/?p=5495"},"modified":"2026-03-18T09:25:32","modified_gmt":"2026-03-18T08:25:32","slug":"dieu-a-tout-pense-le-secret-de-lunivers-explique-aux-enfants","status":"publish","type":"post","link":"https:\/\/catholicus.eu\/fr\/dieu-a-tout-pense-le-secret-de-lunivers-explique-aux-enfants\/","title":{"rendered":"Dieu a tout pens\u00e9 : le secret de l\u2019univers expliqu\u00e9 aux enfants"},"content":{"rendered":"\n<h2 class=\"wp-block-heading\">Introduction : un myst\u00e8re que m\u00eame les enfants peuvent comprendre<\/h2>\n\n\n\n<p>Il y a une question que, t\u00f4t ou tard, chaque enfant pose :<br><strong>\u00ab Qui a fait tout cela ? \u00bb<\/strong><\/p>\n\n\n\n<p>Le ciel, les \u00e9toiles, les animaux, la vie\u2026 et nous-m\u00eames.<br>Loin d\u2019\u00eatre une question na\u00efve, c\u2019est l\u2019une des interrogations les plus profondes que l\u2019\u00eatre humain puisse se poser. Et, de mani\u00e8re surprenante, la foi catholique traditionnelle ne se contente pas d\u2019y r\u00e9pondre, mais elle le fait avec une beaut\u00e9, une coh\u00e9rence et une profondeur qui traversent des si\u00e8cles de pens\u00e9e th\u00e9ologique.<\/p>\n\n\n\n<p>Dire que <em>\u00ab Dieu a tout pens\u00e9 \u00bb<\/em> n\u2019est pas une simple formule po\u00e9tique sans contenu. C\u2019est une affirmation th\u00e9ologique de grande port\u00e9e : cela signifie que l\u2019univers n\u2019est pas le fruit du hasard, ni d\u2019un accident d\u00e9pourvu de sens, mais d\u2019une <strong>Intelligence \u00e9ternelle, aimante et ordonn\u00e9e<\/strong>.<\/p>\n\n\n\n<p>Cet article cherche \u00e0 expliquer ce grand secret \u2014 que Dieu a tout pens\u00e9 et voulu \u2014 d\u2019une mani\u00e8re accessible, m\u00eame pour un enfant, sans pour autant perdre la richesse de la tradition th\u00e9ologique catholique.<\/p>\n\n\n\n<hr class=\"wp-block-separator has-alpha-channel-opacity\"\/>\n\n\n\n<h2 class=\"wp-block-heading\">1. Dieu comme origine de tout : l\u2019id\u00e9e avant la cr\u00e9ation<\/h2>\n\n\n\n<p>Dans la th\u00e9ologie catholique, Dieu ne se contente pas de cr\u00e9er ; Il <strong>conna\u00eet et pense tout avant de le cr\u00e9er<\/strong>. Cela est connu comme la doctrine des <em>id\u00e9es divines<\/em>.<\/p>\n\n\n\n<p>Avant que l\u2019univers n\u2019existe, il existait d\u00e9j\u00e0 dans la pens\u00e9e de Dieu.<br>Chaque \u00e9toile, chaque montagne, chaque personne\u2026 \u00e9tait contenue, de mani\u00e8re parfaite, dans Sa connaissance \u00e9ternelle.<\/p>\n\n\n\n<p>Non pas comme quelque chose de froid ou de m\u00e9canique, mais comme un acte d\u2019amour.<\/p>\n\n\n\n<p>L\u2019\u00c9criture Sainte l\u2019exprime avec simplicit\u00e9 et profondeur :<\/p>\n\n\n\n<blockquote class=\"wp-block-quote is-layout-flow wp-block-quote-is-layout-flow\">\n<p>\u00ab Avant de te former dans le sein de ta m\u00e8re, je te connaissais. \u00bb (J\u00e9r\u00e9mie 1,5)<\/p>\n<\/blockquote>\n\n\n\n<p>Cela signifie que toi \u2014 oui, toi \u2014 tu n\u2019es pas un accident.<br>Tu es <strong>pens\u00e9, voulu et aim\u00e9 de toute \u00e9ternit\u00e9<\/strong>.<\/p>\n\n\n\n<p>Pour l\u2019expliquer \u00e0 un enfant, on pourrait dire :<br><em>Dieu est comme un grand artiste qui imagine d\u2019abord le dessin dans son esprit \u2014 mais avec une diff\u00e9rence : ce que Dieu imagine\u2026 existe r\u00e9ellement.<\/em><\/p>\n\n\n\n<hr class=\"wp-block-separator has-alpha-channel-opacity\"\/>\n\n\n\n<h2 class=\"wp-block-heading\">2. L\u2019univers comme un plan : ordre, beaut\u00e9 et finalit\u00e9<\/h2>\n\n\n\n<p>Si nous observons le monde, nous d\u00e9couvrons quelque chose de remarquable : <strong>tout poss\u00e8de un ordre<\/strong>.<\/p>\n\n\n\n<ul class=\"wp-block-list\">\n<li>Les saisons suivent un cycle<\/li>\n\n\n\n<li>Le corps humain fonctionne avec pr\u00e9cision<\/li>\n\n\n\n<li>Les lois de la nature sont constantes<\/li>\n<\/ul>\n\n\n\n<p>Ce n\u2019est pas le fruit du hasard. Pour la tradition catholique, cet ordre refl\u00e8te la <strong>sagesse de Dieu<\/strong>.<\/p>\n\n\n\n<p>Saint Thomas d\u2019Aquin l\u2019expliquait clairement : l\u2019ordre de l\u2019univers renvoie \u00e0 une intelligence qui l\u2019a con\u00e7u.<\/p>\n\n\n\n<p>Pour un enfant, on pourrait utiliser une comparaison simple :<br>Si tu vois une horloge qui fonctionne parfaitement, tu sais que quelqu\u2019un l\u2019a fabriqu\u00e9e.<br>L\u2019univers est bien plus complexe qu\u2019une horloge\u2026 comment pourrait-il ne pas avoir un Auteur ?<\/p>\n\n\n\n<p>La Bible l\u2019exprime \u00e9galement :<\/p>\n\n\n\n<blockquote class=\"wp-block-quote is-layout-flow wp-block-quote-is-layout-flow\">\n<p>\u00ab Tu as tout fait avec sagesse. \u00bb (Psaume 104,24)<\/p>\n<\/blockquote>\n\n\n\n<hr class=\"wp-block-separator has-alpha-channel-opacity\"\/>\n\n\n\n<h2 class=\"wp-block-heading\">3. Dieu n\u2019a pas seulement pens\u00e9 l\u2019univers\u2026 Il a pens\u00e9 \u00e0 toi<\/h2>\n\n\n\n<p>Voici le c\u0153ur du message chr\u00e9tien :<br>Dieu n\u2019a pas seulement pens\u00e9 \u00e0 des \u00ab choses \u00bb, mais \u00e0 des <strong>personnes<\/strong>.<\/p>\n\n\n\n<p>Chaque \u00eatre humain a une place dans le plan de Dieu.<br>Nous ne sommes pas des pi\u00e8ces interchangeables, mais des <strong>enfants appel\u00e9s \u00e0 une relation personnelle avec Lui<\/strong>.<\/p>\n\n\n\n<p>Cela change compl\u00e8tement notre mani\u00e8re de voir la vie :<\/p>\n\n\n\n<ul class=\"wp-block-list\">\n<li>Ton existence a un sens<\/li>\n\n\n\n<li>Tes talents ont un but<\/li>\n\n\n\n<li>Tes \u00e9preuves ne sont pas absurdes<\/li>\n<\/ul>\n\n\n\n<p>M\u00eame la souffrance, qui est l\u2019un des grands myst\u00e8res, peut \u00eatre int\u00e9gr\u00e9e dans ce plan d\u2019amour.<\/p>\n\n\n\n<p>Pour un enfant :<br><em>Dieu n\u2019a pas fait le monde comme quelqu\u2019un qui assemble un jouet puis l\u2019oublie. Il l\u2019a fait comme un p\u00e8re qui pense \u00e0 ses enfants et veut qu\u2019ils grandissent, apprennent et soient heureux avec Lui.<\/em><\/p>\n\n\n\n<hr class=\"wp-block-separator has-alpha-channel-opacity\"\/>\n\n\n\n<h2 class=\"wp-block-heading\">4. La libert\u00e9 humaine dans le plan de Dieu<\/h2>\n\n\n\n<p>Une question importante surgit ici :<br>Si Dieu a tout pens\u00e9\u2026 sommes-nous libres ?<\/p>\n\n\n\n<p>La th\u00e9ologie catholique r\u00e9pond avec \u00e9quilibre :<br><strong>Oui, Dieu sait tout, mais Il ne nous force pas \u00e0 agir.<\/strong><\/p>\n\n\n\n<p>Dieu a con\u00e7u un plan, mais \u00e0 l\u2019int\u00e9rieur de ce plan, Il a voulu quelque chose d\u2019extraordinaire : <strong>notre libert\u00e9<\/strong>.<\/p>\n\n\n\n<p>Cela signifie que :<\/p>\n\n\n\n<ul class=\"wp-block-list\">\n<li>Nous pouvons choisir le bien ou le mal<\/li>\n\n\n\n<li>Nous pouvons nous rapprocher de Dieu ou nous en \u00e9loigner<\/li>\n\n\n\n<li>Nous pouvons coop\u00e9rer avec Son plan ou lui r\u00e9sister<\/li>\n<\/ul>\n\n\n\n<p>Et c\u2019est l\u00e0 que r\u00e9sident \u00e0 la fois le drame et la beaut\u00e9 de la vie humaine.<\/p>\n\n\n\n<p>Pour un enfant :<br><em>Dieu t\u2019a pens\u00e9 comme quelqu\u2019un capable de choisir. Pas comme un robot, mais comme quelqu\u2019un qui peut vraiment aimer.<\/em><\/p>\n\n\n\n<hr class=\"wp-block-separator has-alpha-channel-opacity\"\/>\n\n\n\n<h2 class=\"wp-block-heading\">5. Le p\u00e9ch\u00e9 : lorsque nous sortons du plan<\/h2>\n\n\n\n<p>Si tout a \u00e9t\u00e9 bien pens\u00e9, pourquoi le mal existe-t-il ?<\/p>\n\n\n\n<p>La r\u00e9ponse chr\u00e9tienne est claire :<br>Le mal ne vient pas de Dieu, mais du mauvais usage de la libert\u00e9.<\/p>\n\n\n\n<p>Le p\u00e9ch\u00e9 est, en un certain sens, <strong>sortir du plan de Dieu<\/strong>.<\/p>\n\n\n\n<p>Mais ici appara\u00eet quelque chose d\u2019encore plus grand :<br>Dieu n\u2019improvise pas. M\u00eame face au p\u00e9ch\u00e9, Il a un plan de salut.<\/p>\n\n\n\n<hr class=\"wp-block-separator has-alpha-channel-opacity\"\/>\n\n\n\n<h2 class=\"wp-block-heading\">6. Le Christ : le centre du plan de Dieu<\/h2>\n\n\n\n<p>Le point culminant de toute l\u2019histoire est J\u00e9sus-Christ.<\/p>\n\n\n\n<p>Du point de vue de la th\u00e9ologie catholique, le Christ n\u2019est pas un \u00ab plan B \u00bb.<br>Il est le centre du plan \u00e9ternel de Dieu.<\/p>\n\n\n\n<p>Dieu a pens\u00e9 l\u2019univers <strong>en relation avec le Christ<\/strong> :<\/p>\n\n\n\n<ul class=\"wp-block-list\">\n<li>Il est le sens ultime de la cr\u00e9ation<\/li>\n\n\n\n<li>Il r\u00e9v\u00e8le l\u2019amour de Dieu<\/li>\n\n\n\n<li>Il restaure ce que le p\u00e9ch\u00e9 a endommag\u00e9<\/li>\n<\/ul>\n\n\n\n<p>Comme le dit l\u2019\u00c9criture :<\/p>\n\n\n\n<blockquote class=\"wp-block-quote is-layout-flow wp-block-quote-is-layout-flow\">\n<p>\u00ab Tout a \u00e9t\u00e9 cr\u00e9\u00e9 par Lui et pour Lui. \u00bb (Colossiens 1,16)<\/p>\n<\/blockquote>\n\n\n\n<p>Pour l\u2019expliquer \u00e0 un enfant :<br><em>Dieu a pens\u00e9 le monde comme une grande histoire, et J\u00e9sus est le personnage principal qui vient nous apprendre \u00e0 vivre et nous ramener vers Dieu.<\/em><\/p>\n\n\n\n<hr class=\"wp-block-separator has-alpha-channel-opacity\"\/>\n\n\n\n<h2 class=\"wp-block-heading\">7. Un enseignement profond\u00e9ment actuel<\/h2>\n\n\n\n<p>Dans le monde d\u2019aujourd\u2019hui, beaucoup de personnes vivent comme si tout \u00e9tait d\u00fb au hasard :<\/p>\n\n\n\n<ul class=\"wp-block-list\">\n<li>\u00ab Rien n\u2019a de sens \u00bb<\/li>\n\n\n\n<li>\u00ab Tout est relatif \u00bb<\/li>\n\n\n\n<li>\u00ab Nous sommes ici par accident \u00bb<\/li>\n<\/ul>\n\n\n\n<p>Mais cette vision conduit souvent au vide, \u00e0 l\u2019angoisse et \u00e0 l\u2019absence de sens.<\/p>\n\n\n\n<p>Face \u00e0 cela, la foi chr\u00e9tienne propose quelque chose de radicalement diff\u00e9rent :<\/p>\n\n\n\n<p><strong>Ta vie a un sens \u00e9ternel.<\/strong><\/p>\n\n\n\n<p>Tu n\u2019es pas perdu dans l\u2019univers.<br>Tu fais partie d\u2019un plan rempli d\u2019amour.<\/p>\n\n\n\n<p>Cela a des cons\u00e9quences pratiques tr\u00e8s concr\u00e8tes :<\/p>\n\n\n\n<h3 class=\"wp-block-heading\">a) Vivre dans la confiance<\/h3>\n\n\n\n<p>Si Dieu a tout pens\u00e9, nous pouvons faire confiance m\u00eame dans l\u2019incertitude.<\/p>\n\n\n\n<h3 class=\"wp-block-heading\">b) D\u00e9couvrir notre vocation<\/h3>\n\n\n\n<p>Chaque personne a une mission unique.<\/p>\n\n\n\n<h3 class=\"wp-block-heading\">c) Apprendre \u00e0 aimer<\/h3>\n\n\n\n<p>Le plan de Dieu n\u2019est pas seulement \u00ab ordre \u00bb, mais <strong>amour<\/strong>.<\/p>\n\n\n\n<h3 class=\"wp-block-heading\">d) Affronter la souffrance avec esp\u00e9rance<\/h3>\n\n\n\n<p>Rien n\u2019est hors de port\u00e9e de Dieu.<\/p>\n\n\n\n<hr class=\"wp-block-separator has-alpha-channel-opacity\"\/>\n\n\n\n<h2 class=\"wp-block-heading\">8. Comment l\u2019expliquer \u00e0 un enfant (et s\u2019en souvenir en tant qu\u2019adulte)<\/h2>\n\n\n\n<p>Si tu devais r\u00e9sumer tout cela pour un enfant, tu pourrais dire :<\/p>\n\n\n\n<ul class=\"wp-block-list\">\n<li>Dieu a tout fait par amour<\/li>\n\n\n\n<li>Il a pens\u00e9 chaque chose avant de la cr\u00e9er<\/li>\n\n\n\n<li>Il a pens\u00e9 \u00e0 toi d\u2019une mani\u00e8re sp\u00e9ciale<\/li>\n\n\n\n<li>Il veut que tu sois heureux avec Lui<\/li>\n\n\n\n<li>Il t\u2019a donn\u00e9 la libert\u00e9 d\u2019aimer<\/li>\n\n\n\n<li>Et Il ne t\u2019abandonne jamais<\/li>\n<\/ul>\n\n\n\n<p>Et, en r\u00e9alit\u00e9, c\u2019est exactement ce que nous, adultes, avons besoin de nous rappeler.<\/p>\n\n\n\n<hr class=\"wp-block-separator has-alpha-channel-opacity\"\/>\n\n\n\n<h2 class=\"wp-block-heading\">Conclusion : le secret de l\u2019univers<\/h2>\n\n\n\n<p>Le grand secret de l\u2019univers n\u2019est pas une formule math\u00e9matique ni une th\u00e9orie scientifique.<\/p>\n\n\n\n<p>Le voici :<\/p>\n\n\n\n<p><strong>L\u2019univers a un sens parce qu\u2019il a \u00e9t\u00e9 pens\u00e9 par Dieu.<br>Et tu fais partie de cette pens\u00e9e \u00e9ternelle.<\/strong><\/p>\n\n\n\n<p>Tu n\u2019es pas une erreur.<br>Tu n\u2019es pas un accident.<br>Tu n\u2019es pas insignifiant.<\/p>\n\n\n\n<p>Tu es aim\u00e9 de toute \u00e9ternit\u00e9.<\/p>\n\n\n\n<p>Et peut-\u00eatre que la r\u00e9ponse la plus simple \u2014 et la plus profonde \u2014 est celle qu\u2019un enfant comme un sage peuvent comprendre :<\/p>\n\n\n\n<p><em>Dieu a tout pens\u00e9\u2026 et Il l\u2019a fait par amour.<\/em><\/p>\n","protected":false},"excerpt":{"rendered":"<p>Introduction : un myst\u00e8re que m\u00eame les enfants peuvent comprendre Il y a une question que, t\u00f4t ou tard, chaque enfant pose :\u00ab Qui a fait tout cela ? \u00bb Le ciel, les \u00e9toiles, les animaux, la vie\u2026 et nous-m\u00eames.Loin d\u2019\u00eatre une question na\u00efve, c\u2019est l\u2019une des interrogations les plus profondes que l\u2019\u00eatre humain puisse &hellip;<\/p>\n","protected":false},"author":3,"featured_media":5496,"comment_status":"open","ping_status":"closed","sticky":false,"template":"","format":"standard","meta":{"_seopress_robots_primary_cat":"","_seopress_titles_title":"","_seopress_titles_desc":"","_seopress_robots_index":"","footnotes":""},"categories":[43,37],"tags":[1677],"class_list":["post-5495","post","type-post","status-publish","format-standard","has-post-thumbnail","","category-catechisme-de-leglise-catholique","category-doctrine-et-foi","tag-dieu"],"_links":{"self":[{"href":"https:\/\/catholicus.eu\/fr\/wp-json\/wp\/v2\/posts\/5495","targetHints":{"allow":["GET"]}}],"collection":[{"href":"https:\/\/catholicus.eu\/fr\/wp-json\/wp\/v2\/posts"}],"about":[{"href":"https:\/\/catholicus.eu\/fr\/wp-json\/wp\/v2\/types\/post"}],"author":[{"embeddable":true,"href":"https:\/\/catholicus.eu\/fr\/wp-json\/wp\/v2\/users\/3"}],"replies":[{"embeddable":true,"href":"https:\/\/catholicus.eu\/fr\/wp-json\/wp\/v2\/comments?post=5495"}],"version-history":[{"count":1,"href":"https:\/\/catholicus.eu\/fr\/wp-json\/wp\/v2\/posts\/5495\/revisions"}],"predecessor-version":[{"id":5497,"href":"https:\/\/catholicus.eu\/fr\/wp-json\/wp\/v2\/posts\/5495\/revisions\/5497"}],"wp:featuredmedia":[{"embeddable":true,"href":"https:\/\/catholicus.eu\/fr\/wp-json\/wp\/v2\/media\/5496"}],"wp:attachment":[{"href":"https:\/\/catholicus.eu\/fr\/wp-json\/wp\/v2\/media?parent=5495"}],"wp:term":[{"taxonomy":"category","embeddable":true,"href":"https:\/\/catholicus.eu\/fr\/wp-json\/wp\/v2\/categories?post=5495"},{"taxonomy":"post_tag","embeddable":true,"href":"https:\/\/catholicus.eu\/fr\/wp-json\/wp\/v2\/tags?post=5495"}],"curies":[{"name":"wp","href":"https:\/\/api.w.org\/{rel}","templated":true}]}}