{"id":5470,"date":"2026-03-16T09:55:45","date_gmt":"2026-03-16T08:55:45","guid":{"rendered":"https:\/\/catholicus.eu\/fr\/?p=5470"},"modified":"2026-03-16T09:55:45","modified_gmt":"2026-03-16T08:55:45","slug":"ce-nest-pas-une-question-de-pouvoir-mais-de-fidelite-inter-insigniores-et-la-verite-theologique-sur-le-sacerdoce","status":"publish","type":"post","link":"https:\/\/catholicus.eu\/fr\/ce-nest-pas-une-question-de-pouvoir-mais-de-fidelite-inter-insigniores-et-la-verite-theologique-sur-le-sacerdoce\/","title":{"rendered":"\u00ab Ce n\u2019est pas une question de pouvoir, mais de fid\u00e9lit\u00e9 \u00bb : Inter Insigniores et la v\u00e9rit\u00e9 th\u00e9ologique sur le sacerdoce"},"content":{"rendered":"\n<p>Au cours des derni\u00e8res d\u00e9cennies, l\u2019un des d\u00e9bats les plus r\u00e9currents \u00e0 l\u2019int\u00e9rieur et \u00e0 l\u2019ext\u00e9rieur de l\u2019\u00c9glise a \u00e9t\u00e9 la possibilit\u00e9 d\u2019ordonner des femmes pr\u00eatres. Dans une soci\u00e9t\u00e9 de plus en plus marqu\u00e9e par des cat\u00e9gories politiques, sociologiques ou d\u2019\u00e9galit\u00e9 de pouvoir, beaucoup se demandent : <strong>pourquoi l\u2019\u00c9glise catholique maintient-elle que le sacerdoce est r\u00e9serv\u00e9 aux hommes ?<\/strong><\/p>\n\n\n\n<p>Pour r\u00e9pondre \u00e0 cette question, l\u2019\u00c9glise a publi\u00e9 en 1976 un document cl\u00e9 : <strong>Inter insigniores<\/strong>, une d\u00e9claration de la <strong>Congr\u00e9gation pour la Doctrine de la Foi<\/strong> approuv\u00e9e par <strong>Paul VI<\/strong>.<\/p>\n\n\n\n<p>Loin d\u2019\u00eatre un texte id\u00e9ologique ou une r\u00e9action culturelle, ce document est <strong>une r\u00e9flexion profond\u00e9ment th\u00e9ologique<\/strong> qui explique pourquoi l\u2019\u00c9glise <strong>ne se consid\u00e8re pas autoris\u00e9e par le Christ \u00e0 ordonner des femmes au sacerdoce<\/strong>.<\/p>\n\n\n\n<p>Comprendre <em>Inter insigniores<\/em> ne signifie pas seulement comprendre une r\u00e8gle disciplinaire. C\u2019est entrer dans <strong>le myst\u00e8re du sacerdoce, le symbolisme sacramentel et la fid\u00e9lit\u00e9 \u00e0 la volont\u00e9 du Christ<\/strong>.<\/p>\n\n\n\n<hr class=\"wp-block-separator has-alpha-channel-opacity\"\/>\n\n\n\n<h1 class=\"wp-block-heading\">1. Le contexte historique : quand la question est apparue avec force<\/h1>\n\n\n\n<p>Dans les ann\u00e9es qui ont suivi le <strong>Concile Vatican II<\/strong>, de nombreux changements culturels ont boulevers\u00e9 le monde occidental. Parmi eux, le mouvement en faveur de l\u2019\u00e9galit\u00e9 des droits entre hommes et femmes. Dans ce contexte, certaines communaut\u00e9s chr\u00e9tiennes ont commenc\u00e9 \u00e0 ordonner des femmes comme pasteures ou pr\u00eatres.<\/p>\n\n\n\n<p>Par exemple :<\/p>\n\n\n\n<ul class=\"wp-block-list\">\n<li>la <strong>Communion anglicane<\/strong><\/li>\n\n\n\n<li>plusieurs d\u00e9nominations protestantes.<\/li>\n<\/ul>\n\n\n\n<p>De nombreux catholiques ont alors commenc\u00e9 \u00e0 se demander :<br><strong>Pourquoi l\u2019\u00c9glise catholique ne fait-elle pas la m\u00eame chose ?<\/strong><\/p>\n\n\n\n<p>Face \u00e0 cette question, le Saint-Si\u00e8ge a d\u00e9cid\u00e9 de r\u00e9pondre avec clart\u00e9 doctrinale par <em>Inter insigniores<\/em>.<\/p>\n\n\n\n<p>Mais le document affirme d\u00e8s le d\u00e9but une chose fondamentale :<\/p>\n\n\n\n<blockquote class=\"wp-block-quote is-layout-flow wp-block-quote-is-layout-flow\">\n<p><strong>Il ne s\u2019agit pas d\u2019une discrimination sociologique, mais de fid\u00e9lit\u00e9 \u00e0 la volont\u00e9 du Christ.<\/strong><\/p>\n<\/blockquote>\n\n\n\n<hr class=\"wp-block-separator has-alpha-channel-opacity\"\/>\n\n\n\n<h1 class=\"wp-block-heading\">2. Le fondement biblique : le Christ a choisi les Douze<\/h1>\n\n\n\n<p>Le premier argument pr\u00e9sent\u00e9 par <em>Inter insigniores<\/em> est <strong>historique et biblique<\/strong>.<\/p>\n\n\n\n<p>J\u00e9sus avait de nombreuses disciples femmes qui lui \u00e9taient profond\u00e9ment proches :<\/p>\n\n\n\n<ul class=\"wp-block-list\">\n<li><strong>Marie Madeleine<\/strong><\/li>\n\n\n\n<li><strong>Marthe de B\u00e9thanie<\/strong><\/li>\n\n\n\n<li><strong>Marie de B\u00e9thanie<\/strong><\/li>\n\n\n\n<li>et surtout <strong>Marie, M\u00e8re de J\u00e9sus<\/strong><\/li>\n<\/ul>\n\n\n\n<p>Cependant, lorsqu\u2019il institua le groupe apostolique \u2014 fondement du sacerdoce \u2014 <strong>il choisit uniquement des hommes<\/strong>.<\/p>\n\n\n\n<p>L\u2019\u00c9vangile raconte :<\/p>\n\n\n\n<blockquote class=\"wp-block-quote is-layout-flow wp-block-quote-is-layout-flow\">\n<p>\u00ab Il monta sur la montagne et appela ceux qu\u2019il voulait ; ils vinrent aupr\u00e8s de lui. Il en institua douze pour \u00eatre avec lui et pour les envoyer pr\u00eacher. \u00bb<br>(Marc 3,13-14)<\/p>\n<\/blockquote>\n\n\n\n<p>Parmi ces Douze ap\u00f4tres se trouvaient :<\/p>\n\n\n\n<ul class=\"wp-block-list\">\n<li><strong>Pierre l\u2019Ap\u00f4tre<\/strong><\/li>\n\n\n\n<li><strong>Jean l\u2019Ap\u00f4tre<\/strong><\/li>\n\n\n\n<li><strong>Jacques le Majeur<\/strong><\/li>\n\n\n\n<li>et les autres ap\u00f4tres.<\/li>\n<\/ul>\n\n\n\n<p>Ce qui est important, c\u2019est que <strong>J\u00e9sus n\u2019a pas agi sous la contrainte culturelle<\/strong>.<\/p>\n\n\n\n<p>La preuve est qu\u2019il <strong>a bris\u00e9 de nombreuses normes sociales de son \u00e9poque<\/strong> :<\/p>\n\n\n\n<ul class=\"wp-block-list\">\n<li>il parla publiquement avec la Samaritaine<\/li>\n\n\n\n<li>il permit \u00e0 des femmes d\u2019\u00eatre parmi ses disciples<\/li>\n\n\n\n<li>il leur permit de l\u2019accompagner dans sa mission.<\/li>\n<\/ul>\n\n\n\n<p>S\u2019il avait voulu instituer des femmes pr\u00eatres, <strong>rien ne l\u2019en aurait emp\u00each\u00e9<\/strong>.<\/p>\n\n\n\n<p>Mais il ne l\u2019a pas fait.<\/p>\n\n\n\n<hr class=\"wp-block-separator has-alpha-channel-opacity\"\/>\n\n\n\n<h1 class=\"wp-block-heading\">3. Le sacerdoce n\u2019est pas un pouvoir : c\u2019est un signe sacramentel<\/h1>\n\n\n\n<p>Nous arrivons ici \u00e0 l\u2019un des points th\u00e9ologiques les plus profonds.<\/p>\n\n\n\n<p>Le pr\u00eatre agit <strong>\u00ab in persona Christi \u00bb<\/strong>, c\u2019est-\u00e0-dire <strong>dans la personne du Christ<\/strong>.<\/p>\n\n\n\n<p>Cela signifie que dans les sacrements \u2014 surtout dans l\u2019Eucharistie \u2014 le pr\u00eatre repr\u00e9sente sacramentellement le Christ.<\/p>\n\n\n\n<p>Lorsqu\u2019il c\u00e9l\u00e8bre la messe, il dit :<\/p>\n\n\n\n<blockquote class=\"wp-block-quote is-layout-flow wp-block-quote-is-layout-flow\">\n<p>\u00ab Ceci est <strong>mon corps<\/strong> \u00bb.<\/p>\n<\/blockquote>\n\n\n\n<p>Il ne dit pas : <em>\u00ab Ceci est le corps du Christ \u00bb<\/em>, mais <strong>\u00ab mon corps \u00bb<\/strong>, parce que <strong>le Christ agit \u00e0 travers lui<\/strong>.<\/p>\n\n\n\n<p>Dans l\u2019\u00c9criture, le Christ est pr\u00e9sent\u00e9 comme :<\/p>\n\n\n\n<ul class=\"wp-block-list\">\n<li>l\u2019<strong>\u00c9poux<\/strong><\/li>\n\n\n\n<li>et l\u2019\u00c9glise comme <strong>l\u2019\u00c9pouse<\/strong>.<\/li>\n<\/ul>\n\n\n\n<p>L\u2019ap\u00f4tre <strong>Saint Paul l\u2019Ap\u00f4tre<\/strong> l\u2019explique ainsi :<\/p>\n\n\n\n<blockquote class=\"wp-block-quote is-layout-flow wp-block-quote-is-layout-flow\">\n<p>\u00ab Le Christ a aim\u00e9 l\u2019\u00c9glise et s\u2019est livr\u00e9 pour elle. \u00bb<br>(\u00c9ph\u00e9siens 5,25)<\/p>\n<\/blockquote>\n\n\n\n<p>Ce symbolisme <strong>nuptial et sacramentel<\/strong> est fondamental.<\/p>\n\n\n\n<p>Le pr\u00eatre repr\u00e9sente <strong>le Christ \u00c9poux qui se donne \u00e0 son \u00c9pouse, l\u2019\u00c9glise<\/strong>.<\/p>\n\n\n\n<p>Pour cette raison, le signe sacramentel requiert <strong>une repr\u00e9sentation masculine<\/strong>.<\/p>\n\n\n\n<p>Il ne s\u2019agit pas d\u2019une question de dignit\u00e9, mais de <strong>signification sacramentelle<\/strong>.<\/p>\n\n\n\n<hr class=\"wp-block-separator has-alpha-channel-opacity\"\/>\n\n\n\n<h1 class=\"wp-block-heading\">4. La dignit\u00e9 de la femme dans l\u2019\u00c9glise<\/h1>\n\n\n\n<p>Une erreur fr\u00e9quente consiste \u00e0 penser que cette doctrine implique une inf\u00e9riorit\u00e9.<\/p>\n\n\n\n<p>Mais l\u2019\u00c9glise affirme exactement le contraire.<\/p>\n\n\n\n<p>La plus grande cr\u00e9ature humaine n\u2019est pas un pr\u00eatre.<\/p>\n\n\n\n<p>C\u2019est une femme.<\/p>\n\n\n\n<p>C\u2019est <strong>Marie, M\u00e8re de J\u00e9sus<\/strong>.<\/p>\n\n\n\n<p>Elle :<\/p>\n\n\n\n<ul class=\"wp-block-list\">\n<li>n\u2019\u00e9tait pas pr\u00eatresse<\/li>\n\n\n\n<li>n\u2019\u00e9tait pas ap\u00f4tre<\/li>\n\n\n\n<li>pourtant elle est <strong>Reine du ciel et de la terre<\/strong>.<\/li>\n<\/ul>\n\n\n\n<p>Cela r\u00e9v\u00e8le quelque chose d\u2019essentiel :<\/p>\n\n\n\n<p><strong>la saintet\u00e9 ne d\u00e9pend pas du sacerdoce.<\/strong><\/p>\n\n\n\n<p>Beaucoup des plus grands saints de l\u2019\u00c9glise furent des femmes :<\/p>\n\n\n\n<ul class=\"wp-block-list\">\n<li><strong>Th\u00e9r\u00e8se d\u2019Avila<\/strong><\/li>\n\n\n\n<li><strong>Catherine de Sienne<\/strong><\/li>\n\n\n\n<li><strong>Th\u00e9r\u00e8se de Lisieux<\/strong><\/li>\n<\/ul>\n\n\n\n<p>En effet, <strong>Catherine de Sienne<\/strong> a \u00e9t\u00e9 proclam\u00e9e <strong>Docteur de l\u2019\u00c9glise<\/strong>.<\/p>\n\n\n\n<p>Cela signifie : <strong>une femme enseignant la th\u00e9ologie \u00e0 toute l\u2019\u00c9glise universelle<\/strong>.<\/p>\n\n\n\n<hr class=\"wp-block-separator has-alpha-channel-opacity\"\/>\n\n\n\n<h1 class=\"wp-block-heading\">5. La continuit\u00e9 de la Tradition<\/h1>\n\n\n\n<p>Un autre point cl\u00e9 de <em>Inter insigniores<\/em> est la <strong>Tradition constante<\/strong> de l\u2019\u00c9glise.<\/p>\n\n\n\n<p>Pendant deux mille ans :<\/p>\n\n\n\n<ul class=\"wp-block-list\">\n<li>aucune \u00c9glise apostolique<\/li>\n\n\n\n<li>ni en Orient ni en Occident<\/li>\n<\/ul>\n\n\n\n<p>n\u2019a ordonn\u00e9 de femmes pr\u00eatres.<\/p>\n\n\n\n<p>M\u00eame les anciennes \u00c9glises s\u00e9par\u00e9es, comme :<\/p>\n\n\n\n<ul class=\"wp-block-list\">\n<li>l\u2019<strong>\u00c9glise orthodoxe orientale<\/strong><\/li>\n\n\n\n<li>l\u2019<strong>\u00c9glise copte orthodoxe<\/strong><\/li>\n<\/ul>\n\n\n\n<p>n\u2019ont jamais conf\u00e9r\u00e9 l\u2019ordination sacerdotale aux femmes.<\/p>\n\n\n\n<p>Cela montre quelque chose d\u2019essentiel :<\/p>\n\n\n\n<p><strong>il ne s\u2019agit pas d\u2019une coutume latine<\/strong>, mais d\u2019une <strong>tradition apostolique universelle<\/strong>.<\/p>\n\n\n\n<hr class=\"wp-block-separator has-alpha-channel-opacity\"\/>\n\n\n\n<h1 class=\"wp-block-heading\">6. La confirmation d\u00e9finitive du Magist\u00e8re<\/h1>\n\n\n\n<p>Des ann\u00e9es plus tard, cet enseignement a \u00e9t\u00e9 confirm\u00e9 de mani\u00e8re d\u00e9finitive par <strong>Jean\u2011Paul II<\/strong> dans <strong>Ordinatio Sacerdotalis<\/strong> (1994).<\/p>\n\n\n\n<p>Dans ce document, il a d\u00e9clar\u00e9 :<\/p>\n\n\n\n<blockquote class=\"wp-block-quote is-layout-flow wp-block-quote-is-layout-flow\">\n<p>\u00ab L\u2019\u00c9glise n\u2019a en aucune mani\u00e8re le pouvoir de conf\u00e9rer l\u2019ordination sacerdotale aux femmes. \u00bb<\/p>\n<\/blockquote>\n\n\n\n<p>Il n\u2019a pas simplement dit que <strong>l\u2019\u00c9glise ne le fait pas<\/strong>, mais que <strong>l\u2019\u00c9glise n\u2019a pas l\u2019autorit\u00e9 pour le faire<\/strong>.<\/p>\n\n\n\n<p>Autrement dit :<\/p>\n\n\n\n<p><strong>ce n\u2019est pas une discipline qui pourrait changer.<\/strong><\/p>\n\n\n\n<p>C\u2019est une question de <strong>fid\u00e9lit\u00e9 au Christ<\/strong>.<\/p>\n\n\n\n<hr class=\"wp-block-separator has-alpha-channel-opacity\"\/>\n\n\n\n<h1 class=\"wp-block-heading\">7. Le v\u00e9ritable g\u00e9nie f\u00e9minin dans l\u2019\u00c9glise<\/h1>\n\n\n\n<p>Fait int\u00e9ressant, lorsque l\u2019\u00c9glise parle du r\u00f4le de la femme, elle le fait en termes profond\u00e9ment positifs.<\/p>\n\n\n\n<p><strong>Jean\u2011Paul II<\/strong> lui-m\u00eame a parl\u00e9 du <strong>\u00ab g\u00e9nie f\u00e9minin \u00bb<\/strong>.<\/p>\n\n\n\n<p>L\u2019\u00c9glise a profond\u00e9ment besoin de la pr\u00e9sence f\u00e9minine dans :<\/p>\n\n\n\n<ul class=\"wp-block-list\">\n<li>la famille<\/li>\n\n\n\n<li>l\u2019\u00e9ducation<\/li>\n\n\n\n<li>la charit\u00e9<\/li>\n\n\n\n<li>l\u2019\u00e9vang\u00e9lisation<\/li>\n\n\n\n<li>la vie consacr\u00e9e.<\/li>\n<\/ul>\n\n\n\n<p>Beaucoup des plus grandes transformations spirituelles de l\u2019histoire chr\u00e9tienne ont \u00e9t\u00e9 initi\u00e9es par des femmes.<\/p>\n\n\n\n<hr class=\"wp-block-separator has-alpha-channel-opacity\"\/>\n\n\n\n<h1 class=\"wp-block-heading\">8. Une application spirituelle pour aujourd\u2019hui<\/h1>\n\n\n\n<p>Dans une culture obs\u00e9d\u00e9e par le pouvoir, le message chr\u00e9tien est r\u00e9volutionnaire.<\/p>\n\n\n\n<p>La grandeur dans l\u2019\u00c9glise <strong>ne d\u00e9pend pas de la position<\/strong>.<\/p>\n\n\n\n<p>J\u00e9sus a dit :<\/p>\n\n\n\n<blockquote class=\"wp-block-quote is-layout-flow wp-block-quote-is-layout-flow\">\n<p>\u00ab Celui qui voudra \u00eatre le premier parmi vous sera votre serviteur. \u00bb<br>(Matthieu 20,27)<\/p>\n<\/blockquote>\n\n\n\n<p>Le sacerdoce n\u2019est pas un privil\u00e8ge.<\/p>\n\n\n\n<p>C\u2019est <strong>un service sacrificiel<\/strong>.<\/p>\n\n\n\n<p>Et la saintet\u00e9 \u2014 le v\u00e9ritable objectif de tout chr\u00e9tien \u2014 <strong>est ouverte \u00e0 tous<\/strong>.<\/p>\n\n\n\n<p>Aux hommes comme aux femmes.<\/p>\n\n\n\n<p>La question vraiment importante n\u2019est pas :<\/p>\n\n\n\n<p><strong>\u00ab Quelle position est la mienne ? \u00bb<\/strong><\/p>\n\n\n\n<p>Mais plut\u00f4t :<\/p>\n\n\n\n<p><strong>\u00ab Suis-je en train de r\u00e9pondre \u00e0 l\u2019appel de Dieu ? \u00bb<\/strong><\/p>\n\n\n\n<hr class=\"wp-block-separator has-alpha-channel-opacity\"\/>\n\n\n\n<h1 class=\"wp-block-heading\">9. Une r\u00e9flexion pastorale pour notre temps<\/h1>\n\n\n\n<p>Aujourd\u2019hui plus que jamais, nous devons comprendre le sacerdoce <strong>dans sa dimension sacramentelle et spirituelle<\/strong>, et non \u00e0 travers des cat\u00e9gories id\u00e9ologiques.<\/p>\n\n\n\n<p>L\u2019\u00c9glise n\u2019exclut pas les femmes du sacerdoce par m\u00e9pris.<\/p>\n\n\n\n<p>Elle croit plut\u00f4t <strong>ne pas avoir l\u2019autorit\u00e9 de modifier ce que le Christ a institu\u00e9<\/strong>.<\/p>\n\n\n\n<p>Cela exige de l\u2019humilit\u00e9.<\/p>\n\n\n\n<p>Mais aussi de la foi.<\/p>\n\n\n\n<p>Car l\u2019\u00c9glise n\u2019est pas une entreprise humaine.<\/p>\n\n\n\n<p>Elle est le Corps du Christ.<\/p>\n\n\n\n<hr class=\"wp-block-separator has-alpha-channel-opacity\"\/>\n\n\n\n<h1 class=\"wp-block-heading\">Conclusion : la fid\u00e9lit\u00e9 avant la popularit\u00e9<\/h1>\n\n\n\n<p>Le message de <em>Inter insigniores<\/em> peut \u00eatre difficile \u00e0 comprendre dans le monde actuel.<\/p>\n\n\n\n<p>Mais il contient un enseignement profond :<\/p>\n\n\n\n<p><strong>l\u2019\u00c9glise n\u2019invente pas les sacrements ; elle les re\u00e7oit du Christ.<\/strong><\/p>\n\n\n\n<p>Sa mission n\u2019est pas de les adapter \u00e0 chaque \u00e9poque, mais <strong>de les garder fid\u00e8lement<\/strong>.<\/p>\n\n\n\n<p>Au fond, la question de l\u2019ordination des femmes n\u2019est pas une question d\u2019\u00e9galit\u00e9.<\/p>\n\n\n\n<p>C\u2019est une question de <strong>fid\u00e9lit\u00e9 au myst\u00e8re que le Christ a confi\u00e9 \u00e0 son \u00c9glise<\/strong>.<\/p>\n\n\n\n<p>Et ce myst\u00e8re continue d\u2019inviter chaque chr\u00e9tien \u2014 homme ou femme \u2014 \u00e0 ce qui compte vraiment le plus :<\/p>\n\n\n\n<p><strong>la saintet\u00e9.<\/strong><\/p>\n\n\n\n<p>Comme l\u2019a dit <strong>Th\u00e9r\u00e8se de Lisieux<\/strong> :<\/p>\n\n\n\n<blockquote class=\"wp-block-quote is-layout-flow wp-block-quote-is-layout-flow\">\n<p>\u00ab Au c\u0153ur de l\u2019\u00c9glise, je serai l\u2019amour. \u00bb<\/p>\n<\/blockquote>\n\n\n\n<p>Et dans ce c\u0153ur, <strong>chacun de nous a une place irrempla\u00e7able<\/strong>.<\/p>\n","protected":false},"excerpt":{"rendered":"<p>Au cours des derni\u00e8res d\u00e9cennies, l\u2019un des d\u00e9bats les plus r\u00e9currents \u00e0 l\u2019int\u00e9rieur et \u00e0 l\u2019ext\u00e9rieur de l\u2019\u00c9glise a \u00e9t\u00e9 la possibilit\u00e9 d\u2019ordonner des femmes pr\u00eatres. Dans une soci\u00e9t\u00e9 de plus en plus marqu\u00e9e par des cat\u00e9gories politiques, sociologiques ou d\u2019\u00e9galit\u00e9 de pouvoir, beaucoup se demandent : pourquoi l\u2019\u00c9glise catholique maintient-elle que le sacerdoce est &hellip;<\/p>\n","protected":false},"author":3,"featured_media":5471,"comment_status":"open","ping_status":"closed","sticky":false,"template":"","format":"standard","meta":{"_seopress_robots_primary_cat":"","_seopress_titles_title":"","_seopress_titles_desc":"","_seopress_robots_index":"","footnotes":""},"categories":[38,51],"tags":[1782],"class_list":["post-5470","post","type-post","status-publish","format-standard","has-post-thumbnail","","category-histoire-et-tradition","category-magistere-de-leglise","tag-inter-insigniores"],"_links":{"self":[{"href":"https:\/\/catholicus.eu\/fr\/wp-json\/wp\/v2\/posts\/5470","targetHints":{"allow":["GET"]}}],"collection":[{"href":"https:\/\/catholicus.eu\/fr\/wp-json\/wp\/v2\/posts"}],"about":[{"href":"https:\/\/catholicus.eu\/fr\/wp-json\/wp\/v2\/types\/post"}],"author":[{"embeddable":true,"href":"https:\/\/catholicus.eu\/fr\/wp-json\/wp\/v2\/users\/3"}],"replies":[{"embeddable":true,"href":"https:\/\/catholicus.eu\/fr\/wp-json\/wp\/v2\/comments?post=5470"}],"version-history":[{"count":1,"href":"https:\/\/catholicus.eu\/fr\/wp-json\/wp\/v2\/posts\/5470\/revisions"}],"predecessor-version":[{"id":5472,"href":"https:\/\/catholicus.eu\/fr\/wp-json\/wp\/v2\/posts\/5470\/revisions\/5472"}],"wp:featuredmedia":[{"embeddable":true,"href":"https:\/\/catholicus.eu\/fr\/wp-json\/wp\/v2\/media\/5471"}],"wp:attachment":[{"href":"https:\/\/catholicus.eu\/fr\/wp-json\/wp\/v2\/media?parent=5470"}],"wp:term":[{"taxonomy":"category","embeddable":true,"href":"https:\/\/catholicus.eu\/fr\/wp-json\/wp\/v2\/categories?post=5470"},{"taxonomy":"post_tag","embeddable":true,"href":"https:\/\/catholicus.eu\/fr\/wp-json\/wp\/v2\/tags?post=5470"}],"curies":[{"name":"wp","href":"https:\/\/api.w.org\/{rel}","templated":true}]}}