{"id":5464,"date":"2026-03-16T09:06:51","date_gmt":"2026-03-16T08:06:51","guid":{"rendered":"https:\/\/catholicus.eu\/fr\/?p=5464"},"modified":"2026-03-16T09:06:51","modified_gmt":"2026-03-16T08:06:51","slug":"peches-qui-crient-vers-le-ciel-les-quatre-injustices-que-dieu-nignore-pas","status":"publish","type":"post","link":"https:\/\/catholicus.eu\/fr\/peches-qui-crient-vers-le-ciel-les-quatre-injustices-que-dieu-nignore-pas\/","title":{"rendered":"P\u00e9ch\u00e9s qui crient vers le ciel : les quatre injustices que Dieu n\u2019ignore pas"},"content":{"rendered":"\n<p>Nous vivons \u00e0 une \u00e9poque qui parle beaucoup des droits, mais tr\u00e8s peu du p\u00e9ch\u00e9. On parle beaucoup de libert\u00e9, mais rarement de responsabilit\u00e9. Pourtant, la tradition chr\u00e9tienne a toujours enseign\u00e9 que tous les p\u00e9ch\u00e9s ne sont pas identiques. Certains poss\u00e8dent une gravit\u00e9 particuli\u00e8re parce qu\u2019ils n\u2019offensent pas seulement Dieu : <strong>ils d\u00e9truisent l\u2019ordre m\u00eame de la justice et de la dignit\u00e9 humaine<\/strong>.<\/p>\n\n\n\n<p>C\u2019est pourquoi la tradition morale de l\u2019\u00c9glise a identifi\u00e9 une cat\u00e9gorie tr\u00e8s pr\u00e9cise : <strong>les p\u00e9ch\u00e9s qui crient vers le ciel<\/strong>.<\/p>\n\n\n\n<p>Ce n\u2019est pas une expression po\u00e9tique ou exag\u00e9r\u00e9e. C\u2019est une r\u00e9alit\u00e9 profond\u00e9ment biblique et th\u00e9ologique. Ce sont des p\u00e9ch\u00e9s dont l\u2019injustice est si grave que <strong>l\u2019\u00c9criture Sainte dit qu\u2019ils \u201ccrient\u201d devant Dieu<\/strong>.<\/p>\n\n\n\n<p>Mais quels sont ces p\u00e9ch\u00e9s ?<br>Pourquoi sont-ils consid\u00e9r\u00e9s comme particuli\u00e8rement graves ?<br>Et quel sens ont-ils aujourd\u2019hui, au XXI\u1d49 si\u00e8cle ?<\/p>\n\n\n\n<p>Approfondissons cette question.<\/p>\n\n\n\n<hr class=\"wp-block-separator has-alpha-channel-opacity\"\/>\n\n\n\n<h1 class=\"wp-block-heading\">Que signifie qu\u2019un p\u00e9ch\u00e9 \u00ab crie vers le ciel \u00bb ?<\/h1>\n\n\n\n<p>L\u2019expression provient directement de la <strong>Bible<\/strong>. Dans plusieurs passages de l\u2019Ancien Testament appara\u00eet une id\u00e9e frappante : <strong>l\u2019injustice humaine produit un cri qui parvient jusqu\u2019\u00e0 Dieu<\/strong>.<\/p>\n\n\n\n<p>L\u2019un des textes les plus connus se trouve dans le livre de la Gen\u00e8se lorsque Dieu parle \u00e0 Ca\u00efn apr\u00e8s qu\u2019il a tu\u00e9 son fr\u00e8re Abel :<\/p>\n\n\n\n<blockquote class=\"wp-block-quote is-layout-flow wp-block-quote-is-layout-flow\">\n<p>\u00ab Qu\u2019as-tu fait ? La voix du sang de ton fr\u00e8re crie de la terre jusqu\u2019\u00e0 moi. \u00bb<br>(Gen\u00e8se 4,10)<\/p>\n<\/blockquote>\n\n\n\n<p>Nous trouvons ici la cl\u00e9.<\/p>\n\n\n\n<p>Le p\u00e9ch\u00e9 n\u2019est pas seulement une faute priv\u00e9e.<br>Le p\u00e9ch\u00e9 <strong>poss\u00e8de une dimension sociale et cosmique<\/strong>.<\/p>\n\n\n\n<p>Lorsqu\u2019une injustice est particuli\u00e8rement grave, <strong>elle brise l\u2019ordre de la cr\u00e9ation<\/strong>, blesse les innocents et provoque un cri qui r\u00e9clame la justice divine.<\/p>\n\n\n\n<p>C\u2019est pourquoi la th\u00e9ologie morale chr\u00e9tienne \u2014 en s\u2019appuyant sur la tradition biblique et patristique \u2014 a identifi\u00e9 <strong>quatre p\u00e9ch\u00e9s qui crient vers le ciel<\/strong>.<\/p>\n\n\n\n<p>Ils furent enseign\u00e9s pendant des si\u00e8cles dans les cat\u00e9chismes traditionnels et font toujours partie de la doctrine morale catholique.<\/p>\n\n\n\n<hr class=\"wp-block-separator has-alpha-channel-opacity\"\/>\n\n\n\n<h1 class=\"wp-block-heading\">Les quatre p\u00e9ch\u00e9s qui crient vers le ciel<\/h1>\n\n\n\n<p>La tradition catholique enseigne qu\u2019ils sont :<\/p>\n\n\n\n<ol class=\"wp-block-list\">\n<li><strong>L\u2019homicide volontaire<\/strong><\/li>\n\n\n\n<li><strong>Le p\u00e9ch\u00e9 contre nature<\/strong><\/li>\n\n\n\n<li><strong>L\u2019oppression des pauvres<\/strong><\/li>\n\n\n\n<li><strong>La fraude du salaire des travailleurs<\/strong><\/li>\n<\/ol>\n\n\n\n<p>Chacun d\u2019eux est clairement d\u00e9nonc\u00e9 dans l\u2019\u00c9criture.<\/p>\n\n\n\n<p>Examinons-les en profondeur.<\/p>\n\n\n\n<hr class=\"wp-block-separator has-alpha-channel-opacity\"\/>\n\n\n\n<h1 class=\"wp-block-heading\">1. L\u2019homicide volontaire : lorsque le sang innocent crie vers Dieu<\/h1>\n\n\n\n<p>Le premier p\u00e9ch\u00e9 qui crie vers le ciel est <strong>l\u2019homicide volontaire<\/strong>, en particulier le meurtre des innocents.<\/p>\n\n\n\n<p>Le cas paradigmatique est celui de <strong>Ca\u00efn et Abel<\/strong>.<\/p>\n\n\n\n<p>Le sang injustement vers\u00e9 poss\u00e8de un poids symbolique immense dans la Bible. Il repr\u00e9sente une rupture radicale de l\u2019ordre voulu par Dieu.<\/p>\n\n\n\n<p>La vie humaine n\u2019est pas une propri\u00e9t\u00e9 priv\u00e9e.<\/p>\n\n\n\n<p>Elle est <strong>un don divin<\/strong>.<\/p>\n\n\n\n<p>C\u2019est pourquoi le cinqui\u00e8me commandement dit :<\/p>\n\n\n\n<blockquote class=\"wp-block-quote is-layout-flow wp-block-quote-is-layout-flow\">\n<p>\u00ab Tu ne tueras pas. \u00bb<br>(Exode 20,13)<\/p>\n<\/blockquote>\n\n\n\n<p>La gravit\u00e9 de l\u2019homicide ne r\u00e9side pas seulement dans le fait d\u2019\u00f4ter la vie \u00e0 quelqu\u2019un. Cela signifie <strong>usurper une autorit\u00e9 qui appartient \u00e0 Dieu seul<\/strong>, l\u2019auteur de la vie.<\/p>\n\n\n\n<p>Mais ce p\u00e9ch\u00e9 poss\u00e8de aujourd\u2019hui des applications tr\u00e8s concr\u00e8tes.<\/p>\n\n\n\n<p>La tradition morale catholique a constamment rappel\u00e9 que ce principe concerne \u00e9galement des r\u00e9alit\u00e9s contemporaines telles que :<\/p>\n\n\n\n<ul class=\"wp-block-list\">\n<li>l\u2019avortement<\/li>\n\n\n\n<li>l\u2019euthanasie<\/li>\n\n\n\n<li>la violence injuste<\/li>\n\n\n\n<li>le terrorisme<\/li>\n\n\n\n<li>l\u2019\u00e9limination d\u00e9lib\u00e9r\u00e9e des innocents<\/li>\n<\/ul>\n\n\n\n<p>Lorsque la vie humaine devient jetable, <strong>la soci\u00e9t\u00e9 tout enti\u00e8re se d\u00e9shumanise<\/strong>.<\/p>\n\n\n\n<p>L\u2019histoire montre que les civilisations qui cessent de prot\u00e9ger la vie finissent par s\u2019effondrer moralement.<\/p>\n\n\n\n<hr class=\"wp-block-separator has-alpha-channel-opacity\"\/>\n\n\n\n<h1 class=\"wp-block-heading\">2. Le p\u00e9ch\u00e9 contre nature : la r\u00e9bellion contre l\u2019ordre de la cr\u00e9ation<\/h1>\n\n\n\n<p>Le deuxi\u00e8me p\u00e9ch\u00e9 qui crie vers le ciel est ce que la tradition a appel\u00e9 <strong>le p\u00e9ch\u00e9 contre nature<\/strong>, dont la r\u00e9f\u00e9rence biblique classique se trouve dans l\u2019histoire de Sodome.<\/p>\n\n\n\n<p>Dans le livre de la Gen\u00e8se, nous lisons :<\/p>\n\n\n\n<blockquote class=\"wp-block-quote is-layout-flow wp-block-quote-is-layout-flow\">\n<p>\u00ab Le cri contre Sodome et Gomorrhe est grand, et leur p\u00e9ch\u00e9 est tr\u00e8s grave. \u00bb<br>(Gen\u00e8se 18,20)<\/p>\n<\/blockquote>\n\n\n\n<p>Pendant des si\u00e8cles, l\u2019interpr\u00e9tation chr\u00e9tienne a vu dans ce r\u00e9cit un avertissement contre <strong>les p\u00e9ch\u00e9s qui contredisent radicalement l\u2019ordre naturel voulu par Dieu<\/strong>.<\/p>\n\n\n\n<p>La morale catholique comprend que la sexualit\u00e9 humaine poss\u00e8de une finalit\u00e9 claire : <strong>l\u2019union de l\u2019amour conjugal et l\u2019ouverture \u00e0 la vie<\/strong>.<\/p>\n\n\n\n<p>Lorsque la sexualit\u00e9 est compl\u00e8tement s\u00e9par\u00e9e de cet ordre, une profonde d\u00e9formation de la nature humaine se produit.<\/p>\n\n\n\n<p>Ce point est particuli\u00e8rement d\u00e9licat dans notre culture actuelle, qui a red\u00e9fini de nombreuses r\u00e9alit\u00e9s morales.<\/p>\n\n\n\n<p>Cependant, l\u2019enseignement chr\u00e9tien insiste sur une chose fondamentale : <strong>la v\u00e9rit\u00e9 sur la personne humaine ne change pas avec les modes culturelles<\/strong>.<\/p>\n\n\n\n<p>En m\u00eame temps, l\u2019\u00c9glise a toujours insist\u00e9 sur un point tout aussi important :<\/p>\n\n\n\n<p>Toute personne m\u00e9rite respect, compassion et accompagnement pastoral.<\/p>\n\n\n\n<p>La condamnation du p\u00e9ch\u00e9 <strong>ne doit jamais devenir un m\u00e9pris du p\u00e9cheur<\/strong>.<\/p>\n\n\n\n<hr class=\"wp-block-separator has-alpha-channel-opacity\"\/>\n\n\n\n<h1 class=\"wp-block-heading\">3. L\u2019oppression des pauvres : lorsque l\u2019injustice sociale offense Dieu<\/h1>\n\n\n\n<p>Le troisi\u00e8me p\u00e9ch\u00e9 qui crie vers le ciel est <strong>l\u2019oppression des pauvres<\/strong>.<\/p>\n\n\n\n<p>La Bible est remplie d\u2019avertissements contre cette injustice.<\/p>\n\n\n\n<p>Dieu se pr\u00e9sente \u00e0 plusieurs reprises comme <strong>le d\u00e9fenseur des faibles<\/strong> : l\u2019orphelin, la veuve, l\u2019\u00e9tranger, le pauvre.<\/p>\n\n\n\n<p>Dans le livre de l\u2019Exode, nous lisons un avertissement tr\u00e8s s\u00e9rieux :<\/p>\n\n\n\n<blockquote class=\"wp-block-quote is-layout-flow wp-block-quote-is-layout-flow\">\n<p>\u00ab Si vous les opprimez et qu\u2019ils crient vers moi, j\u2019entendrai leur cri. \u00bb<br>(Exode 22,22-23)<\/p>\n<\/blockquote>\n\n\n\n<p>Cela r\u00e9v\u00e8le quelque chose de tr\u00e8s important.<\/p>\n\n\n\n<p>La foi chr\u00e9tienne n\u2019est pas seulement spirituelle.<br>Elle poss\u00e8de aussi une dimension profond\u00e9ment sociale.<\/p>\n\n\n\n<p>L\u2019injustice structurelle, l\u2019exploitation ou le m\u00e9pris envers les pauvres <strong>ne sont pas simplement des probl\u00e8mes \u00e9conomiques<\/strong>.<br>Ce sont <strong>des p\u00e9ch\u00e9s moraux graves<\/strong>.<\/p>\n\n\n\n<p>Dans le monde actuel, cela peut se manifester de nombreuses fa\u00e7ons :<\/p>\n\n\n\n<ul class=\"wp-block-list\">\n<li>l\u2019exploitation du travail<\/li>\n\n\n\n<li>des syst\u00e8mes \u00e9conomiques profond\u00e9ment injustes<\/li>\n\n\n\n<li>l\u2019abandon des personnes marginalis\u00e9es<\/li>\n\n\n\n<li>l\u2019indiff\u00e9rence face \u00e0 la souffrance des autres<\/li>\n<\/ul>\n\n\n\n<p>L\u2019\u00c9vangile est clair : <strong>Dieu entend le cri des pauvres<\/strong>.<\/p>\n\n\n\n<hr class=\"wp-block-separator has-alpha-channel-opacity\"\/>\n\n\n\n<h1 class=\"wp-block-heading\">4. La fraude du salaire des travailleurs<\/h1>\n\n\n\n<p>Le quatri\u00e8me p\u00e9ch\u00e9 qui crie vers le ciel est \u00e9troitement li\u00e9 au pr\u00e9c\u00e9dent : <strong>la fraude du salaire juste des travailleurs<\/strong>.<\/p>\n\n\n\n<p>La Bible est \u00e9tonnamment explicite \u00e0 ce sujet.<\/p>\n\n\n\n<p>Dans la lettre de saint Jacques, nous lisons un avertissement tr\u00e8s s\u00e9v\u00e8re :<\/p>\n\n\n\n<blockquote class=\"wp-block-quote is-layout-flow wp-block-quote-is-layout-flow\">\n<p>\u00ab Le salaire dont vous avez frustr\u00e9 les ouvriers qui ont moissonn\u00e9 vos champs crie, et les cris des moissonneurs sont parvenus aux oreilles du Seigneur. \u00bb<br>(Jacques 5,4)<\/p>\n<\/blockquote>\n\n\n\n<p>Ce passage montre quelque chose que l\u2019on oublie parfois : <strong>la justice dans le travail est une question morale et spirituelle<\/strong>.<\/p>\n\n\n\n<p>Ne pas payer ce qui est juste, exploiter les travailleurs, abuser d\u2019eux ou profiter de leur n\u00e9cessit\u00e9 <strong>est une injustice que Dieu n\u2019ignore pas<\/strong>.<\/p>\n\n\n\n<p>Ce point poss\u00e8de une importance particuli\u00e8re dans le monde moderne :<\/p>\n\n\n\n<ul class=\"wp-block-list\">\n<li>contrats abusifs<\/li>\n\n\n\n<li>exploitation des travailleurs migrants<\/li>\n\n\n\n<li>salaires injustes<\/li>\n\n\n\n<li>pr\u00e9carit\u00e9 extr\u00eame de l\u2019emploi<\/li>\n<\/ul>\n\n\n\n<p>Depuis plus d\u2019un si\u00e8cle, la doctrine sociale de l\u2019\u00c9glise insiste fortement sur cette question.<\/p>\n\n\n\n<p>La justice \u00e9conomique fait partie de la morale chr\u00e9tienne.<\/p>\n\n\n\n<hr class=\"wp-block-separator has-alpha-channel-opacity\"\/>\n\n\n\n<h1 class=\"wp-block-heading\">Qu\u2019ont en commun ces p\u00e9ch\u00e9s ?<\/h1>\n\n\n\n<p>Si nous regardons attentivement, les quatre partagent quelque chose d\u2019essentiel.<\/p>\n\n\n\n<p>Tous impliquent <strong>une grave injustice envers des personnes vuln\u00e9rables<\/strong>.<\/p>\n\n\n\n<ul class=\"wp-block-list\">\n<li>l\u2019innocent assassin\u00e9<\/li>\n\n\n\n<li>la dignit\u00e9 humaine d\u00e9grad\u00e9e<\/li>\n\n\n\n<li>le pauvre opprim\u00e9<\/li>\n\n\n\n<li>le travailleur exploit\u00e9<\/li>\n<\/ul>\n\n\n\n<p>Ce ne sont pas seulement des p\u00e9ch\u00e9s individuels.<br>Ce sont des p\u00e9ch\u00e9s <strong>qui d\u00e9truisent la justice sociale et la dignit\u00e9 humaine<\/strong>.<\/p>\n\n\n\n<p>C\u2019est pourquoi on dit qu\u2019ils <strong>crient vers le ciel<\/strong>.<\/p>\n\n\n\n<p>Parce que les victimes, bien souvent, <strong>n\u2019ont pas de voix sur la terre<\/strong>.<\/p>\n\n\n\n<p>Mais elles en ont une devant Dieu.<\/p>\n\n\n\n<hr class=\"wp-block-separator has-alpha-channel-opacity\"\/>\n\n\n\n<h1 class=\"wp-block-heading\">La r\u00e9ponse chr\u00e9tienne : conversion et justice<\/h1>\n\n\n\n<p>Face \u00e0 cette r\u00e9alit\u00e9, le message chr\u00e9tien n\u2019est pas le d\u00e9sespoir, mais <strong>la conversion<\/strong>.<\/p>\n\n\n\n<p>La Bible ne d\u00e9nonce jamais le p\u00e9ch\u00e9 uniquement pour condamner.<br>Elle le fait pour <strong>appeler le c\u0153ur humain \u00e0 changer<\/strong>.<\/p>\n\n\n\n<p>Dieu est juste, mais il est aussi mis\u00e9ricordieux.<\/p>\n\n\n\n<p>L\u2019\u00c9vangile est rempli d\u2019histoires de p\u00e9cheurs qui ont radicalement chang\u00e9 de vie.<\/p>\n\n\n\n<p>La gr\u00e2ce peut transformer m\u00eame les c\u0153urs les plus endurcis.<\/p>\n\n\n\n<hr class=\"wp-block-separator has-alpha-channel-opacity\"\/>\n\n\n\n<h1 class=\"wp-block-heading\">Applications pratiques pour la vie quotidienne<\/h1>\n\n\n\n<p>Ce sujet n\u2019est pas seulement th\u00e9orique. Il poss\u00e8de des cons\u00e9quences tr\u00e8s concr\u00e8tes pour notre vie.<\/p>\n\n\n\n<p>Nous pouvons nous demander :<\/p>\n\n\n\n<ul class=\"wp-block-list\">\n<li>Est-ce que je d\u00e9fends la vie humaine \u00e0 toutes ses \u00e9tapes ?<\/li>\n\n\n\n<li>Est-ce que je respecte la dignit\u00e9 des autres dans mon comportement ?<\/li>\n\n\n\n<li>Suis-je indiff\u00e9rent \u00e0 la souffrance des pauvres ?<\/li>\n\n\n\n<li>Est-ce que j\u2019agis avec justice dans mon travail ou envers ceux qui travaillent pour moi ?<\/li>\n<\/ul>\n\n\n\n<p>La saintet\u00e9 chr\u00e9tienne se vit dans <strong>les d\u00e9cisions concr\u00e8tes de chaque jour<\/strong>.<\/p>\n\n\n\n<p>Il ne s\u2019agit pas seulement d\u2019\u00e9viter le mal, mais de <strong>construire un monde plus juste selon l\u2019\u00c9vangile<\/strong>.<\/p>\n\n\n\n<hr class=\"wp-block-separator has-alpha-channel-opacity\"\/>\n\n\n\n<h1 class=\"wp-block-heading\">Un avertissement\u2026 et une esp\u00e9rance<\/h1>\n\n\n\n<p>L\u2019expression \u00ab p\u00e9ch\u00e9s qui crient vers le ciel \u00bb peut sembler dure.<\/p>\n\n\n\n<p>Et elle l\u2019est.<\/p>\n\n\n\n<p>Mais elle rappelle aussi quelque chose de profond\u00e9ment consolant :<\/p>\n\n\n\n<p><strong>Dieu n\u2019est pas indiff\u00e9rent \u00e0 la souffrance humaine.<\/strong><\/p>\n\n\n\n<p>Lorsque l\u2019injustice semble triompher, lorsque les innocents souffrent et que personne ne les \u00e9coute, la foi chr\u00e9tienne affirme avec force :<\/p>\n\n\n\n<p>Dieu, lui, \u00e9coute.<\/p>\n\n\n\n<p>Rien n\u2019est cach\u00e9 devant lui.<\/p>\n\n\n\n<hr class=\"wp-block-separator has-alpha-channel-opacity\"\/>\n\n\n\n<h1 class=\"wp-block-heading\">Conclusion : un appel \u00e0 r\u00e9veiller la conscience<\/h1>\n\n\n\n<p>Dans une culture o\u00f9 tout est souvent relativis\u00e9, la doctrine des p\u00e9ch\u00e9s qui crient vers le ciel est un rappel n\u00e9cessaire.<\/p>\n\n\n\n<p>Elle nous rappelle que :<\/p>\n\n\n\n<ul class=\"wp-block-list\">\n<li>la vie humaine est sacr\u00e9e<\/li>\n\n\n\n<li>la dignit\u00e9 humaine est inviolable<\/li>\n\n\n\n<li>la justice sociale compte<\/li>\n\n\n\n<li>Dieu entend le cri des opprim\u00e9s<\/li>\n<\/ul>\n\n\n\n<p>Ce n\u2019est pas un enseignement destin\u00e9 \u00e0 inspirer la peur.<\/p>\n\n\n\n<p>C\u2019est <strong>un appel \u00e0 r\u00e9veiller la conscience<\/strong>.<\/p>\n\n\n\n<p>Car la v\u00e9ritable civilisation se construit lorsque les personnes vivent selon la v\u00e9rit\u00e9, la justice et l\u2019amour.<\/p>\n\n\n\n<p>Et ce chemin commence toujours par quelque chose de tr\u00e8s simple et tr\u00e8s profond :<\/p>\n\n\n\n<p><strong>la conversion du c\u0153ur.<\/strong><\/p>\n","protected":false},"excerpt":{"rendered":"<p>Nous vivons \u00e0 une \u00e9poque qui parle beaucoup des droits, mais tr\u00e8s peu du p\u00e9ch\u00e9. On parle beaucoup de libert\u00e9, mais rarement de responsabilit\u00e9. Pourtant, la tradition chr\u00e9tienne a toujours enseign\u00e9 que tous les p\u00e9ch\u00e9s ne sont pas identiques. Certains poss\u00e8dent une gravit\u00e9 particuli\u00e8re parce qu\u2019ils n\u2019offensent pas seulement Dieu : ils d\u00e9truisent l\u2019ordre m\u00eame &hellip;<\/p>\n","protected":false},"author":3,"featured_media":5465,"comment_status":"open","ping_status":"closed","sticky":false,"template":"","format":"standard","meta":{"_seopress_robots_primary_cat":"","_seopress_titles_title":"","_seopress_titles_desc":"","_seopress_robots_index":"","footnotes":""},"categories":[43,37],"tags":[1780],"class_list":["post-5464","post","type-post","status-publish","format-standard","has-post-thumbnail","","category-catechisme-de-leglise-catholique","category-doctrine-et-foi","tag-peches-qui-crient-vers-le-ciel"],"_links":{"self":[{"href":"https:\/\/catholicus.eu\/fr\/wp-json\/wp\/v2\/posts\/5464","targetHints":{"allow":["GET"]}}],"collection":[{"href":"https:\/\/catholicus.eu\/fr\/wp-json\/wp\/v2\/posts"}],"about":[{"href":"https:\/\/catholicus.eu\/fr\/wp-json\/wp\/v2\/types\/post"}],"author":[{"embeddable":true,"href":"https:\/\/catholicus.eu\/fr\/wp-json\/wp\/v2\/users\/3"}],"replies":[{"embeddable":true,"href":"https:\/\/catholicus.eu\/fr\/wp-json\/wp\/v2\/comments?post=5464"}],"version-history":[{"count":1,"href":"https:\/\/catholicus.eu\/fr\/wp-json\/wp\/v2\/posts\/5464\/revisions"}],"predecessor-version":[{"id":5466,"href":"https:\/\/catholicus.eu\/fr\/wp-json\/wp\/v2\/posts\/5464\/revisions\/5466"}],"wp:featuredmedia":[{"embeddable":true,"href":"https:\/\/catholicus.eu\/fr\/wp-json\/wp\/v2\/media\/5465"}],"wp:attachment":[{"href":"https:\/\/catholicus.eu\/fr\/wp-json\/wp\/v2\/media?parent=5464"}],"wp:term":[{"taxonomy":"category","embeddable":true,"href":"https:\/\/catholicus.eu\/fr\/wp-json\/wp\/v2\/categories?post=5464"},{"taxonomy":"post_tag","embeddable":true,"href":"https:\/\/catholicus.eu\/fr\/wp-json\/wp\/v2\/tags?post=5464"}],"curies":[{"name":"wp","href":"https:\/\/api.w.org\/{rel}","templated":true}]}}