{"id":5458,"date":"2026-03-16T07:27:47","date_gmt":"2026-03-16T06:27:47","guid":{"rendered":"https:\/\/catholicus.eu\/fr\/?p=5458"},"modified":"2026-03-16T07:27:48","modified_gmt":"2026-03-16T06:27:48","slug":"liniquite-le-peche-qui-corrompt-lame-et-normalise-le-mal","status":"publish","type":"post","link":"https:\/\/catholicus.eu\/fr\/liniquite-le-peche-qui-corrompt-lame-et-normalise-le-mal\/","title":{"rendered":"L\u2019Iniquit\u00e9 : le p\u00e9ch\u00e9 qui corrompt l\u2019\u00e2me et normalise le mal"},"content":{"rendered":"\n<p>Nous vivons une \u00e9poque \u00e9trange. Jamais il n\u2019y a eu autant de discours sur les droits, la justice, l\u2019\u00e9galit\u00e9 et le progr\u00e8s\u2026 et pourtant il n\u2019a jamais \u00e9t\u00e9 aussi facile de voir comment le mal se pr\u00e9sente comme quelque chose de normal, voire d\u2019admirable.<\/p>\n\n\n\n<p>La corruption morale est justifi\u00e9e.<br>Le mensonge devient une strat\u00e9gie.<br>Le p\u00e9ch\u00e9 se d\u00e9guise en libert\u00e9.<\/p>\n\n\n\n<p>La Bible poss\u00e8de un mot tr\u00e8s pr\u00e9cis pour d\u00e9crire ce ph\u00e9nom\u00e8ne spirituel profond : <strong>l\u2019iniquit\u00e9<\/strong>.<\/p>\n\n\n\n<p>Mais que signifie r\u00e9ellement ce terme ? Est-ce la m\u00eame chose que le p\u00e9ch\u00e9 ? Pourquoi appara\u00eet-il constamment dans les Saintes \u00c9critures ? Et pourquoi, aujourd\u2019hui plus que jamais, avons-nous besoin de le comprendre ?<\/p>\n\n\n\n<p>Cet article est un guide pour comprendre <strong>ce qu\u2019est l\u2019iniquit\u00e9, comment elle agit dans le monde et comment la combattre dans la vie quotidienne du chr\u00e9tien.<\/strong><\/p>\n\n\n\n<hr class=\"wp-block-separator has-alpha-channel-opacity\"\/>\n\n\n\n<h1 class=\"wp-block-heading\">1. Qu\u2019est-ce que l\u2019iniquit\u00e9 ? Bien plus que \u00ab faire quelque chose de mal \u00bb<\/h1>\n\n\n\n<p>Dans le langage courant, <strong>p\u00e9ch\u00e9<\/strong> et <strong>iniquit\u00e9<\/strong> sont souvent utilis\u00e9s comme des synonymes, mais dans la th\u00e9ologie biblique ils poss\u00e8dent des nuances diff\u00e9rentes.<\/p>\n\n\n\n<p>Dans l\u2019\u00c9criture, le mot h\u00e9breu <strong>\u00ab avon \u00bb<\/strong> et le grec <strong>\u00ab anomia \u00bb<\/strong> indiquent quelque chose de plus profond qu\u2019une simple faute.<\/p>\n\n\n\n<p><strong>L\u2019iniquit\u00e9 est le mal int\u00e9rieur qui d\u00e9forme la conscience jusqu\u2019\u00e0 ce que le p\u00e9ch\u00e9 paraisse normal ou acceptable.<\/strong><\/p>\n\n\n\n<p>On pourrait l\u2019exprimer ainsi :<\/p>\n\n\n\n<ul class=\"wp-block-list\">\n<li><strong>Le p\u00e9ch\u00e9 :<\/strong> l\u2019acte mauvais concret.<\/li>\n\n\n\n<li><strong>L\u2019iniquit\u00e9 :<\/strong> la disposition int\u00e9rieure qui fait para\u00eetre le mal normal ou acceptable.<\/li>\n<\/ul>\n\n\n\n<p>L\u2019iniquit\u00e9 <strong>ne consiste pas seulement \u00e0 commettre une erreur<\/strong>, mais \u00e0 <strong>pervertir le sens du bien et du mal<\/strong>.<\/p>\n\n\n\n<p>C\u2019est le moment o\u00f9 l\u2019homme cesse de dire :<\/p>\n\n\n\n<blockquote class=\"wp-block-quote is-layout-flow wp-block-quote-is-layout-flow\">\n<p>\u00ab Ceci est mal, mais je le fais. \u00bb<\/p>\n<\/blockquote>\n\n\n\n<p>et commence \u00e0 dire :<\/p>\n\n\n\n<blockquote class=\"wp-block-quote is-layout-flow wp-block-quote-is-layout-flow\">\n<p>\u00ab Ceci n\u2019est pas mal\u2026 le probl\u00e8me est celui qui le critique. \u00bb<\/p>\n<\/blockquote>\n\n\n\n<p>C\u2019est l\u00e0 que l\u2019iniquit\u00e9 appara\u00eet.<\/p>\n\n\n\n<hr class=\"wp-block-separator has-alpha-channel-opacity\"\/>\n\n\n\n<h1 class=\"wp-block-heading\">2. L\u2019iniquit\u00e9 dans la Bible : une blessure qui traverse l\u2019histoire humaine<\/h1>\n\n\n\n<p>D\u00e8s les premi\u00e8res pages de la Bible, l\u2019iniquit\u00e9 appara\u00eet comme <strong>une force qui se r\u00e9pand et s\u2019accumule<\/strong>.<\/p>\n\n\n\n<p>Dans l\u2019Ancien Testament, l\u2019expression <strong>\u00ab porter l\u2019iniquit\u00e9 \u00bb<\/strong> ou <strong>\u00ab remplir la mesure de l\u2019iniquit\u00e9 \u00bb<\/strong> revient constamment.<\/p>\n\n\n\n<p>Cela r\u00e9v\u00e8le quelque chose d\u2019important :<br>l\u2019iniquit\u00e9 <strong>n\u2019est pas seulement individuelle, elle peut aussi \u00eatre collective<\/strong>.<\/p>\n\n\n\n<p>Lorsqu\u2019une soci\u00e9t\u00e9 commence \u00e0 appeler bien ce que Dieu appelle mal, l\u2019iniquit\u00e9 <strong>s\u2019institutionnalise<\/strong>.<\/p>\n\n\n\n<p>Le livre de la Gen\u00e8se d\u00e9crit ainsi la situation avant le D\u00e9luge :<\/p>\n\n\n\n<blockquote class=\"wp-block-quote is-layout-flow wp-block-quote-is-layout-flow\">\n<p>\u00ab Le Seigneur vit que la m\u00e9chancet\u00e9 de l\u2019homme \u00e9tait grande sur la terre et que toutes les pens\u00e9es de son c\u0153ur se portaient chaque jour uniquement vers le mal. \u00bb<br>(Gen\u00e8se 6,5)<\/p>\n<\/blockquote>\n\n\n\n<p>Il ne s\u2019agit pas seulement d\u2019actions mauvaises.<br><strong>Le c\u0153ur lui-m\u00eame s\u2019\u00e9tait d\u00e9form\u00e9.<\/strong><\/p>\n\n\n\n<hr class=\"wp-block-separator has-alpha-channel-opacity\"\/>\n\n\n\n<h1 class=\"wp-block-heading\">3. Le myst\u00e8re de l\u2019iniquit\u00e9 dont parle saint Paul<\/h1>\n\n\n\n<p>Le Nouveau Testament approfondit encore ce ph\u00e9nom\u00e8ne.<\/p>\n\n\n\n<p>Saint Paul utilise une expression saisissante :<\/p>\n\n\n\n<blockquote class=\"wp-block-quote is-layout-flow wp-block-quote-is-layout-flow\">\n<p>\u00ab Le myst\u00e8re de l\u2019iniquit\u00e9 est d\u00e9j\u00e0 \u00e0 l\u2019\u0153uvre. \u00bb<br>(2 Thessaloniciens 2,7)<\/p>\n<\/blockquote>\n\n\n\n<p>Pourquoi parle-t-il d\u2019un <strong>myst\u00e8re<\/strong> ?<\/p>\n\n\n\n<p>Parce que l\u2019iniquit\u00e9 poss\u00e8de quelque chose de profond\u00e9ment d\u00e9routant :<\/p>\n\n\n\n<ul class=\"wp-block-list\">\n<li>elle s\u2019infiltre lentement ;<\/li>\n\n\n\n<li>elle se d\u00e9guise en bien ;<\/li>\n\n\n\n<li>elle s\u00e9duit m\u00eame des personnes apparemment bonnes.<\/li>\n<\/ul>\n\n\n\n<p>Elle n\u2019appara\u00eet pas soudainement.<br><strong>Elle grandit en silence dans la culture, dans les structures sociales et dans le c\u0153ur humain.<\/strong><\/p>\n\n\n\n<p>L\u2019histoire montre que chaque fois que l\u2019iniquit\u00e9 se normalise, les cons\u00e9quences sont d\u00e9vastatrices :<\/p>\n\n\n\n<ul class=\"wp-block-list\">\n<li>pers\u00e9cutions<\/li>\n\n\n\n<li>injustices<\/li>\n\n\n\n<li>d\u00e9cadence morale<\/li>\n\n\n\n<li>violence institutionnalis\u00e9e<\/li>\n<\/ul>\n\n\n\n<hr class=\"wp-block-separator has-alpha-channel-opacity\"\/>\n\n\n\n<h1 class=\"wp-block-heading\">4. L\u2019iniquit\u00e9 commence dans le c\u0153ur<\/h1>\n\n\n\n<p>Avant de se manifester dans les lois, les id\u00e9ologies ou les structures sociales, l\u2019iniquit\u00e9 <strong>commence \u00e0 l\u2019int\u00e9rieur de la personne humaine<\/strong>.<\/p>\n\n\n\n<p>J\u00e9sus-Christ l\u2019a expliqu\u00e9 clairement :<\/p>\n\n\n\n<blockquote class=\"wp-block-quote is-layout-flow wp-block-quote-is-layout-flow\">\n<p>\u00ab Car c\u2019est du c\u0153ur que sortent les pens\u00e9es mauvaises : meurtres, adult\u00e8res, d\u00e9bauches, vols, faux t\u00e9moignages, blasph\u00e8mes. \u00bb<br>(Matthieu 15,19)<\/p>\n<\/blockquote>\n\n\n\n<p>Le p\u00e9ch\u00e9 ne na\u00eet pas dans les circonstances.<\/p>\n\n\n\n<p>Il commence lorsque le c\u0153ur cesse de chercher la v\u00e9rit\u00e9.<\/p>\n\n\n\n<p>D\u2019abord appara\u00eet une petite justification :<\/p>\n\n\n\n<ul class=\"wp-block-list\">\n<li>\u00ab Ce n\u2019est pas si grave. \u00bb<\/li>\n\n\n\n<li>\u00ab Tout le monde le fait. \u00bb<\/li>\n\n\n\n<li>\u00ab Dieu comprendra. \u00bb<\/li>\n<\/ul>\n\n\n\n<p>Ensuite l\u2019\u00e2me s\u2019y habitue.<\/p>\n\n\n\n<p>Et finalement le mal devient <strong>une mani\u00e8re de penser<\/strong>.<\/p>\n\n\n\n<p>\u00c0 ce moment-l\u00e0, l\u2019iniquit\u00e9 a d\u00e9j\u00e0 pris racine.<\/p>\n\n\n\n<hr class=\"wp-block-separator has-alpha-channel-opacity\"\/>\n\n\n\n<h1 class=\"wp-block-heading\">5. La normalisation du mal : le signe le plus clair de l\u2019iniquit\u00e9<\/h1>\n\n\n\n<p>L\u2019iniquit\u00e9 poss\u00e8de un sympt\u00f4me tr\u00e8s clair :<br><strong>lorsque le mal cesse de scandaliser.<\/strong><\/p>\n\n\n\n<p>Le proph\u00e8te Isa\u00efe l\u2019avait d\u00e9j\u00e0 d\u00e9nonc\u00e9 il y a plus de 2 700 ans :<\/p>\n\n\n\n<blockquote class=\"wp-block-quote is-layout-flow wp-block-quote-is-layout-flow\">\n<p>\u00ab Malheur \u00e0 ceux qui appellent le mal bien et le bien mal ! \u00bb<br>(Isa\u00efe 5,20)<\/p>\n<\/blockquote>\n\n\n\n<p>Ce verset semble \u00e9crit pour notre \u00e9poque.<\/p>\n\n\n\n<p>Aujourd\u2019hui nous voyons :<\/p>\n\n\n\n<ul class=\"wp-block-list\">\n<li>le mensonge transform\u00e9 en strat\u00e9gie politique<\/li>\n\n\n\n<li>la corruption pr\u00e9sent\u00e9e comme de l\u2019habilet\u00e9<\/li>\n\n\n\n<li>le p\u00e9ch\u00e9 d\u00e9fendu comme un droit<\/li>\n\n\n\n<li>la foi ridiculis\u00e9e comme un retard<\/li>\n<\/ul>\n\n\n\n<p>L\u2019iniquit\u00e9 ne se contente pas de tol\u00e9rer le mal.<\/p>\n\n\n\n<p><strong>Elle le c\u00e9l\u00e8bre.<\/strong><\/p>\n\n\n\n<hr class=\"wp-block-separator has-alpha-channel-opacity\"\/>\n\n\n\n<h1 class=\"wp-block-heading\">6. Le Christ est venu d\u00e9truire l\u2019iniquit\u00e9<\/h1>\n\n\n\n<p>L\u2019\u00c9vangile n\u2019ignore pas ce probl\u00e8me.<br>En r\u00e9alit\u00e9, <strong>la mission du Christ est directement li\u00e9e \u00e0 la lib\u00e9ration de l\u2019iniquit\u00e9<\/strong>.<\/p>\n\n\n\n<p>Dans la proph\u00e9tie d\u2019Isa\u00efe concernant le Messie, nous lisons :<\/p>\n\n\n\n<blockquote class=\"wp-block-quote is-layout-flow wp-block-quote-is-layout-flow\">\n<p>\u00ab Le Seigneur a fait retomber sur lui l\u2019iniquit\u00e9 de nous tous. \u00bb<br>(Isa\u00efe 53,6)<\/p>\n<\/blockquote>\n\n\n\n<p>J\u00e9sus ne fait pas seulement pardonner les p\u00e9ch\u00e9s.<\/p>\n\n\n\n<p><strong>Il arrache la racine m\u00eame du mal dans le c\u0153ur humain.<\/strong><\/p>\n\n\n\n<p>C\u2019est pourquoi le christianisme n\u2019est pas simplement une morale.<br>C\u2019est <strong>une transformation int\u00e9rieure<\/strong>.<\/p>\n\n\n\n<p>Le Christ n\u2019est pas venu seulement am\u00e9liorer le comportement ext\u00e9rieur.<\/p>\n\n\n\n<p>Il est venu <strong>r\u00e9g\u00e9n\u00e9rer le c\u0153ur<\/strong>.<\/p>\n\n\n\n<hr class=\"wp-block-separator has-alpha-channel-opacity\"\/>\n\n\n\n<h1 class=\"wp-block-heading\">7. Les trois fa\u00e7ons dont l\u2019iniquit\u00e9 agit aujourd\u2019hui<\/h1>\n\n\n\n<p>M\u00eame si le mot peut sembler ancien, l\u2019iniquit\u00e9 est tr\u00e8s pr\u00e9sente dans le monde moderne.<\/p>\n\n\n\n<p>Nous pouvons la voir agir de trois mani\u00e8res.<\/p>\n\n\n\n<h3 class=\"wp-block-heading\">1. L\u2019iniquit\u00e9 personnelle<\/h3>\n\n\n\n<p>Lorsque nous justifions nos propres fautes et cessons de nous examiner.<\/p>\n\n\n\n<p>Le danger n\u2019est pas de tomber.<\/p>\n\n\n\n<p>Le danger est <strong>de ne plus reconna\u00eetre la chute<\/strong>.<\/p>\n\n\n\n<hr class=\"wp-block-separator has-alpha-channel-opacity\"\/>\n\n\n\n<h3 class=\"wp-block-heading\">2. L\u2019iniquit\u00e9 culturelle<\/h3>\n\n\n\n<p>Lorsqu\u2019une soci\u00e9t\u00e9 promeut des valeurs contraires \u00e0 l\u2019\u00c9vangile.<\/p>\n\n\n\n<p>Cela se produit lorsque :<\/p>\n\n\n\n<ul class=\"wp-block-list\">\n<li>la vie perd sa valeur<\/li>\n\n\n\n<li>la v\u00e9rit\u00e9 devient relative<\/li>\n\n\n\n<li>la foi est expuls\u00e9e de l\u2019espace public<\/li>\n<\/ul>\n\n\n\n<p>La culture commence alors \u00e0 modeler les consciences.<\/p>\n\n\n\n<hr class=\"wp-block-separator has-alpha-channel-opacity\"\/>\n\n\n\n<h3 class=\"wp-block-heading\">3. L\u2019iniquit\u00e9 structurelle<\/h3>\n\n\n\n<p>C\u2019est le niveau le plus dangereux.<\/p>\n\n\n\n<p>Elle se produit lorsque <strong>les lois et les structures sociales l\u00e9gitiment le mal<\/strong>.<\/p>\n\n\n\n<p>\u00c0 ce moment-l\u00e0, le p\u00e9ch\u00e9 n\u2019est plus seulement tol\u00e9r\u00e9.<\/p>\n\n\n\n<p><strong>Il est impos\u00e9.<\/strong><\/p>\n\n\n\n<hr class=\"wp-block-separator has-alpha-channel-opacity\"\/>\n\n\n\n<h1 class=\"wp-block-heading\">8. Comment combattre l\u2019iniquit\u00e9 dans la vie chr\u00e9tienne<\/h1>\n\n\n\n<p>La lutte contre l\u2019iniquit\u00e9 ne commence ni dans les parlements ni sur les r\u00e9seaux sociaux.<\/p>\n\n\n\n<p>Elle commence <strong>dans l\u2019\u00e2me de chaque chr\u00e9tien<\/strong>.<\/p>\n\n\n\n<p>Voici cinq armes spirituelles fondamentales.<\/p>\n\n\n\n<hr class=\"wp-block-separator has-alpha-channel-opacity\"\/>\n\n\n\n<h2 class=\"wp-block-heading\">1. Retrouver l\u2019examen de conscience<\/h2>\n\n\n\n<p>L\u2019iniquit\u00e9 prosp\u00e8re lorsque nous cessons de regarder notre c\u0153ur.<\/p>\n\n\n\n<p>L\u2019examen de conscience quotidien est un rem\u00e8de spirituel.<\/p>\n\n\n\n<p>Il nous oblige \u00e0 nous demander :<\/p>\n\n\n\n<ul class=\"wp-block-list\">\n<li>Ai-je \u00e9t\u00e9 fid\u00e8le \u00e0 la v\u00e9rit\u00e9 ?<\/li>\n\n\n\n<li>Ai-je justifi\u00e9 quelque chose que je sais \u00eatre mauvais ?<\/li>\n\n\n\n<li>Ai-je gard\u00e9 le silence alors que je devais d\u00e9fendre le bien ?<\/li>\n<\/ul>\n\n\n\n<hr class=\"wp-block-separator has-alpha-channel-opacity\"\/>\n\n\n\n<h2 class=\"wp-block-heading\">2. Se confesser fr\u00e9quemment<\/h2>\n\n\n\n<p>Le sacrement de la confession <strong>brise le cycle de l\u2019autojustification<\/strong>.<\/p>\n\n\n\n<p>Lorsque l\u2019\u00e2me reconna\u00eet son p\u00e9ch\u00e9, l\u2019iniquit\u00e9 perd de sa force.<\/p>\n\n\n\n<p>La gr\u00e2ce \u00e9claire de nouveau la conscience.<\/p>\n\n\n\n<hr class=\"wp-block-separator has-alpha-channel-opacity\"\/>\n\n\n\n<h2 class=\"wp-block-heading\">3. Former la conscience<\/h2>\n\n\n\n<p>Beaucoup de chr\u00e9tiens vivent aujourd\u2019hui dans la confusion parce qu\u2019ils <strong>ne connaissent pas la doctrine de l\u2019\u00c9glise<\/strong>.<\/p>\n\n\n\n<p>L\u2019ignorance morale rend l\u2019\u00e2me vuln\u00e9rable.<\/p>\n\n\n\n<p>Lire l\u2019\u00c9criture, le Cat\u00e9chisme et la tradition spirituelle est essentiel.<\/p>\n\n\n\n<hr class=\"wp-block-separator has-alpha-channel-opacity\"\/>\n\n\n\n<h2 class=\"wp-block-heading\">4. Ne pas normaliser le mal<\/h2>\n\n\n\n<p>Le chr\u00e9tien est appel\u00e9 \u00e0 vivre <strong>dans le monde mais non selon le monde<\/strong>.<\/p>\n\n\n\n<p>Cela exige du courage.<\/p>\n\n\n\n<p>Parfois cela signifiera :<\/p>\n\n\n\n<ul class=\"wp-block-list\">\n<li>aller \u00e0 contre-courant<\/li>\n\n\n\n<li>supporter des critiques<\/li>\n\n\n\n<li>\u00eatre incompris<\/li>\n<\/ul>\n\n\n\n<p>Mais la fid\u00e9lit\u00e9 a toujours un prix.<\/p>\n\n\n\n<hr class=\"wp-block-separator has-alpha-channel-opacity\"\/>\n\n\n\n<h2 class=\"wp-block-heading\">5. Vivre dans la gr\u00e2ce<\/h2>\n\n\n\n<p>L\u2019iniquit\u00e9 se combat par <strong>la saintet\u00e9<\/strong>.<\/p>\n\n\n\n<p>L\u00e0 o\u00f9 il y a des \u00e2mes saintes :<\/p>\n\n\n\n<ul class=\"wp-block-list\">\n<li>le mensonge perd de sa force<\/li>\n\n\n\n<li>le p\u00e9ch\u00e9 perd de son attrait<\/li>\n\n\n\n<li>la lumi\u00e8re du Christ brille plus clairement<\/li>\n<\/ul>\n\n\n\n<p>La saintet\u00e9 n\u2019est pas un id\u00e9al r\u00e9serv\u00e9 \u00e0 quelques-uns.<\/p>\n\n\n\n<p>C\u2019est <strong>la v\u00e9ritable r\u00e9volution chr\u00e9tienne<\/strong>.<\/p>\n\n\n\n<hr class=\"wp-block-separator has-alpha-channel-opacity\"\/>\n\n\n\n<h1 class=\"wp-block-heading\">9. La grande tromperie de notre temps<\/h1>\n\n\n\n<p>Peut-\u00eatre la plus grande victoire de l\u2019iniquit\u00e9 aujourd\u2019hui est d\u2019avoir convaincu beaucoup de personnes <strong>qu\u2019elle n\u2019existe plus<\/strong>.<\/p>\n\n\n\n<p>On parle d\u2019erreurs, d\u2019\u00e9checs, de faiblesses\u2026<\/p>\n\n\n\n<p>mais on ne parle plus de p\u00e9ch\u00e9.<\/p>\n\n\n\n<p>Et lorsque la conscience du p\u00e9ch\u00e9 dispara\u00eet, la n\u00e9cessit\u00e9 du salut dispara\u00eet \u00e9galement.<\/p>\n\n\n\n<p>C\u2019est pourquoi les chr\u00e9tiens ont une mission urgente :<br><strong>appeler de nouveau les choses par leur vrai nom<\/strong>.<\/p>\n\n\n\n<p>Non pour condamner le monde.<\/p>\n\n\n\n<p>Mais pour <strong>ouvrir le chemin \u00e0 la mis\u00e9ricorde de Dieu<\/strong>.<\/p>\n\n\n\n<hr class=\"wp-block-separator has-alpha-channel-opacity\"\/>\n\n\n\n<h1 class=\"wp-block-heading\">10. Une esp\u00e9rance que l\u2019iniquit\u00e9 ne peut pas \u00e9teindre<\/h1>\n\n\n\n<p>M\u00eame si le mal semble grandir, l\u2019histoire chr\u00e9tienne nous rappelle quelque chose de fondamental :<\/p>\n\n\n\n<p><strong>l\u2019iniquit\u00e9 n\u2019a jamais le dernier mot.<\/strong><\/p>\n\n\n\n<p>Le Christ a d\u00e9j\u00e0 vaincu le p\u00e9ch\u00e9.<\/p>\n\n\n\n<p>La croix semble \u00eatre une d\u00e9faite\u2026<br>mais elle est le commencement de la r\u00e9demption.<\/p>\n\n\n\n<p>Et chaque \u00e2me qui revient \u00e0 Dieu affaiblit le pouvoir de l\u2019iniquit\u00e9 dans le monde.<\/p>\n\n\n\n<p>Car la v\u00e9ritable bataille ne se livre pas seulement dans les structures de la soci\u00e9t\u00e9.<\/p>\n\n\n\n<p>Elle se livre <strong>dans le c\u0153ur humain<\/strong>.<\/p>\n\n\n\n<p>Et l\u00e0, lorsque l\u2019homme s\u2019ouvre \u00e0 la gr\u00e2ce, <strong>la lumi\u00e8re l\u2019emporte toujours sur les t\u00e9n\u00e8bres<\/strong>.<\/p>\n\n\n\n<hr class=\"wp-block-separator has-alpha-channel-opacity\"\/>\n\n\n\n<p>\ud83d\udca1 <strong>R\u00e9flexion finale<\/strong><\/p>\n\n\n\n<p>La question n\u2019est pas seulement de savoir si le monde est rempli d\u2019iniquit\u00e9.<\/p>\n\n\n\n<p>La question est beaucoup plus personnelle :<\/p>\n\n\n\n<p><strong>Quelle place la v\u00e9rit\u00e9 de Dieu occupe-t-elle dans mon c\u0153ur ?<\/strong><\/p>\n\n\n\n<p>Car chaque fois qu\u2019un chr\u00e9tien choisit le bien, m\u00eame dans les petites choses, il se produit quelque chose d\u2019invisible mais de puissant :<\/p>\n\n\n\n<p>l\u2019iniquit\u00e9 recule\u2026<br>et le Royaume de Dieu avance.<\/p>\n","protected":false},"excerpt":{"rendered":"<p>Nous vivons une \u00e9poque \u00e9trange. Jamais il n\u2019y a eu autant de discours sur les droits, la justice, l\u2019\u00e9galit\u00e9 et le progr\u00e8s\u2026 et pourtant il n\u2019a jamais \u00e9t\u00e9 aussi facile de voir comment le mal se pr\u00e9sente comme quelque chose de normal, voire d\u2019admirable. La corruption morale est justifi\u00e9e.Le mensonge devient une strat\u00e9gie.Le p\u00e9ch\u00e9 se &hellip;<\/p>\n","protected":false},"author":3,"featured_media":5459,"comment_status":"open","ping_status":"closed","sticky":false,"template":"","format":"standard","meta":{"_seopress_robots_primary_cat":"","_seopress_titles_title":"","_seopress_titles_desc":"","_seopress_robots_index":"","footnotes":""},"categories":[43,37],"tags":[1778],"class_list":["post-5458","post","type-post","status-publish","format-standard","has-post-thumbnail","","category-catechisme-de-leglise-catholique","category-doctrine-et-foi","tag-iniquite"],"_links":{"self":[{"href":"https:\/\/catholicus.eu\/fr\/wp-json\/wp\/v2\/posts\/5458","targetHints":{"allow":["GET"]}}],"collection":[{"href":"https:\/\/catholicus.eu\/fr\/wp-json\/wp\/v2\/posts"}],"about":[{"href":"https:\/\/catholicus.eu\/fr\/wp-json\/wp\/v2\/types\/post"}],"author":[{"embeddable":true,"href":"https:\/\/catholicus.eu\/fr\/wp-json\/wp\/v2\/users\/3"}],"replies":[{"embeddable":true,"href":"https:\/\/catholicus.eu\/fr\/wp-json\/wp\/v2\/comments?post=5458"}],"version-history":[{"count":1,"href":"https:\/\/catholicus.eu\/fr\/wp-json\/wp\/v2\/posts\/5458\/revisions"}],"predecessor-version":[{"id":5460,"href":"https:\/\/catholicus.eu\/fr\/wp-json\/wp\/v2\/posts\/5458\/revisions\/5460"}],"wp:featuredmedia":[{"embeddable":true,"href":"https:\/\/catholicus.eu\/fr\/wp-json\/wp\/v2\/media\/5459"}],"wp:attachment":[{"href":"https:\/\/catholicus.eu\/fr\/wp-json\/wp\/v2\/media?parent=5458"}],"wp:term":[{"taxonomy":"category","embeddable":true,"href":"https:\/\/catholicus.eu\/fr\/wp-json\/wp\/v2\/categories?post=5458"},{"taxonomy":"post_tag","embeddable":true,"href":"https:\/\/catholicus.eu\/fr\/wp-json\/wp\/v2\/tags?post=5458"}],"curies":[{"name":"wp","href":"https:\/\/api.w.org\/{rel}","templated":true}]}}