{"id":5437,"date":"2026-03-15T14:58:31","date_gmt":"2026-03-15T13:58:31","guid":{"rendered":"https:\/\/catholicus.eu\/fr\/?p=5437"},"modified":"2026-03-15T14:58:31","modified_gmt":"2026-03-15T13:58:31","slug":"je-ne-manquerai-de-rien-le-secret-spirituel-du-psaume-qui-a-soutenu-des-millions-de-croyants","status":"publish","type":"post","link":"https:\/\/catholicus.eu\/fr\/je-ne-manquerai-de-rien-le-secret-spirituel-du-psaume-qui-a-soutenu-des-millions-de-croyants\/","title":{"rendered":"\u00ab Je ne manquerai de rien \u00bb : le secret spirituel du psaume qui a soutenu des millions de croyants"},"content":{"rendered":"\n<p>Au milieu d\u2019un monde marqu\u00e9 par l\u2019incertitude, la pr\u00e9cipitation et le sentiment constant de manque \u2014 manque de temps, de paix, de s\u00e9curit\u00e9 \u2014 il existe une phrase biblique qui traverse les si\u00e8cles avec une force \u00e9tonnante :<\/p>\n\n\n\n<blockquote class=\"wp-block-quote is-layout-flow wp-block-quote-is-layout-flow\">\n<p><strong>\u00ab Le Seigneur est mon berger : je ne manquerai de rien. \u00bb<\/strong><br><em>(Psaume 23,1)<\/em><\/p>\n<\/blockquote>\n\n\n\n<p>Ces mots, apparemment simples, renferment l\u2019une des confessions de foi les plus profondes de toute la Sainte \u00c9criture. Ils ne sont pas un slogan religieux ni une promesse superficielle de bien-\u00eatre. Ils sont l\u2019expression d\u2019une confiance radicale en Dieu, n\u00e9e de l\u2019exp\u00e9rience spirituelle du peuple d\u2019Isra\u00ebl et qui, pour les chr\u00e9tiens, trouve son accomplissement en Christ.<\/p>\n\n\n\n<p>Le <strong>Psaume 23<\/strong> est peut-\u00eatre le psaume le plus aim\u00e9 de toute la Bible. Depuis des g\u00e9n\u00e9rations, il est pri\u00e9 dans les moments de joie, de souffrance, de guerre, de maladie et de mort. Il est pri\u00e8re, cat\u00e9ch\u00e8se, consolation et chemin spirituel.<\/p>\n\n\n\n<p>Dans cet article, nous allons approfondir sa signification d\u2019un point de vue <strong>th\u00e9ologique, pastoral et pratique<\/strong>, en d\u00e9couvrant comment ce psaume peut transformer la mani\u00e8re dont nous vivons notre foi aujourd\u2019hui.<\/p>\n\n\n\n<hr class=\"wp-block-separator has-alpha-channel-opacity\"\/>\n\n\n\n<h1 class=\"wp-block-heading\">1. L\u2019origine du psaume : une pri\u00e8re n\u00e9e de l\u2019exp\u00e9rience<\/h1>\n\n\n\n<p>La tradition biblique attribue ce psaume au <strong>roi David<\/strong>, qui avant de devenir roi fut <strong>berger de brebis<\/strong>. Ce d\u00e9tail est essentiel pour comprendre la profondeur de l\u2019image.<\/p>\n\n\n\n<p>David savait parfaitement ce que signifiait prendre soin d\u2019un troupeau :<\/p>\n\n\n\n<ul class=\"wp-block-list\">\n<li>veiller pendant la nuit<\/li>\n\n\n\n<li>chercher des p\u00e2turages<\/li>\n\n\n\n<li>prot\u00e9ger contre les pr\u00e9dateurs<\/li>\n\n\n\n<li>soigner les blessures<\/li>\n\n\n\n<li>guider sur des chemins s\u00fbrs<\/li>\n<\/ul>\n\n\n\n<p>Lorsque David dit <strong>\u00ab Le Seigneur est mon berger \u00bb<\/strong>, il affirme quelque chose d\u2019extraordinaire :<br>Dieu prend soin de son peuple <strong>avec la m\u00eame attention, la m\u00eame patience et le m\u00eame amour qu\u2019un berger pour ses brebis<\/strong>.<\/p>\n\n\n\n<p>Dans la Bible, cette image du berger appara\u00eet \u00e0 plusieurs reprises pour d\u00e9crire la relation entre Dieu et son peuple.<\/p>\n\n\n\n<p>Dieu n\u2019est pas un souverain lointain.<br>Il n\u2019est pas une force impersonnelle.<br>Il est <strong>celui qui guide, prot\u00e8ge et nourrit<\/strong>.<\/p>\n\n\n\n<hr class=\"wp-block-separator has-alpha-channel-opacity\"\/>\n\n\n\n<h1 class=\"wp-block-heading\">2. \u00ab Le Seigneur est mon berger \u00bb : une d\u00e9claration de confiance radicale<\/h1>\n\n\n\n<p>Le psaume commence par une affirmation personnelle :<\/p>\n\n\n\n<blockquote class=\"wp-block-quote is-layout-flow wp-block-quote-is-layout-flow\">\n<p><strong>\u00ab Le Seigneur est mon berger. \u00bb<\/strong><\/p>\n<\/blockquote>\n\n\n\n<p>Il ne dit pas <em>le berger<\/em>, ni <em>un berger<\/em>. Il dit <strong>mon berger<\/strong>.<\/p>\n\n\n\n<p>Cela r\u00e9v\u00e8le quelque chose de profond\u00e9ment chr\u00e9tien :<br>la relation avec Dieu n\u2019est pas seulement collective ou institutionnelle ; elle est aussi <strong>personnelle<\/strong>.<\/p>\n\n\n\n<p>Dieu conna\u00eet :<\/p>\n\n\n\n<ul class=\"wp-block-list\">\n<li>notre histoire<\/li>\n\n\n\n<li>nos blessures<\/li>\n\n\n\n<li>nos doutes<\/li>\n\n\n\n<li>nos esp\u00e9rances<\/li>\n<\/ul>\n\n\n\n<p>Comme l\u2019enseigne la tradition chr\u00e9tienne, Dieu ne prend pas soin de l\u2019humanit\u00e9 de mani\u00e8re abstraite, mais de chaque personne concr\u00e8te.<\/p>\n\n\n\n<p>Cette image atteint sa pl\u00e9nitude dans l\u2019\u00c9vangile lorsque J\u00e9sus d\u00e9clare :<\/p>\n\n\n\n<blockquote class=\"wp-block-quote is-layout-flow wp-block-quote-is-layout-flow\">\n<p><strong>\u00ab Je suis le bon berger. Le bon berger donne sa vie pour ses brebis. \u00bb<\/strong><br><em>(Jean 10,11)<\/em><\/p>\n<\/blockquote>\n\n\n\n<p>Ici se r\u00e9v\u00e8le le c\u0153ur du message chr\u00e9tien :<br>Dieu ne se contente pas de guider le troupeau ; <strong>il donne sa vie pour lui<\/strong>.<\/p>\n\n\n\n<hr class=\"wp-block-separator has-alpha-channel-opacity\"\/>\n\n\n\n<h1 class=\"wp-block-heading\">3. \u00ab Je ne manquerai de rien \u00bb : le v\u00e9ritable sens de cette promesse<\/h1>\n\n\n\n<p>\u00c0 premi\u00e8re vue, cette phrase peut sembler \u00eatre une promesse de prosp\u00e9rit\u00e9 mat\u00e9rielle. Cependant, la tradition th\u00e9ologique a toujours compris ces mots d\u2019une mani\u00e8re plus profonde.<\/p>\n\n\n\n<p>\u00ab Je ne manquerai de rien \u00bb ne signifie pas :<\/p>\n\n\n\n<ul class=\"wp-block-list\">\n<li>qu\u2019il n\u2019y aura jamais de probl\u00e8mes<\/li>\n\n\n\n<li>que nous aurons toujours tout ce que nous d\u00e9sirons<\/li>\n\n\n\n<li>que la vie sera facile<\/li>\n<\/ul>\n\n\n\n<p>Cela signifie quelque chose de bien plus grand :<\/p>\n\n\n\n<p><strong>Dieu n\u2019abandonne jamais ceux qui lui font confiance.<\/strong><\/p>\n\n\n\n<p>La v\u00e9ritable abondance ne consiste pas \u00e0 poss\u00e9der beaucoup, mais \u00e0 <strong>vivre soutenus par la providence divine<\/strong>.<\/p>\n\n\n\n<p>Saint Augustin l\u2019expliquait de mani\u00e8re magistrale :<br>lorsque Dieu est notre bien supr\u00eame, tout le reste trouve sa juste place.<\/p>\n\n\n\n<p>C\u2019est pourquoi un chr\u00e9tien peut traverser des difficult\u00e9s et affirmer malgr\u00e9 tout avec foi :<\/p>\n\n\n\n<p><strong>\u00ab Rien ne me manque, parce que Dieu est avec moi. \u00bb<\/strong><\/p>\n\n\n\n<hr class=\"wp-block-separator has-alpha-channel-opacity\"\/>\n\n\n\n<h1 class=\"wp-block-heading\">4. \u00ab Il me fait reposer dans de verts p\u00e2turages \u00bb : le repos de l\u2019\u00e2me<\/h1>\n\n\n\n<p>Le psaume continue :<\/p>\n\n\n\n<blockquote class=\"wp-block-quote is-layout-flow wp-block-quote-is-layout-flow\">\n<p><strong>\u00ab Il me fait reposer dans de verts p\u00e2turages ;<br>il me m\u00e8ne vers des eaux tranquilles<br>et il restaure mon \u00e2me. \u00bb<\/strong><br><em>(Psaume 23,2-3)<\/em><\/p>\n<\/blockquote>\n\n\n\n<p>La vie moderne est marqu\u00e9e par l\u2019\u00e9puisement :<\/p>\n\n\n\n<ul class=\"wp-block-list\">\n<li>le stress du travail<\/li>\n\n\n\n<li>l\u2019hyperconnexion<\/li>\n\n\n\n<li>l\u2019anxi\u00e9t\u00e9 constante<\/li>\n\n\n\n<li>le sentiment de courir sans jamais s\u2019arr\u00eater<\/li>\n<\/ul>\n\n\n\n<p>Ce verset nous rappelle une v\u00e9rit\u00e9 spirituelle souvent oubli\u00e9e :<br><strong>Dieu veut nous conduire vers le repos de l\u2019\u00e2me.<\/strong><\/p>\n\n\n\n<p>Les \u00ab verts p\u00e2turages \u00bb symbolisent :<\/p>\n\n\n\n<ul class=\"wp-block-list\">\n<li>la paix int\u00e9rieure<\/li>\n\n\n\n<li>la confiance<\/li>\n\n\n\n<li>la vie spirituelle<\/li>\n\n\n\n<li>la communion avec Dieu<\/li>\n<\/ul>\n\n\n\n<p>Dans la tradition chr\u00e9tienne, ce repos se vit particuli\u00e8rement dans :<\/p>\n\n\n\n<ul class=\"wp-block-list\">\n<li>la pri\u00e8re<\/li>\n\n\n\n<li>l\u2019Eucharistie<\/li>\n\n\n\n<li>la lecture de l\u2019\u00c9criture<\/li>\n\n\n\n<li>le silence int\u00e9rieur<\/li>\n<\/ul>\n\n\n\n<p>Dieu ne nous guide pas seulement dans le combat ; il nous invite aussi \u00e0 <strong>nous arr\u00eater et \u00e0 respirer sa paix<\/strong>.<\/p>\n\n\n\n<hr class=\"wp-block-separator has-alpha-channel-opacity\"\/>\n\n\n\n<h1 class=\"wp-block-heading\">5. \u00ab M\u00eame si je marche dans la vall\u00e9e de l\u2019ombre de la mort\u2026 \u00bb<\/h1>\n\n\n\n<p>L\u2019un des versets les plus \u00e9mouvants du psaume d\u00e9clare :<\/p>\n\n\n\n<blockquote class=\"wp-block-quote is-layout-flow wp-block-quote-is-layout-flow\">\n<p><strong>\u00ab M\u00eame si je marche dans la vall\u00e9e de l\u2019ombre de la mort,<br>je ne crains aucun mal,<br>car tu es avec moi. \u00bb<\/strong><br><em>(Psaume 23,4)<\/em><\/p>\n<\/blockquote>\n\n\n\n<p>Ici appara\u00eet une v\u00e9rit\u00e9 fondamentale du christianisme :<\/p>\n\n\n\n<p><strong>La foi n\u2019\u00e9limine pas la souffrance, mais elle en transforme le sens.<\/strong><\/p>\n\n\n\n<p>Le croyant n\u2019est pas \u00e0 l\u2019abri de :<\/p>\n\n\n\n<ul class=\"wp-block-list\">\n<li>la maladie<\/li>\n\n\n\n<li>les pertes<\/li>\n\n\n\n<li>les crises<\/li>\n\n\n\n<li>la douleur<\/li>\n<\/ul>\n\n\n\n<p>Mais au milieu de ces obscurit\u00e9s, il d\u00e9couvre quelque chose de d\u00e9cisif :<br><strong>Dieu marche avec lui.<\/strong><\/p>\n\n\n\n<p>Ce verset a accompagn\u00e9 pendant des si\u00e8cles des personnes dans des moments de :<\/p>\n\n\n\n<ul class=\"wp-block-list\">\n<li>guerre<\/li>\n\n\n\n<li>pers\u00e9cution<\/li>\n\n\n\n<li>maladie terminale<\/li>\n\n\n\n<li>deuil<\/li>\n<\/ul>\n\n\n\n<p>La raison de l\u2019esp\u00e9rance n\u2019est pas l\u2019absence de danger, mais <strong>la pr\u00e9sence de Dieu<\/strong>.<\/p>\n\n\n\n<hr class=\"wp-block-separator has-alpha-channel-opacity\"\/>\n\n\n\n<h1 class=\"wp-block-heading\">6. \u00ab Ta houlette et ton b\u00e2ton me rassurent \u00bb<\/h1>\n\n\n\n<p>Dans la culture du berger biblique, la <strong>houlette<\/strong> et le <strong>b\u00e2ton<\/strong> \u00e9taient des instruments de protection et de direction.<\/p>\n\n\n\n<p>Le b\u00e2ton servait \u00e0 d\u00e9fendre le troupeau contre les pr\u00e9dateurs.<br>La houlette servait \u00e0 guider et \u00e0 secourir les brebis.<\/p>\n\n\n\n<p>Spirituellement, ces symboles repr\u00e9sentent :<\/p>\n\n\n\n<ul class=\"wp-block-list\">\n<li>la correction aimante de Dieu<\/li>\n\n\n\n<li>sa guidance morale<\/li>\n\n\n\n<li>sa protection providentielle<\/li>\n<\/ul>\n\n\n\n<p>Parfois Dieu nous conduit sur des chemins que nous ne comprenons pas.<br>D\u2019autres fois il permet des \u00e9preuves qui nous purifient.<\/p>\n\n\n\n<p>Mais tout cela fait partie de sa <strong>p\u00e9dagogie d\u2019amour<\/strong>.<\/p>\n\n\n\n<hr class=\"wp-block-separator has-alpha-channel-opacity\"\/>\n\n\n\n<h1 class=\"wp-block-heading\">7. \u00ab Tu pr\u00e9pares une table devant moi \u00bb<\/h1>\n\n\n\n<p>Le psaume change alors d\u2019image :<\/p>\n\n\n\n<blockquote class=\"wp-block-quote is-layout-flow wp-block-quote-is-layout-flow\">\n<p><strong>\u00ab Tu pr\u00e9pares une table devant moi<br>face \u00e0 mes ennemis. \u00bb<\/strong><br><em>(Psaume 23,5)<\/em><\/p>\n<\/blockquote>\n\n\n\n<p>Pour la tradition chr\u00e9tienne, ce verset poss\u00e8de une r\u00e9sonance profond\u00e9ment <strong>eucharistique<\/strong>.<\/p>\n\n\n\n<p>Dieu ne se contente pas de nous guider comme un berger ; il <strong>nous nourrit<\/strong> \u00e9galement.<\/p>\n\n\n\n<p>La table pr\u00e9par\u00e9e symbolise :<\/p>\n\n\n\n<ul class=\"wp-block-list\">\n<li>la communion avec Dieu<\/li>\n\n\n\n<li>l\u2019hospitalit\u00e9 divine<\/li>\n\n\n\n<li>l\u2019abondance spirituelle<\/li>\n<\/ul>\n\n\n\n<p>Dans la foi chr\u00e9tienne, cette promesse trouve son expression la plus compl\u00e8te dans <strong>l\u2019Eucharistie<\/strong>, o\u00f9 le Christ devient nourriture pour l\u2019\u00e2me.<\/p>\n\n\n\n<hr class=\"wp-block-separator has-alpha-channel-opacity\"\/>\n\n\n\n<h1 class=\"wp-block-heading\">8. \u00ab Ta bont\u00e9 et ta mis\u00e9ricorde m\u2019accompagnent \u00bb<\/h1>\n\n\n\n<p>Le psaume se termine par une d\u00e9claration pleine d\u2019esp\u00e9rance :<\/p>\n\n\n\n<blockquote class=\"wp-block-quote is-layout-flow wp-block-quote-is-layout-flow\">\n<p><strong>\u00ab Oui, le bonheur et la gr\u00e2ce m\u2019accompagneront<br>tous les jours de ma vie,<br>et j\u2019habiterai dans la maison du Seigneur<br>pour la dur\u00e9e de mes jours. \u00bb<\/strong><br><em>(Psaume 23,6)<\/em><\/p>\n<\/blockquote>\n\n\n\n<p>Ici appara\u00eet la dimension <strong>eschatologique<\/strong> du psaume :<br>la vie humaine ne s\u2019ach\u00e8ve pas dans ce monde.<\/p>\n\n\n\n<p>Le croyant marche vers un but final :<\/p>\n\n\n\n<p><strong>la communion \u00e9ternelle avec Dieu.<\/strong><\/p>\n\n\n\n<p>La vie chr\u00e9tienne est, en un certain sens, un p\u00e8lerinage guid\u00e9 par le Berger vers <strong>la maison du P\u00e8re<\/strong>.<\/p>\n\n\n\n<hr class=\"wp-block-separator has-alpha-channel-opacity\"\/>\n\n\n\n<h1 class=\"wp-block-heading\">9. Comment vivre le Psaume 23 aujourd\u2019hui<\/h1>\n\n\n\n<p>Ce psaume n\u2019est pas seulement une po\u00e9sie religieuse. C\u2019est un <strong>chemin spirituel concret<\/strong>.<\/p>\n\n\n\n<p>Voici quelques mani\u00e8res de le vivre aujourd\u2019hui :<\/p>\n\n\n\n<h3 class=\"wp-block-heading\">1. Apprendre \u00e0 faire confiance<\/h3>\n\n\n\n<p>Dans un monde obs\u00e9d\u00e9 par le contr\u00f4le, le psaume nous enseigne <strong>la confiance en la providence<\/strong>.<\/p>\n\n\n\n<h3 class=\"wp-block-heading\">2. Cultiver des moments de silence<\/h3>\n\n\n\n<p>Les \u00ab verts p\u00e2turages \u00bb spirituels se trouvent lorsque nous consacrons du temps \u00e0 Dieu.<\/p>\n\n\n\n<h3 class=\"wp-block-heading\">3. Ne pas fuir la vall\u00e9e sombre<\/h3>\n\n\n\n<p>Les difficult\u00e9s font aussi partie du chemin de foi.<\/p>\n\n\n\n<h3 class=\"wp-block-heading\">4. Nourrir la vie sacramentelle<\/h3>\n\n\n\n<p>La \u00ab table pr\u00e9par\u00e9e \u00bb nous rappelle l\u2019importance des sacrements.<\/p>\n\n\n\n<h3 class=\"wp-block-heading\">5. Vivre dans l\u2019esp\u00e9rance<\/h3>\n\n\n\n<p>Le dernier mot n\u2019appartient pas \u00e0 la peur, mais \u00e0 <strong>la mis\u00e9ricorde de Dieu<\/strong>.<\/p>\n\n\n\n<hr class=\"wp-block-separator has-alpha-channel-opacity\"\/>\n\n\n\n<h1 class=\"wp-block-heading\">10. Le psaume qui parle encore au c\u0153ur du monde<\/h1>\n\n\n\n<p>Le Psaume 23 a \u00e9t\u00e9 pri\u00e9 par :<\/p>\n\n\n\n<ul class=\"wp-block-list\">\n<li>des saints<\/li>\n\n\n\n<li>des martyrs<\/li>\n\n\n\n<li>des moines<\/li>\n\n\n\n<li>des familles<\/li>\n\n\n\n<li>des malades<\/li>\n\n\n\n<li>des soldats<\/li>\n\n\n\n<li>des croyants de toutes les cultures<\/li>\n<\/ul>\n\n\n\n<p>Pourquoi continue-t-il de toucher le c\u0153ur humain ?<\/p>\n\n\n\n<p>Parce qu\u2019il r\u00e9pond aux <strong>questions les plus profondes de l\u2019existence<\/strong> :<\/p>\n\n\n\n<ul class=\"wp-block-list\">\n<li>Qui me guide ?<\/li>\n\n\n\n<li>Qui prend soin de moi ?<\/li>\n\n\n\n<li>Suis-je seul dans la souffrance ?<\/li>\n\n\n\n<li>La vie a-t-elle un sens ?<\/li>\n<\/ul>\n\n\n\n<p>La r\u00e9ponse du psaume est simple et puissante :<\/p>\n\n\n\n<p><strong>Nous ne sommes pas seuls.<\/strong><\/p>\n\n\n\n<p>Il existe un Berger qui guide notre histoire.<\/p>\n\n\n\n<p>Et celui qui se laisse conduire par lui peut r\u00e9p\u00e9ter \u2014 m\u00eame au milieu des incertitudes du monde moderne :<\/p>\n\n\n\n<blockquote class=\"wp-block-quote is-layout-flow wp-block-quote-is-layout-flow\">\n<p><strong>\u00ab Le Seigneur est mon berger :<br>je ne manquerai de rien. \u00bb<\/strong><\/p>\n<\/blockquote>\n","protected":false},"excerpt":{"rendered":"<p>Au milieu d\u2019un monde marqu\u00e9 par l\u2019incertitude, la pr\u00e9cipitation et le sentiment constant de manque \u2014 manque de temps, de paix, de s\u00e9curit\u00e9 \u2014 il existe une phrase biblique qui traverse les si\u00e8cles avec une force \u00e9tonnante : \u00ab Le Seigneur est mon berger : je ne manquerai de rien. \u00bb(Psaume 23,1) Ces mots, apparemment &hellip;<\/p>\n","protected":false},"author":3,"featured_media":5438,"comment_status":"open","ping_status":"closed","sticky":false,"template":"","format":"standard","meta":{"_seopress_robots_primary_cat":"","_seopress_titles_title":"","_seopress_titles_desc":"","_seopress_robots_index":"","footnotes":""},"categories":[37,45],"tags":[1774],"class_list":["post-5437","post","type-post","status-publish","format-standard","has-post-thumbnail","","category-doctrine-et-foi","category-saintes-ecritures","tag-psaume-23"],"_links":{"self":[{"href":"https:\/\/catholicus.eu\/fr\/wp-json\/wp\/v2\/posts\/5437","targetHints":{"allow":["GET"]}}],"collection":[{"href":"https:\/\/catholicus.eu\/fr\/wp-json\/wp\/v2\/posts"}],"about":[{"href":"https:\/\/catholicus.eu\/fr\/wp-json\/wp\/v2\/types\/post"}],"author":[{"embeddable":true,"href":"https:\/\/catholicus.eu\/fr\/wp-json\/wp\/v2\/users\/3"}],"replies":[{"embeddable":true,"href":"https:\/\/catholicus.eu\/fr\/wp-json\/wp\/v2\/comments?post=5437"}],"version-history":[{"count":1,"href":"https:\/\/catholicus.eu\/fr\/wp-json\/wp\/v2\/posts\/5437\/revisions"}],"predecessor-version":[{"id":5439,"href":"https:\/\/catholicus.eu\/fr\/wp-json\/wp\/v2\/posts\/5437\/revisions\/5439"}],"wp:featuredmedia":[{"embeddable":true,"href":"https:\/\/catholicus.eu\/fr\/wp-json\/wp\/v2\/media\/5438"}],"wp:attachment":[{"href":"https:\/\/catholicus.eu\/fr\/wp-json\/wp\/v2\/media?parent=5437"}],"wp:term":[{"taxonomy":"category","embeddable":true,"href":"https:\/\/catholicus.eu\/fr\/wp-json\/wp\/v2\/categories?post=5437"},{"taxonomy":"post_tag","embeddable":true,"href":"https:\/\/catholicus.eu\/fr\/wp-json\/wp\/v2\/tags?post=5437"}],"curies":[{"name":"wp","href":"https:\/\/api.w.org\/{rel}","templated":true}]}}