{"id":5399,"date":"2026-03-13T18:03:11","date_gmt":"2026-03-13T17:03:11","guid":{"rendered":"https:\/\/catholicus.eu\/fr\/?p=5399"},"modified":"2026-03-13T18:03:11","modified_gmt":"2026-03-13T17:03:11","slug":"du-martyre-des-macchabees-a-la-croix-le-lien-surprenant-et-oublie-qui-eclaire-la-semaine-sainte","status":"publish","type":"post","link":"https:\/\/catholicus.eu\/fr\/du-martyre-des-macchabees-a-la-croix-le-lien-surprenant-et-oublie-qui-eclaire-la-semaine-sainte\/","title":{"rendered":"Du martyre des Macchab\u00e9es \u00e0 la Croix : le lien surprenant et oubli\u00e9 qui \u00e9claire la Semaine Sainte"},"content":{"rendered":"\n<p>Lorsque <strong>la Semaine Sainte<\/strong> arrive, la plupart des chr\u00e9tiens pensent imm\u00e9diatement aux derniers jours de J\u00e9sus : l\u2019entr\u00e9e \u00e0 J\u00e9rusalem, la Derni\u00e8re C\u00e8ne, la Passion et la R\u00e9surrection. Pourtant, des si\u00e8cles avant que le Christ ne marche vers le Calvaire, une famille juive a v\u00e9cu une histoire qui semble d\u00e9j\u00e0 annoncer le myst\u00e8re de la Croix : <strong>les Macchab\u00e9es<\/strong>.<\/p>\n\n\n\n<p>Le r\u00e9cit racont\u00e9 dans les livres du Premier Livre des Macchab\u00e9es et du Deuxi\u00e8me Livre des Macchab\u00e9es n\u2019est pas seulement une histoire h\u00e9ro\u00efque de r\u00e9sistance religieuse. Pour la tradition catholique, il s\u2019agit <strong>d\u2019une v\u00e9ritable pr\u00e9paration spirituelle pour comprendre le sacrifice du Christ<\/strong>.<\/p>\n\n\n\n<p>\u00c9tonnamment, de nombreux chr\u00e9tiens aujourd\u2019hui ne connaissent pas ce lien. L\u2019une des raisons est historique : ces livres <strong>ont \u00e9t\u00e9 retir\u00e9s du canon biblique par les r\u00e9formateurs protestants au XVI\u1d49 si\u00e8cle<\/strong>, ce qui a fait que des g\u00e9n\u00e9rations enti\u00e8res ont perdu une pi\u00e8ce essentielle pour comprendre la foi.<\/p>\n\n\n\n<p>Aujourd\u2019hui, nous allons red\u00e9couvrir cette relation profonde \u2014<\/p>\n\n\n\n<ul class=\"wp-block-list\">\n<li>historique<\/li>\n\n\n\n<li>th\u00e9ologique<\/li>\n\n\n\n<li>spirituelle<\/li>\n<\/ul>\n\n\n\n<p>\u2014 et voir <strong>comment l\u2019exp\u00e9rience des Macchab\u00e9es \u00e9claire la Semaine Sainte et notre vie chr\u00e9tienne aujourd\u2019hui<\/strong>.<\/p>\n\n\n\n<hr class=\"wp-block-separator has-alpha-channel-opacity\"\/>\n\n\n\n<h1 class=\"wp-block-heading\">1. Une histoire de pers\u00e9cution qui annonce la Croix<\/h1>\n\n\n\n<h2 class=\"wp-block-heading\">Le contexte historique<\/h2>\n\n\n\n<p>Au II\u1d49 si\u00e8cle avant J\u00e9sus-Christ, le peuple d\u2019Isra\u00ebl vivait sous la domination de l\u2019Empire s\u00e9leucide. Le roi Antiochus IV \u00c9piphane tenta d\u2019\u00e9radiquer la foi juive en imposant des pratiques pa\u00efennes et en interdisant la Loi de Dieu.<\/p>\n\n\n\n<p>Furent interdits :<\/p>\n\n\n\n<ul class=\"wp-block-list\">\n<li>la circoncision<\/li>\n\n\n\n<li>le sabbat<\/li>\n\n\n\n<li>la lecture de la Torah<\/li>\n\n\n\n<li>le culte dans le Temple<\/li>\n<\/ul>\n\n\n\n<p>Le Temple de J\u00e9rusalem fut m\u00eame profan\u00e9 par des sacrifices pa\u00efens.<\/p>\n\n\n\n<p>Dans ce contexte apparut une famille sacerdotale dirig\u00e9e par Mattathias l\u2019Hasmon\u00e9en et ses fils, parmi lesquels le c\u00e9l\u00e8bre Judas Maccab\u00e9e.<\/p>\n\n\n\n<p>Ils men\u00e8rent une r\u00e9volte qui n\u2019\u00e9tait pas seulement politique mais <strong>religieuse<\/strong> : d\u00e9fendre la fid\u00e9lit\u00e9 \u00e0 Dieu face \u00e0 l\u2019apostasie.<\/p>\n\n\n\n<p>Mais au-del\u00e0 de la guerre elle-m\u00eame, ce qui marqua profond\u00e9ment la spiritualit\u00e9 juive fut <strong>le t\u00e9moignage des martyrs<\/strong>.<\/p>\n\n\n\n<hr class=\"wp-block-separator has-alpha-channel-opacity\"\/>\n\n\n\n<h1 class=\"wp-block-heading\">2. Le martyre des Macchab\u00e9es : un pr\u00e9lude au Calvaire<\/h1>\n\n\n\n<p>Le chapitre 7 du Deuxi\u00e8me Livre des Macchab\u00e9es raconte l\u2019un des passages les plus impressionnants de la Bible : le martyre d\u2019une m\u00e8re et de ses sept fils pour avoir refus\u00e9 de violer la Loi de Dieu.<\/p>\n\n\n\n<p>Un par un, ils sont tortur\u00e9s et ex\u00e9cut\u00e9s sous les yeux de leur m\u00e8re.<\/p>\n\n\n\n<p>L\u2019un des fils proclame :<\/p>\n\n\n\n<blockquote class=\"wp-block-quote is-layout-flow wp-block-quote-is-layout-flow\">\n<p>\u00ab Toi, criminel, tu nous arraches \u00e0 la vie pr\u00e9sente ; mais le Roi de l\u2019univers nous ressuscitera pour une vie \u00e9ternelle, parce que nous mourons pour ses lois. \u00bb<br>(2 Macchab\u00e9es 7,9)<\/p>\n<\/blockquote>\n\n\n\n<p>Ce passage contient quelque chose d\u2019extraordinaire : <strong>une affirmation claire de la r\u00e9surrection future<\/strong>, des si\u00e8cles avant le Christ.<\/p>\n\n\n\n<p>Ici appara\u00eet une id\u00e9e centrale qui deviendra fondamentale pendant la Semaine Sainte :<\/p>\n\n\n\n<p><strong>la souffrance offerte par fid\u00e9lit\u00e9 \u00e0 Dieu n\u2019est pas une d\u00e9faite, mais un chemin vers la vie.<\/strong><\/p>\n\n\n\n<p>N\u2019est-ce pas exactement ce qui se passe au Calvaire ?<\/p>\n\n\n\n<hr class=\"wp-block-separator has-alpha-channel-opacity\"\/>\n\n\n\n<h1 class=\"wp-block-heading\">3. Les Macchab\u00e9es pr\u00e9parent le c\u0153ur \u00e0 comprendre le Christ<\/h1>\n\n\n\n<p>Lorsque J\u00e9sus arrive \u00e0 J\u00e9rusalem dans l\u2019\u00c9vangile selon saint Matthieu, le peuple juif poss\u00e8de d\u00e9j\u00e0 une longue m\u00e9moire spirituelle marqu\u00e9e par :<\/p>\n\n\n\n<ul class=\"wp-block-list\">\n<li>des pers\u00e9cutions<\/li>\n\n\n\n<li>des martyrs<\/li>\n\n\n\n<li>la fid\u00e9lit\u00e9 \u00e0 la Loi<\/li>\n\n\n\n<li>l\u2019esp\u00e9rance de la r\u00e9surrection<\/li>\n<\/ul>\n\n\n\n<p>Les Macchab\u00e9es ont contribu\u00e9 \u00e0 former cet \u00e9tat d\u2019esprit.<\/p>\n\n\n\n<p>C\u2019est pourquoi les premiers chr\u00e9tiens ont vu en eux <strong>une pr\u00e9figuration du sacrifice du Christ<\/strong>.<\/p>\n\n\n\n<h3 class=\"wp-block-heading\">Trois parall\u00e8les frappants<\/h3>\n\n\n\n<p><strong>1. Fid\u00e9lit\u00e9 jusqu\u2019\u00e0 la mort<\/strong><\/p>\n\n\n\n<p>Les Macchab\u00e9es meurent plut\u00f4t que de trahir la Loi.<br>Le Christ meurt plut\u00f4t que de renoncer \u00e0 la mission du P\u00e8re.<\/p>\n\n\n\n<p><strong>2. La souffrance r\u00e9demptrice<\/strong><\/p>\n\n\n\n<p>Les martyrs offrent leur vie pour le peuple.<br>Le Christ offre sa vie <strong>pour toute l\u2019humanit\u00e9<\/strong>.<\/p>\n\n\n\n<p><strong>3. L\u2019esp\u00e9rance de la r\u00e9surrection<\/strong><\/p>\n\n\n\n<p>Les Macchab\u00e9es proclament que Dieu rendra la vie.<br>Le Christ <strong>vainc r\u00e9ellement la mort dans la R\u00e9surrection<\/strong>.<\/p>\n\n\n\n<p>L\u2019histoire des Macchab\u00e9es est comme <strong>une proph\u00e9tie v\u00e9cue<\/strong> du myst\u00e8re pascal.<\/p>\n\n\n\n<hr class=\"wp-block-separator has-alpha-channel-opacity\"\/>\n\n\n\n<h1 class=\"wp-block-heading\">4. L\u2019un des fondements bibliques de la pri\u00e8re pour les d\u00e9funts<\/h1>\n\n\n\n<p>Il existe un autre passage cl\u00e9 qui se relie directement \u00e0 la spiritualit\u00e9 catholique.<\/p>\n\n\n\n<p>Au chapitre 12 du Deuxi\u00e8me Livre des Macchab\u00e9es, Judas Maccab\u00e9e ordonne d\u2019offrir des sacrifices pour des soldats morts afin que leurs p\u00e9ch\u00e9s soient pardonn\u00e9s.<\/p>\n\n\n\n<p>Le texte dit :<\/p>\n\n\n\n<blockquote class=\"wp-block-quote is-layout-flow wp-block-quote-is-layout-flow\">\n<p>\u00ab C\u2019est pourquoi il fit faire ce sacrifice expiatoire pour les morts, afin qu\u2019ils soient d\u00e9livr\u00e9s de leur p\u00e9ch\u00e9. \u00bb<br>(2 Macchab\u00e9es 12,46)<\/p>\n<\/blockquote>\n\n\n\n<p>Ce verset est fondamental car il soutient des pratiques qui demeurent vivantes dans l\u2019\u00c9glise aujourd\u2019hui :<\/p>\n\n\n\n<ul class=\"wp-block-list\">\n<li>prier pour les morts<\/li>\n\n\n\n<li>offrir des messes pour les \u00e2mes des d\u00e9funts<\/li>\n\n\n\n<li>la doctrine du purgatoire<\/li>\n<\/ul>\n\n\n\n<p>Pendant <strong>la Semaine Sainte<\/strong>, en particulier le Vendredi Saint, les chr\u00e9tiens prient pour toute l\u2019humanit\u00e9 rachet\u00e9e par la Croix du Christ. Cette sensibilit\u00e9 spirituelle <strong>\u00e9tait d\u00e9j\u00e0 pr\u00e9sente chez les Macchab\u00e9es<\/strong>.<\/p>\n\n\n\n<hr class=\"wp-block-separator has-alpha-channel-opacity\"\/>\n\n\n\n<h1 class=\"wp-block-heading\">5. Pourquoi les protestants ont-ils retir\u00e9 les Macchab\u00e9es de la Bible ?<\/h1>\n\n\n\n<p>Ce point suscite souvent de nombreuses questions.<\/p>\n\n\n\n<p>Pendant la R\u00e9forme du XVI\u1d49 si\u00e8cle, Martin Luther d\u00e9cida de retirer plusieurs livres de l\u2019Ancien Testament qui figuraient dans la Bible chr\u00e9tienne depuis les premiers si\u00e8cles.<\/p>\n\n\n\n<p>Parmi eux :<\/p>\n\n\n\n<ul class=\"wp-block-list\">\n<li>Tobie<\/li>\n\n\n\n<li>Judith<\/li>\n\n\n\n<li>Sagesse<\/li>\n\n\n\n<li>Siracide (Eccl\u00e9siastique)<\/li>\n\n\n\n<li>Baruch<\/li>\n\n\n\n<li><strong>1 et 2 Macchab\u00e9es<\/strong><\/li>\n<\/ul>\n\n\n\n<p>Ces livres sont aujourd\u2019hui appel\u00e9s <strong>les livres deut\u00e9rocanoniques<\/strong>.<\/p>\n\n\n\n<h3 class=\"wp-block-heading\">Pourquoi ont-ils \u00e9t\u00e9 retir\u00e9s ?<\/h3>\n\n\n\n<p>Principalement pour trois raisons.<\/p>\n\n\n\n<p><strong>1. Ils ne faisaient pas partie du canon h\u00e9breu tardif<\/strong><\/p>\n\n\n\n<p>Les rabbins juifs du premier si\u00e8cle (apr\u00e8s la destruction du Temple) ont fix\u00e9 un canon plus restreint en h\u00e9breu. Luther a choisi de suivre ce canon.<\/p>\n\n\n\n<p>Cependant, les chr\u00e9tiens utilisaient d\u00e8s le d\u00e9but <strong>la Bible grecque appel\u00e9e Septante<\/strong>, qui incluait ces livres.<\/p>\n\n\n\n<p><strong>2. Des d\u00e9saccords th\u00e9ologiques<\/strong><\/p>\n\n\n\n<p>Certains passages soutiennent des doctrines catholiques que Luther rejetait :<\/p>\n\n\n\n<ul class=\"wp-block-list\">\n<li>la pri\u00e8re pour les morts<\/li>\n\n\n\n<li>le m\u00e9rite des bonnes \u0153uvres<\/li>\n\n\n\n<li>l\u2019intercession<\/li>\n<\/ul>\n\n\n\n<p>En particulier, <strong>2 Macchab\u00e9es 12<\/strong> entrait en conflit avec sa th\u00e9ologie.<\/p>\n\n\n\n<p><strong>3. Tradition contre interpr\u00e9tation<\/strong><\/p>\n\n\n\n<p>L\u2019\u00c9glise catholique a officiellement confirm\u00e9 ces livres comme inspir\u00e9s au Concile de Trente en 1546, r\u00e9affirmant une tradition qui existait depuis les premiers si\u00e8cles du christianisme.<\/p>\n\n\n\n<hr class=\"wp-block-separator has-alpha-channel-opacity\"\/>\n\n\n\n<h1 class=\"wp-block-heading\">6. Le message spirituel des Macchab\u00e9es pour les chr\u00e9tiens d\u2019aujourd\u2019hui<\/h1>\n\n\n\n<p>Au-del\u00e0 du d\u00e9bat historique, le message des Macchab\u00e9es est profond\u00e9ment actuel.<\/p>\n\n\n\n<p>Nous vivons dans une culture qui pousse souvent les chr\u00e9tiens \u00e0 :<\/p>\n\n\n\n<ul class=\"wp-block-list\">\n<li>relativiser leur foi<\/li>\n\n\n\n<li>cacher leurs convictions religieuses<\/li>\n\n\n\n<li>s\u2019adapter \u00e0 des valeurs contraires \u00e0 l\u2019\u00c9vangile<\/li>\n<\/ul>\n\n\n\n<p>L\u2019histoire des Macchab\u00e9es nous rappelle quelque chose d\u2019essentiel :<\/p>\n\n\n\n<p><strong>la fid\u00e9lit\u00e9 \u00e0 Dieu a toujours un prix.<\/strong><\/p>\n\n\n\n<p>J\u00e9sus lui-m\u00eame l\u2019a dit :<\/p>\n\n\n\n<blockquote class=\"wp-block-quote is-layout-flow wp-block-quote-is-layout-flow\">\n<p>\u00ab Si quelqu\u2019un veut venir \u00e0 ma suite, qu\u2019il renonce \u00e0 lui-m\u00eame, qu\u2019il prenne sa croix et qu\u2019il me suive. \u00bb<br>(Matthieu 16,24)<\/p>\n<\/blockquote>\n\n\n\n<p>Les Macchab\u00e9es ont pris leur croix avant m\u00eame que la Croix n\u2019existe comme symbole chr\u00e9tien.<\/p>\n\n\n\n<hr class=\"wp-block-separator has-alpha-channel-opacity\"\/>\n\n\n\n<h1 class=\"wp-block-heading\">7. Comment vivre l\u2019esprit des Macchab\u00e9es pendant la Semaine Sainte<\/h1>\n\n\n\n<p>Le lien avec la Semaine Sainte n\u2019est pas seulement historique ; il est profond\u00e9ment spirituel.<\/p>\n\n\n\n<p>Voici quelques mani\u00e8res concr\u00e8tes de le vivre.<\/p>\n\n\n\n<h3 class=\"wp-block-heading\">1. Red\u00e9couvrir la valeur du sacrifice<\/h3>\n\n\n\n<p>Le monde moderne fuit la souffrance, mais la foi chr\u00e9tienne la transforme en amour offert \u00e0 Dieu.<\/p>\n\n\n\n<p>Les petits sacrifices quotidiens peuvent devenir une pri\u00e8re.<\/p>\n\n\n\n<hr class=\"wp-block-separator has-alpha-channel-opacity\"\/>\n\n\n\n<h3 class=\"wp-block-heading\">2. D\u00e9fendre la foi avec courage<\/h3>\n\n\n\n<p>Les Macchab\u00e9es nous enseignent que la foi n\u2019est pas seulement quelque chose de priv\u00e9.<\/p>\n\n\n\n<p>Parfois, elle signifie aller \u00e0 contre-courant de la culture.<\/p>\n\n\n\n<hr class=\"wp-block-separator has-alpha-channel-opacity\"\/>\n\n\n\n<h3 class=\"wp-block-heading\">3. Vivre avec l\u2019esp\u00e9rance de la r\u00e9surrection<\/h3>\n\n\n\n<p>La Semaine Sainte ne se termine pas le Vendredi Saint.<\/p>\n\n\n\n<p>Elle se termine avec <strong>P\u00e2ques<\/strong>.<\/p>\n\n\n\n<p>Les Macchab\u00e9es pressentaient d\u00e9j\u00e0 cette esp\u00e9rance des si\u00e8cles auparavant.<\/p>\n\n\n\n<hr class=\"wp-block-separator has-alpha-channel-opacity\"\/>\n\n\n\n<h1 class=\"wp-block-heading\">8. Une histoire qui pr\u00e9pare le c\u0153ur pour le Christ<\/h1>\n\n\n\n<p>L\u2019histoire des Macchab\u00e9es nous rappelle que <strong>Dieu pr\u00e9pare l\u2019histoire des si\u00e8cles \u00e0 l\u2019avance<\/strong>.<\/p>\n\n\n\n<p>Avant que J\u00e9sus ne meure sur la Croix :<\/p>\n\n\n\n<ul class=\"wp-block-list\">\n<li>il y eut des martyrs qui offrirent leur vie<\/li>\n\n\n\n<li>il y eut des croyants qui esp\u00e9raient la r\u00e9surrection<\/li>\n\n\n\n<li>il y eut des hommes et des femmes qui choisirent Dieu plut\u00f4t que le confort<\/li>\n<\/ul>\n\n\n\n<p>Ainsi, lorsque nous contemplons le Calvaire pendant la Semaine Sainte, nous pouvons comprendre quelque chose de plus profond :<\/p>\n\n\n\n<p>La Croix n\u2019est pas apparue soudainement dans l\u2019histoire.<\/p>\n\n\n\n<p>Elle a \u00e9t\u00e9 <strong>l\u2019accomplissement d\u2019une longue p\u00e9dagogie divine<\/strong>.<\/p>\n\n\n\n<p>Les Macchab\u00e9es repr\u00e9sentent l\u2019une des pages les plus h\u00e9ro\u00efques de cette pr\u00e9paration.<\/p>\n\n\n\n<hr class=\"wp-block-separator has-alpha-channel-opacity\"\/>\n\n\n\n<h1 class=\"wp-block-heading\">Conclusion : l\u2019\u00e9cho macchab\u00e9en dans chaque chr\u00e9tien<\/h1>\n\n\n\n<p>Chaque fois qu\u2019un chr\u00e9tien reste fid\u00e8le au milieu des difficult\u00e9s, l\u2019esprit des Macchab\u00e9es continue de vivre.<\/p>\n\n\n\n<p>Chaque fois que quelqu\u2019un offre sa souffrance uni au Christ, le myst\u00e8re de la Croix devient \u00e0 nouveau pr\u00e9sent.<\/p>\n\n\n\n<p>Et chaque fois que nous c\u00e9l\u00e9brons la <strong>R\u00e9surrection<\/strong>, nous nous souvenons de l\u2019esp\u00e9rance proclam\u00e9e par un jeune martyr des si\u00e8cles avant J\u00e9sus :<\/p>\n\n\n\n<blockquote class=\"wp-block-quote is-layout-flow wp-block-quote-is-layout-flow\">\n<p>\u00ab Le Roi de l\u2019univers nous ressuscitera pour une vie \u00e9ternelle. \u00bb<\/p>\n<\/blockquote>\n\n\n\n<p>L\u2019histoire des Macchab\u00e9es n\u2019est pas seulement une histoire ancienne.<\/p>\n\n\n\n<p>C\u2019est <strong>un appel vivant \u00e0 embrasser une foi courageuse, profonde et v\u00e9ritablement pascale<\/strong>.<\/p>\n","protected":false},"excerpt":{"rendered":"<p>Lorsque la Semaine Sainte arrive, la plupart des chr\u00e9tiens pensent imm\u00e9diatement aux derniers jours de J\u00e9sus : l\u2019entr\u00e9e \u00e0 J\u00e9rusalem, la Derni\u00e8re C\u00e8ne, la Passion et la R\u00e9surrection. Pourtant, des si\u00e8cles avant que le Christ ne marche vers le Calvaire, une famille juive a v\u00e9cu une histoire qui semble d\u00e9j\u00e0 annoncer le myst\u00e8re de la &hellip;<\/p>\n","protected":false},"author":3,"featured_media":5400,"comment_status":"open","ping_status":"closed","sticky":false,"template":"","format":"standard","meta":{"_seopress_robots_primary_cat":"","_seopress_titles_title":"","_seopress_titles_desc":"","_seopress_robots_index":"","footnotes":""},"categories":[37,45],"tags":[1764],"class_list":["post-5399","post","type-post","status-publish","format-standard","has-post-thumbnail","","category-doctrine-et-foi","category-saintes-ecritures","tag-macchabees"],"_links":{"self":[{"href":"https:\/\/catholicus.eu\/fr\/wp-json\/wp\/v2\/posts\/5399","targetHints":{"allow":["GET"]}}],"collection":[{"href":"https:\/\/catholicus.eu\/fr\/wp-json\/wp\/v2\/posts"}],"about":[{"href":"https:\/\/catholicus.eu\/fr\/wp-json\/wp\/v2\/types\/post"}],"author":[{"embeddable":true,"href":"https:\/\/catholicus.eu\/fr\/wp-json\/wp\/v2\/users\/3"}],"replies":[{"embeddable":true,"href":"https:\/\/catholicus.eu\/fr\/wp-json\/wp\/v2\/comments?post=5399"}],"version-history":[{"count":1,"href":"https:\/\/catholicus.eu\/fr\/wp-json\/wp\/v2\/posts\/5399\/revisions"}],"predecessor-version":[{"id":5401,"href":"https:\/\/catholicus.eu\/fr\/wp-json\/wp\/v2\/posts\/5399\/revisions\/5401"}],"wp:featuredmedia":[{"embeddable":true,"href":"https:\/\/catholicus.eu\/fr\/wp-json\/wp\/v2\/media\/5400"}],"wp:attachment":[{"href":"https:\/\/catholicus.eu\/fr\/wp-json\/wp\/v2\/media?parent=5399"}],"wp:term":[{"taxonomy":"category","embeddable":true,"href":"https:\/\/catholicus.eu\/fr\/wp-json\/wp\/v2\/categories?post=5399"},{"taxonomy":"post_tag","embeddable":true,"href":"https:\/\/catholicus.eu\/fr\/wp-json\/wp\/v2\/tags?post=5399"}],"curies":[{"name":"wp","href":"https:\/\/api.w.org\/{rel}","templated":true}]}}