{"id":5390,"date":"2026-03-12T22:46:21","date_gmt":"2026-03-12T21:46:21","guid":{"rendered":"https:\/\/catholicus.eu\/fr\/?p=5390"},"modified":"2026-03-12T22:46:21","modified_gmt":"2026-03-12T21:46:21","slug":"comment-les-monasteres-ont-sauve-la-civilisation-europeenne","status":"publish","type":"post","link":"https:\/\/catholicus.eu\/fr\/comment-les-monasteres-ont-sauve-la-civilisation-europeenne\/","title":{"rendered":"Comment les monast\u00e8res ont sauv\u00e9 la civilisation europ\u00e9enne"},"content":{"rendered":"\n<h2 class=\"wp-block-heading\">Une histoire de foi, de culture et d\u2019esp\u00e9rance pour notre temps<\/h2>\n\n\n\n<p>Lorsque nous parcourons aujourd\u2019hui l\u2019Europe \u2014 d\u2019une petite \u00e9glise rurale \u00e0 une grande cath\u00e9drale \u2014 nous pensons rarement que notre civilisation a surv\u00e9cu en grande partie gr\u00e2ce \u00e0 des communaut\u00e9s d\u2019hommes et de femmes qui ont choisi le silence, la pri\u00e8re et le travail humble.<\/p>\n\n\n\n<p>Pourtant, pendant des si\u00e8cles de crise apr\u00e8s la chute de l\u2019Empire romain, ce sont pr\u00e9cis\u00e9ment les monast\u00e8res chr\u00e9tiens qui ont pr\u00e9serv\u00e9 la foi, la culture, le savoir et m\u00eame les bases de la vie sociale europ\u00e9enne. Au milieu du chaos, les moines ont construit des oasis de pri\u00e8re et de sagesse qui ont fini par fa\u00e7onner la civilisation occidentale.<\/p>\n\n\n\n<p>L\u2019histoire des monast\u00e8res n\u2019est pas seulement une curiosit\u00e9 m\u00e9di\u00e9vale. C\u2019est une le\u00e7on spirituelle profond\u00e9ment actuelle : lorsque le monde semble s\u2019effondrer, Dieu agit souvent \u00e0 travers de petites communaut\u00e9s fid\u00e8les.<\/p>\n\n\n\n<p>Cet article explore cette histoire dans une perspective <strong>historique, th\u00e9ologique et pastorale<\/strong>, et nous invite \u00e0 nous poser une question importante :<br>Que pouvons-nous apprendre aujourd\u2019hui de l\u2019esprit monastique ?<\/p>\n\n\n\n<hr class=\"wp-block-separator has-alpha-channel-opacity\"\/>\n\n\n\n<h1 class=\"wp-block-heading\">1. L\u2019Europe apr\u00e8s Rome : un monde au bord de l\u2019effondrement<\/h1>\n\n\n\n<p>Au Ve si\u00e8cle, l\u2019Empire romain d\u2019Occident s\u2019est effondr\u00e9 sous le poids des invasions, des crises politiques et de la d\u00e9cadence interne. Les villes se sont d\u00e9peupl\u00e9es, les r\u00e9seaux commerciaux ont disparu et l\u2019\u00e9ducation a pratiquement disparu dans de nombreuses r\u00e9gions.<\/p>\n\n\n\n<p>Dans ce contexte, <strong>l\u2019\u00c9glise est rest\u00e9e la seule institution stable qui ait surv\u00e9cu \u00e0 l\u2019effondrement du monde romain<\/strong>.<\/p>\n\n\n\n<p>Parmi toutes les institutions de l\u2019\u00c9glise, les monast\u00e8res sont devenus de v\u00e9ritables centres de reconstruction culturelle et spirituelle.<\/p>\n\n\n\n<p>\u00c0 l\u2019int\u00e9rieur de leurs murs, quelque chose d\u2019extraordinaire se produisait.<\/p>\n\n\n\n<p>Alors qu\u2019\u00e0 l\u2019ext\u00e9rieur r\u00e9gnaient les guerres et les migrations, \u00e0 l\u2019int\u00e9rieur des monast\u00e8res on priait les psaumes, on copiait des livres et on cultivait les champs.<\/p>\n\n\n\n<p>Les moines n\u2019essayaient pas de sauver la civilisation.<br>Ils voulaient simplement <strong>chercher Dieu<\/strong>.<\/p>\n\n\n\n<p>Et pr\u00e9cis\u00e9ment pour cette raison, ils ont fini par la sauver.<\/p>\n\n\n\n<hr class=\"wp-block-separator has-alpha-channel-opacity\"\/>\n\n\n\n<h1 class=\"wp-block-heading\">2. La naissance du monachisme : chercher Dieu par-dessus tout<\/h1>\n\n\n\n<p>Le monachisme chr\u00e9tien est n\u00e9 bien avant le Moyen \u00c2ge. Ses racines remontent aux premiers si\u00e8cles du christianisme.<\/p>\n\n\n\n<p>De nombreux croyants d\u00e9siraient vivre l\u2019\u00c9vangile de mani\u00e8re radicale, en imitant le Christ dans la pauvret\u00e9, la chastet\u00e9 et l\u2019ob\u00e9issance. Certains se sont retir\u00e9s dans le d\u00e9sert pour consacrer leur vie \u00e0 la pri\u00e8re.<\/p>\n\n\n\n<p>L\u2019une des figures les plus influentes fut <strong>saint Beno\u00eet de Nursie<\/strong>, consid\u00e9r\u00e9 comme le p\u00e8re du monachisme occidental.<\/p>\n\n\n\n<p>Sa c\u00e9l\u00e8bre r\u00e8gle de vie proposait un \u00e9quilibre qui allait marquer l\u2019histoire de l\u2019Europe :<\/p>\n\n\n\n<p><strong>\u00ab Ora et labora \u00bb<\/strong><br>(\u00ab Prie et travaille \u00bb).<\/p>\n\n\n\n<p>La R\u00e8gle b\u00e9n\u00e9dictine organisait la vie quotidienne autour de :<\/p>\n\n\n\n<ul class=\"wp-block-list\">\n<li>la pri\u00e8re liturgique<\/li>\n\n\n\n<li>le travail manuel<\/li>\n\n\n\n<li>la lecture spirituelle<\/li>\n\n\n\n<li>la vie communautaire<\/li>\n<\/ul>\n\n\n\n<p>Cette structure s\u2019est r\u00e9pandue dans toute l\u2019Europe et est devenue le mod\u00e8le de la vie monastique pendant des si\u00e8cles.<\/p>\n\n\n\n<p>Mais le plus important n\u2019\u00e9tait pas l\u2019organisation.<\/p>\n\n\n\n<p>C\u2019\u00e9tait l\u2019objectif spirituel :<br><strong>chercher Dieu par-dessus tout<\/strong>.<\/p>\n\n\n\n<hr class=\"wp-block-separator has-alpha-channel-opacity\"\/>\n\n\n\n<h1 class=\"wp-block-heading\">3. Les monast\u00e8res comme gardiens de la culture<\/h1>\n\n\n\n<p>L\u2019une des contributions les plus extraordinaires des monast\u00e8res fut la <strong>pr\u00e9servation du savoir<\/strong>.<\/p>\n\n\n\n<p>Dans les monast\u00e8res, il existait des salles sp\u00e9ciales appel\u00e9es <strong>scriptoria<\/strong>, o\u00f9 les moines copiaient les manuscrits \u00e0 la main.<\/p>\n\n\n\n<p>Ils copiaient :<\/p>\n\n\n\n<ul class=\"wp-block-list\">\n<li>la Bible<\/li>\n\n\n\n<li>les \u00e9crits des P\u00e8res de l\u2019\u00c9glise<\/li>\n\n\n\n<li>les \u0153uvres de la philosophie grecque<\/li>\n\n\n\n<li>les trait\u00e9s scientifiques romains<\/li>\n\n\n\n<li>les textes historiques<\/li>\n<\/ul>\n\n\n\n<p>Si nous connaissons encore aujourd\u2019hui des auteurs comme Cic\u00e9ron, Virgile ou Aristote, c\u2019est en grande partie gr\u00e2ce \u00e0 ce travail silencieux.<\/p>\n\n\n\n<p>Un exemple c\u00e9l\u00e8bre fut l\u2019<strong>abbaye du Mont-Cassin<\/strong>, fond\u00e9e par saint Beno\u00eet.<\/p>\n\n\n\n<p>Sa biblioth\u00e8que en est venue \u00e0 rassembler des \u0153uvres de m\u00e9decine, de science et de litt\u00e9rature provenant de nombreuses civilisations, que les moines traduisaient et copiaient afin de les transmettre aux g\u00e9n\u00e9rations futures.<\/p>\n\n\n\n<p>Alors que l\u2019Europe br\u00fblait, les monast\u00e8res <strong>pr\u00e9servaient la m\u00e9moire du monde antique<\/strong>.<\/p>\n\n\n\n<hr class=\"wp-block-separator has-alpha-channel-opacity\"\/>\n\n\n\n<h1 class=\"wp-block-heading\">4. Les moines qui ont \u00e9vang\u00e9lis\u00e9 l\u2019Europe<\/h1>\n\n\n\n<p>Mais les monast\u00e8res ne faisaient pas que copier des livres.<\/p>\n\n\n\n<p>Ils \u00e9vang\u00e9lisaient aussi.<\/p>\n\n\n\n<p>D\u2019Irlande et de Grande-Bretagne est n\u00e9 un extraordinaire mouvement missionnaire connu sous le nom de <strong>mission hiberno-\u00e9cossaise<\/strong>.<\/p>\n\n\n\n<p>Des moines irlandais ont parcouru l\u2019Europe en fondant des monast\u00e8res et en apportant l\u2019\u00c9vangile aux peuples germaniques et celtes.<\/p>\n\n\n\n<p>Ces monast\u00e8res sont devenus :<\/p>\n\n\n\n<ul class=\"wp-block-list\">\n<li>des centres d\u2019\u00e9vang\u00e9lisation<\/li>\n\n\n\n<li>des \u00e9coles d\u2019enseignement<\/li>\n\n\n\n<li>des h\u00f4pitaux<\/li>\n\n\n\n<li>des refuges pour les voyageurs<\/li>\n<\/ul>\n\n\n\n<p>On pourrait dire que <strong>les monast\u00e8res furent les premi\u00e8res universit\u00e9s, les premiers h\u00f4pitaux et les premiers centres sociaux de l\u2019Europe<\/strong>.<\/p>\n\n\n\n<hr class=\"wp-block-separator has-alpha-channel-opacity\"\/>\n\n\n\n<h1 class=\"wp-block-heading\">5. Les monast\u00e8res ont transform\u00e9 la vie quotidienne<\/h1>\n\n\n\n<p>L\u2019influence des monast\u00e8res allait bien au-del\u00e0 de la religion.<\/p>\n\n\n\n<p>Ils ont aussi influenc\u00e9 :<\/p>\n\n\n\n<h3 class=\"wp-block-heading\">L\u2019agriculture<\/h3>\n\n\n\n<p>Les moines ont r\u00e9cup\u00e9r\u00e9 des terres abandonn\u00e9es, introduit de nouvelles techniques agricoles et organis\u00e9 le travail rural.<\/p>\n\n\n\n<h3 class=\"wp-block-heading\">La technologie<\/h3>\n\n\n\n<p>De nombreuses avanc\u00e9es dans les moulins, les syst\u00e8mes d\u2019irrigation et la production agricole sont apparues dans des environnements monastiques.<\/p>\n\n\n\n<h3 class=\"wp-block-heading\">La m\u00e9decine<\/h3>\n\n\n\n<p>Dans les monast\u00e8res, on copiait des trait\u00e9s m\u00e9dicaux et on soignait les malades.<\/p>\n\n\n\n<h3 class=\"wp-block-heading\">L\u2019\u00e9conomie locale<\/h3>\n\n\n\n<p>Les monast\u00e8res ont cr\u00e9\u00e9 des r\u00e9seaux d\u2019hospitalit\u00e9 et de commerce.<\/p>\n\n\n\n<p>Pour cette raison, certains historiens d\u00e9crivent les monast\u00e8res m\u00e9di\u00e9vaux comme des <strong>\u00ab microcosmes de la chr\u00e9tient\u00e9 \u00bb<\/strong>, de petits mod\u00e8les de soci\u00e9t\u00e9 chr\u00e9tienne.<\/p>\n\n\n\n<hr class=\"wp-block-separator has-alpha-channel-opacity\"\/>\n\n\n\n<h1 class=\"wp-block-heading\">6. La vision th\u00e9ologique derri\u00e8re les monast\u00e8res<\/h1>\n\n\n\n<p>Du point de vue th\u00e9ologique, le monachisme n\u2019\u00e9tait pas simplement une organisation sociale.<\/p>\n\n\n\n<p>C\u2019\u00e9tait une <strong>r\u00e9ponse radicale \u00e0 l\u2019\u00c9vangile<\/strong>.<\/p>\n\n\n\n<p>J\u00e9sus avait dit :<\/p>\n\n\n\n<blockquote class=\"wp-block-quote is-layout-flow wp-block-quote-is-layout-flow\">\n<p>\u00ab Cherchez d\u2019abord le Royaume de Dieu et sa justice. \u00bb<br>(Matthieu 6,33)<\/p>\n<\/blockquote>\n\n\n\n<p>Les moines ont pris ce commandement au pied de la lettre.<\/p>\n\n\n\n<p>Leur vie \u00e9tait orient\u00e9e vers :<\/p>\n\n\n\n<ul class=\"wp-block-list\">\n<li>la pri\u00e8re continuelle<\/li>\n\n\n\n<li>la conversion du c\u0153ur<\/li>\n\n\n\n<li>la vie communautaire<\/li>\n\n\n\n<li>l\u2019ob\u00e9issance \u00e0 Dieu<\/li>\n<\/ul>\n\n\n\n<p>La th\u00e9ologie monastique voyait le monast\u00e8re comme un <strong>avant-go\u00fbt du ciel<\/strong>.<\/p>\n\n\n\n<p>Un lieu o\u00f9 la vie est enti\u00e8rement ordonn\u00e9e vers Dieu.<\/p>\n\n\n\n<hr class=\"wp-block-separator has-alpha-channel-opacity\"\/>\n\n\n\n<h1 class=\"wp-block-heading\">7. Le monast\u00e8re comme \u00e9cole de saintet\u00e9<\/h1>\n\n\n\n<p>Les monast\u00e8res furent aussi <strong>des \u00e9coles de vertus<\/strong>.<\/p>\n\n\n\n<p>Dans la R\u00e8gle de saint Beno\u00eet, on cultivait des vertus fondamentales :<\/p>\n\n\n\n<ul class=\"wp-block-list\">\n<li>l\u2019humilit\u00e9<\/li>\n\n\n\n<li>l\u2019ob\u00e9issance<\/li>\n\n\n\n<li>le silence<\/li>\n\n\n\n<li>l\u2019hospitalit\u00e9<\/li>\n\n\n\n<li>la discipline int\u00e9rieure<\/li>\n<\/ul>\n\n\n\n<p>Ces vertus n\u2019\u00e9taient pas destin\u00e9es uniquement aux moines.<\/p>\n\n\n\n<p>Avec le temps, elles sont devenues des id\u00e9aux qui ont fa\u00e7onn\u00e9 la culture chr\u00e9tienne europ\u00e9enne.<\/p>\n\n\n\n<p>M\u00eame aujourd\u2019hui, de nombreux principes du leadership moderne s\u2019inspirent de l\u2019organisation monastique.<\/p>\n\n\n\n<hr class=\"wp-block-separator has-alpha-channel-opacity\"\/>\n\n\n\n<h1 class=\"wp-block-heading\">8. Pourquoi peut-on dire que les monast\u00e8res ont sauv\u00e9 l\u2019Europe ?<\/h1>\n\n\n\n<p>Les historiens et les th\u00e9ologiens s\u2019accordent \u00e0 dire que les monast\u00e8res ont jou\u00e9 un r\u00f4le d\u00e9cisif dans la reconstruction de l\u2019Europe apr\u00e8s l\u2019effondrement de Rome.<\/p>\n\n\n\n<p>Ils l\u2019ont fait de plusieurs mani\u00e8res :<\/p>\n\n\n\n<h3 class=\"wp-block-heading\">1. Ils ont pr\u00e9serv\u00e9 le savoir antique<\/h3>\n\n\n\n<p>En copiant des manuscrits pendant des si\u00e8cles.<\/p>\n\n\n\n<h3 class=\"wp-block-heading\">2. Ils ont \u00e9vang\u00e9lis\u00e9 le continent<\/h3>\n\n\n\n<p>Gr\u00e2ce \u00e0 des r\u00e9seaux missionnaires.<\/p>\n\n\n\n<h3 class=\"wp-block-heading\">3. Ils ont stabilis\u00e9 la soci\u00e9t\u00e9<\/h3>\n\n\n\n<p>En cr\u00e9ant des communaut\u00e9s organis\u00e9es.<\/p>\n\n\n\n<h3 class=\"wp-block-heading\">4. Ils ont d\u00e9velopp\u00e9 l\u2019\u00e9conomie rurale<\/h3>\n\n\n\n<p>Gr\u00e2ce \u00e0 l\u2019agriculture et \u00e0 la technologie.<\/p>\n\n\n\n<h3 class=\"wp-block-heading\">5. Ils ont maintenu vivante la foi chr\u00e9tienne<\/h3>\n\n\n\n<p>Comme c\u0153ur spirituel de l\u2019Europe.<\/p>\n\n\n\n<p>Pour cette raison, certains historiens parlent de <strong>\u00ab si\u00e8cles monastiques \u00bb<\/strong>, lorsque la vie monastique a profond\u00e9ment fa\u00e7onn\u00e9 la soci\u00e9t\u00e9 europ\u00e9enne.<\/p>\n\n\n\n<hr class=\"wp-block-separator has-alpha-channel-opacity\"\/>\n\n\n\n<h1 class=\"wp-block-heading\">9. La le\u00e7on spirituelle pour notre temps<\/h1>\n\n\n\n<p>Aujourd\u2019hui, nous vivons nous aussi une p\u00e9riode de crise culturelle.<\/p>\n\n\n\n<p>Beaucoup ont le sentiment que la foi s\u2019affaiblit, que la culture perd ses racines et que la soci\u00e9t\u00e9 traverse une p\u00e9riode d\u2019incertitude.<\/p>\n\n\n\n<p>\u00c0 bien des \u00e9gards, notre \u00e9poque ressemble au Ve si\u00e8cle.<\/p>\n\n\n\n<p>Et qu\u2019ont fait les chr\u00e9tiens \u00e0 cette \u00e9poque ?<\/p>\n\n\n\n<p>Ils n\u2019ont pas essay\u00e9 de dominer le monde.<\/p>\n\n\n\n<p><strong>Ils ont construit des communaut\u00e9s fid\u00e8les.<\/strong><\/p>\n\n\n\n<p>Des familles chr\u00e9tiennes.<br>Des monast\u00e8res.<br>Des paroisses vivantes.<\/p>\n\n\n\n<p>De ces petits centres de foi est n\u00e9e une nouvelle civilisation.<\/p>\n\n\n\n<hr class=\"wp-block-separator has-alpha-channel-opacity\"\/>\n\n\n\n<h1 class=\"wp-block-heading\">10. Comment vivre aujourd\u2019hui l\u2019esprit monastique<\/h1>\n\n\n\n<p>M\u00eame si nous ne sommes pas moines, nous pouvons appliquer la sagesse monastique dans notre vie quotidienne.<\/p>\n\n\n\n<h3 class=\"wp-block-heading\">1. Retrouver le silence<\/h3>\n\n\n\n<p>Nous vivons entour\u00e9s de bruit num\u00e9rique.<\/p>\n\n\n\n<p>Les moines nous rappellent que <strong>le silence est n\u00e9cessaire pour entendre Dieu<\/strong>.<\/p>\n\n\n\n<h3 class=\"wp-block-heading\">2. \u00c9tablir un rythme de pri\u00e8re<\/h3>\n\n\n\n<p>Les moines priaient plusieurs fois par jour.<\/p>\n\n\n\n<p>Nous pouvons commencer par :<\/p>\n\n\n\n<ul class=\"wp-block-list\">\n<li>une pri\u00e8re le matin<\/li>\n\n\n\n<li>une br\u00e8ve pause spirituelle \u00e0 midi<\/li>\n\n\n\n<li>un examen de conscience le soir<\/li>\n<\/ul>\n\n\n\n<h3 class=\"wp-block-heading\">3. Sanctifier le travail<\/h3>\n\n\n\n<p>Pour les moines, le travail n\u2019\u00e9tait pas seulement \u00e9conomique.<\/p>\n\n\n\n<p>C\u2019\u00e9tait une pri\u00e8re.<\/p>\n\n\n\n<p><strong>\u00ab Ora et labora \u00bb.<\/strong><\/p>\n\n\n\n<h3 class=\"wp-block-heading\">4. Cr\u00e9er de petites communaut\u00e9s chr\u00e9tiennes<\/h3>\n\n\n\n<p>Famille, amis, paroisse.<\/p>\n\n\n\n<p>La foi se soutient beaucoup mieux lorsqu\u2019elle est v\u00e9cue en communaut\u00e9.<\/p>\n\n\n\n<hr class=\"wp-block-separator has-alpha-channel-opacity\"\/>\n\n\n\n<h1 class=\"wp-block-heading\">11. Le monast\u00e8re int\u00e9rieur<\/h1>\n\n\n\n<p>Les grands saints ont enseign\u00e9 quelque chose de profond :<\/p>\n\n\n\n<p>chaque chr\u00e9tien est appel\u00e9 \u00e0 construire <strong>un monast\u00e8re int\u00e9rieur<\/strong>.<\/p>\n\n\n\n<p>Un lieu dans le c\u0153ur o\u00f9 Dieu habite.<\/p>\n\n\n\n<p>Saint Paul l\u2019exprime ainsi :<\/p>\n\n\n\n<blockquote class=\"wp-block-quote is-layout-flow wp-block-quote-is-layout-flow\">\n<p>\u00ab Ne savez-vous pas que vous \u00eates le temple de Dieu ? \u00bb<br>(1 Corinthiens 3,16)<\/p>\n<\/blockquote>\n\n\n\n<p>Lorsque nous cultivons la pri\u00e8re, le silence et la charit\u00e9, ce monast\u00e8re int\u00e9rieur commence \u00e0 grandir.<\/p>\n\n\n\n<p>Et \u00e0 partir de lui, le monde peut \u00eatre transform\u00e9.<\/p>\n\n\n\n<hr class=\"wp-block-separator has-alpha-channel-opacity\"\/>\n\n\n\n<h1 class=\"wp-block-heading\">Conclusion : la r\u00e9volution silencieuse des moines<\/h1>\n\n\n\n<p>L\u2019histoire des monast\u00e8res nous rappelle quelque chose de surprenant :<\/p>\n\n\n\n<p>Les grandes transformations de l\u2019histoire ne naissent pas toujours du pouvoir.<\/p>\n\n\n\n<p>Parfois elles naissent du silence.<\/p>\n\n\n\n<p>D\u2019hommes qui prient.<br>De communaut\u00e9s qui travaillent humblement.<br>De personnes qui cherchent Dieu avec fid\u00e9lit\u00e9.<\/p>\n\n\n\n<p>Les moines n\u2019avaient pas l\u2019intention de sauver la civilisation.<\/p>\n\n\n\n<p>Ils voulaient seulement <strong>\u00eatre fid\u00e8les au Christ<\/strong>.<\/p>\n\n\n\n<p>Et pr\u00e9cis\u00e9ment pour cette raison, ils ont fini par changer le monde.<\/p>\n\n\n\n<p>Peut-\u00eatre qu\u2019aujourd\u2019hui Dieu nous demande quelque chose de semblable.<\/p>\n\n\n\n<p>Non pas de conqu\u00e9rir la culture.<\/p>\n\n\n\n<p>Mais de <strong>vivre la foi en profondeur<\/strong>.<\/p>\n\n\n\n<p>Car lorsqu\u2019un petit groupe de chr\u00e9tiens vit r\u00e9ellement l\u2019\u00c9vangile\u2026<\/p>\n\n\n\n<p>le cours entier de l\u2019histoire peut changer.<\/p>\n","protected":false},"excerpt":{"rendered":"<p>Une histoire de foi, de culture et d\u2019esp\u00e9rance pour notre temps Lorsque nous parcourons aujourd\u2019hui l\u2019Europe \u2014 d\u2019une petite \u00e9glise rurale \u00e0 une grande cath\u00e9drale \u2014 nous pensons rarement que notre civilisation a surv\u00e9cu en grande partie gr\u00e2ce \u00e0 des communaut\u00e9s d\u2019hommes et de femmes qui ont choisi le silence, la pri\u00e8re et le travail &hellip;<\/p>\n","protected":false},"author":3,"featured_media":5391,"comment_status":"open","ping_status":"closed","sticky":false,"template":"","format":"standard","meta":{"_seopress_robots_primary_cat":"","_seopress_titles_title":"","_seopress_titles_desc":"","_seopress_robots_index":"","footnotes":""},"categories":[48,38],"tags":[1761],"class_list":["post-5390","post","type-post","status-publish","format-standard","has-post-thumbnail","","category-histoire-de-leglise","category-histoire-et-tradition","tag-monasteres"],"_links":{"self":[{"href":"https:\/\/catholicus.eu\/fr\/wp-json\/wp\/v2\/posts\/5390","targetHints":{"allow":["GET"]}}],"collection":[{"href":"https:\/\/catholicus.eu\/fr\/wp-json\/wp\/v2\/posts"}],"about":[{"href":"https:\/\/catholicus.eu\/fr\/wp-json\/wp\/v2\/types\/post"}],"author":[{"embeddable":true,"href":"https:\/\/catholicus.eu\/fr\/wp-json\/wp\/v2\/users\/3"}],"replies":[{"embeddable":true,"href":"https:\/\/catholicus.eu\/fr\/wp-json\/wp\/v2\/comments?post=5390"}],"version-history":[{"count":1,"href":"https:\/\/catholicus.eu\/fr\/wp-json\/wp\/v2\/posts\/5390\/revisions"}],"predecessor-version":[{"id":5392,"href":"https:\/\/catholicus.eu\/fr\/wp-json\/wp\/v2\/posts\/5390\/revisions\/5392"}],"wp:featuredmedia":[{"embeddable":true,"href":"https:\/\/catholicus.eu\/fr\/wp-json\/wp\/v2\/media\/5391"}],"wp:attachment":[{"href":"https:\/\/catholicus.eu\/fr\/wp-json\/wp\/v2\/media?parent=5390"}],"wp:term":[{"taxonomy":"category","embeddable":true,"href":"https:\/\/catholicus.eu\/fr\/wp-json\/wp\/v2\/categories?post=5390"},{"taxonomy":"post_tag","embeddable":true,"href":"https:\/\/catholicus.eu\/fr\/wp-json\/wp\/v2\/tags?post=5390"}],"curies":[{"name":"wp","href":"https:\/\/api.w.org\/{rel}","templated":true}]}}