{"id":5384,"date":"2026-03-12T21:56:46","date_gmt":"2026-03-12T20:56:46","guid":{"rendered":"https:\/\/catholicus.eu\/fr\/?p=5384"},"modified":"2026-03-12T21:56:46","modified_gmt":"2026-03-12T20:56:46","slug":"1622-le-jour-ou-cinq-geants-de-la-saintete-furent-eleves-ensemble-aux-autels","status":"publish","type":"post","link":"https:\/\/catholicus.eu\/fr\/1622-le-jour-ou-cinq-geants-de-la-saintete-furent-eleves-ensemble-aux-autels\/","title":{"rendered":"1622 : le jour o\u00f9 cinq g\u00e9ants de la saintet\u00e9 furent \u00e9lev\u00e9s ensemble aux autels"},"content":{"rendered":"\n<p>Le <strong>12 mars 1622<\/strong>, il s\u2019est produit quelque chose que le monde chr\u00e9tien n\u2019avait jamais vu. Lors d\u2019une solennelle c\u00e9r\u00e9monie \u00e0 Rome, cinq hommes et femmes extraordinaires furent proclam\u00e9s saints <strong>en m\u00eame temps<\/strong>. Ce jour-l\u00e0 a marqu\u00e9 <strong>la premi\u00e8re grande canonisation collective de l\u2019histoire de l\u2019\u00c9glise<\/strong>.<\/p>\n\n\n\n<p>Les nouveaux saints \u00e9taient tr\u00e8s diff\u00e9rents les uns des autres : un paysan madril\u00e8ne, une r\u00e9formatrice mystique, un fondateur d\u2019ordre religieux, un missionnaire qui parcourut la moiti\u00e9 du monde et un pr\u00eatre qui r\u00e9volutionna la vie spirituelle de Rome. Pourtant, ils partageaient tous l\u2019essentiel : <strong>une vie totalement donn\u00e9e \u00e0 Dieu<\/strong>.<\/p>\n\n\n\n<p>Les protagonistes de ce moment historique furent :<\/p>\n\n\n\n<ul class=\"wp-block-list\">\n<li><strong>Saint Isidore le Laboureur (San Isidro Labrador)<\/strong><\/li>\n\n\n\n<li><strong>Sainte Th\u00e9r\u00e8se de J\u00e9sus<\/strong><\/li>\n\n\n\n<li><strong>Saint Ignace de Loyola<\/strong><\/li>\n\n\n\n<li><strong>Saint Fran\u00e7ois Xavier<\/strong><\/li>\n\n\n\n<li><strong>Saint Philippe N\u00e9ri<\/strong><\/li>\n<\/ul>\n\n\n\n<p>Cette canonisation conjointe n\u2019\u00e9tait pas seulement un acte liturgique. Elle constituait <strong>un message th\u00e9ologique, pastoral et spirituel pour toute l\u2019\u00c9glise<\/strong>. Quatre si\u00e8cles plus tard, elle continue de porter une grande force pour les chr\u00e9tiens d\u2019aujourd\u2019hui.<\/p>\n\n\n\n<p>Cet article cherche \u00e0 vous aider \u00e0 comprendre <strong>ce qui s\u2019est r\u00e9ellement pass\u00e9 ce jour-l\u00e0, pourquoi cela a \u00e9t\u00e9 si important et ce que cela peut nous enseigner pour vivre la foi au XXI\u1d49 si\u00e8cle<\/strong>.<\/p>\n\n\n\n<hr class=\"wp-block-separator has-alpha-channel-opacity\"\/>\n\n\n\n<h1 class=\"wp-block-heading\">Un \u00e9v\u00e9nement sans pr\u00e9c\u00e9dent dans l\u2019histoire de l\u2019\u00c9glise<\/h1>\n\n\n\n<h2 class=\"wp-block-heading\">Le contexte historique : une \u00c9glise en renouveau<\/h2>\n\n\n\n<p>Au d\u00e9but du XVII\u1d49 si\u00e8cle, l\u2019\u00c9glise catholique traversait un moment d\u00e9cisif. Apr\u00e8s les blessures de la R\u00e9forme protestante, le <strong>Concile de Trente (1545\u20131563)<\/strong> avait lanc\u00e9 un profond renouveau spirituel, doctrinal et pastoral.<\/p>\n\n\n\n<p>Il fallait <strong>des mod\u00e8les vivants de saintet\u00e9<\/strong>, des exemples concrets montrant au monde que l\u2019\u00c9vangile continuait de transformer les vies.<\/p>\n\n\n\n<p>La canonisation de 1622 r\u00e9pondit pr\u00e9cis\u00e9ment \u00e0 ce besoin.<\/p>\n\n\n\n<p>Le pape <strong>Gr\u00e9goire XV<\/strong> d\u00e9cida d\u2019\u00e9lever aux autels cinq figures repr\u00e9sentant <strong>diff\u00e9rents chemins de saintet\u00e9<\/strong> :<\/p>\n\n\n\n<ul class=\"wp-block-list\">\n<li>la vie familiale et le travail quotidien<\/li>\n\n\n\n<li>la vie mystique<\/li>\n\n\n\n<li>la r\u00e9forme de l\u2019\u00c9glise<\/li>\n\n\n\n<li>l\u2019\u00e9vang\u00e9lisation missionnaire<\/li>\n\n\n\n<li>le minist\u00e8re pastoral urbain<\/li>\n<\/ul>\n\n\n\n<p>En un sens, c\u2019\u00e9tait <strong>un portrait complet de l\u2019\u00c9glise vivante<\/strong>.<\/p>\n\n\n\n<hr class=\"wp-block-separator has-alpha-channel-opacity\"\/>\n\n\n\n<h1 class=\"wp-block-heading\">Cinq chemins diff\u00e9rents vers la saintet\u00e9<\/h1>\n\n\n\n<h2 class=\"wp-block-heading\">Saint Isidore le Laboureur : la saintet\u00e9 dans la vie quotidienne<\/h2>\n\n\n\n<p>Saint Isidore v\u00e9cut <strong>\u00e0 Madrid au XII\u1d49 si\u00e8cle<\/strong> et \u00e9tait un simple agriculteur. Il ne fonda pas d\u2019ordres religieux et n\u2019\u00e9crivit pas de livres spirituels. Sa vie semblait simple : travail, famille et pri\u00e8re.<\/p>\n\n\n\n<p>Mais derri\u00e8re cette simplicit\u00e9 se cachait une profonde vie int\u00e9rieure.<\/p>\n\n\n\n<p>La tradition raconte que pendant qu\u2019il priait, <strong>des anges labouraient les champs \u00e0 sa place<\/strong>. Au-del\u00e0 du caract\u00e8re symbolique de ce r\u00e9cit, le message est clair : <strong>Dieu agit dans la vie de celui qui le place au centre<\/strong>.<\/p>\n\n\n\n<p>Saint Isidore nous rappelle que la saintet\u00e9 <strong>n\u2019est pas r\u00e9serv\u00e9e aux monast\u00e8res ou aux grands th\u00e9ologiens<\/strong>.<\/p>\n\n\n\n<p>Elle se trouve aussi :<\/p>\n\n\n\n<ul class=\"wp-block-list\">\n<li>dans le travail honn\u00eate<\/li>\n\n\n\n<li>dans la vie familiale<\/li>\n\n\n\n<li>dans la fid\u00e9lit\u00e9 quotidienne<\/li>\n<\/ul>\n\n\n\n<p>C\u2019est la saintet\u00e9 de l\u2019ordinaire.<\/p>\n\n\n\n<hr class=\"wp-block-separator has-alpha-channel-opacity\"\/>\n\n\n\n<h2 class=\"wp-block-heading\">Sainte Th\u00e9r\u00e8se de J\u00e9sus : l\u2019aventure de l\u2019\u00e2me<\/h2>\n\n\n\n<p>Si Saint Isidore repr\u00e9sente la saintet\u00e9 de la campagne, <strong>Sainte Th\u00e9r\u00e8se de J\u00e9sus<\/strong> repr\u00e9sente la saintet\u00e9 <strong>de la vie int\u00e9rieure de l\u2019\u00e2me<\/strong>.<\/p>\n\n\n\n<p>N\u00e9e en 1515 \u00e0 \u00c1vila, Th\u00e9r\u00e8se \u00e9tait une femme d\u2019intelligence extraordinaire et une mystique d\u2019une profondeur impressionnante. Elle reforma l\u2019ordre carm\u00e9lite et laissa des \u00e9crits spirituels qui restent une r\u00e9f\u00e9rence universelle.<\/p>\n\n\n\n<p>Pour Th\u00e9r\u00e8se, la vie spirituelle est comme <strong>un ch\u00e2teau int\u00e9rieur<\/strong> o\u00f9 l\u2019\u00e2me rencontre Dieu.<\/p>\n\n\n\n<p>Son enseignement fondamental est simple et r\u00e9volutionnaire : <strong>Dieu habite en nous<\/strong>.<\/p>\n\n\n\n<p>Sa c\u00e9l\u00e8bre pri\u00e8re r\u00e9sume sa spiritualit\u00e9 :<\/p>\n\n\n\n<p>\u00ab Que rien ne te trouble,<br>que rien ne t\u2019effraie.<br>Tout passe, Dieu ne change jamais.<br>La patience obtient tout.<br>Qui a Dieu ne manque de rien. \u00bb<\/p>\n\n\n\n<p>Sainte Th\u00e9r\u00e8se enseigne au croyant moderne quelque chose d\u2019essentiel : <strong>la foi n\u2019est pas seulement une pratique religieuse ; c\u2019est une relation vivante avec Dieu<\/strong>.<\/p>\n\n\n\n<hr class=\"wp-block-separator has-alpha-channel-opacity\"\/>\n\n\n\n<h2 class=\"wp-block-heading\">Saint Ignace de Loyola : l\u2019intelligence au service de Dieu<\/h2>\n\n\n\n<p>Saint Ignace \u00e9tait tout le contraire de ce que l\u2019on imagine habituellement d\u2019un saint.<\/p>\n\n\n\n<p>Il fut <strong>soldat, ambitieux, orgueilleux et amoureux de la gloire<\/strong>. Mais une blessure au combat changea sa vie pour toujours.<\/p>\n\n\n\n<p>Pendant sa convalescence, il lut des vies de saints\u2026 et quelque chose commen\u00e7a \u00e0 se transformer en lui.<\/p>\n\n\n\n<p>De cette conversion naquirent :<\/p>\n\n\n\n<ul class=\"wp-block-list\">\n<li>les <strong>Exercices spirituels<\/strong><\/li>\n\n\n\n<li>la <strong>Compagnie de J\u00e9sus<\/strong><\/li>\n\n\n\n<li>une nouvelle mani\u00e8re de discerner la volont\u00e9 de Dieu<\/li>\n<\/ul>\n\n\n\n<p>Ignace a enseign\u00e9 quelque chose de profond\u00e9ment actuel : <strong>la foi implique aussi discernement, intelligence et d\u00e9cision<\/strong>.<\/p>\n\n\n\n<p>Il ne s\u2019agit pas seulement de sentir Dieu, mais de <strong>le chercher activement en toutes choses<\/strong>.<\/p>\n\n\n\n<hr class=\"wp-block-separator has-alpha-channel-opacity\"\/>\n\n\n\n<h2 class=\"wp-block-heading\">Saint Fran\u00e7ois Xavier : le saint qui porta l\u2019\u00c9vangile jusqu\u2019aux extr\u00e9mit\u00e9s du monde<\/h2>\n\n\n\n<p>Si Ignace \u00e9tait le strat\u00e8ge, <strong>Fran\u00e7ois Xavier \u00e9tait le grand aventurier de l\u2019\u00c9vangile<\/strong>.<\/p>\n\n\n\n<p>En seulement dix ans, il parcourut :<\/p>\n\n\n\n<ul class=\"wp-block-list\">\n<li>l\u2019Inde<\/li>\n\n\n\n<li>l\u2019Indon\u00e9sie<\/li>\n\n\n\n<li>le Japon<\/li>\n<\/ul>\n\n\n\n<p>Il baptisa des milliers de personnes et ouvrit des voies missionnaires qui changeraient l\u2019histoire du christianisme.<\/p>\n\n\n\n<p>Il mourut en 1552 aux portes de la Chine, r\u00eavant de porter l\u2019\u00c9vangile encore plus loin.<\/p>\n\n\n\n<p>Sa vie refl\u00e8te le mandat missionnaire du Christ :<\/p>\n\n\n\n<blockquote class=\"wp-block-quote is-layout-flow wp-block-quote-is-layout-flow\">\n<p><strong>\u00ab Allez dans le monde entier et pr\u00eachez l\u2019\u00c9vangile \u00e0 toute cr\u00e9ature. \u00bb<\/strong><br><em>(Marc 16,15)<\/em><\/p>\n<\/blockquote>\n\n\n\n<p>Fran\u00e7ois Xavier rappelle \u00e0 l\u2019\u00c9glise que <strong>la foi ne peut pas \u00eatre conserv\u00e9e seulement pour soi<\/strong>. Elle est faite pour \u00eatre annonc\u00e9e.<\/p>\n\n\n\n<hr class=\"wp-block-separator has-alpha-channel-opacity\"\/>\n\n\n\n<h2 class=\"wp-block-heading\">Saint Philippe N\u00e9ri : la joie de l\u2019\u00c9vangile<\/h2>\n\n\n\n<p>Saint Philippe N\u00e9ri \u00e9tait connu comme <strong>\u00ab le saint de la joie \u00bb<\/strong>.<\/p>\n\n\n\n<p>Il v\u00e9cut \u00e0 Rome au XVI\u1d49 si\u00e8cle et transforma la ville gr\u00e2ce \u00e0 une mani\u00e8re profond\u00e9ment humaine d\u2019\u00e9vang\u00e9liser :<\/p>\n\n\n\n<ul class=\"wp-block-list\">\n<li>proximit\u00e9<\/li>\n\n\n\n<li>humour<\/li>\n\n\n\n<li>amiti\u00e9<\/li>\n\n\n\n<li>musique<\/li>\n\n\n\n<li>pri\u00e8re simple<\/li>\n<\/ul>\n\n\n\n<p>Il fonda l\u2019<strong>Oratoire<\/strong>, un lieu o\u00f9 les chr\u00e9tiens pouvaient grandir spirituellement en communaut\u00e9.<\/p>\n\n\n\n<p>Philippe comprenait quelque chose qui reste fondamental aujourd\u2019hui : <strong>la saintet\u00e9 n\u2019est ni tristesse ni rigidit\u00e9<\/strong>.<\/p>\n\n\n\n<p>La foi authentique produit <strong>une joie profonde<\/strong>.<\/p>\n\n\n\n<hr class=\"wp-block-separator has-alpha-channel-opacity\"\/>\n\n\n\n<h1 class=\"wp-block-heading\">La signification th\u00e9ologique de cette canonisation collective<\/h1>\n\n\n\n<p>L\u2019\u00c9glise ne canonise pas les saints simplement pour honorer leur m\u00e9moire.<\/p>\n\n\n\n<p>Elle les canonise afin de <strong>les proposer comme mod\u00e8les universels de vie chr\u00e9tienne<\/strong>.<\/p>\n\n\n\n<p>La canonisation de 1622 transmet plusieurs le\u00e7ons th\u00e9ologiques profondes.<\/p>\n\n\n\n<h2 class=\"wp-block-heading\">1. La saintet\u00e9 a de nombreux chemins<\/h2>\n\n\n\n<p>Les cinq saints repr\u00e9sentent diff\u00e9rents \u00e9tats de vie :<\/p>\n\n\n\n<ul class=\"wp-block-list\">\n<li>la\u00efc (Saint Isidore)<\/li>\n\n\n\n<li>religieuse contemplative (Sainte Th\u00e9r\u00e8se)<\/li>\n\n\n\n<li>fondateur et r\u00e9formateur (Saint Ignace)<\/li>\n\n\n\n<li>missionnaire (Saint Fran\u00e7ois Xavier)<\/li>\n\n\n\n<li>pasteur urbain (Saint Philippe N\u00e9ri)<\/li>\n<\/ul>\n\n\n\n<p>Le message est clair : <strong>il n\u2019existe pas un seul moyen de devenir saint<\/strong>.<\/p>\n\n\n\n<hr class=\"wp-block-separator has-alpha-channel-opacity\"\/>\n\n\n\n<h2 class=\"wp-block-heading\">2. La saintet\u00e9 est possible pour tous<\/h2>\n\n\n\n<p>Le Concile Vatican II l\u2019a exprim\u00e9 clairement des si\u00e8cles plus tard :<\/p>\n\n\n\n<p><strong>tous les chr\u00e9tiens sont appel\u00e9s \u00e0 la saintet\u00e9<\/strong>.<\/p>\n\n\n\n<p>Ce n\u2019est pas un objectif r\u00e9serv\u00e9 \u00e0 quelques \u00e9lus.<\/p>\n\n\n\n<p>C\u2019est une <strong>vocation universelle<\/strong>.<\/p>\n\n\n\n<p>Comme le dit l\u2019\u00c9criture :<\/p>\n\n\n\n<blockquote class=\"wp-block-quote is-layout-flow wp-block-quote-is-layout-flow\">\n<p><strong>\u00ab Soyez saints, car je suis saint. \u00bb<\/strong><br><em>(1 Pierre 1,16)<\/em><\/p>\n<\/blockquote>\n\n\n\n<hr class=\"wp-block-separator has-alpha-channel-opacity\"\/>\n\n\n\n<h2 class=\"wp-block-heading\">3. La saintet\u00e9 transforme le monde<\/h2>\n\n\n\n<p>Chacun de ces saints a chang\u00e9 l\u2019histoire :<\/p>\n\n\n\n<ul class=\"wp-block-list\">\n<li>Th\u00e9r\u00e8se reforma la vie contemplative<\/li>\n\n\n\n<li>Ignace transforma l\u2019\u00e9ducation et la mission<\/li>\n\n\n\n<li>Xavier ouvrit l\u2019Asie au christianisme<\/li>\n\n\n\n<li>Philippe renouvela Rome<\/li>\n\n\n\n<li>Isidore montra la saintet\u00e9 du travail<\/li>\n<\/ul>\n\n\n\n<p>La saintet\u00e9 <strong>n\u2019est pas une fuite du monde<\/strong>, mais une transformation du monde.<\/p>\n\n\n\n<hr class=\"wp-block-separator has-alpha-channel-opacity\"\/>\n\n\n\n<h1 class=\"wp-block-heading\">Que peuvent apprendre les chr\u00e9tiens d\u2019aujourd\u2019hui ?<\/h1>\n\n\n\n<p>Quatre si\u00e8cles plus tard, ces saints continuent de parler avec une pertinence surprenante.<\/p>\n\n\n\n<h2 class=\"wp-block-heading\">1. Sanctifier la vie quotidienne<\/h2>\n\n\n\n<p>Comme Saint Isidore :<\/p>\n\n\n\n<ul class=\"wp-block-list\">\n<li>travailler honn\u00eatement<\/li>\n\n\n\n<li>vivre avec humilit\u00e9<\/li>\n\n\n\n<li>mettre Dieu dans la vie quotidienne<\/li>\n<\/ul>\n\n\n\n<hr class=\"wp-block-separator has-alpha-channel-opacity\"\/>\n\n\n\n<h2 class=\"wp-block-heading\">2. Cultiver la vie int\u00e9rieure<\/h2>\n\n\n\n<p>Comme Sainte Th\u00e9r\u00e8se :<\/p>\n\n\n\n<ul class=\"wp-block-list\">\n<li>consacrer du temps \u00e0 la pri\u00e8re<\/li>\n\n\n\n<li>rechercher le silence int\u00e9rieur<\/li>\n\n\n\n<li>reconna\u00eetre que Dieu habite dans l\u2019\u00e2me<\/li>\n<\/ul>\n\n\n\n<hr class=\"wp-block-separator has-alpha-channel-opacity\"\/>\n\n\n\n<h2 class=\"wp-block-heading\">3. Discerner et d\u00e9cider<\/h2>\n\n\n\n<p>Comme Saint Ignace :<\/p>\n\n\n\n<ul class=\"wp-block-list\">\n<li>examiner les d\u00e9cisions<\/li>\n\n\n\n<li>rechercher la volont\u00e9 de Dieu<\/li>\n\n\n\n<li>vivre avec un but<\/li>\n<\/ul>\n\n\n\n<hr class=\"wp-block-separator has-alpha-channel-opacity\"\/>\n\n\n\n<h2 class=\"wp-block-heading\">4. \u00catre missionnaire dans son environnement<\/h2>\n\n\n\n<p>Comme Saint Fran\u00e7ois Xavier :<\/p>\n\n\n\n<ul class=\"wp-block-list\">\n<li>partager la foi<\/li>\n\n\n\n<li>vivre avec courage<\/li>\n\n\n\n<li>ne pas cacher l\u2019\u00c9vangile<\/li>\n<\/ul>\n\n\n\n<hr class=\"wp-block-separator has-alpha-channel-opacity\"\/>\n\n\n\n<h2 class=\"wp-block-heading\">5. Vivre la foi avec joie<\/h2>\n\n\n\n<p>Comme Saint Philippe N\u00e9ri :<\/p>\n\n\n\n<ul class=\"wp-block-list\">\n<li>cultiver l\u2019amiti\u00e9<\/li>\n\n\n\n<li>vivre la foi avec humour et proximit\u00e9<\/li>\n\n\n\n<li>transmettre l\u2019esp\u00e9rance<\/li>\n<\/ul>\n\n\n\n<hr class=\"wp-block-separator has-alpha-channel-opacity\"\/>\n\n\n\n<h1 class=\"wp-block-heading\">La grande le\u00e7on de 1622<\/h1>\n\n\n\n<p>Cette canonisation collective fut bien plus qu\u2019un acte solennel \u00e0 Rome.<\/p>\n\n\n\n<p>Ce fut <strong>une proclamation universelle de la saintet\u00e9 possible<\/strong>.<\/p>\n\n\n\n<p>Cinq vies diff\u00e9rentes.<br>Cinq chemins distincts.<br>Un seul destin : <strong>l\u2019union avec Dieu<\/strong>.<\/p>\n\n\n\n<p>L\u2019histoire de ces saints nous rappelle quelque chose d\u2019essentiel : la saintet\u00e9 n\u2019est pas une perfection impossible, mais <strong>l\u2019amour v\u00e9cu avec radicalit\u00e9<\/strong>.<\/p>\n\n\n\n<p>Et peut-\u00eatre que la question la plus importante que nous laisse le <strong>12 mars 1622<\/strong> n\u2019est pas historique.<\/p>\n\n\n\n<p>Elle est personnelle.<\/p>\n\n\n\n<p><strong>Quelle place Dieu occupe-t-il dans notre vie aujourd\u2019hui ?<\/strong><\/p>\n\n\n\n<p>Car, comme l\u2019enseigna Sainte Th\u00e9r\u00e8se, la v\u00e9ritable aventure spirituelle commence lorsque l\u2019\u00eatre humain ose entrer dans son propre c\u0153ur\u2026 et d\u00e9couvre que <strong>Dieu \u00e9tait d\u00e9j\u00e0 l\u00e0, l\u2019attendant<\/strong>.<\/p>\n","protected":false},"excerpt":{"rendered":"<p>Le 12 mars 1622, il s\u2019est produit quelque chose que le monde chr\u00e9tien n\u2019avait jamais vu. Lors d\u2019une solennelle c\u00e9r\u00e9monie \u00e0 Rome, cinq hommes et femmes extraordinaires furent proclam\u00e9s saints en m\u00eame temps. Ce jour-l\u00e0 a marqu\u00e9 la premi\u00e8re grande canonisation collective de l\u2019histoire de l\u2019\u00c9glise. Les nouveaux saints \u00e9taient tr\u00e8s diff\u00e9rents les uns des &hellip;<\/p>\n","protected":false},"author":3,"featured_media":5385,"comment_status":"open","ping_status":"closed","sticky":false,"template":"","format":"standard","meta":{"_seopress_robots_primary_cat":"","_seopress_titles_title":"","_seopress_titles_desc":"","_seopress_robots_index":"","footnotes":""},"categories":[48,38],"tags":[1759],"class_list":["post-5384","post","type-post","status-publish","format-standard","has-post-thumbnail","","category-histoire-de-leglise","category-histoire-et-tradition","tag-canonisation-collective"],"_links":{"self":[{"href":"https:\/\/catholicus.eu\/fr\/wp-json\/wp\/v2\/posts\/5384","targetHints":{"allow":["GET"]}}],"collection":[{"href":"https:\/\/catholicus.eu\/fr\/wp-json\/wp\/v2\/posts"}],"about":[{"href":"https:\/\/catholicus.eu\/fr\/wp-json\/wp\/v2\/types\/post"}],"author":[{"embeddable":true,"href":"https:\/\/catholicus.eu\/fr\/wp-json\/wp\/v2\/users\/3"}],"replies":[{"embeddable":true,"href":"https:\/\/catholicus.eu\/fr\/wp-json\/wp\/v2\/comments?post=5384"}],"version-history":[{"count":1,"href":"https:\/\/catholicus.eu\/fr\/wp-json\/wp\/v2\/posts\/5384\/revisions"}],"predecessor-version":[{"id":5386,"href":"https:\/\/catholicus.eu\/fr\/wp-json\/wp\/v2\/posts\/5384\/revisions\/5386"}],"wp:featuredmedia":[{"embeddable":true,"href":"https:\/\/catholicus.eu\/fr\/wp-json\/wp\/v2\/media\/5385"}],"wp:attachment":[{"href":"https:\/\/catholicus.eu\/fr\/wp-json\/wp\/v2\/media?parent=5384"}],"wp:term":[{"taxonomy":"category","embeddable":true,"href":"https:\/\/catholicus.eu\/fr\/wp-json\/wp\/v2\/categories?post=5384"},{"taxonomy":"post_tag","embeddable":true,"href":"https:\/\/catholicus.eu\/fr\/wp-json\/wp\/v2\/tags?post=5384"}],"curies":[{"name":"wp","href":"https:\/\/api.w.org\/{rel}","templated":true}]}}