{"id":5378,"date":"2026-03-12T17:36:42","date_gmt":"2026-03-12T16:36:42","guid":{"rendered":"https:\/\/catholicus.eu\/fr\/?p=5378"},"modified":"2026-03-12T17:36:42","modified_gmt":"2026-03-12T16:36:42","slug":"versiculus-et-responsum-le-dialogue-sacre-qui-maintient-vivante-la-priere-de-leglise","status":"publish","type":"post","link":"https:\/\/catholicus.eu\/fr\/versiculus-et-responsum-le-dialogue-sacre-qui-maintient-vivante-la-priere-de-leglise\/","title":{"rendered":"\u00ab Versiculus et Responsum \u00bb : le dialogue sacr\u00e9 qui maintient vivante la pri\u00e8re de l\u2019\u00c9glise"},"content":{"rendered":"\n<p>\u00c0 une \u00e9poque marqu\u00e9e par la rapidit\u00e9, le bruit constant et une communication souvent superficielle, la tradition liturgique de l\u2019\u00c9glise catholique conserve une forme de dialogue profond\u00e9ment spirituelle qui, bien que br\u00e8ve dans ses paroles, est charg\u00e9e de si\u00e8cles de foi : le <strong>\u00ab Versiculus \u00bb<\/strong> et le <strong>\u00ab Responsum \u00bb<\/strong>.<\/p>\n\n\n\n<p>Beaucoup de catholiques ont probablement entendu ces expressions dans la liturgie sans s\u2019arr\u00eater pour r\u00e9fl\u00e9chir \u00e0 leur signification. Elles apparaissent dans la <strong>Liturgie des Heures<\/strong>, dans la <strong>Sainte Messe traditionnelle<\/strong>, dans le <strong>Rosaire<\/strong>, dans <strong>l\u2019adoration eucharistique<\/strong>, et dans de nombreuses d\u00e9votions populaires. Ce sont de courtes phrases, presque comme un battement de c\u0153ur de la pri\u00e8re entre le pr\u00eatre et le peuple.<\/p>\n\n\n\n<p>Mais derri\u00e8re ces br\u00e8ves formules se cache quelque chose de beaucoup plus profond : <strong>une forme de pri\u00e8re dialogu\u00e9e qui refl\u00e8te la communion entre Dieu et son peuple, entre le Christ et son \u00c9glise<\/strong>.<\/p>\n\n\n\n<p>Dans cet article, nous explorerons ce que signifient le <strong>Versiculus<\/strong> et le <strong>Responsum<\/strong>, leur origine historique, leur profonde signification th\u00e9ologique, et comment cette forme de pri\u00e8re peut devenir un outil spirituel tr\u00e8s concret pour notre vie quotidienne.<\/p>\n\n\n\n<hr class=\"wp-block-separator has-alpha-channel-opacity\"\/>\n\n\n\n<h1 class=\"wp-block-heading\">1. Que signifient \u00ab Versiculus \u00bb et \u00ab Responsum \u00bb ?<\/h1>\n\n\n\n<p>Ces mots proviennent du latin liturgique.<\/p>\n\n\n\n<ul class=\"wp-block-list\">\n<li><strong>Versiculus<\/strong> signifie litt\u00e9ralement <em>\u00ab petit verset \u00bb<\/em> ou <em>\u00ab courte phrase \u00bb<\/em>.<\/li>\n\n\n\n<li><strong>Responsum<\/strong> signifie <em>\u00ab r\u00e9ponse \u00bb<\/em>.<\/li>\n<\/ul>\n\n\n\n<p>Dans la liturgie, le <strong>Versiculus<\/strong> est une br\u00e8ve invocation g\u00e9n\u00e9ralement prononc\u00e9e par le pr\u00eatre, le diacre ou le chantre. Le <strong>Responsum<\/strong> est la r\u00e9ponse donn\u00e9e par le peuple ou par le ch\u0153ur.<\/p>\n\n\n\n<p>Par exemple, l\u2019un des \u00e9changes les plus connus est :<\/p>\n\n\n\n<p><strong>V.<\/strong> <em>Dominus vobiscum<\/em><br><strong>R.<\/strong> <em>Et cum spiritu tuo<\/em><\/p>\n\n\n\n<p>En fran\u00e7ais :<\/p>\n\n\n\n<p><strong>V.<\/strong> Le Seigneur soit avec vous<br><strong>R.<\/strong> Et avec votre esprit<\/p>\n\n\n\n<p>Ce bref \u00e9change se produit de nombreuses fois dans la liturgie, mais ce n\u2019est pas une simple formalit\u00e9. <strong>C\u2019est un dialogue spirituel qui exprime l\u2019unit\u00e9 du Corps du Christ dans la pri\u00e8re.<\/strong><\/p>\n\n\n\n<hr class=\"wp-block-separator has-alpha-channel-opacity\"\/>\n\n\n\n<h1 class=\"wp-block-heading\">2. Une origine qui remonte \u00e0 la Bible<\/h1>\n\n\n\n<p>La structure <strong>invocation et r\u00e9ponse<\/strong> n\u2019est pas une invention m\u00e9di\u00e9vale ni simplement une convention liturgique.<\/p>\n\n\n\n<p>En r\u00e9alit\u00e9, <strong>elle na\u00eet dans l\u2019\u00c9criture Sainte elle-m\u00eame<\/strong>.<\/p>\n\n\n\n<p>Dans les Psaumes, nous trouvons de nombreux exemples de pri\u00e8re responsoriale, o\u00f9 le peuple r\u00e9pond \u00e0 une proclamation.<\/p>\n\n\n\n<p>Un exemple tr\u00e8s clair appara\u00eet dans le Psaume 136, o\u00f9 le peuple r\u00e9pond continuellement :<\/p>\n\n\n\n<blockquote class=\"wp-block-quote is-layout-flow wp-block-quote-is-layout-flow\">\n<p>\u00ab Car \u00e9ternelle est sa mis\u00e9ricorde. \u00bb<br>(Psaume 136)<\/p>\n<\/blockquote>\n\n\n\n<p>Chaque verset proclam\u00e9 est suivi de la m\u00eame r\u00e9ponse du peuple. Ce style de pri\u00e8re <strong>cr\u00e9e un rythme spirituel collectif<\/strong>, dans lequel toute la communaut\u00e9 participe \u00e0 la louange.<\/p>\n\n\n\n<p>Dans le Nouveau Testament, nous trouvons \u00e9galement des exemples de r\u00e9ponses communautaires dans la pr\u00e9dication apostolique.<\/p>\n\n\n\n<p>Lorsque saint Paul explique la foi, le peuple r\u00e9pond par des affirmations de foi, ce qui montre que <strong>la foi chr\u00e9tienne n\u2019est pas seulement individuelle, mais aussi communautaire<\/strong>.<\/p>\n\n\n\n<hr class=\"wp-block-separator has-alpha-channel-opacity\"\/>\n\n\n\n<h1 class=\"wp-block-heading\">3. L\u2019\u00c9glise primitive et la pri\u00e8re dialogu\u00e9e<\/h1>\n\n\n\n<p>Les premiers chr\u00e9tiens ont h\u00e9rit\u00e9 de cette forme de pri\u00e8re de la tradition juive.<\/p>\n\n\n\n<p>Dans les premi\u00e8res liturgies chr\u00e9tiennes \u2014 surtout \u00e0 J\u00e9rusalem et \u00e0 Antioche \u2014 existaient d\u00e9j\u00e0 des <strong>acclamations responsoriales<\/strong>.<\/p>\n\n\n\n<p>Parmi les plus anciennes, nous trouvons :<\/p>\n\n\n\n<ul class=\"wp-block-list\">\n<li><strong>Kyrie eleison<\/strong> (Seigneur, prends piti\u00e9)<\/li>\n\n\n\n<li><strong>Amen<\/strong><\/li>\n\n\n\n<li><strong>Alleluia<\/strong><\/li>\n<\/ul>\n\n\n\n<p>Ces r\u00e9ponses n\u2019\u00e9taient pas de simples ornements liturgiques. Elles repr\u00e9sentaient <strong>la participation active du peuple dans le culte<\/strong>.<\/p>\n\n\n\n<p>Saint Augustin d\u00e9crivait la r\u00e9ponse liturgique comme :<\/p>\n\n\n\n<blockquote class=\"wp-block-quote is-layout-flow wp-block-quote-is-layout-flow\">\n<p>\u00ab La voix de toute l\u2019\u00c9glise qui r\u00e9pond au Seigneur. \u00bb<\/p>\n<\/blockquote>\n\n\n\n<p>Autrement dit, <strong>la communaut\u00e9 devient un seul corps qui r\u00e9pond \u00e0 Dieu<\/strong>.<\/p>\n\n\n\n<hr class=\"wp-block-separator has-alpha-channel-opacity\"\/>\n\n\n\n<h1 class=\"wp-block-heading\">4. Le Versiculus dans la Liturgie des Heures<\/h1>\n\n\n\n<p>L\u2019un des lieux o\u00f9 le <strong>Versiculus<\/strong> et le <strong>Responsum<\/strong> apparaissent le plus souvent est la <strong>Liturgie des Heures<\/strong>, \u00e9galement appel\u00e9e <strong>Office divin<\/strong>.<\/p>\n\n\n\n<p>Cette pri\u00e8re quotidienne de l\u2019\u00c9glise structure la journ\u00e9e en diff\u00e9rents moments :<\/p>\n\n\n\n<ul class=\"wp-block-list\">\n<li>Les Laudes<\/li>\n\n\n\n<li>Les V\u00eapres<\/li>\n\n\n\n<li>Les Complies<\/li>\n\n\n\n<li>L\u2019Office des lectures<\/li>\n<\/ul>\n\n\n\n<p>Dans chacun d\u2019eux apparaissent de petits versets comme :<\/p>\n\n\n\n<p><strong>V.<\/strong> <em>Deus, in adiutorium meum intende<\/em><br><strong>R.<\/strong> <em>Domine, ad adiuvandum me festina<\/em><\/p>\n\n\n\n<p>En fran\u00e7ais :<\/p>\n\n\n\n<p><strong>V.<\/strong> Dieu, viens \u00e0 mon aide<br><strong>R.<\/strong> Seigneur, h\u00e2te-toi de me secourir<\/p>\n\n\n\n<p>Cette pri\u00e8re poss\u00e8de des racines extr\u00eamement anciennes. Selon la tradition monastique, <strong>saint Beno\u00eet l\u2019a plac\u00e9e au d\u00e9but de chaque heure liturgique au VI\u1d49 si\u00e8cle<\/strong>.<\/p>\n\n\n\n<p>Cependant, son v\u00e9ritable origine se trouve dans le <strong>Psaume 70<\/strong> :<\/p>\n\n\n\n<blockquote class=\"wp-block-quote is-layout-flow wp-block-quote-is-layout-flow\">\n<p>\u00ab Dieu, viens \u00e0 mon aide ; Seigneur, h\u00e2te-toi de me secourir. \u00bb<br>(Psaume 70,2)<\/p>\n<\/blockquote>\n\n\n\n<p>Ainsi, chaque pri\u00e8re commence en rappelant quelque chose de fondamental : <strong>la d\u00e9pendance absolue de l\u2019homme envers Dieu<\/strong>.<\/p>\n\n\n\n<hr class=\"wp-block-separator has-alpha-channel-opacity\"\/>\n\n\n\n<h1 class=\"wp-block-heading\">5. Une signification th\u00e9ologique profonde<\/h1>\n\n\n\n<p>Bien qu\u2019ils puissent sembler \u00eatre de simples phrases, le <strong>Versiculus<\/strong> et le <strong>Responsum<\/strong> expriment une v\u00e9rit\u00e9 th\u00e9ologique tr\u00e8s profonde.<\/p>\n\n\n\n<h3 class=\"wp-block-heading\">1. L\u2019\u00c9glise est communion<\/h3>\n\n\n\n<p>La foi chr\u00e9tienne n\u2019est pas individualiste. Le dialogue liturgique montre que <strong>l\u2019\u00c9glise prie comme un seul corps<\/strong>.<\/p>\n\n\n\n<p>Le pr\u00eatre proclame, mais le peuple r\u00e9pond.<\/p>\n\n\n\n<p>Ainsi se refl\u00e8te ce que saint Paul enseigne :<\/p>\n\n\n\n<blockquote class=\"wp-block-quote is-layout-flow wp-block-quote-is-layout-flow\">\n<p>\u00ab Vous \u00eates le corps du Christ. \u00bb<br>(1 Corinthiens 12,27)<\/p>\n<\/blockquote>\n\n\n\n<p>La liturgie n\u2019est pas un spectacle : <strong>c\u2019est une action de tout le peuple de Dieu<\/strong>.<\/p>\n\n\n\n<hr class=\"wp-block-separator has-alpha-channel-opacity\"\/>\n\n\n\n<h3 class=\"wp-block-heading\">2. Dieu parle le premier<\/h3>\n\n\n\n<p>Dans la structure verset-r\u00e9ponse, il existe aussi une dimension spirituelle.<\/p>\n\n\n\n<p>D\u2019abord la parole est proclam\u00e9e (verset). Ensuite vient la r\u00e9ponse.<\/p>\n\n\n\n<p>Cela rappelle une v\u00e9rit\u00e9 fondamentale : <strong>Dieu prend toujours l\u2019initiative<\/strong>.<\/p>\n\n\n\n<p>Comme le dit saint Jean :<\/p>\n\n\n\n<blockquote class=\"wp-block-quote is-layout-flow wp-block-quote-is-layout-flow\">\n<p>\u00ab Nous aimons parce que Lui nous a aim\u00e9s le premier. \u00bb<br>(1 Jean 4,19)<\/p>\n<\/blockquote>\n\n\n\n<p>Toute pri\u00e8re chr\u00e9tienne est, en r\u00e9alit\u00e9, <strong>une r\u00e9ponse \u00e0 l\u2019amour pr\u00e9alable de Dieu<\/strong>.<\/p>\n\n\n\n<hr class=\"wp-block-separator has-alpha-channel-opacity\"\/>\n\n\n\n<h3 class=\"wp-block-heading\">3. Le Christ et l\u2019\u00c9glise en dialogue<\/h3>\n\n\n\n<p>De nombreux th\u00e9ologiens interpr\u00e8tent l\u2019\u00e9change liturgique comme un symbole du <strong>dialogue entre le Christ et son \u00c9glise<\/strong>.<\/p>\n\n\n\n<p>Le Christ parle \u00e0 travers la liturgie.<br>L\u2019\u00c9glise r\u00e9pond avec foi.<\/p>\n\n\n\n<p>Pour cette raison, le Responsum n\u2019est pas seulement une formule rituelle : <strong>c\u2019est la voix de l\u2019\u00c9pouse qui r\u00e9pond \u00e0 l\u2019\u00c9poux<\/strong>.<\/p>\n\n\n\n<hr class=\"wp-block-separator has-alpha-channel-opacity\"\/>\n\n\n\n<h1 class=\"wp-block-heading\">6. La puissance spirituelle des r\u00e9ponses br\u00e8ves<\/h1>\n\n\n\n<p>\u00c0 notre \u00e9poque, o\u00f9 beaucoup de personnes ont du mal \u00e0 prier pendant de longues p\u00e9riodes, la sagesse liturgique de l\u2019\u00c9glise offre une solution tr\u00e8s simple :<\/p>\n\n\n\n<p><strong>de courtes pri\u00e8res r\u00e9p\u00e9t\u00e9es au cours de la journ\u00e9e.<\/strong><\/p>\n\n\n\n<p>Les r\u00e9ponses liturgiques fonctionnent comme des <strong>jaculatoires<\/strong>.<\/p>\n\n\n\n<p>Par exemple :<\/p>\n\n\n\n<ul class=\"wp-block-list\">\n<li>\u00ab Amen \u00bb<\/li>\n\n\n\n<li>\u00ab Seigneur, prends piti\u00e9 \u00bb<\/li>\n\n\n\n<li>\u00ab Et avec votre esprit \u00bb<\/li>\n<\/ul>\n\n\n\n<p>Ces phrases, bien que br\u00e8ves, <strong>renferment d\u2019immenses v\u00e9rit\u00e9s spirituelles<\/strong>.<\/p>\n\n\n\n<p>Saint Jean Chrysostome enseignait qu\u2019un seul mot prononc\u00e9 avec foi peut \u00e9lever l\u2019\u00e2me vers Dieu.<\/p>\n\n\n\n<hr class=\"wp-block-separator has-alpha-channel-opacity\"\/>\n\n\n\n<h1 class=\"wp-block-heading\">7. Applications pratiques pour la vie quotidienne<\/h1>\n\n\n\n<p>C\u2019est ici que le Versiculus et le Responsum cessent d\u2019\u00eatre un simple d\u00e9tail liturgique pour devenir <strong>un guide spirituel tr\u00e8s concret<\/strong>.<\/p>\n\n\n\n<h3 class=\"wp-block-heading\">1. De courtes pri\u00e8res pendant la journ\u00e9e<\/h3>\n\n\n\n<p>Nous pouvons adopter le style de la liturgie avec de petites r\u00e9ponses spirituelles.<\/p>\n\n\n\n<p>Par exemple :<\/p>\n\n\n\n<p>Au d\u00e9but de la journ\u00e9e :<\/p>\n\n\n\n<p><strong>V. Seigneur, ouvre mes l\u00e8vres<\/strong><br><strong>R. Et ma bouche proclamera ta louange<\/strong><\/p>\n\n\n\n<p>Lorsque les difficult\u00e9s surgissent :<\/p>\n\n\n\n<p><strong>Seigneur, viens \u00e0 mon secours.<\/strong><\/p>\n\n\n\n<p>Cette forme de pri\u00e8re est particuli\u00e8rement utile au milieu du travail, des \u00e9tudes ou des responsabilit\u00e9s familiales.<\/p>\n\n\n\n<hr class=\"wp-block-separator has-alpha-channel-opacity\"\/>\n\n\n\n<h3 class=\"wp-block-heading\">2. La pri\u00e8re en famille<\/h3>\n\n\n\n<p>Les familles chr\u00e9tiennes peuvent retrouver la pri\u00e8re dialogu\u00e9e.<\/p>\n\n\n\n<p>Par exemple :<\/p>\n\n\n\n<p>P\u00e8re ou m\u00e8re :<\/p>\n\n\n\n<p><strong>V. B\u00e9nissons le Seigneur<\/strong><\/p>\n\n\n\n<p>Enfants :<\/p>\n\n\n\n<p><strong>R. Nous rendons gr\u00e2ce \u00e0 Dieu<\/strong><\/p>\n\n\n\n<p>Cela transforme la maison en <strong>une petite \u00c9glise domestique<\/strong>.<\/p>\n\n\n\n<hr class=\"wp-block-separator has-alpha-channel-opacity\"\/>\n\n\n\n<h3 class=\"wp-block-heading\">3. Retrouver la participation \u00e0 la liturgie<\/h3>\n\n\n\n<p>Le Versiculus et le Responsum nous rappellent que la liturgie n\u2019est pas quelque chose que l\u2019on se contente \u00ab d\u2019\u00e9couter \u00bb. <strong>C\u2019est quelque chose auquel nous participons.<\/strong><\/p>\n\n\n\n<p>R\u00e9pondre avec attention, foi et conscience <strong>est un v\u00e9ritable acte spirituel<\/strong>.<\/p>\n\n\n\n<hr class=\"wp-block-separator has-alpha-channel-opacity\"\/>\n\n\n\n<h1 class=\"wp-block-heading\">8. Un antidote \u00e0 l\u2019individualisme moderne<\/h1>\n\n\n\n<p>Nous vivons dans une culture profond\u00e9ment individualiste.<\/p>\n\n\n\n<p>La liturgie responsoriale nous enseigne quelque chose de diff\u00e9rent :<\/p>\n\n\n\n<p><strong>la foi se vit ensemble.<\/strong><\/p>\n\n\n\n<p>Lorsque la communaut\u00e9 r\u00e9pond dans l\u2019unit\u00e9, quelque chose de tr\u00e8s profond se produit : <strong>l\u2019\u00c9glise devient visible<\/strong>.<\/p>\n\n\n\n<p>Nous ne sommes pas des croyants isol\u00e9s.<\/p>\n\n\n\n<p>Nous sommes un peuple qui r\u00e9pond \u00e0 Dieu.<\/p>\n\n\n\n<hr class=\"wp-block-separator has-alpha-channel-opacity\"\/>\n\n\n\n<h1 class=\"wp-block-heading\">9. L\u2019\u00e9cho \u00e9ternel de la pri\u00e8re de l\u2019\u00c9glise<\/h1>\n\n\n\n<p>Peut-\u00eatre l\u2019aspect le plus beau du Versiculus et du Responsum est qu\u2019ils <strong>nous unissent \u00e0 des si\u00e8cles de pri\u00e8re chr\u00e9tienne<\/strong>.<\/p>\n\n\n\n<p>Les m\u00eames r\u00e9ponses que nous pronon\u00e7ons aujourd\u2019hui :<\/p>\n\n\n\n<ul class=\"wp-block-list\">\n<li>ont \u00e9t\u00e9 pri\u00e9es par les moines m\u00e9di\u00e9vaux<\/li>\n\n\n\n<li>par les premiers chr\u00e9tiens<\/li>\n\n\n\n<li>par des saints comme saint Beno\u00eet, saint Thomas d\u2019Aquin et sainte Th\u00e9r\u00e8se<\/li>\n<\/ul>\n\n\n\n<p>Chaque fois que nous r\u00e9pondons dans la liturgie, <strong>nous entrons dans une cha\u00eene de pri\u00e8re qui traverse les si\u00e8cles<\/strong>.<\/p>\n\n\n\n<p>C\u2019est la voix de l\u2019\u00c9glise p\u00e8lerine unie \u00e0 l\u2019\u00c9glise c\u00e9leste.<\/p>\n\n\n\n<hr class=\"wp-block-separator has-alpha-channel-opacity\"\/>\n\n\n\n<h1 class=\"wp-block-heading\">Conclusion : apprendre \u00e0 r\u00e9pondre \u00e0 Dieu<\/h1>\n\n\n\n<p>En d\u00e9finitive, toute la vie chr\u00e9tienne peut se r\u00e9sumer en une r\u00e9ponse.<\/p>\n\n\n\n<p>Dieu appelle.<br>Dieu parle.<br>Dieu aime le premier.<\/p>\n\n\n\n<p>Notre vie devient le <strong>Responsum<\/strong>.<\/p>\n\n\n\n<p>Chaque d\u00e9cision, chaque pri\u00e8re, chaque acte de charit\u00e9 est une r\u00e9ponse au verset que Dieu prononce sur notre vie.<\/p>\n\n\n\n<p>Comme la Vierge Marie r\u00e9pondit lors de l\u2019Annonciation :<\/p>\n\n\n\n<blockquote class=\"wp-block-quote is-layout-flow wp-block-quote-is-layout-flow\">\n<p>\u00ab Voici la servante du Seigneur ; qu\u2019il me soit fait selon ta parole. \u00bb<br>(Luc 1,38)<\/p>\n<\/blockquote>\n\n\n\n<p>Peut-\u00eatre la grande le\u00e7on spirituelle du <strong>Versiculus et du Responsum<\/strong> est pr\u00e9cis\u00e9ment celle-ci :<\/p>\n\n\n\n<p><strong>apprendre \u00e0 r\u00e9pondre \u00e0 Dieu avec toute notre vie.<\/strong><\/p>\n\n\n\n<p>Car au fond, la liturgie ne se termine pas lorsque la messe s\u2019ach\u00e8ve.<\/p>\n\n\n\n<p>Elle continue \u00e0 chaque instant de notre existence.<\/p>\n\n\n\n<p>Et Dieu continue de prononcer son verset.<\/p>\n\n\n\n<p>La question reste toujours la m\u00eame :<\/p>\n\n\n\n<p><strong>Quelle sera notre r\u00e9ponse ?<\/strong><\/p>\n","protected":false},"excerpt":{"rendered":"<p>\u00c0 une \u00e9poque marqu\u00e9e par la rapidit\u00e9, le bruit constant et une communication souvent superficielle, la tradition liturgique de l\u2019\u00c9glise catholique conserve une forme de dialogue profond\u00e9ment spirituelle qui, bien que br\u00e8ve dans ses paroles, est charg\u00e9e de si\u00e8cles de foi : le \u00ab Versiculus \u00bb et le \u00ab Responsum \u00bb. Beaucoup de catholiques ont &hellip;<\/p>\n","protected":false},"author":3,"featured_media":5379,"comment_status":"open","ping_status":"closed","sticky":false,"template":"","format":"standard","meta":{"_seopress_robots_primary_cat":"","_seopress_titles_title":"","_seopress_titles_desc":"","_seopress_robots_index":"","footnotes":""},"categories":[40,58],"tags":[1757],"class_list":["post-5378","post","type-post","status-publish","format-standard","has-post-thumbnail","","category-priere-et-spiritualite","category-priere-et-vie-spirituelle","tag-versiculus-et-responsum"],"_links":{"self":[{"href":"https:\/\/catholicus.eu\/fr\/wp-json\/wp\/v2\/posts\/5378","targetHints":{"allow":["GET"]}}],"collection":[{"href":"https:\/\/catholicus.eu\/fr\/wp-json\/wp\/v2\/posts"}],"about":[{"href":"https:\/\/catholicus.eu\/fr\/wp-json\/wp\/v2\/types\/post"}],"author":[{"embeddable":true,"href":"https:\/\/catholicus.eu\/fr\/wp-json\/wp\/v2\/users\/3"}],"replies":[{"embeddable":true,"href":"https:\/\/catholicus.eu\/fr\/wp-json\/wp\/v2\/comments?post=5378"}],"version-history":[{"count":1,"href":"https:\/\/catholicus.eu\/fr\/wp-json\/wp\/v2\/posts\/5378\/revisions"}],"predecessor-version":[{"id":5380,"href":"https:\/\/catholicus.eu\/fr\/wp-json\/wp\/v2\/posts\/5378\/revisions\/5380"}],"wp:featuredmedia":[{"embeddable":true,"href":"https:\/\/catholicus.eu\/fr\/wp-json\/wp\/v2\/media\/5379"}],"wp:attachment":[{"href":"https:\/\/catholicus.eu\/fr\/wp-json\/wp\/v2\/media?parent=5378"}],"wp:term":[{"taxonomy":"category","embeddable":true,"href":"https:\/\/catholicus.eu\/fr\/wp-json\/wp\/v2\/categories?post=5378"},{"taxonomy":"post_tag","embeddable":true,"href":"https:\/\/catholicus.eu\/fr\/wp-json\/wp\/v2\/tags?post=5378"}],"curies":[{"name":"wp","href":"https:\/\/api.w.org\/{rel}","templated":true}]}}