{"id":5369,"date":"2026-03-11T20:05:21","date_gmt":"2026-03-11T19:05:21","guid":{"rendered":"https:\/\/catholicus.eu\/fr\/?p=5369"},"modified":"2026-03-11T20:05:21","modified_gmt":"2026-03-11T19:05:21","slug":"timothee-le-jeune-disciple-qui-a-garde-la-foi-quand-le-monde-seffondrait","status":"publish","type":"post","link":"https:\/\/catholicus.eu\/fr\/timothee-le-jeune-disciple-qui-a-garde-la-foi-quand-le-monde-seffondrait\/","title":{"rendered":"Timoth\u00e9e : le jeune disciple qui a gard\u00e9 la foi quand le monde s\u2019effondrait"},"content":{"rendered":"\n<p>Dans l\u2019histoire du christianisme, certains noms r\u00e9sonnent avec force : Pierre, Paul, Jean\u2026 des g\u00e9ants spirituels qui ont fond\u00e9 des communaut\u00e9s et ont vers\u00e9 leur sang pour le Christ.<\/p>\n\n\n\n<p>Mais \u00e0 c\u00f4t\u00e9 d\u2019eux appara\u00eet une figure plus silencieuse, plus discr\u00e8te\u2026 et pourtant absolument fondamentale.<\/p>\n\n\n\n<p>Cet homme fut <strong>Timoth\u00e9e<\/strong>.<\/p>\n\n\n\n<p>Un jeune chr\u00e9tien qui re\u00e7ut la confiance de l\u2019un des plus grands ap\u00f4tres de l\u2019\u00c9glise et qui devint finalement <strong>pasteur, \u00e9v\u00eaque, missionnaire et mod\u00e8le de fid\u00e9lit\u00e9<\/strong>.<\/p>\n\n\n\n<p>Ses deux lettres dans la <strong>Premi\u00e8re Lettre \u00e0 Timoth\u00e9e<\/strong> et la <strong>Deuxi\u00e8me Lettre \u00e0 Timoth\u00e9e<\/strong> font partie de ce que la tradition appelle les <strong>\u00e9p\u00eetres pastorales<\/strong>, des textes profond\u00e9ment pratiques dans lesquels <strong>Saint Paul<\/strong> enseigne comment gouverner l\u2019\u00c9glise, d\u00e9fendre la foi et vivre le minist\u00e8re dans des temps difficiles.<\/p>\n\n\n\n<p>Et ce qui est surprenant, c\u2019est que deux mille ans plus tard, <strong>leurs enseignements semblent \u00e9crits pour notre \u00e9poque<\/strong>.<\/p>\n\n\n\n<p>Nous vivons nous aussi une p\u00e9riode de confusion doctrinale, de crise morale et de chr\u00e9tiens qui ont besoin de revenir \u00e0 l\u2019essentiel.<\/p>\n\n\n\n<p>C\u2019est pourquoi conna\u00eetre Timoth\u00e9e est bien plus que l\u2019\u00e9tude d\u2019un personnage biblique.<\/p>\n\n\n\n<p>C\u2019est d\u00e9couvrir <strong>comment vivre la foi lorsque le monde change rapidement<\/strong>.<\/p>\n\n\n\n<hr class=\"wp-block-separator has-alpha-channel-opacity\"\/>\n\n\n\n<h1 class=\"wp-block-heading\">1. Qui \u00e9tait Timoth\u00e9e ? Le jeune disciple qui conquit le c\u0153ur de Paul<\/h1>\n\n\n\n<p>Timoth\u00e9e appara\u00eet pour la premi\u00e8re fois dans le <strong>Actes des Ap\u00f4tres<\/strong>.<\/p>\n\n\n\n<p>Il \u00e9tait originaire de <strong>Lystre<\/strong>, une ville d\u2019Asie Mineure (dans l\u2019actuelle Turquie).<\/p>\n\n\n\n<p>Son histoire familiale est fascinante :<\/p>\n\n\n\n<ul class=\"wp-block-list\">\n<li>Sa <strong>m\u00e8re, Eunice<\/strong>, \u00e9tait une juive chr\u00e9tienne.<\/li>\n\n\n\n<li>Sa <strong>grand-m\u00e8re, Lo\u00efs<\/strong>, \u00e9tait \u00e9galement croyante.<\/li>\n\n\n\n<li>Son <strong>p\u00e8re \u00e9tait grec<\/strong>.<\/li>\n<\/ul>\n\n\n\n<p>Cela signifie que Timoth\u00e9e grandit <strong>entre deux cultures : juive et pa\u00efenne<\/strong>.<\/p>\n\n\n\n<p>Mais ce qui a vraiment d\u00e9fini sa vie fut la foi re\u00e7ue dans sa famille.<\/p>\n\n\n\n<p>Paul s\u2019en souviendra avec affection :<\/p>\n\n\n\n<blockquote class=\"wp-block-quote is-layout-flow wp-block-quote-is-layout-flow\">\n<p>\u00ab Je garde le souvenir de la foi sinc\u00e8re qui est en toi, celle qui habita d\u2019abord dans ta grand-m\u00e8re Lo\u00efs et dans ta m\u00e8re Eunice. \u00bb<br>(2 Tm 1,5)<\/p>\n<\/blockquote>\n\n\n\n<p>Ici appara\u00eet un enseignement fondamental :<\/p>\n\n\n\n<p><strong>la foi se transmet dans la famille.<\/strong><\/p>\n\n\n\n<p>Beaucoup de saints sont n\u00e9s parce que quelqu\u2019un \u00e0 la maison <strong>priait pour eux<\/strong>.<\/p>\n\n\n\n<hr class=\"wp-block-separator has-alpha-channel-opacity\"\/>\n\n\n\n<h1 class=\"wp-block-heading\">2. La rencontre qui changea sa vie<\/h1>\n\n\n\n<p>Lorsque <strong>Saint Paul<\/strong> arriva \u00e0 Lystre lors de son second voyage missionnaire, il d\u00e9couvrit quelque chose de sp\u00e9cial chez Timoth\u00e9e.<\/p>\n\n\n\n<p>Le texte biblique dit que <strong>les fr\u00e8res rendaient un bon t\u00e9moignage de lui<\/strong>.<\/p>\n\n\n\n<p>Paul vit dans ce jeune homme plus que de l\u2019enthousiasme.<\/p>\n\n\n\n<p>Il vit <strong>une vocation<\/strong>.<\/p>\n\n\n\n<p>Il le prit donc comme compagnon de mission.<\/p>\n\n\n\n<p>\u00c0 partir de ce moment, Timoth\u00e9e devient :<\/p>\n\n\n\n<ul class=\"wp-block-list\">\n<li>disciple<\/li>\n\n\n\n<li>collaborateur<\/li>\n\n\n\n<li>fils spirituel de Paul<\/li>\n<\/ul>\n\n\n\n<p>En effet, Paul l\u2019appellera souvent :<\/p>\n\n\n\n<blockquote class=\"wp-block-quote is-layout-flow wp-block-quote-is-layout-flow\">\n<p>\u00ab mon v\u00e9ritable enfant dans la foi \u00bb<br>(1 Tm 1,2)<\/p>\n<\/blockquote>\n\n\n\n<p>La relation entre eux est l\u2019une des <strong>plus belles amiti\u00e9s spirituelles du Nouveau Testament<\/strong>.<\/p>\n\n\n\n<hr class=\"wp-block-separator has-alpha-channel-opacity\"\/>\n\n\n\n<h1 class=\"wp-block-heading\">3. Timoth\u00e9e, le collaborateur le plus proche de Paul<\/h1>\n\n\n\n<p>Timoth\u00e9e accompagna Paul dans de nombreuses missions :<\/p>\n\n\n\n<ul class=\"wp-block-list\">\n<li>en Mac\u00e9doine<\/li>\n\n\n\n<li>\u00e0 Corinthe<\/li>\n\n\n\n<li>\u00e0 Thessalonique<\/li>\n\n\n\n<li>\u00e0 \u00c9ph\u00e8se<\/li>\n<\/ul>\n\n\n\n<p>Il est mentionn\u00e9 dans plusieurs lettres apostoliques :<\/p>\n\n\n\n<ul class=\"wp-block-list\">\n<li><strong>Lettre aux Philippiens<\/strong><\/li>\n\n\n\n<li><strong>Premi\u00e8re Lettre aux Thessaloniciens<\/strong><\/li>\n\n\n\n<li><strong>Deuxi\u00e8me Lettre aux Corinthiens<\/strong><\/li>\n<\/ul>\n\n\n\n<p>Paul l\u2019envoya m\u00eame comme <strong>son repr\u00e9sentant<\/strong> aupr\u00e8s de communaut\u00e9s en difficult\u00e9.<\/p>\n\n\n\n<p>Par exemple, il \u00e9crit aux Corinthiens :<\/p>\n\n\n\n<blockquote class=\"wp-block-quote is-layout-flow wp-block-quote-is-layout-flow\">\n<p>\u00ab Je vous ai envoy\u00e9 Timoth\u00e9e, qui est mon enfant bien-aim\u00e9 et fid\u00e8le dans le Seigneur. \u00bb<br>(1 Co 4,17)<\/p>\n<\/blockquote>\n\n\n\n<p>Cela montre quelque chose d\u2019important :<\/p>\n\n\n\n<p>Timoth\u00e9e <strong>n\u2019\u00e9tait pas un simple assistant<\/strong>.<\/p>\n\n\n\n<p>Il \u00e9tait <strong>un leader en formation<\/strong>.<\/p>\n\n\n\n<hr class=\"wp-block-separator has-alpha-channel-opacity\"\/>\n\n\n\n<h1 class=\"wp-block-heading\">4. Timoth\u00e9e, \u00e9v\u00eaque d\u2019\u00c9ph\u00e8se<\/h1>\n\n\n\n<p>La tradition de l\u2019\u00c9glise affirme que Timoth\u00e9e devint finalement <strong>\u00e9v\u00eaque d\u2019\u00c9ph\u00e8se<\/strong>, l\u2019une des communaut\u00e9s chr\u00e9tiennes les plus importantes du premier si\u00e8cle.<\/p>\n\n\n\n<p>\u00c9ph\u00e8se \u00e9tait une ville complexe :<\/p>\n\n\n\n<ul class=\"wp-block-list\">\n<li>centre commercial<\/li>\n\n\n\n<li>m\u00e9tropole pa\u00efenne<\/li>\n\n\n\n<li>remplie de cultes idol\u00e2tres<\/li>\n<\/ul>\n\n\n\n<p>On y trouvait le c\u00e9l\u00e8bre temple d\u00e9di\u00e9 \u00e0 <strong>Art\u00e9mis<\/strong>.<\/p>\n\n\n\n<p>Diriger une \u00c9glise dans un tel contexte n\u2019\u00e9tait pas facile.<\/p>\n\n\n\n<p>C\u2019est pourquoi Paul \u00e9crivit ses <strong>lettres pastorales<\/strong> pour aider Timoth\u00e9e.<\/p>\n\n\n\n<hr class=\"wp-block-separator has-alpha-channel-opacity\"\/>\n\n\n\n<h1 class=\"wp-block-heading\">5. La Premi\u00e8re Lettre \u00e0 Timoth\u00e9e : comment gouverner l\u2019\u00c9glise<\/h1>\n\n\n\n<p>La <strong>Premi\u00e8re Lettre \u00e0 Timoth\u00e9e<\/strong> est l\u2019un des textes les plus importants pour comprendre la structure de l\u2019\u00c9glise primitive.<\/p>\n\n\n\n<p>Paul y aborde des questions tr\u00e8s concr\u00e8tes.<\/p>\n\n\n\n<h3 class=\"wp-block-heading\">1. D\u00e9fendre la vraie doctrine<\/h3>\n\n\n\n<p>D\u00e8s le premier si\u00e8cle, il existait d\u00e9j\u00e0 <strong>de faux enseignants<\/strong>.<\/p>\n\n\n\n<p>Paul avertit :<\/p>\n\n\n\n<blockquote class=\"wp-block-quote is-layout-flow wp-block-quote-is-layout-flow\">\n<p>\u00ab Recommande \u00e0 certains de ne pas enseigner d\u2019autres doctrines. \u00bb<br>(1 Tm 1,3)<\/p>\n<\/blockquote>\n\n\n\n<p>Depuis le d\u00e9but, l\u2019\u00c9glise doit <strong>d\u00e9fendre la v\u00e9rit\u00e9 r\u00e9v\u00e9l\u00e9e<\/strong>.<\/p>\n\n\n\n<p>Tout n\u2019est pas acceptable.<\/p>\n\n\n\n<p>Toutes les interpr\u00e9tations ne sont pas valables.<\/p>\n\n\n\n<p>La foi chr\u00e9tienne poss\u00e8de <strong>un contenu objectif<\/strong>.<\/p>\n\n\n\n<hr class=\"wp-block-separator has-alpha-channel-opacity\"\/>\n\n\n\n<h3 class=\"wp-block-heading\">2. L\u2019importance de la pri\u00e8re<\/h3>\n\n\n\n<p>Paul insiste pour que la communaut\u00e9 prie pour tous :<\/p>\n\n\n\n<blockquote class=\"wp-block-quote is-layout-flow wp-block-quote-is-layout-flow\">\n<p>\u00ab Je recommande avant tout de faire des demandes, des pri\u00e8res, des intercessions et des actions de gr\u00e2ce pour tous les hommes. \u00bb<br>(1 Tm 2,1)<\/p>\n<\/blockquote>\n\n\n\n<p>Cela montre que l\u2019\u00c9glise poss\u00e8de une mission universelle.<\/p>\n\n\n\n<p>La pri\u00e8re n\u2019est pas seulement un acte priv\u00e9.<\/p>\n\n\n\n<p>Elle est <strong>une intercession pour le monde entier<\/strong>.<\/p>\n\n\n\n<hr class=\"wp-block-separator has-alpha-channel-opacity\"\/>\n\n\n\n<h3 class=\"wp-block-heading\">3. L\u2019organisation du minist\u00e8re<\/h3>\n\n\n\n<p>L\u2019un des aspects les plus fascinants de cette lettre est la description des ministres de l\u2019\u00c9glise.<\/p>\n\n\n\n<p>Paul parle de :<\/p>\n\n\n\n<ul class=\"wp-block-list\">\n<li><strong>\u00e9v\u00eaques<\/strong><\/li>\n\n\n\n<li><strong>diacres<\/strong><\/li>\n<\/ul>\n\n\n\n<p>Et il d\u00e9crit les qualit\u00e9s qu\u2019ils doivent poss\u00e9der.<\/p>\n\n\n\n<p>Par exemple :<\/p>\n\n\n\n<blockquote class=\"wp-block-quote is-layout-flow wp-block-quote-is-layout-flow\">\n<p>\u00ab Il faut donc que l\u2019\u00e9v\u00eaque soit irr\u00e9prochable, sobre, prudent, hospitalier, capable d\u2019enseigner. \u00bb<br>(1 Tm 3,2)<\/p>\n<\/blockquote>\n\n\n\n<p>Cela montre que, d\u00e8s le d\u00e9but, le leadership chr\u00e9tien n\u2019\u00e9tait pas seulement spirituel.<\/p>\n\n\n\n<p>Il \u00e9tait aussi <strong>moral et pastoral<\/strong>.<\/p>\n\n\n\n<hr class=\"wp-block-separator has-alpha-channel-opacity\"\/>\n\n\n\n<h1 class=\"wp-block-heading\">6. \u00ab Que personne ne m\u00e9prise ta jeunesse \u00bb : le conseil \u00e9ternel de Paul<\/h1>\n\n\n\n<p>L\u2019un des versets les plus c\u00e9l\u00e8bres de cette lettre dit :<\/p>\n\n\n\n<blockquote class=\"wp-block-quote is-layout-flow wp-block-quote-is-layout-flow\">\n<p>\u00ab Que personne ne m\u00e9prise ta jeunesse ; mais sois un mod\u00e8le pour les fid\u00e8les en parole, en conduite, en amour, en foi et en puret\u00e9. \u00bb<br>(1 Tm 4,12)<\/p>\n<\/blockquote>\n\n\n\n<p>Ce conseil traverse les si\u00e8cles.<\/p>\n\n\n\n<p>\u00catre jeune <strong>n\u2019est pas un obstacle \u00e0 la saintet\u00e9<\/strong>.<\/p>\n\n\n\n<p>Beaucoup de saints ont chang\u00e9 le monde tr\u00e8s jeunes :<\/p>\n\n\n\n<ul class=\"wp-block-list\">\n<li><strong>Saint Fran\u00e7ois d\u2019Assise<\/strong><\/li>\n\n\n\n<li><strong>Sainte Th\u00e9r\u00e8se de Lisieux<\/strong><\/li>\n\n\n\n<li><strong>Saint Louis de Gonzague<\/strong><\/li>\n<\/ul>\n\n\n\n<p>La saintet\u00e9 ne d\u00e9pend pas de l\u2019\u00e2ge.<\/p>\n\n\n\n<p>Elle d\u00e9pend de <strong>la fid\u00e9lit\u00e9<\/strong>.<\/p>\n\n\n\n<hr class=\"wp-block-separator has-alpha-channel-opacity\"\/>\n\n\n\n<h1 class=\"wp-block-heading\">7. La Deuxi\u00e8me Lettre \u00e0 Timoth\u00e9e : le testament spirituel de Paul<\/h1>\n\n\n\n<p>La <strong>Deuxi\u00e8me Lettre \u00e0 Timoth\u00e9e<\/strong> est probablement <strong>la derni\u00e8re lettre \u00e9crite par Paul<\/strong>.<\/p>\n\n\n\n<p>Elle fut r\u00e9dig\u00e9e depuis la prison.<\/p>\n\n\n\n<p>Et elle poss\u00e8de le ton d\u2019un <strong>testament spirituel<\/strong>.<\/p>\n\n\n\n<p>On y trouve l\u2019un des passages les plus \u00e9mouvants de toute la Bible :<\/p>\n\n\n\n<blockquote class=\"wp-block-quote is-layout-flow wp-block-quote-is-layout-flow\">\n<p>\u00ab J\u2019ai combattu le bon combat, j\u2019ai achev\u00e9 la course, j\u2019ai gard\u00e9 la foi. \u00bb<br>(2 Tm 4,7)<\/p>\n<\/blockquote>\n\n\n\n<p>Paul sait que sa mort est proche.<\/p>\n\n\n\n<p>Et ses paroles sont adress\u00e9es \u00e0 Timoth\u00e9e comme <strong>un h\u00e9ritage spirituel<\/strong>.<\/p>\n\n\n\n<hr class=\"wp-block-separator has-alpha-channel-opacity\"\/>\n\n\n\n<h1 class=\"wp-block-heading\">8. Le danger de l\u2019apostasie<\/h1>\n\n\n\n<p>Dans cette lettre, Paul avertit de quelque chose de tr\u00e8s actuel :<\/p>\n\n\n\n<blockquote class=\"wp-block-quote is-layout-flow wp-block-quote-is-layout-flow\">\n<p>\u00ab Car il viendra un temps o\u00f9 les hommes ne supporteront plus la saine doctrine. \u00bb<br>(2 Tm 4,3)<\/p>\n<\/blockquote>\n\n\n\n<p>Cela ne ressemble-t-il pas \u00e0 notre \u00e9poque ?<\/p>\n\n\n\n<p>Aujourd\u2019hui beaucoup de personnes pr\u00e9f\u00e8rent :<\/p>\n\n\n\n<ul class=\"wp-block-list\">\n<li>une religion confortable<\/li>\n\n\n\n<li>une morale sans exigences<\/li>\n\n\n\n<li>une spiritualit\u00e9 sans la croix<\/li>\n<\/ul>\n\n\n\n<p>Mais le christianisme authentique <strong>ne s\u2019adapte pas au monde<\/strong>.<\/p>\n\n\n\n<p>Il appelle le monde \u00e0 la conversion.<\/p>\n\n\n\n<hr class=\"wp-block-separator has-alpha-channel-opacity\"\/>\n\n\n\n<h1 class=\"wp-block-heading\">9. \u00ab Proclame la Parole \u00bb : la mission \u00e9ternelle de l\u2019\u00c9glise<\/h1>\n\n\n\n<p>Paul donne \u00e0 Timoth\u00e9e un ordre tr\u00e8s clair :<\/p>\n\n\n\n<blockquote class=\"wp-block-quote is-layout-flow wp-block-quote-is-layout-flow\">\n<p>\u00ab Proclame la parole ; insiste en toute occasion, favorable ou non. \u00bb<br>(2 Tm 4,2)<\/p>\n<\/blockquote>\n\n\n\n<p>Cela signifie :<\/p>\n\n\n\n<p>la v\u00e9rit\u00e9 doit \u00eatre proclam\u00e9e <strong>m\u00eame lorsqu\u2019elle n\u2019est pas populaire<\/strong>.<\/p>\n\n\n\n<p>L\u2019\u00c9vangile ne se modifie pas pour plaire.<\/p>\n\n\n\n<p>Il s\u2019annonce <strong>avec fid\u00e9lit\u00e9<\/strong>.<\/p>\n\n\n\n<hr class=\"wp-block-separator has-alpha-channel-opacity\"\/>\n\n\n\n<h1 class=\"wp-block-heading\">10. Le martyre de Timoth\u00e9e<\/h1>\n\n\n\n<p>La tradition affirme que Timoth\u00e9e mourut <strong>martyr \u00e0 \u00c9ph\u00e8se<\/strong> vers l\u2019an 97.<\/p>\n\n\n\n<p>Selon des r\u00e9cits anciens, il fut tu\u00e9 par des pa\u00efens alors qu\u2019il essayait d\u2019arr\u00eater une procession idol\u00e2tre.<\/p>\n\n\n\n<p>Ainsi se termina sa vie :<\/p>\n\n\n\n<p>non pas comme une figure c\u00e9l\u00e8bre\u2026<\/p>\n\n\n\n<p>mais comme <strong>un pasteur fid\u00e8le jusqu\u2019au bout<\/strong>.<\/p>\n\n\n\n<hr class=\"wp-block-separator has-alpha-channel-opacity\"\/>\n\n\n\n<h1 class=\"wp-block-heading\">11. Ce que Timoth\u00e9e peut nous enseigner aujourd\u2019hui<\/h1>\n\n\n\n<p>La figure de Timoth\u00e9e poss\u00e8de une grande actualit\u00e9.<\/p>\n\n\n\n<p>Elle nous rappelle plusieurs v\u00e9rit\u00e9s essentielles.<\/p>\n\n\n\n<h3 class=\"wp-block-heading\">1. La foi se transmet \u00e0 la maison<\/h3>\n\n\n\n<p>L\u2019histoire d\u2019Eunice et de Lo\u00efs montre la puissance de la famille chr\u00e9tienne.<\/p>\n\n\n\n<h3 class=\"wp-block-heading\">2. L\u2019\u00c9glise a besoin de disciples fid\u00e8les<\/h3>\n\n\n\n<p>Pas seulement de grands leaders.<\/p>\n\n\n\n<p>Mais aussi de collaborateurs humbles.<\/p>\n\n\n\n<h3 class=\"wp-block-heading\">3. La jeunesse peut changer le monde<\/h3>\n\n\n\n<p>Timoth\u00e9e a commenc\u00e9 sa mission tr\u00e8s jeune.<\/p>\n\n\n\n<h3 class=\"wp-block-heading\">4. D\u00e9fendre la v\u00e9rit\u00e9 est une mission permanente<\/h3>\n\n\n\n<p>Chaque g\u00e9n\u00e9ration doit garder et prot\u00e9ger la foi.<\/p>\n\n\n\n<hr class=\"wp-block-separator has-alpha-channel-opacity\"\/>\n\n\n\n<h1 class=\"wp-block-heading\">12. Applications pratiques pour la vie spirituelle<\/h1>\n\n\n\n<p>Pour vivre aujourd\u2019hui l\u2019esprit de Timoth\u00e9e, nous pouvons :<\/p>\n\n\n\n<p><strong>1\ufe0f\u20e3 Nous former dans la foi<\/strong><br>Lire l\u2019\u00c9criture, \u00e9tudier la doctrine et conna\u00eetre la tradition.<\/p>\n\n\n\n<p><strong>2\ufe0f\u20e3 \u00catre courageux<\/strong><br>Ne pas cacher notre foi par peur de l\u2019opinion publique.<\/p>\n\n\n\n<p><strong>3\ufe0f\u20e3 Cultiver la vie int\u00e9rieure<\/strong><br>La pri\u00e8re, les sacrements et l\u2019accompagnement spirituel.<\/p>\n\n\n\n<p><strong>4\ufe0f\u20e3 Transmettre la foi aux autres<\/strong><br>Surtout aux jeunes.<\/p>\n\n\n\n<hr class=\"wp-block-separator has-alpha-channel-opacity\"\/>\n\n\n\n<h1 class=\"wp-block-heading\">Conclusion : le disciple silencieux qui a chang\u00e9 l\u2019histoire<\/h1>\n\n\n\n<p>Dans l\u2019histoire de l\u2019\u00c9glise, nous nous souvenons souvent des grands protagonistes.<\/p>\n\n\n\n<p>Mais Dieu agit aussi \u00e0 travers <strong>des disciples fid\u00e8les<\/strong>.<\/p>\n\n\n\n<p>Timoth\u00e9e n\u2019a pas \u00e9crit de grands trait\u00e9s th\u00e9ologiques.<\/p>\n\n\n\n<p>Il n\u2019a pas fond\u00e9 d\u2019ordres religieux.<\/p>\n\n\n\n<p>Il n\u2019a pas gouvern\u00e9 des empires.<\/p>\n\n\n\n<p>Mais il fut <strong>fid\u00e8le \u00e0 l\u2019\u00c9vangile<\/strong>.<\/p>\n\n\n\n<p>Et cette fid\u00e9lit\u00e9 a chang\u00e9 le cours de l\u2019histoire chr\u00e9tienne.<\/p>\n\n\n\n<p>Peut-\u00eatre que la grande question que sa vie nous laisse est celle-ci :<\/p>\n\n\n\n<p><strong>Sommes-nous pr\u00eats \u00e0 \u00eatre des disciples fid\u00e8les\u2026 m\u00eame lorsque personne ne nous voit ?<\/strong><\/p>\n\n\n\n<p>Car au final, la seule chose qui compte est de pouvoir dire un jour, comme Paul :<\/p>\n\n\n\n<blockquote class=\"wp-block-quote is-layout-flow wp-block-quote-is-layout-flow\">\n<p>\u00ab J\u2019ai combattu le bon combat, j\u2019ai achev\u00e9 la course, j\u2019ai gard\u00e9 la foi. \u00bb (2 Tm 4,7)<\/p>\n<\/blockquote>\n\n\n\n<p>Et alors nous d\u00e9couvrirons que la v\u00e9ritable grandeur ne consiste pas \u00e0 \u00eatre c\u00e9l\u00e8bre\u2026<\/p>\n\n\n\n<p>mais \u00e0 <strong>rester fid\u00e8le au Christ jusqu\u2019\u00e0 la fin<\/strong>.<\/p>\n","protected":false},"excerpt":{"rendered":"<p>Dans l\u2019histoire du christianisme, certains noms r\u00e9sonnent avec force : Pierre, Paul, Jean\u2026 des g\u00e9ants spirituels qui ont fond\u00e9 des communaut\u00e9s et ont vers\u00e9 leur sang pour le Christ. Mais \u00e0 c\u00f4t\u00e9 d\u2019eux appara\u00eet une figure plus silencieuse, plus discr\u00e8te\u2026 et pourtant absolument fondamentale. Cet homme fut Timoth\u00e9e. Un jeune chr\u00e9tien qui re\u00e7ut la confiance &hellip;<\/p>\n","protected":false},"author":3,"featured_media":5370,"comment_status":"open","ping_status":"closed","sticky":false,"template":"","format":"standard","meta":{"_seopress_robots_primary_cat":"","_seopress_titles_title":"","_seopress_titles_desc":"","_seopress_robots_index":"","footnotes":""},"categories":[37,45],"tags":[1754],"class_list":["post-5369","post","type-post","status-publish","format-standard","has-post-thumbnail","","category-doctrine-et-foi","category-saintes-ecritures","tag-timothee"],"_links":{"self":[{"href":"https:\/\/catholicus.eu\/fr\/wp-json\/wp\/v2\/posts\/5369","targetHints":{"allow":["GET"]}}],"collection":[{"href":"https:\/\/catholicus.eu\/fr\/wp-json\/wp\/v2\/posts"}],"about":[{"href":"https:\/\/catholicus.eu\/fr\/wp-json\/wp\/v2\/types\/post"}],"author":[{"embeddable":true,"href":"https:\/\/catholicus.eu\/fr\/wp-json\/wp\/v2\/users\/3"}],"replies":[{"embeddable":true,"href":"https:\/\/catholicus.eu\/fr\/wp-json\/wp\/v2\/comments?post=5369"}],"version-history":[{"count":1,"href":"https:\/\/catholicus.eu\/fr\/wp-json\/wp\/v2\/posts\/5369\/revisions"}],"predecessor-version":[{"id":5371,"href":"https:\/\/catholicus.eu\/fr\/wp-json\/wp\/v2\/posts\/5369\/revisions\/5371"}],"wp:featuredmedia":[{"embeddable":true,"href":"https:\/\/catholicus.eu\/fr\/wp-json\/wp\/v2\/media\/5370"}],"wp:attachment":[{"href":"https:\/\/catholicus.eu\/fr\/wp-json\/wp\/v2\/media?parent=5369"}],"wp:term":[{"taxonomy":"category","embeddable":true,"href":"https:\/\/catholicus.eu\/fr\/wp-json\/wp\/v2\/categories?post=5369"},{"taxonomy":"post_tag","embeddable":true,"href":"https:\/\/catholicus.eu\/fr\/wp-json\/wp\/v2\/tags?post=5369"}],"curies":[{"name":"wp","href":"https:\/\/api.w.org\/{rel}","templated":true}]}}