{"id":5351,"date":"2026-03-10T21:41:13","date_gmt":"2026-03-10T20:41:13","guid":{"rendered":"https:\/\/catholicus.eu\/fr\/?p=5351"},"modified":"2026-03-10T21:41:13","modified_gmt":"2026-03-10T20:41:13","slug":"les-papes-du-silence-la-vision-de-leon-xiii-qui-donna-naissance-a-la-priere-a-saint-michel-archange","status":"publish","type":"post","link":"https:\/\/catholicus.eu\/fr\/les-papes-du-silence-la-vision-de-leon-xiii-qui-donna-naissance-a-la-priere-a-saint-michel-archange\/","title":{"rendered":"Les Papes du Silence : la vision de L\u00e9on XIII qui donna naissance \u00e0 la pri\u00e8re \u00e0 Saint Michel Archange"},"content":{"rendered":"\n<p>Dans l\u2019histoire de l\u2019\u00c9glise, il existe des moments o\u00f9 le ciel semble irruptionner dans la vie du monde avec une intensit\u00e9 particuli\u00e8re. Parfois cela se produit \u00e0 travers de grands miracles visibles ; d\u2019autres fois, par des silences remplis de myst\u00e8re. Parmi ces \u00e9pisodes discrets \u2014 mais profond\u00e9ment influents \u2014 se trouve une exp\u00e9rience attribu\u00e9e au pape <strong>L\u00e9on XIII<\/strong>, survenue \u00e0 la fin du XIX\u1d49 si\u00e8cle et qui donna naissance \u00e0 l\u2019une des pri\u00e8res les plus connues du monde catholique : <strong>la pri\u00e8re \u00e0 Saint Michel Archange<\/strong>.<\/p>\n\n\n\n<p>Cette pri\u00e8re, qui pendant des d\u00e9cennies fut r\u00e9cit\u00e9e \u00e0 la fin de chaque Messe, est n\u00e9e dans un moment de grande tension culturelle et spirituelle. Aujourd\u2019hui, \u00e0 une \u00e9poque marqu\u00e9e par la s\u00e9cularisation, la confusion morale et les luttes int\u00e9rieures de l\u2019homme moderne, son message r\u00e9sonne \u00e0 nouveau avec une \u00e9tonnante actualit\u00e9.<\/p>\n\n\n\n<p>Cet article cherche \u00e0 explorer <strong>l\u2019histoire, la dimension th\u00e9ologique et la signification spirituelle de cette tradition<\/strong>, tout en proposant un guide pratique pour vivre aujourd\u2019hui la spiritualit\u00e9 du combat spirituel incarn\u00e9e par Saint Michel.<\/p>\n\n\n\n<hr class=\"wp-block-separator has-alpha-channel-opacity\"\/>\n\n\n\n<h1 class=\"wp-block-heading\">1. Un pape en temps de combat spirituel<\/h1>\n\n\n\n<p>Le pontificat de <strong>L\u00e9on XIII<\/strong> (1878\u20131903) s\u2019est d\u00e9roul\u00e9 durant une \u00e9poque turbulente pour l\u2019\u00c9glise.<\/p>\n\n\n\n<p>L\u2019Europe traversait des transformations profondes :<\/p>\n\n\n\n<ul class=\"wp-block-list\">\n<li>la s\u00e9cularisation politique<\/li>\n\n\n\n<li>les mouvements anticl\u00e9ricaux<\/li>\n\n\n\n<li>l\u2019essor du rationalisme<\/li>\n\n\n\n<li>la perte des \u00c9tats pontificaux<\/li>\n\n\n\n<li>et la croissance d\u2019id\u00e9ologies hostiles au christianisme<\/li>\n<\/ul>\n\n\n\n<p>Cependant, L\u00e9on XIII fut \u00e9galement l\u2019un des grands papes intellectuels de l\u2019\u00e9poque moderne. Il promut le renouveau de la pens\u00e9e de <strong>Thomas d\u2019Aquin<\/strong>, d\u00e9veloppa la doctrine sociale de l\u2019\u00c9glise avec l\u2019encyclique <strong>Rerum Novarum<\/strong>, et d\u00e9fendit la foi face aux d\u00e9fis culturels de son temps.<\/p>\n\n\n\n<p>Mais \u00e0 c\u00f4t\u00e9 de cette vision intellectuelle tr\u00e8s claire, L\u00e9on XIII poss\u00e9dait aussi <strong>une profonde conscience du combat spirituel<\/strong>.<\/p>\n\n\n\n<p>Pour lui, l\u2019histoire humaine n\u2019\u00e9tait pas seulement une sc\u00e8ne politique ou culturelle : elle \u00e9tait aussi <strong>un champ de bataille entre le bien et le mal<\/strong>.<\/p>\n\n\n\n<hr class=\"wp-block-separator has-alpha-channel-opacity\"\/>\n\n\n\n<h1 class=\"wp-block-heading\">2. La myst\u00e9rieuse vision apr\u00e8s la Messe<\/h1>\n\n\n\n<p>Selon une tradition largement diffus\u00e9e \u2014 rapport\u00e9e par de nombreux t\u00e9moignages eccl\u00e9siastiques du XIX\u1d49 si\u00e8cle \u2014 l\u2019\u00e9v\u00e9nement se serait produit vers <strong>1884<\/strong>.<\/p>\n\n\n\n<p>Un jour, apr\u00e8s avoir c\u00e9l\u00e9br\u00e9 la Messe au Vatican, le pape demeura silencieux pendant plusieurs minutes. Les personnes pr\u00e9sentes remarqu\u00e8rent que son visage avait chang\u00e9. Il semblait profond\u00e9ment impressionn\u00e9, voire boulevers\u00e9.<\/p>\n\n\n\n<p>Il se retira ensuite rapidement dans son bureau et r\u00e9digea une pri\u00e8re qu\u2019il ordonna plus tard de r\u00e9citer dans toute l\u2019\u00c9glise.<\/p>\n\n\n\n<p>La tradition raconte que le pape aurait v\u00e9cu <strong>une vision mystique ou une locution int\u00e9rieure<\/strong> dans laquelle il entendit un dialogue entre le Christ et Satan.<\/p>\n\n\n\n<p>Selon ce r\u00e9cit :<\/p>\n\n\n\n<ul class=\"wp-block-list\">\n<li>Satan demanda la permission de mettre l\u2019\u00c9glise \u00e0 l\u2019\u00e9preuve pendant un certain temps.<\/li>\n\n\n\n<li>Le Christ accorda une p\u00e9riode limit\u00e9e pour cette \u00e9preuve.<\/li>\n\n\n\n<li>\u00c0 ce moment-l\u00e0, le pape comprit la gravit\u00e9 du combat spirituel qui s\u2019annon\u00e7ait.<\/li>\n<\/ul>\n\n\n\n<p>Bien que l\u2019\u00c9glise n\u2019ait jamais d\u00e9fini officiellement les d\u00e9tails exacts de cette vision, ce qui est historiquement certain, c\u2019est que <strong>L\u00e9on XIII composa la pri\u00e8re \u00e0 Saint Michel et ordonna sa r\u00e9citation universelle<\/strong>.<\/p>\n\n\n\n<hr class=\"wp-block-separator has-alpha-channel-opacity\"\/>\n\n\n\n<h1 class=\"wp-block-heading\">3. La naissance de la pri\u00e8re \u00e0 Saint Michel<\/h1>\n\n\n\n<p>Apr\u00e8s cette exp\u00e9rience, L\u00e9on XIII \u00e9crivit la c\u00e9l\u00e8bre pri\u00e8re :<\/p>\n\n\n\n<blockquote class=\"wp-block-quote is-layout-flow wp-block-quote-is-layout-flow\">\n<p><strong>\u00ab Saint Michel Archange, d\u00e9fendez-nous dans le combat.<br>Soyez notre secours contre la malice et les emb\u00fbches du d\u00e9mon\u2026 \u00bb<\/strong><\/p>\n<\/blockquote>\n\n\n\n<p>Il l\u2019int\u00e9gra \u00e9galement aux <strong>\u00ab pri\u00e8res l\u00e9onines \u00bb<\/strong>, qui \u00e9taient r\u00e9cit\u00e9es apr\u00e8s la Messe.<\/p>\n\n\n\n<p>Ces pri\u00e8res avaient plusieurs intentions :<\/p>\n\n\n\n<ul class=\"wp-block-list\">\n<li>demander la protection de l\u2019\u00c9glise<\/li>\n\n\n\n<li>prier pour la libert\u00e9 religieuse<\/li>\n\n\n\n<li>implorer l\u2019aide dans le combat spirituel<\/li>\n<\/ul>\n\n\n\n<p>Pendant plus de 80 ans, des millions de catholiques dans le monde termin\u00e8rent la Messe en r\u00e9citant cette pri\u00e8re.<\/p>\n\n\n\n<p>C\u2019\u00e9tait une mani\u00e8re de rappeler quelque chose de fondamental :<\/p>\n\n\n\n<p><strong>la vie chr\u00e9tienne n\u2019est pas confortable ; elle est un combat spirituel.<\/strong><\/p>\n\n\n\n<hr class=\"wp-block-separator has-alpha-channel-opacity\"\/>\n\n\n\n<h1 class=\"wp-block-heading\">4. Qui est Saint Michel Archange ?<\/h1>\n\n\n\n<p>Le protagoniste de cette pri\u00e8re est <strong>Saint Michel Archange<\/strong>, l\u2019une des figures les plus puissantes de la tradition biblique.<\/p>\n\n\n\n<p>Son nom signifie :<\/p>\n\n\n\n<p><strong>\u00ab Qui est comme Dieu ? \u00bb<\/strong><\/p>\n\n\n\n<p>C\u2019est une question qui exprime l\u2019humilit\u00e9 et la fid\u00e9lit\u00e9.<\/p>\n\n\n\n<p>Dans la tradition chr\u00e9tienne, Saint Michel est :<\/p>\n\n\n\n<ul class=\"wp-block-list\">\n<li>le d\u00e9fenseur du peuple de Dieu<\/li>\n\n\n\n<li>le chef des arm\u00e9es c\u00e9lestes<\/li>\n\n\n\n<li>le vainqueur de Satan<\/li>\n<\/ul>\n\n\n\n<p>La Bible d\u00e9crit clairement sa mission.<\/p>\n\n\n\n<p>Dans le <strong>Livre de l\u2019Apocalypse<\/strong>, une bataille cosmique est racont\u00e9e :<\/p>\n\n\n\n<blockquote class=\"wp-block-quote is-layout-flow wp-block-quote-is-layout-flow\">\n<p>\u00ab Alors il y eut un combat dans le ciel : Michel et ses anges combattirent contre le dragon\u2026 mais celui-ci ne fut pas le plus fort. \u00bb<br>(Apocalypse 12,7\u20138)<\/p>\n<\/blockquote>\n\n\n\n<p>Ce passage r\u00e9v\u00e8le quelque chose de profond : <strong>l\u2019histoire du salut inclut un v\u00e9ritable combat spirituel<\/strong>.<\/p>\n\n\n\n<p>Ce n\u2019est pas seulement une m\u00e9taphore.<\/p>\n\n\n\n<hr class=\"wp-block-separator has-alpha-channel-opacity\"\/>\n\n\n\n<h1 class=\"wp-block-heading\">5. Le silence des papes<\/h1>\n\n\n\n<p>Pendant de nombreuses ann\u00e9es, plusieurs pontifes encourag\u00e8rent la d\u00e9votion \u00e0 Saint Michel.<\/p>\n\n\n\n<p>Parmi eux :<\/p>\n\n\n\n<ul class=\"wp-block-list\">\n<li><strong>Pie IX<\/strong><\/li>\n\n\n\n<li><strong>Pie XII<\/strong><\/li>\n\n\n\n<li><strong>Jean\u2011Paul II<\/strong><\/li>\n<\/ul>\n\n\n\n<p>Cependant, dans la seconde moiti\u00e9 du XX\u1d49 si\u00e8cle, le langage sur le d\u00e9mon et le combat spirituel commen\u00e7a \u00e0 dispara\u00eetre du discours courant.<\/p>\n\n\n\n<p>Cela conduisit certains auteurs spirituels \u00e0 parler des <strong>\u00ab papes du silence \u00bb<\/strong>, pour d\u00e9signer le fait que beaucoup de pasteurs cess\u00e8rent de parler clairement de la dimension spirituelle du mal.<\/p>\n\n\n\n<p>Pourtant, l\u2019enseignement de l\u2019\u00c9glise n\u2019a jamais chang\u00e9.<\/p>\n\n\n\n<p>Le <strong>Cat\u00e9chisme de l\u2019\u00c9glise catholique<\/strong> affirme :<\/p>\n\n\n\n<blockquote class=\"wp-block-quote is-layout-flow wp-block-quote-is-layout-flow\">\n<p>\u00ab Toute l\u2019histoire des hommes est travers\u00e9e par un combat rude contre les puissances des t\u00e9n\u00e8bres. \u00bb (CEC 409)<\/p>\n<\/blockquote>\n\n\n\n<p>Autrement dit :<\/p>\n\n\n\n<p><strong>le combat spirituel existe toujours.<\/strong><\/p>\n\n\n\n<hr class=\"wp-block-separator has-alpha-channel-opacity\"\/>\n\n\n\n<h1 class=\"wp-block-heading\">6. L\u2019actualit\u00e9 de la pri\u00e8re \u00e0 Saint Michel<\/h1>\n\n\n\n<p>Fait int\u00e9ressant, ces derni\u00e8res ann\u00e9es ont vu un renouveau de l\u2019int\u00e9r\u00eat pour cette pri\u00e8re.<\/p>\n\n\n\n<p>De nombreux pr\u00eatres ont recommenc\u00e9 \u00e0 la r\u00e9citer apr\u00e8s la Messe.<\/p>\n\n\n\n<p>Le pape Fran\u00e7ois lui-m\u00eame a \u00e9voqu\u00e9 \u00e0 plusieurs reprises la r\u00e9alit\u00e9 du diable et la n\u00e9cessit\u00e9 de le combattre par la pri\u00e8re et l&rsquo;humilit\u00e9.<\/p>\n\n\n\n<p>Pourquoi cette d\u00e9votion revient-elle ?<\/p>\n\n\n\n<p>Parce que le monde contemporain affronte de profondes crises :<\/p>\n\n\n\n<ul class=\"wp-block-list\">\n<li>la perte du sens de Dieu<\/li>\n\n\n\n<li>le relativisme moral<\/li>\n\n\n\n<li>l\u2019hostilit\u00e9 culturelle envers la foi<\/li>\n\n\n\n<li>le d\u00e9sespoir spirituel<\/li>\n<\/ul>\n\n\n\n<p>Dans ce contexte, la figure de Saint Michel nous rappelle quelque chose d\u2019essentiel :<\/p>\n\n\n\n<p><strong>le mal n\u2019a pas le dernier mot.<\/strong><\/p>\n\n\n\n<hr class=\"wp-block-separator has-alpha-channel-opacity\"\/>\n\n\n\n<h1 class=\"wp-block-heading\">7. La th\u00e9ologie du combat spirituel<\/h1>\n\n\n\n<p>La tradition chr\u00e9tienne a toujours enseign\u00e9 que le croyant affronte trois grandes luttes :<\/p>\n\n\n\n<ol class=\"wp-block-list\">\n<li>contre le p\u00e9ch\u00e9 personnel<\/li>\n\n\n\n<li>contre les tentations du monde<\/li>\n\n\n\n<li>contre les forces spirituelles du mal<\/li>\n<\/ol>\n\n\n\n<p>Saint Paul l\u2019exprime clairement :<\/p>\n\n\n\n<blockquote class=\"wp-block-quote is-layout-flow wp-block-quote-is-layout-flow\">\n<p>\u00ab Car nous n\u2019avons pas \u00e0 lutter contre la chair et le sang, mais contre les principaut\u00e9s, contre les puissances, contre les dominateurs de ce monde de t\u00e9n\u00e8bres. \u00bb<br>(\u00c9ph\u00e9siens 6,12)<\/p>\n<\/blockquote>\n\n\n\n<p>Cela ne signifie pas vivre dans la peur.<\/p>\n\n\n\n<p>Cela signifie <strong>vivre avec vigilance spirituelle<\/strong>.<\/p>\n\n\n\n<hr class=\"wp-block-separator has-alpha-channel-opacity\"\/>\n\n\n\n<h1 class=\"wp-block-heading\">8. Comment appliquer cet enseignement dans la vie quotidienne<\/h1>\n\n\n\n<p>L\u2019histoire de L\u00e9on XIII n\u2019est pas seulement une curiosit\u00e9 historique.<\/p>\n\n\n\n<p>C\u2019est un appel spirituel.<\/p>\n\n\n\n<p>Voici quelques moyens pratiques de vivre aujourd\u2019hui cette spiritualit\u00e9.<\/p>\n\n\n\n<h3 class=\"wp-block-heading\">1. Prier la pri\u00e8re \u00e0 Saint Michel<\/h3>\n\n\n\n<p>C\u2019est une pri\u00e8re courte mais puissante.<\/p>\n\n\n\n<p>Beaucoup de catholiques la prient :<\/p>\n\n\n\n<ul class=\"wp-block-list\">\n<li>apr\u00e8s le Rosaire<\/li>\n\n\n\n<li>avant de dormir<\/li>\n\n\n\n<li>au d\u00e9but de la journ\u00e9e<\/li>\n<\/ul>\n\n\n\n<h3 class=\"wp-block-heading\">2. Retrouver la conscience spirituelle<\/h3>\n\n\n\n<p>Nous vivons dans une culture qui explique tout de mani\u00e8re psychologique ou sociologique.<\/p>\n\n\n\n<p>Mais le christianisme rappelle qu\u2019<strong>il existe aussi une dimension spirituelle<\/strong>.<\/p>\n\n\n\n<h3 class=\"wp-block-heading\">3. Renforcer la vie sacramentelle<\/h3>\n\n\n\n<p>Les sacrements sont la v\u00e9ritable d\u00e9fense contre le mal :<\/p>\n\n\n\n<ul class=\"wp-block-list\">\n<li>la confession<\/li>\n\n\n\n<li>l\u2019Eucharistie<\/li>\n\n\n\n<li>la pri\u00e8re<\/li>\n<\/ul>\n\n\n\n<h3 class=\"wp-block-heading\">4. Vivre dans l\u2019esp\u00e9rance<\/h3>\n\n\n\n<p>Le combat spirituel ne se termine pas par la d\u00e9faite.<\/p>\n\n\n\n<p>Le Christ a d\u00e9j\u00e0 vaincu.<\/p>\n\n\n\n<hr class=\"wp-block-separator has-alpha-channel-opacity\"\/>\n\n\n\n<h1 class=\"wp-block-heading\">9. Une le\u00e7on pour notre temps<\/h1>\n\n\n\n<p>L\u2019exp\u00e9rience attribu\u00e9e \u00e0 L\u00e9on XIII nous rappelle quelque chose que le monde moderne tend \u00e0 oublier :<\/p>\n\n\n\n<p><strong>le mal existe, mais il n\u2019est pas invincible.<\/strong><\/p>\n\n\n\n<p>Saint Michel ne combat pas seul.<\/p>\n\n\n\n<p>Il combat <strong>au service de Dieu<\/strong>.<\/p>\n\n\n\n<p>Et chaque chr\u00e9tien participe \u00e0 cette victoire lorsqu\u2019il vit dans l\u2019\u00e9tat de gr\u00e2ce.<\/p>\n\n\n\n<hr class=\"wp-block-separator has-alpha-channel-opacity\"\/>\n\n\n\n<h1 class=\"wp-block-heading\">10. La pri\u00e8re compl\u00e8te<\/h1>\n\n\n\n<p>Il vaut la peine de conclure cet article avec la pri\u00e8re n\u00e9e de cette exp\u00e9rience.<\/p>\n\n\n\n<blockquote class=\"wp-block-quote is-layout-flow wp-block-quote-is-layout-flow\">\n<p><strong>Saint Michel Archange, d\u00e9fendez-nous dans le combat.<br>Soyez notre secours contre la malice et les emb\u00fbches du d\u00e9mon.<br>Que Dieu lui fasse sentir son empire, nous vous en supplions humblement.<br>Et vous, Prince de la milice c\u00e9leste,<br>par la puissance divine,<br>pr\u00e9cipitez en enfer Satan et tous les esprits mauvais<br>qui parcourent le monde pour la perte des \u00e2mes.<br>Amen.<\/strong><\/p>\n<\/blockquote>\n\n\n\n<hr class=\"wp-block-separator has-alpha-channel-opacity\"\/>\n\n\n\n<h1 class=\"wp-block-heading\">Conclusion : une spiritualit\u00e9 pour des temps difficiles<\/h1>\n\n\n\n<p>Peut-\u00eatre que l\u2019aspect le plus int\u00e9ressant de cette histoire n\u2019est pas la vision elle-m\u00eame, mais ce qu\u2019elle a provoqu\u00e9 :<\/p>\n\n\n\n<p><strong>un appel \u00e0 la vigilance spirituelle.<\/strong><\/p>\n\n\n\n<p>\u00c0 chaque \u00e9poque, Dieu suscite des rappels pour son \u00c9glise.<\/p>\n\n\n\n<p>La pri\u00e8re \u00e0 Saint Michel en est un.<\/p>\n\n\n\n<p>Elle n\u2019invite pas \u00e0 la peur.<\/p>\n\n\n\n<p>Elle invite \u00e0 la confiance.<\/p>\n\n\n\n<p>Car \u00e0 la fin de l\u2019histoire, la question qui donne son nom \u00e0 l\u2019archange r\u00e9sonne toujours :<\/p>\n\n\n\n<p><strong>\u00ab Qui est comme Dieu ? \u00bb<\/strong><\/p>\n\n\n\n<p>Et la r\u00e9ponse reste la m\u00eame depuis le commencement des temps :<\/p>\n\n\n\n<p><strong>personne.<\/strong><\/p>\n","protected":false},"excerpt":{"rendered":"<p>Dans l\u2019histoire de l\u2019\u00c9glise, il existe des moments o\u00f9 le ciel semble irruptionner dans la vie du monde avec une intensit\u00e9 particuli\u00e8re. Parfois cela se produit \u00e0 travers de grands miracles visibles ; d\u2019autres fois, par des silences remplis de myst\u00e8re. Parmi ces \u00e9pisodes discrets \u2014 mais profond\u00e9ment influents \u2014 se trouve une exp\u00e9rience attribu\u00e9e &hellip;<\/p>\n","protected":false},"author":3,"featured_media":5352,"comment_status":"open","ping_status":"closed","sticky":false,"template":"","format":"standard","meta":{"_seopress_robots_primary_cat":"","_seopress_titles_title":"","_seopress_titles_desc":"","_seopress_robots_index":"","footnotes":""},"categories":[48,38],"tags":[1748,1747],"class_list":["post-5351","post","type-post","status-publish","format-standard","has-post-thumbnail","","category-histoire-de-leglise","category-histoire-et-tradition","tag-leon-xiii","tag-les-papes-du-silence"],"_links":{"self":[{"href":"https:\/\/catholicus.eu\/fr\/wp-json\/wp\/v2\/posts\/5351","targetHints":{"allow":["GET"]}}],"collection":[{"href":"https:\/\/catholicus.eu\/fr\/wp-json\/wp\/v2\/posts"}],"about":[{"href":"https:\/\/catholicus.eu\/fr\/wp-json\/wp\/v2\/types\/post"}],"author":[{"embeddable":true,"href":"https:\/\/catholicus.eu\/fr\/wp-json\/wp\/v2\/users\/3"}],"replies":[{"embeddable":true,"href":"https:\/\/catholicus.eu\/fr\/wp-json\/wp\/v2\/comments?post=5351"}],"version-history":[{"count":1,"href":"https:\/\/catholicus.eu\/fr\/wp-json\/wp\/v2\/posts\/5351\/revisions"}],"predecessor-version":[{"id":5353,"href":"https:\/\/catholicus.eu\/fr\/wp-json\/wp\/v2\/posts\/5351\/revisions\/5353"}],"wp:featuredmedia":[{"embeddable":true,"href":"https:\/\/catholicus.eu\/fr\/wp-json\/wp\/v2\/media\/5352"}],"wp:attachment":[{"href":"https:\/\/catholicus.eu\/fr\/wp-json\/wp\/v2\/media?parent=5351"}],"wp:term":[{"taxonomy":"category","embeddable":true,"href":"https:\/\/catholicus.eu\/fr\/wp-json\/wp\/v2\/categories?post=5351"},{"taxonomy":"post_tag","embeddable":true,"href":"https:\/\/catholicus.eu\/fr\/wp-json\/wp\/v2\/tags?post=5351"}],"curies":[{"name":"wp","href":"https:\/\/api.w.org\/{rel}","templated":true}]}}