{"id":5266,"date":"2026-03-02T22:16:53","date_gmt":"2026-03-02T21:16:53","guid":{"rendered":"https:\/\/catholicus.eu\/fr\/?p=5266"},"modified":"2026-03-02T22:16:53","modified_gmt":"2026-03-02T21:16:53","slug":"la-priere-vocale-mentale-et-contemplative-le-chemin-complet-quenseigne-le-catechisme","status":"publish","type":"post","link":"https:\/\/catholicus.eu\/fr\/la-priere-vocale-mentale-et-contemplative-le-chemin-complet-quenseigne-le-catechisme\/","title":{"rendered":"La Pri\u00e8re Vocale, Mentale et Contemplative : Le Chemin Complet qu\u2019Enseigne le Cat\u00e9chisme"},"content":{"rendered":"\n<p>Nous vivons \u00e0 une \u00e9poque de bruit constant. Notifications, pr\u00e9cipitation, obligations, \u00e9crans, pol\u00e9miques, incertitude sociale et crises de foi. Au milieu de ce tourbillon, beaucoup de catholiques ressentent une inqui\u00e9tude profonde : <em>\u00ab Je veux prier\u2026 mais je ne sais pas comment avancer. \u00bb<\/em><\/p>\n\n\n\n<p>L\u2019\u00c9glise, M\u00e8re et Ma\u00eetresse, ne nous laisse pas dans l\u2019obscurit\u00e9. Le Cat\u00e9chisme de l&rsquo;\u00c9glise catholique offre une synth\u00e8se magistrale du chemin de la pri\u00e8re chr\u00e9tienne, structur\u00e9e en trois grandes formes qui ne s\u2019opposent pas mais se compl\u00e8tent : <strong>la pri\u00e8re vocale, la pri\u00e8re mentale et la pri\u00e8re contemplative<\/strong>.<\/p>\n\n\n\n<p>Ce ne sont pas des \u00ab niveaux pour experts \u00bb. C\u2019est un itin\u00e9raire complet. Un chemin organique qui conduit du son des paroles au silence transformant o\u00f9 Dieu agit.<\/p>\n\n\n\n<p>Aujourd\u2019hui, nous allons parcourir ce chemin avec profondeur th\u00e9ologique et sens pastoral, afin qu\u2019il ne reste pas une simple th\u00e9orie\u2026 mais qu\u2019il devienne vie.<\/p>\n\n\n\n<hr class=\"wp-block-separator has-alpha-channel-opacity\"\/>\n\n\n\n<h2 class=\"wp-block-heading\">I. La Pri\u00e8re Vocale : Le Corps qui Parle \u00e0 Dieu<\/h2>\n\n\n\n<h3 class=\"wp-block-heading\">1. L\u2019Incarnation se prie aussi<\/h3>\n\n\n\n<p>La pri\u00e8re vocale est la forme la plus \u00e9l\u00e9mentaire et, paradoxalement, la plus sous-estim\u00e9e \u00e0 notre \u00e9poque. On pense que r\u00e9p\u00e9ter des formules est quelque chose d\u2019\u00ab enfantin \u00bb ou d\u2019\u00ab automatique \u00bb. Mais cela r\u00e9v\u00e8le une compr\u00e9hension pauvre de l\u2019anthropologie chr\u00e9tienne.<\/p>\n\n\n\n<p>Nous sommes corps et \u00e2me. Nous ne sommes pas des esprits flottants. Et c\u2019est pourquoi la foi s\u2019exprime avec les l\u00e8vres, les genoux, la voix et les gestes.<\/p>\n\n\n\n<p>L\u2019\u00c9criture Sainte elle-m\u00eame nous le rappelle :<\/p>\n\n\n\n<blockquote class=\"wp-block-quote is-layout-flow wp-block-quote-is-layout-flow\">\n<p>\u00ab De ma voix je crie vers le Seigneur, de ma voix je supplie le Seigneur \u00bb (Ps 142,2).<\/p>\n<\/blockquote>\n\n\n\n<p>Et le Seigneur Lui-m\u00eame nous a enseign\u00e9 une pri\u00e8re vocale : le Notre P\u00e8re.<\/p>\n\n\n\n<p>Si le Fils de Dieu a voulu nous enseigner des paroles concr\u00e8tes, comment pourrions-nous les m\u00e9priser ?<\/p>\n\n\n\n<h3 class=\"wp-block-heading\">2. Histoire et Tradition<\/h3>\n\n\n\n<p>D\u00e8s les premiers si\u00e8cles, les chr\u00e9tiens r\u00e9citaient les Psaumes, le Credo et les formules liturgiques h\u00e9rit\u00e9es du juda\u00efsme. Les P\u00e8res du d\u00e9sert r\u00e9p\u00e9taient de br\u00e8ves invocations comme \u00ab Kyrie eleison \u00bb.<\/p>\n\n\n\n<p>Dans la tradition latine, le Rosaire est devenu une \u00e9cole populaire de pri\u00e8re. Ce n\u2019est pas une simple r\u00e9p\u00e9tition : c\u2019est une m\u00e9ditation accompagn\u00e9e de rythme, comme les battements du c\u0153ur.<\/p>\n\n\n\n<p>La pri\u00e8re vocale bien faite \u00e9duque :<\/p>\n\n\n\n<ul class=\"wp-block-list\">\n<li>La m\u00e9moire.<\/li>\n\n\n\n<li>La discipline int\u00e9rieure.<\/li>\n\n\n\n<li>L\u2019humilit\u00e9.<\/li>\n\n\n\n<li>La fid\u00e9lit\u00e9 dans la s\u00e9cheresse.<\/li>\n<\/ul>\n\n\n\n<h3 class=\"wp-block-heading\">3. Application pratique aujourd\u2019hui<\/h3>\n\n\n\n<p>Dans une culture de dispersion, la pri\u00e8re vocale est une ancre.<\/p>\n\n\n\n<ul class=\"wp-block-list\">\n<li>Prier le Rosaire en marchant vers le travail.<\/li>\n\n\n\n<li>R\u00e9citer l\u2019Ang\u00e9lus \u00e0 midi.<\/li>\n\n\n\n<li>B\u00e9nir les repas.<\/li>\n\n\n\n<li>Faire consciemment le signe de la Croix.<\/li>\n<\/ul>\n\n\n\n<p>Le probl\u00e8me n\u2019est pas de r\u00e9p\u00e9ter des paroles. Le probl\u00e8me est de les r\u00e9p\u00e9ter sans attention. La cl\u00e9 n\u2019est pas d\u2019abandonner la pri\u00e8re vocale, mais de mieux la prier.<\/p>\n\n\n\n<hr class=\"wp-block-separator has-alpha-channel-opacity\"\/>\n\n\n\n<h2 class=\"wp-block-heading\">II. La Pri\u00e8re Mentale : Le Dialogue du C\u0153ur<\/h2>\n\n\n\n<p>Si la pri\u00e8re vocale utilise des paroles formul\u00e9es, la pri\u00e8re mentale est un dialogue personnel avec Dieu.<\/p>\n\n\n\n<p>Sainte Th\u00e9r\u00e8se d&rsquo;Avila la d\u00e9finissait ainsi :<\/p>\n\n\n\n<blockquote class=\"wp-block-quote is-layout-flow wp-block-quote-is-layout-flow\">\n<p>\u00ab \u00c0 mon avis, l\u2019oraison mentale n\u2019est rien d\u2019autre qu\u2019un commerce d\u2019amiti\u00e9, o\u00f9 l\u2019on s\u2019entretient souvent seul \u00e0 seul avec Celui dont nous savons qu\u2019Il nous aime. \u00bb<\/p>\n<\/blockquote>\n\n\n\n<p>Nous entrons ici dans le domaine de la rencontre personnelle.<\/p>\n\n\n\n<h3 class=\"wp-block-heading\">1. Fondement th\u00e9ologique<\/h3>\n\n\n\n<p>Dieu ne veut pas seulement que nous r\u00e9citions. Il veut que nous conversiez avec Lui. Que nous Lui ouvrions notre \u00e2me.<\/p>\n\n\n\n<p>La pri\u00e8re mentale comprend :<\/p>\n\n\n\n<ul class=\"wp-block-list\">\n<li>La m\u00e9ditation de l\u2019\u00c9criture.<\/li>\n\n\n\n<li>La r\u00e9flexion sur les myst\u00e8res de la foi.<\/li>\n\n\n\n<li>L\u2019examen de conscience.<\/li>\n\n\n\n<li>Le dialogue spontan\u00e9.<\/li>\n<\/ul>\n\n\n\n<p>Elle accomplit ce que dit le Seigneur :<\/p>\n\n\n\n<blockquote class=\"wp-block-quote is-layout-flow wp-block-quote-is-layout-flow\">\n<p>\u00ab Quand tu pries, retire-toi dans ta chambre, ferme la porte et prie ton P\u00e8re qui est l\u00e0 dans le secret \u00bb (Mt 6,6).<\/p>\n<\/blockquote>\n\n\n\n<p>Ici, nous ne faisons plus seulement r\u00e9p\u00e9ter : nous \u00e9coutons, nous r\u00e9pondons, nous demandons.<\/p>\n\n\n\n<h3 class=\"wp-block-heading\">2. La m\u00e9ditation chr\u00e9tienne (\u00e0 ne pas confondre)<\/h3>\n\n\n\n<p>Dans un monde o\u00f9 le mot \u00ab m\u00e9ditation \u00bb est associ\u00e9 \u00e0 des techniques orientales d\u00e9personnalis\u00e9es, il est essentiel de distinguer.<\/p>\n\n\n\n<p>La m\u00e9ditation chr\u00e9tienne ne cherche pas \u00e0 vider l\u2019esprit pour dissoudre le moi. Elle cherche \u00e0 remplir le c\u0153ur de la v\u00e9rit\u00e9 r\u00e9v\u00e9l\u00e9e.<\/p>\n\n\n\n<ul class=\"wp-block-list\">\n<li>On m\u00e9dite un passage de l\u2019\u00c9vangile.<\/li>\n\n\n\n<li>On imagine la sc\u00e8ne.<\/li>\n\n\n\n<li>On parle avec le Christ.<\/li>\n\n\n\n<li>On applique les enseignements \u00e0 la vie concr\u00e8te.<\/li>\n<\/ul>\n\n\n\n<p>C\u2019est profond\u00e9ment incarn\u00e9 et profond\u00e9ment personnel.<\/p>\n\n\n\n<h3 class=\"wp-block-heading\">3. Obstacles contemporains<\/h3>\n\n\n\n<p>Aujourd\u2019hui, le plus grand ennemi de la pri\u00e8re mentale est la distraction permanente.<\/p>\n\n\n\n<p>Le smartphone a envahi m\u00eame le silence int\u00e9rieur.<\/p>\n\n\n\n<p>C\u2019est pourquoi, pastoralement :<\/p>\n\n\n\n<ul class=\"wp-block-list\">\n<li>Il est n\u00e9cessaire d\u2019\u00e9tablir un temps fixe chaque jour.<\/li>\n\n\n\n<li>D\u2019\u00e9teindre les appareils.<\/li>\n\n\n\n<li>De commencer par 10 \u00e0 15 minutes.<\/li>\n\n\n\n<li>De pers\u00e9v\u00e9rer m\u00eame dans l\u2019aridit\u00e9.<\/li>\n<\/ul>\n\n\n\n<p>La pri\u00e8re mentale forme le jugement. Elle purifie l\u2019intention. Elle ordonne les \u00e9motions.<\/p>\n\n\n\n<hr class=\"wp-block-separator has-alpha-channel-opacity\"\/>\n\n\n\n<h2 class=\"wp-block-heading\">III. La Pri\u00e8re Contemplative : Le Silence o\u00f9 Dieu Agit<\/h2>\n\n\n\n<p>Nous arrivons au point le plus \u00e9lev\u00e9 du chemin, mais non dans un sens \u00e9litiste.<\/p>\n\n\n\n<p>La contemplation n\u2019est pas un privil\u00e8ge mystique r\u00e9serv\u00e9 \u00e0 quelques-uns. C\u2019est la vocation normale de tout baptis\u00e9 : l\u2019union aimante avec Dieu.<\/p>\n\n\n\n<h3 class=\"wp-block-heading\">1. Ce qu\u2019elle est (et ce qu\u2019elle n\u2019est pas)<\/h3>\n\n\n\n<p>Ce n\u2019est pas une imagination active.<br>Ce n\u2019est pas un discours mental.<br>Ce n\u2019est pas une \u00e9motion intense.<\/p>\n\n\n\n<p>C\u2019est un regard de foi fix\u00e9 sur Dieu.<br>C\u2019est un amour silencieux.<br>C\u2019est se laisser regarder par Lui.<\/p>\n\n\n\n<p>Saint Jean de la Croix parlait de la \u00ab connaissance amoureuse \u00bb de Dieu dans l\u2019\u00e2me.<\/p>\n\n\n\n<p>Le Cat\u00e9chisme de l&rsquo;\u00c9glise catholique la d\u00e9finit comme une pri\u00e8re de simplicit\u00e9, o\u00f9 la volont\u00e9 aime sans beaucoup de paroles.<\/p>\n\n\n\n<p>Elle accomplit :<\/p>\n\n\n\n<blockquote class=\"wp-block-quote is-layout-flow wp-block-quote-is-layout-flow\">\n<p>\u00ab Arr\u00eatez, et sachez que je suis Dieu \u00bb (Ps 46,11).<\/p>\n<\/blockquote>\n\n\n\n<h3 class=\"wp-block-heading\">2. Dimension th\u00e9ologique profonde<\/h3>\n\n\n\n<p>La contemplation est une participation anticip\u00e9e \u00e0 la vision b\u00e9atifique.<\/p>\n\n\n\n<p>Ici, l\u2019\u00e2me :<\/p>\n\n\n\n<ul class=\"wp-block-list\">\n<li>S\u2019apaise.<\/li>\n\n\n\n<li>Se simplifie.<\/li>\n\n\n\n<li>Se d\u00e9pouille.<\/li>\n\n\n\n<li>Se remet enti\u00e8rement.<\/li>\n<\/ul>\n\n\n\n<p>Nous ne la produisons pas nous-m\u00eames. Elle est gr\u00e2ce. Mais nous pouvons nous y disposer par la fid\u00e9lit\u00e9 dans la pri\u00e8re vocale et mentale.<\/p>\n\n\n\n<p>C\u2019est le passage de l\u2019agir au laisser agir.<\/p>\n\n\n\n<h3 class=\"wp-block-heading\">3. Pertinence dans le monde moderne<\/h3>\n\n\n\n<p>Dans une culture obs\u00e9d\u00e9e par la productivit\u00e9, la contemplation est r\u00e9volutionnaire.<\/p>\n\n\n\n<p>Elle nous rappelle :<\/p>\n\n\n\n<ul class=\"wp-block-list\">\n<li>Nous ne valons pas par ce que nous produisons.<\/li>\n\n\n\n<li>Notre identit\u00e9 r\u00e9side dans le fait d\u2019\u00eatre aim\u00e9s par Dieu.<\/li>\n\n\n\n<li>Le silence n\u2019est pas vide : il est pr\u00e9sence.<\/li>\n<\/ul>\n\n\n\n<p>Un chr\u00e9tien qui contemple ne fuit pas le monde. Il le transforme de l\u2019int\u00e9rieur.<\/p>\n\n\n\n<hr class=\"wp-block-separator has-alpha-channel-opacity\"\/>\n\n\n\n<h2 class=\"wp-block-heading\">IV. Le Chemin est Un : Pas des Compartiments S\u00e9par\u00e9s<\/h2>\n\n\n\n<p>Il ne s\u2019agit pas de choisir l\u2019une et de m\u00e9priser les autres.<\/p>\n\n\n\n<p>La pri\u00e8re vocale nourrit la pri\u00e8re mentale.<br>La pri\u00e8re mentale pr\u00e9pare \u00e0 la pri\u00e8re contemplative.<br>La pri\u00e8re contemplative purifie toutes les autres.<\/p>\n\n\n\n<p>L\u2019itin\u00e9raire spirituel classique \u2014 d\u00e9crit par les P\u00e8res, d\u00e9velopp\u00e9 par les mystiques et synth\u00e9tis\u00e9 par le Magist\u00e8re \u2014 parle de purification, d\u2019illumination et d\u2019union.<\/p>\n\n\n\n<p>C\u2019est une croissance organique.<\/p>\n\n\n\n<p>Beaucoup de fid\u00e8les aujourd\u2019hui abandonnent parce qu\u2019ils veulent des exp\u00e9riences rapides. Mais la vie spirituelle n\u2019est pas une consommation instantan\u00e9e. C\u2019est une maturation lente.<\/p>\n\n\n\n<hr class=\"wp-block-separator has-alpha-channel-opacity\"\/>\n\n\n\n<h2 class=\"wp-block-heading\">V. Applications Pastorales Concr\u00e8tes<\/h2>\n\n\n\n<p>Si nous voulons un christianisme solide en des temps de confusion doctrinale et de relativisme moral, nous avons besoin de chr\u00e9tiens qui prient profond\u00e9ment.<\/p>\n\n\n\n<p>Non pas des activistes nerveux, mais des \u00e2mes centr\u00e9es en Dieu.<\/p>\n\n\n\n<h3 class=\"wp-block-heading\">1. Plan pratique quotidien<\/h3>\n\n\n\n<p><strong>Matin<\/strong><\/p>\n\n\n\n<ul class=\"wp-block-list\">\n<li>Signe de Croix conscient.<\/li>\n\n\n\n<li>Offrande de la journ\u00e9e.<\/li>\n\n\n\n<li>10 minutes de m\u00e9ditation.<\/li>\n<\/ul>\n\n\n\n<p><strong>Midi<\/strong><\/p>\n\n\n\n<ul class=\"wp-block-list\">\n<li>Ang\u00e9lus.<\/li>\n\n\n\n<li>Br\u00e8ve invocation int\u00e9rieure.<\/li>\n<\/ul>\n\n\n\n<p><strong>Apr\u00e8s-midi<\/strong><\/p>\n\n\n\n<ul class=\"wp-block-list\">\n<li>Rosaire ou une partie du Rosaire.<\/li>\n<\/ul>\n\n\n\n<p><strong>Nuit<\/strong><\/p>\n\n\n\n<ul class=\"wp-block-list\">\n<li>Examen de conscience.<\/li>\n\n\n\n<li>Acte de contrition.<\/li>\n\n\n\n<li>Bref silence contemplatif.<\/li>\n<\/ul>\n\n\n\n<h3 class=\"wp-block-heading\">2. En famille<\/h3>\n\n\n\n<ul class=\"wp-block-list\">\n<li>Prier ensemble, ne serait-ce qu\u2019une dizaine du Rosaire.<\/li>\n\n\n\n<li>B\u00e9nir les repas.<\/li>\n\n\n\n<li>Enseigner aux enfants les pri\u00e8res vocales.<\/li>\n\n\n\n<li>Introduire progressivement des moments de silence.<\/li>\n<\/ul>\n\n\n\n<h3 class=\"wp-block-heading\">3. Au milieu du travail<\/h3>\n\n\n\n<p>Vous n\u2019avez pas besoin d\u2019un monast\u00e8re.<\/p>\n\n\n\n<p>Il suffit de :<\/p>\n\n\n\n<ul class=\"wp-block-list\">\n<li>\u00c9lever le c\u0153ur.<\/li>\n\n\n\n<li>Offrir les t\u00e2ches.<\/li>\n\n\n\n<li>R\u00e9p\u00e9ter une invocation int\u00e9rieure.<\/li>\n<\/ul>\n\n\n\n<p>La pri\u00e8re transforme la routine en sanctification.<\/p>\n\n\n\n<hr class=\"wp-block-separator has-alpha-channel-opacity\"\/>\n\n\n\n<h2 class=\"wp-block-heading\">VI. Conclusion : Le Chemin Complet vers l\u2019Intimit\u00e9 avec Dieu<\/h2>\n\n\n\n<p>La pri\u00e8re vocale nous discipline.<br>La pri\u00e8re mentale nous forme.<br>La contemplation nous transforme.<\/p>\n\n\n\n<p>Le monde a besoin de catholiques profond\u00e9ment enracin\u00e9s en Dieu. Non pas des activistes agit\u00e9s, mais des \u00e2mes centr\u00e9es.<\/p>\n\n\n\n<p>Le Seigneur nous appelle tous \u00e0 la saintet\u00e9. Et la saintet\u00e9 ne commence pas par de grandes \u0153uvres, mais par des genoux pli\u00e9s et un c\u0153ur ouvert.<\/p>\n\n\n\n<p>Si vous pers\u00e9v\u00e9rez sur ce chemin, vous d\u00e9couvrirez quelque chose de surprenant :<\/p>\n\n\n\n<p>Ce n\u2019est pas vous qui cherchez Dieu.<br>C\u2019est Dieu qui vous attendait dans le silence.<\/p>\n\n\n\n<p>Et l\u00e0, dans ce silence, commence la vraie vie.<\/p>\n","protected":false},"excerpt":{"rendered":"<p>Nous vivons \u00e0 une \u00e9poque de bruit constant. Notifications, pr\u00e9cipitation, obligations, \u00e9crans, pol\u00e9miques, incertitude sociale et crises de foi. Au milieu de ce tourbillon, beaucoup de catholiques ressentent une inqui\u00e9tude profonde : \u00ab Je veux prier\u2026 mais je ne sais pas comment avancer. \u00bb L\u2019\u00c9glise, M\u00e8re et Ma\u00eetresse, ne nous laisse pas dans l\u2019obscurit\u00e9. Le &hellip;<\/p>\n","protected":false},"author":3,"featured_media":5267,"comment_status":"closed","ping_status":"closed","sticky":false,"template":"","format":"standard","meta":{"_seopress_robots_primary_cat":"","_seopress_titles_title":"","_seopress_titles_desc":"","_seopress_robots_index":"","footnotes":""},"categories":[43,37],"tags":[245],"class_list":["post-5266","post","type-post","status-publish","format-standard","has-post-thumbnail","","category-catechisme-de-leglise-catholique","category-doctrine-et-foi","tag-priere"],"_links":{"self":[{"href":"https:\/\/catholicus.eu\/fr\/wp-json\/wp\/v2\/posts\/5266","targetHints":{"allow":["GET"]}}],"collection":[{"href":"https:\/\/catholicus.eu\/fr\/wp-json\/wp\/v2\/posts"}],"about":[{"href":"https:\/\/catholicus.eu\/fr\/wp-json\/wp\/v2\/types\/post"}],"author":[{"embeddable":true,"href":"https:\/\/catholicus.eu\/fr\/wp-json\/wp\/v2\/users\/3"}],"replies":[{"embeddable":true,"href":"https:\/\/catholicus.eu\/fr\/wp-json\/wp\/v2\/comments?post=5266"}],"version-history":[{"count":1,"href":"https:\/\/catholicus.eu\/fr\/wp-json\/wp\/v2\/posts\/5266\/revisions"}],"predecessor-version":[{"id":5268,"href":"https:\/\/catholicus.eu\/fr\/wp-json\/wp\/v2\/posts\/5266\/revisions\/5268"}],"wp:featuredmedia":[{"embeddable":true,"href":"https:\/\/catholicus.eu\/fr\/wp-json\/wp\/v2\/media\/5267"}],"wp:attachment":[{"href":"https:\/\/catholicus.eu\/fr\/wp-json\/wp\/v2\/media?parent=5266"}],"wp:term":[{"taxonomy":"category","embeddable":true,"href":"https:\/\/catholicus.eu\/fr\/wp-json\/wp\/v2\/categories?post=5266"},{"taxonomy":"post_tag","embeddable":true,"href":"https:\/\/catholicus.eu\/fr\/wp-json\/wp\/v2\/tags?post=5266"}],"curies":[{"name":"wp","href":"https:\/\/api.w.org\/{rel}","templated":true}]}}