{"id":5263,"date":"2026-03-02T21:32:41","date_gmt":"2026-03-02T20:32:41","guid":{"rendered":"https:\/\/catholicus.eu\/fr\/?p=5263"},"modified":"2026-03-02T21:32:41","modified_gmt":"2026-03-02T20:32:41","slug":"feu-de-lesprit-ou-emotion-passagere-le-renouveau-charismatique-sous-le-regard-de-la-theologie-catholique","status":"publish","type":"post","link":"https:\/\/catholicus.eu\/fr\/feu-de-lesprit-ou-emotion-passagere-le-renouveau-charismatique-sous-le-regard-de-la-theologie-catholique\/","title":{"rendered":"Feu de l\u2019Esprit ou \u00e9motion passag\u00e8re ? Le Renouveau charismatique sous le regard de la th\u00e9ologie catholique"},"content":{"rendered":"\n<p>Dans un monde bless\u00e9 par l\u2019\u00e9puisement spirituel, la pr\u00e9cipitation et la superficialit\u00e9, des millions de catholiques ont red\u00e9couvert une exp\u00e9rience vivante de Dieu \u00e0 travers ce que l\u2019on appelle le <em>Renouveau charismatique<\/em>. Pour certains, il s\u2019agit d\u2019un souffle frais de l\u2019Esprit Saint. Pour d\u2019autres, d\u2019un motif de perplexit\u00e9. Qu\u2019est-ce r\u00e9ellement que le Renouveau charismatique ? Est-il pleinement catholique ? Quel est son fondement biblique et th\u00e9ologique ? Et comment peut-il transformer aujourd\u2019hui notre vie spirituelle sans tomber dans le sentimentalisme ?<\/p>\n\n\n\n<p>Cet article veut offrir un regard profond, rigoureux et pastoral sur ce ph\u00e9nom\u00e8ne eccl\u00e9sial, enracin\u00e9 dans la fid\u00e9lit\u00e9 \u00e0 la Tradition et au Magist\u00e8re de l\u2019\u00c9glise.<\/p>\n\n\n\n<hr class=\"wp-block-separator has-alpha-channel-opacity\"\/>\n\n\n\n<h2 class=\"wp-block-heading\">Qu\u2019est-ce que le Renouveau charismatique ?<\/h2>\n\n\n\n<p>Le Renouveau charismatique catholique (RCC) est un mouvement spirituel n\u00e9 dans l\u2019\u00c9glise au XXe si\u00e8cle qui promeut une exp\u00e9rience personnelle de l\u2019Esprit Saint et une actualisation des charismes d\u00e9crits dans le Nouveau Testament, en particulier aux chapitres 12 \u00e0 14 de la Premi\u00e8re Lettre aux Corinthiens.<\/p>\n\n\n\n<p>Ce n\u2019est pas une nouvelle doctrine.<br>Ce n\u2019est pas une \u00c9glise parall\u00e8le.<br>Ce n\u2019est pas une spiritualit\u00e9 \u00e9trang\u00e8re au catholicisme.<\/p>\n\n\n\n<p>Dans son essence, il s\u2019agit d\u2019un appel \u00e0 red\u00e9couvrir l\u2019action vivante de l\u2019Esprit Saint re\u00e7ue au Bapt\u00eame et \u00e0 la Confirmation.<\/p>\n\n\n\n<p>Sa caract\u00e9ristique la plus marquante est ce que l\u2019on appelle le \u00ab Bapt\u00eame dans l\u2019Esprit Saint \u00bb : un renouvellement conscient et existentiel des gr\u00e2ces sacramentelles d\u00e9j\u00e0 re\u00e7ues. Il n\u2019ajoute pas un nouveau sacrement. Il ne remplace rien. Il s\u2019agit d\u2019une r\u00e9activation spirituelle.<\/p>\n\n\n\n<hr class=\"wp-block-separator has-alpha-channel-opacity\"\/>\n\n\n\n<h2 class=\"wp-block-heading\">Origines historiques : de la Pentec\u00f4te au XXe si\u00e8cle<\/h2>\n\n\n\n<h3 class=\"wp-block-heading\">La racine biblique : la Pentec\u00f4te<\/h3>\n\n\n\n<p>Le Renouveau charismatique trouve son mod\u00e8le dans l\u2019\u00e9v\u00e9nement de la Pentec\u00f4te, racont\u00e9 en Actes 2. Nous y lisons :<\/p>\n\n\n\n<blockquote class=\"wp-block-quote is-layout-flow wp-block-quote-is-layout-flow\">\n<p>\u00ab Ils furent tous remplis de l\u2019Esprit Saint et se mirent \u00e0 parler en d\u2019autres langues, selon que l\u2019Esprit leur donnait de s\u2019exprimer \u00bb (Ac 2,4).<\/p>\n<\/blockquote>\n\n\n\n<p>Le ph\u00e9nom\u00e8ne n\u2019\u00e9tait pas simplement \u00e9motionnel. Ce fut une effusion transformante qui fit d\u2019hommes craintifs des ap\u00f4tres courageux.<\/p>\n\n\n\n<h3 class=\"wp-block-heading\">L\u2019\u00e9mergence contemporaine<\/h3>\n\n\n\n<p>En 1967, \u00e0 l\u2019Universit\u00e9 de Duquesne aux \u00c9tats-Unis, un groupe d\u2019\u00e9tudiants catholiques v\u00e9cut ce qu\u2019ils d\u00e9crivirent comme une effusion de l\u2019Esprit Saint lors d\u2019une retraite spirituelle. \u00c0 partir de l\u00e0, l\u2019exp\u00e9rience se r\u00e9pandit rapidement dans les universit\u00e9s, les paroisses et les dioc\u00e8ses du monde entier.<\/p>\n\n\n\n<p>Loin d\u2019\u00eatre une rupture, l\u2019\u00c9glise examina le ph\u00e9nom\u00e8ne. Au fil des ann\u00e9es, plusieurs pontifes \u2014 dont Paul VI, Jean-Paul II et Beno\u00eet XVI \u2014 reconnurent dans le Renouveau un don de l\u2019Esprit pour l\u2019\u00c9glise contemporaine, \u00e0 condition qu\u2019il demeure en communion avec la hi\u00e9rarchie et fid\u00e8le \u00e0 la doctrine.<\/p>\n\n\n\n<hr class=\"wp-block-separator has-alpha-channel-opacity\"\/>\n\n\n\n<h2 class=\"wp-block-heading\">Fondement th\u00e9ologique : les charismes dans l\u2019\u00c9glise<\/h2>\n\n\n\n<h3 class=\"wp-block-heading\">Que sont les charismes ?<\/h3>\n\n\n\n<p>Saint Paul \u00e9crit :<\/p>\n\n\n\n<blockquote class=\"wp-block-quote is-layout-flow wp-block-quote-is-layout-flow\">\n<p>\u00ab Il y a diversit\u00e9 de dons, mais le m\u00eame Esprit \u00bb (1 Co 12,4).<\/p>\n<\/blockquote>\n\n\n\n<p>Les charismes sont des gr\u00e2ces sp\u00e9ciales accord\u00e9es par l\u2019Esprit Saint pour le bien commun de l\u2019\u00c9glise. Ce ne sont pas des r\u00e9compenses pour la saintet\u00e9 personnelle. Ce ne sont pas des signes automatiques de perfection spirituelle. Ce sont des services.<\/p>\n\n\n\n<p>La th\u00e9ologie catholique distingue :<\/p>\n\n\n\n<ul class=\"wp-block-list\">\n<li><strong>La gr\u00e2ce sanctifiante<\/strong> (qui nous fait enfants de Dieu).<\/li>\n\n\n\n<li><strong>Les charismes<\/strong> (dons destin\u00e9s \u00e0 \u00e9difier la communaut\u00e9).<\/li>\n<\/ul>\n\n\n\n<p>Le Renouveau charismatique met l\u2019accent sur l\u2019actualisation de charismes tels que :<\/p>\n\n\n\n<ul class=\"wp-block-list\">\n<li>La pri\u00e8re de louange<\/li>\n\n\n\n<li>Le don des langues<\/li>\n\n\n\n<li>La proph\u00e9tie<\/li>\n\n\n\n<li>La gu\u00e9rison<\/li>\n\n\n\n<li>Le discernement des esprits<\/li>\n<\/ul>\n\n\n\n<p>Mais il est crucial de comprendre : un charisme ne remplace jamais la vie sacramentelle ni l\u2019ob\u00e9issance eccl\u00e9siale. L\u2019Esprit Saint ne se contredit pas.<\/p>\n\n\n\n<hr class=\"wp-block-separator has-alpha-channel-opacity\"\/>\n\n\n\n<h2 class=\"wp-block-heading\">\u00c9motion ou vie spirituelle authentique ?<\/h2>\n\n\n\n<p>Nous entrons ici dans un point d\u00e9licat et n\u00e9cessaire.<\/p>\n\n\n\n<p>La vie spirituelle ne se mesure pas \u00e0 l\u2019intensit\u00e9 \u00e9motionnelle. La tradition mystique \u2014 de Saint Jean de la Croix \u00e0 Sainte Th\u00e9r\u00e8se d\u2019Avila \u2014 nous enseigne que Dieu peut agir aussi bien dans la consolation que dans l\u2019aridit\u00e9.<\/p>\n\n\n\n<p>Le Renouveau charismatique court le risque \u2014 lorsqu\u2019il est d\u00e9sordonn\u00e9 \u2014 d\u2019identifier la pr\u00e9sence de l\u2019Esprit \u00e0 une forte exp\u00e9rience sensible. Cependant :<\/p>\n\n\n\n<ul class=\"wp-block-list\">\n<li>L\u2019Esprit agit aussi dans le silence.<\/li>\n\n\n\n<li>La saintet\u00e9 se mesure \u00e0 la charit\u00e9, non aux ph\u00e9nom\u00e8nes extraordinaires.<\/li>\n\n\n\n<li>Le fruit authentique est la conversion morale et sacramentelle.<\/li>\n<\/ul>\n\n\n\n<p>J\u00e9sus Lui-m\u00eame a averti :<\/p>\n\n\n\n<blockquote class=\"wp-block-quote is-layout-flow wp-block-quote-is-layout-flow\">\n<p>\u00ab C\u2019est \u00e0 leurs fruits que vous les reconna\u00eetrez \u00bb (Mt 7,16).<\/p>\n<\/blockquote>\n\n\n\n<hr class=\"wp-block-separator has-alpha-channel-opacity\"\/>\n\n\n\n<h2 class=\"wp-block-heading\">Pertinence dans le contexte actuel<\/h2>\n\n\n\n<p>Nous vivons dans une culture s\u00e9cularis\u00e9e, relativiste et spirituellement dispers\u00e9e. Beaucoup de baptis\u00e9s vivent comme si Dieu n\u2019existait pas. Dans ce contexte, le Renouveau a servi de :<\/p>\n\n\n\n<ul class=\"wp-block-list\">\n<li>Porte de retour pour les \u00e9loign\u00e9s<\/li>\n\n\n\n<li>\u00c9cole de pri\u00e8re vivante<\/li>\n\n\n\n<li>Espace de red\u00e9couverte de l\u2019Esprit Saint<\/li>\n\n\n\n<li>Moteur d\u2019\u00e9vang\u00e9lisation<\/li>\n<\/ul>\n\n\n\n<p>Il a aid\u00e9 beaucoup \u00e0 passer d\u2019une foi culturelle \u00e0 une foi personnelle.<\/p>\n\n\n\n<p>\u00c0 une \u00e9poque o\u00f9 le christianisme risque d\u2019\u00eatre r\u00e9duit \u00e0 une \u00e9thique sociale ou \u00e0 un activisme, le Renouveau rappelle que l\u2019\u00c9glise est avant tout un myst\u00e8re surnaturel.<\/p>\n\n\n\n<hr class=\"wp-block-separator has-alpha-channel-opacity\"\/>\n\n\n\n<h2 class=\"wp-block-heading\">Risques et discernement pastoral<\/h2>\n\n\n\n<p>Une analyse s\u00e9rieuse doit aussi reconna\u00eetre les dangers :<\/p>\n\n\n\n<ol class=\"wp-block-list\">\n<li>L\u2019\u00e9motionalisme d\u00e9sordonn\u00e9<\/li>\n\n\n\n<li>Le manque de formation doctrinale<\/li>\n\n\n\n<li>La tendance \u00e0 l\u2019autosuffisance de groupe<\/li>\n\n\n\n<li>La confusion entre charisme et autorit\u00e9<\/li>\n<\/ol>\n\n\n\n<p>C\u2019est pourquoi l\u2019\u00c9glise insiste sur trois crit\u00e8res :<\/p>\n\n\n\n<ul class=\"wp-block-list\">\n<li>Fid\u00e9lit\u00e9 au Magist\u00e8re<\/li>\n\n\n\n<li>Centralit\u00e9 de l\u2019Eucharistie<\/li>\n\n\n\n<li>Vie sacramentelle solide<\/li>\n<\/ul>\n\n\n\n<p>L\u00e0 o\u00f9 ces \u00e9l\u00e9ments sont pr\u00e9sents, le Renouveau s\u2019\u00e9panouit sainement. L\u00e0 o\u00f9 ils manquent, il s\u2019affaiblit.<\/p>\n\n\n\n<hr class=\"wp-block-separator has-alpha-channel-opacity\"\/>\n\n\n\n<h2 class=\"wp-block-heading\">Applications pratiques pour la vie quotidienne<\/h2>\n\n\n\n<p>Le Renouveau charismatique ne se limite pas aux r\u00e9unions de pri\u00e8re. Ses principes peuvent \u00eatre v\u00e9cus chaque jour :<\/p>\n\n\n\n<h3 class=\"wp-block-heading\">1. Red\u00e9couvrir l\u2019Esprit Saint<\/h3>\n\n\n\n<p>Beaucoup de chr\u00e9tiens vivent comme si l\u2019Esprit \u00e9tait \u00ab le grand inconnu \u00bb. L\u2019invoquer quotidiennement transforme la pri\u00e8re.<\/p>\n\n\n\n<p>Une pratique simple :<\/p>\n\n\n\n<blockquote class=\"wp-block-quote is-layout-flow wp-block-quote-is-layout-flow\">\n<p>\u00ab Viens, Esprit Saint, renouvelle en moi la gr\u00e2ce de mon Bapt\u00eame. \u00bb<\/p>\n<\/blockquote>\n\n\n\n<h3 class=\"wp-block-heading\">2. La pri\u00e8re de louange<\/h3>\n\n\n\n<p>La louange ne d\u00e9pend pas de l\u2019humeur. C\u2019est un acte de foi, m\u00eame dans l\u2019\u00e9preuve.<\/p>\n\n\n\n<h3 class=\"wp-block-heading\">3. Le discernement spirituel<\/h3>\n\n\n\n<p>Demander la lumi\u00e8re avant les d\u00e9cisions importantes.<br>Tout enthousiasme ne vient pas de Dieu.<\/p>\n\n\n\n<h3 class=\"wp-block-heading\">4. La vie communautaire<\/h3>\n\n\n\n<p>Le christianisme n\u2019est pas un individualisme spirituel. Les groupes de pri\u00e8re peuvent soutenir, mais toujours int\u00e9gr\u00e9s dans la paroisse.<\/p>\n\n\n\n<h3 class=\"wp-block-heading\">5. La charit\u00e9 concr\u00e8te<\/h3>\n\n\n\n<p>Le v\u00e9ritable \u00ab charisme \u00bb visible est d\u2019aimer davantage et d\u2019aimer mieux.<\/p>\n\n\n\n<hr class=\"wp-block-separator has-alpha-channel-opacity\"\/>\n\n\n\n<h2 class=\"wp-block-heading\">Renouveau et Tradition : opposition ou compl\u00e9mentarit\u00e9 ?<\/h2>\n\n\n\n<p>Une fausse dichotomie oppose le charismatique au traditionnel. Pourtant, l\u2019\u00c9glise est simultan\u00e9ment :<\/p>\n\n\n\n<ul class=\"wp-block-list\">\n<li>Hi\u00e9rarchique et charismatique<\/li>\n\n\n\n<li>Institutionnelle et mystique<\/li>\n\n\n\n<li>Liturgique et spontan\u00e9e<\/li>\n<\/ul>\n\n\n\n<p>Le m\u00eame Esprit qui inspira les P\u00e8res du d\u00e9sert souffle aujourd\u2019hui o\u00f9 Il veut.<\/p>\n\n\n\n<p>La cl\u00e9 n\u2019est pas de choisir entre tradition ou charisme. Il s\u2019agit de vivre le charisme dans la tradition.<\/p>\n\n\n\n<hr class=\"wp-block-separator has-alpha-channel-opacity\"\/>\n\n\n\n<h2 class=\"wp-block-heading\">Un appel \u00e0 la maturit\u00e9 spirituelle<\/h2>\n\n\n\n<p>Le Renouveau charismatique est un don lorsqu\u2019il conduit \u00e0 :<\/p>\n\n\n\n<ul class=\"wp-block-list\">\n<li>Davantage de confession<\/li>\n\n\n\n<li>Une plus grande d\u00e9votion eucharistique<\/li>\n\n\n\n<li>Une ob\u00e9issance accrue<\/li>\n\n\n\n<li>La saintet\u00e9 au quotidien<\/li>\n\n\n\n<li>Un amour plus profond pour l\u2019\u00c9glise<\/li>\n<\/ul>\n\n\n\n<p>Ce n\u2019est pas une fin en soi. C\u2019est un moyen.<\/p>\n\n\n\n<p>L\u2019Esprit Saint ne cherche pas \u00e0 produire des exp\u00e9riences spectaculaires, mais des saints.<\/p>\n\n\n\n<hr class=\"wp-block-separator has-alpha-channel-opacity\"\/>\n\n\n\n<h2 class=\"wp-block-heading\">Conclusion : Que devons-nous faire aujourd\u2019hui ?<\/h2>\n\n\n\n<p>Peut-\u00eatre le lecteur se demande-t-il : Dois-je participer au Renouveau ?<\/p>\n\n\n\n<p>La r\u00e9ponse n\u2019est pas automatique. Tous ne sont pas appel\u00e9s aux m\u00eames expressions spirituelles. Mais tous sont appel\u00e9s \u00e0 vivre dans l\u2019Esprit.<\/p>\n\n\n\n<p>Plus que jamais, nous avons besoin de :<\/p>\n\n\n\n<ul class=\"wp-block-list\">\n<li>Chr\u00e9tiens int\u00e9rieurement enflamm\u00e9s<\/li>\n\n\n\n<li>Une foi v\u00e9cue, non simplement h\u00e9rit\u00e9e<\/li>\n\n\n\n<li>Esprit et v\u00e9rit\u00e9<\/li>\n<\/ul>\n\n\n\n<p>Le Renouveau charismatique nous rappelle une v\u00e9rit\u00e9 essentielle : Dieu n\u2019est pas une id\u00e9e du pass\u00e9. Il est une pr\u00e9sence vivante.<\/p>\n\n\n\n<p>Et comme \u00e0 la Pentec\u00f4te, Il continue de souffler.<\/p>\n\n\n\n<p>La question n\u2019est pas de savoir si l\u2019Esprit agit.<br>La question est : Lui permettons-nous d\u2019agir en nous ?<\/p>\n","protected":false},"excerpt":{"rendered":"<p>Dans un monde bless\u00e9 par l\u2019\u00e9puisement spirituel, la pr\u00e9cipitation et la superficialit\u00e9, des millions de catholiques ont red\u00e9couvert une exp\u00e9rience vivante de Dieu \u00e0 travers ce que l\u2019on appelle le Renouveau charismatique. Pour certains, il s\u2019agit d\u2019un souffle frais de l\u2019Esprit Saint. Pour d\u2019autres, d\u2019un motif de perplexit\u00e9. Qu\u2019est-ce r\u00e9ellement que le Renouveau charismatique ? &hellip;<\/p>\n","protected":false},"author":3,"featured_media":5264,"comment_status":"closed","ping_status":"closed","sticky":false,"template":"","format":"standard","meta":{"_seopress_robots_primary_cat":"","_seopress_titles_title":"","_seopress_titles_desc":"","_seopress_robots_index":"","footnotes":""},"categories":[40,58],"tags":[1725],"class_list":["post-5263","post","type-post","status-publish","format-standard","has-post-thumbnail","","category-priere-et-spiritualite","category-priere-et-vie-spirituelle","tag-renouveau-charismatique"],"_links":{"self":[{"href":"https:\/\/catholicus.eu\/fr\/wp-json\/wp\/v2\/posts\/5263","targetHints":{"allow":["GET"]}}],"collection":[{"href":"https:\/\/catholicus.eu\/fr\/wp-json\/wp\/v2\/posts"}],"about":[{"href":"https:\/\/catholicus.eu\/fr\/wp-json\/wp\/v2\/types\/post"}],"author":[{"embeddable":true,"href":"https:\/\/catholicus.eu\/fr\/wp-json\/wp\/v2\/users\/3"}],"replies":[{"embeddable":true,"href":"https:\/\/catholicus.eu\/fr\/wp-json\/wp\/v2\/comments?post=5263"}],"version-history":[{"count":1,"href":"https:\/\/catholicus.eu\/fr\/wp-json\/wp\/v2\/posts\/5263\/revisions"}],"predecessor-version":[{"id":5265,"href":"https:\/\/catholicus.eu\/fr\/wp-json\/wp\/v2\/posts\/5263\/revisions\/5265"}],"wp:featuredmedia":[{"embeddable":true,"href":"https:\/\/catholicus.eu\/fr\/wp-json\/wp\/v2\/media\/5264"}],"wp:attachment":[{"href":"https:\/\/catholicus.eu\/fr\/wp-json\/wp\/v2\/media?parent=5263"}],"wp:term":[{"taxonomy":"category","embeddable":true,"href":"https:\/\/catholicus.eu\/fr\/wp-json\/wp\/v2\/categories?post=5263"},{"taxonomy":"post_tag","embeddable":true,"href":"https:\/\/catholicus.eu\/fr\/wp-json\/wp\/v2\/tags?post=5263"}],"curies":[{"name":"wp","href":"https:\/\/api.w.org\/{rel}","templated":true}]}}