{"id":5251,"date":"2026-03-01T22:46:09","date_gmt":"2026-03-01T21:46:09","guid":{"rendered":"https:\/\/catholicus.eu\/fr\/?p=5251"},"modified":"2026-03-01T22:46:09","modified_gmt":"2026-03-01T21:46:09","slug":"larmes-de-sang-quand-le-ciel-pleure-pour-nous-theologie-mystique-et-reparation-au-sacre-coeur","status":"publish","type":"post","link":"https:\/\/catholicus.eu\/fr\/larmes-de-sang-quand-le-ciel-pleure-pour-nous-theologie-mystique-et-reparation-au-sacre-coeur\/","title":{"rendered":"Larmes de Sang : Quand le Ciel Pleure pour Nous \u2014 Th\u00e9ologie, Mystique et R\u00e9paration au Sacr\u00e9-C\u0153ur"},"content":{"rendered":"\n<p>\u00c0 diff\u00e9rents moments de l\u2019histoire, des images du Christ ou de la Vierge Marie ont \u00e9t\u00e9 associ\u00e9es \u00e0 un ph\u00e9nom\u00e8ne qui bouleverse et interroge : les dites <em>\u00ab larmes de sang \u00bb<\/em>. Pour certains, c\u2019est un signe saisissant. Pour d\u2019autres, un motif de scepticisme. Pour l\u2019\u00c9glise, c\u2019est une question qui exige discernement, prudence et profondeur th\u00e9ologique.<\/p>\n\n\n\n<p>Mais au-del\u00e0 du ph\u00e9nom\u00e8ne extraordinaire \u2014 qui peut \u00eatre authentique, mal interpr\u00e9t\u00e9 ou m\u00eame frauduleux \u2014 il existe une v\u00e9rit\u00e9 spirituelle bien plus importante : <strong>Dieu souffre \u00e0 cause du p\u00e9ch\u00e9 de l\u2019homme, et son C\u0153ur demande r\u00e9paration.<\/strong><\/p>\n\n\n\n<p>Cet article ne cherche pas \u00e0 nourrir la curiosit\u00e9, mais \u00e0 former l\u2019\u00e2me. Il ne veut pas se concentrer sur le spectaculaire, mais sur l\u2019essentiel : la th\u00e9ologie de la souffrance r\u00e9demptrice, la mystique de la r\u00e9paration et l\u2019appel urgent du Magist\u00e8re \u00e0 consoler le Sacr\u00e9-C\u0153ur de J\u00e9sus dans un monde bless\u00e9.<\/p>\n\n\n\n<hr class=\"wp-block-separator has-alpha-channel-opacity\"\/>\n\n\n\n<h2 class=\"wp-block-heading\">1. Que sont les \u00ab larmes de sang \u00bb ? Histoire et discernement<\/h2>\n\n\n\n<p>Au fil des si\u00e8cles, on a rapport\u00e9 des cas d\u2019images qui semblaient verser des larmes, certaines d\u00e9crites comme \u00ab de sang \u00bb. Parmi les plus connus figurent des \u00e9pisodes li\u00e9s \u00e0 des d\u00e9votions mariales, comme ceux de Civitavecchia en 1995, ou les messages associ\u00e9s \u00e0 Akita dans les ann\u00e9es 1970.<\/p>\n\n\n\n<p>L\u2019\u00c9glise, fid\u00e8le \u00e0 sa mission, <strong>ne se pr\u00e9cipite jamais<\/strong>. Elle enqu\u00eate, analyse, exclut les explications naturelles et \u00e9tudie les fruits spirituels. Ce n\u2019est qu\u2019apr\u00e8s un processus s\u00e9rieux qu\u2019elle peut \u00e9mettre un jugement prudent. Dans de nombreux cas, l\u2019\u00c9glise n\u2019affirme pas l\u2019origine surnaturelle, mais peut permettre la d\u00e9votion si rien n\u2019est contraire \u00e0 la foi.<\/p>\n\n\n\n<p>Cependant, m\u00eame lorsqu\u2019un ph\u00e9nom\u00e8ne n\u2019est pas officiellement reconnu, <strong>le message spirituel qui accompagne g\u00e9n\u00e9ralement ces \u00e9v\u00e9nements est frappant par sa constance<\/strong> : p\u00e9nitence, conversion, r\u00e9paration.<\/p>\n\n\n\n<p>Et nous arrivons ici au c\u0153ur du sujet.<\/p>\n\n\n\n<hr class=\"wp-block-separator has-alpha-channel-opacity\"\/>\n\n\n\n<h2 class=\"wp-block-heading\">2. Dieu peut-il \u00ab pleurer \u00bb ? Fondement th\u00e9ologique de la douleur divine<\/h2>\n\n\n\n<p>D\u2019un point de vue strictement th\u00e9ologique, Dieu dans sa nature divine est impassible : Il ne souffre pas comme nous. Pourtant, dans l\u2019Incarnation, le Fils \u00e9ternel a assum\u00e9 une v\u00e9ritable nature humaine.<\/p>\n\n\n\n<p>J\u00e9sus-Christ a pleur\u00e9.<\/p>\n\n\n\n<p>L\u2019\u00c9vangile nous le dit dans l\u2019un des versets les plus courts et les plus profonds de toute l\u2019\u00c9criture :<\/p>\n\n\n\n<blockquote class=\"wp-block-quote is-layout-flow wp-block-quote-is-layout-flow\">\n<p>\u00ab J\u00e9sus pleura. \u00bb (Jn 11,35)<\/p>\n<\/blockquote>\n\n\n\n<p>Devant le tombeau de Lazare, le Seigneur manifeste une douleur authentique. Ce n\u2019est pas du th\u00e9\u00e2tre. Ce n\u2019est pas un symbolisme vide. C\u2019est le C\u0153ur humain de Dieu \u00e9mu par la souffrance et l\u2019incr\u00e9dulit\u00e9.<\/p>\n\n\n\n<p>Ainsi, lorsque nous parlons de \u00ab larmes de sang \u00bb, nous n\u2019inventons pas une image sentimentale. Nous contemplons un myst\u00e8re r\u00e9el : <strong>le C\u0153ur du Christ bless\u00e9 par les p\u00e9ch\u00e9s du monde.<\/strong><\/p>\n\n\n\n<hr class=\"wp-block-separator has-alpha-channel-opacity\"\/>\n\n\n\n<h2 class=\"wp-block-heading\">3. Le Sacr\u00e9-C\u0153ur : Amour transperc\u00e9, Amour rejet\u00e9<\/h2>\n\n\n\n<p>La spiritualit\u00e9 du Sacr\u00e9-C\u0153ur a trouv\u00e9 son expression mystique la plus connue dans les r\u00e9v\u00e9lations faites \u00e0 Sainte Marguerite-Marie Alacoque au XVII\u1d49 si\u00e8cle. Dans celles-ci, le Christ lui montre son C\u0153ur entour\u00e9 d\u2019\u00e9pines et prononce ces paroles bouleversantes :<\/p>\n\n\n\n<blockquote class=\"wp-block-quote is-layout-flow wp-block-quote-is-layout-flow\">\n<p>\u00ab Voil\u00e0 ce C\u0153ur qui a tant aim\u00e9 les hommes et qui ne re\u00e7oit d\u2019eux que des ingratitudes\u2026 \u00bb<\/p>\n<\/blockquote>\n\n\n\n<p>Nous trouvons ici la cl\u00e9 pour comprendre les larmes de sang : <strong>elles ne sont pas un spectacle, mais une supplication. Non une menace, mais une lamentation d\u2019amour.<\/strong><\/p>\n\n\n\n<p>Le Magist\u00e8re de l\u2019\u00c9glise a confirm\u00e9 la centralit\u00e9 de cette d\u00e9votion. Le pape Pie XII, dans son encyclique <em>Haurietis Aquas<\/em> (1956), a enseign\u00e9 que le culte du Sacr\u00e9-C\u0153ur n\u2019est pas une pratique secondaire, mais une expression profonde du myst\u00e8re de l\u2019amour r\u00e9dempteur.<\/p>\n\n\n\n<p>Le C\u0153ur transperc\u00e9 du Seigneur \u2014 d\u2019o\u00f9 ont jailli le sang et l\u2019eau (cf. Jn 19,34) \u2014 est le symbole visible de l\u2019amour invisible.<\/p>\n\n\n\n<hr class=\"wp-block-separator has-alpha-channel-opacity\"\/>\n\n\n\n<h2 class=\"wp-block-heading\">4. La r\u00e9paration : un mot oubli\u00e9 au XXI\u1d49 si\u00e8cle<\/h2>\n\n\n\n<p>Dans notre culture contemporaine, parler de \u00ab r\u00e9paration \u00bb para\u00eet \u00e9trange. Nous vivons dans une soci\u00e9t\u00e9 qui \u00e9vite la culpabilit\u00e9, relativise le p\u00e9ch\u00e9 et banalise l\u2019offense faite \u00e0 Dieu.<\/p>\n\n\n\n<p>Mais la th\u00e9ologie catholique est claire : le p\u00e9ch\u00e9 n\u2019est pas simplement une erreur psychologique ; c\u2019est une blessure r\u00e9elle dans la communion avec Dieu.<\/p>\n\n\n\n<p>Saint Paul l\u2019exprime ainsi :<\/p>\n\n\n\n<blockquote class=\"wp-block-quote is-layout-flow wp-block-quote-is-layout-flow\">\n<p>\u00ab Je compl\u00e8te dans ma chair ce qui manque aux \u00e9preuves du Christ pour son Corps qui est l\u2019\u00c9glise. \u00bb (Col 1,24)<\/p>\n<\/blockquote>\n\n\n\n<p>Le Christ a pleinement rachet\u00e9 le monde, mais Il nous invite \u00e0 participer \u00e0 son \u0153uvre r\u00e9demptrice par la pri\u00e8re, le sacrifice et la r\u00e9paration.<\/p>\n\n\n\n<p>La r\u00e9paration ne signifie pas \u00ab ajouter \u00bb quelque chose \u00e0 la Croix, mais <strong>nous unir \u00e0 elle<\/strong>.<\/p>\n\n\n\n<hr class=\"wp-block-separator has-alpha-channel-opacity\"\/>\n\n\n\n<h2 class=\"wp-block-heading\">5. Mystique des larmes : quand l\u2019\u00e2me comprend la douleur de Dieu<\/h2>\n\n\n\n<p>De nombreux saints ont \u00e9prouv\u00e9 une profonde compassion pour le C\u0153ur du Christ.<\/p>\n\n\n\n<p>Sainte Faustine Kowalska a \u00e9crit dans son <em>Journal<\/em> que la plus grande souffrance du Seigneur n\u2019\u00e9tait pas les clous, mais l\u2019indiff\u00e9rence.<\/p>\n\n\n\n<p>Saint Pio de Pietrelcina parlait de \u00ab consoler le C\u0153ur de J\u00e9sus \u00bb par la p\u00e9nitence et l\u2019Eucharistie.<\/p>\n\n\n\n<p>Ici se r\u00e9v\u00e8le une dimension mystique fondamentale : <strong>l\u2019amour v\u00e9ritable d\u00e9sire consoler l\u2019\u00eatre aim\u00e9.<\/strong><\/p>\n\n\n\n<p>Si le monde blesse le C\u0153ur du Christ par les blasph\u00e8mes, les sacril\u00e8ges, le m\u00e9pris de la vie et l\u2019indiff\u00e9rence religieuse, l\u2019\u00e2me fid\u00e8le r\u00e9pond par l\u2019adoration, la puret\u00e9 et la fid\u00e9lit\u00e9.<\/p>\n\n\n\n<hr class=\"wp-block-separator has-alpha-channel-opacity\"\/>\n\n\n\n<h2 class=\"wp-block-heading\">6. Les larmes de sang dans le contexte actuel<\/h2>\n\n\n\n<p>Et aujourd\u2019hui ?<\/p>\n\n\n\n<p>Nous vivons des temps de profonde confusion morale : attaques contre la famille, banalisation de l\u2019avortement, d\u00e9christianisation culturelle, scandales au sein m\u00eame de l\u2019\u00c9glise.<\/p>\n\n\n\n<p>Il n\u2019est pas surprenant que de nombreux fid\u00e8les interpr\u00e8tent certains signes comme des \u00ab larmes du ciel \u00bb.<\/p>\n\n\n\n<p>Mais le danger est de rester au niveau \u00e9motionnel.<\/p>\n\n\n\n<p>La v\u00e9ritable question n\u2019est pas :<br><strong>\u00ab Le ph\u00e9nom\u00e8ne est-il authentique ? \u00bb<\/strong><br>Mais plut\u00f4t :<br><strong>\u00ab Est-ce que je vis dans la r\u00e9paration ? \u00bb<\/strong><\/p>\n\n\n\n<hr class=\"wp-block-separator has-alpha-channel-opacity\"\/>\n\n\n\n<h2 class=\"wp-block-heading\">7. Applications pratiques : Comment consoler le Sacr\u00e9-C\u0153ur aujourd\u2019hui ?<\/h2>\n\n\n\n<p>Nous arrivons ici \u00e0 l\u2019essentiel. La th\u00e9ologie doit se traduire en vie concr\u00e8te.<\/p>\n\n\n\n<h3 class=\"wp-block-heading\">1\ufe0f\u20e3 Une vie sacramentelle intense<\/h3>\n\n\n\n<p>Confession fr\u00e9quente. Communion re\u00e7ue en \u00e9tat de gr\u00e2ce. L\u2019Eucharistie est l\u2019acte supr\u00eame de r\u00e9paration.<\/p>\n\n\n\n<h3 class=\"wp-block-heading\">2\ufe0f\u20e3 L\u2019Heure Sainte<\/h3>\n\n\n\n<p>Pratique demand\u00e9e par le Seigneur \u00e0 Sainte Marguerite-Marie : une heure d\u2019adoration le jeudi, en union avec Geths\u00e9mani.<\/p>\n\n\n\n<h3 class=\"wp-block-heading\">3\ufe0f\u20e3 Offrir les petits sacrifices quotidiens<\/h3>\n\n\n\n<p>La fatigue, les contrari\u00e9t\u00e9s, les humiliations \u2014 offerts avec amour.<\/p>\n\n\n\n<h3 class=\"wp-block-heading\">4\ufe0f\u20e3 R\u00e9paration pour les p\u00e9ch\u00e9s publics<\/h3>\n\n\n\n<p>Lorsque vous entendez des blasph\u00e8mes ou voyez des attaques contre la foi, r\u00e9pondez int\u00e9rieurement :<br>\u00ab Seigneur, je T\u2019aime pour ceux qui ne T\u2019aiment pas. \u00bb<\/p>\n\n\n\n<h3 class=\"wp-block-heading\">5\ufe0f\u20e3 Cons\u00e9cration au Sacr\u00e9-C\u0153ur<\/h3>\n\n\n\n<p>Introniser son image dans le foyer non comme une d\u00e9coration, mais comme centre spirituel.<\/p>\n\n\n\n<hr class=\"wp-block-separator has-alpha-channel-opacity\"\/>\n\n\n\n<h2 class=\"wp-block-heading\">8. Perspective pastorale : \u00e9viter la superstition, embrasser la conversion<\/h2>\n\n\n\n<p>Comme pasteurs et fid\u00e8les, nous devons \u00e9viter deux extr\u00eames :<\/p>\n\n\n\n<ul class=\"wp-block-list\">\n<li>Le sensationnalisme apocalyptique.<\/li>\n\n\n\n<li>Le rationalisme froid qui nie toute dimension surnaturelle.<\/li>\n<\/ul>\n\n\n\n<p>L\u2019\u00c9glise marche sur la voie du discernement prudent.<\/p>\n\n\n\n<p>Les larmes \u2014 r\u00e9elles ou symboliques \u2014 nous rappellent une v\u00e9rit\u00e9 ind\u00e9niable :<br><strong>Dieu n\u2019est pas indiff\u00e9rent.<\/strong><\/p>\n\n\n\n<p>Et si le C\u0153ur du Christ est bless\u00e9, ce n\u2019est pas par manque de puissance, mais par exc\u00e8s d\u2019amour.<\/p>\n\n\n\n<hr class=\"wp-block-separator has-alpha-channel-opacity\"\/>\n\n\n\n<h2 class=\"wp-block-heading\">9. Un examen de conscience final<\/h2>\n\n\n\n<p>Peut-\u00eatre la question la plus profonde que ce th\u00e8me nous pose est-elle celle-ci :<\/p>\n\n\n\n<ul class=\"wp-block-list\">\n<li>Suis-je indiff\u00e9rent au p\u00e9ch\u00e9 ?<\/li>\n\n\n\n<li>Est-ce que je prie pour ceux qui offensent Dieu ?<\/li>\n\n\n\n<li>Est-ce que j\u2019offre des sacrifices pour la conversion du monde ?<\/li>\n\n\n\n<li>Est-ce que je console le C\u0153ur de J\u00e9sus, ou est-ce que je L\u2019ignore ?<\/li>\n<\/ul>\n\n\n\n<p>Les larmes de sang ne cherchent pas \u00e0 nous effrayer. Elles cherchent \u00e0 nous r\u00e9veiller.<\/p>\n\n\n\n<hr class=\"wp-block-separator has-alpha-channel-opacity\"\/>\n\n\n\n<h2 class=\"wp-block-heading\">Conclusion : Quand l\u2019Amour bless\u00e9 nous appelle<\/h2>\n\n\n\n<p>Le christianisme n\u2019est pas une religion de ph\u00e9nom\u00e8nes extraordinaires, mais de l\u2019Amour crucifi\u00e9.<\/p>\n\n\n\n<p>Si le ciel pleure un jour, ce n\u2019est pas pour fasciner, mais pour sauver.<\/p>\n\n\n\n<p>Le C\u0153ur du Christ demeure ouvert. Toujours transperc\u00e9. Toujours dans l\u2019attente.<\/p>\n\n\n\n<p>Et au c\u0153ur de ce XXI\u1d49 si\u00e8cle marqu\u00e9 par la froideur spirituelle, chacun de nous peut devenir un baume pour ce C\u0153ur.<\/p>\n\n\n\n<p>Car en d\u00e9finitive, la plus grande \u00ab larme de sang \u00bb n\u2019est pas celle qui coule d\u2019une image, mais celle qui jaillit du c\u00f4t\u00e9 ouvert du R\u00e9dempteur.<\/p>\n\n\n\n<p>Et l\u00e0, dans ce C\u0153ur, ton nom est aussi inscrit.<\/p>\n","protected":false},"excerpt":{"rendered":"<p>\u00c0 diff\u00e9rents moments de l\u2019histoire, des images du Christ ou de la Vierge Marie ont \u00e9t\u00e9 associ\u00e9es \u00e0 un ph\u00e9nom\u00e8ne qui bouleverse et interroge : les dites \u00ab larmes de sang \u00bb. Pour certains, c\u2019est un signe saisissant. Pour d\u2019autres, un motif de scepticisme. Pour l\u2019\u00c9glise, c\u2019est une question qui exige discernement, prudence et profondeur &hellip;<\/p>\n","protected":false},"author":3,"featured_media":5252,"comment_status":"closed","ping_status":"closed","sticky":false,"template":"","format":"standard","meta":{"_seopress_robots_primary_cat":"","_seopress_titles_title":"","_seopress_titles_desc":"","_seopress_robots_index":"","footnotes":""},"categories":[40,58],"tags":[1721],"class_list":["post-5251","post","type-post","status-publish","format-standard","has-post-thumbnail","","category-priere-et-spiritualite","category-priere-et-vie-spirituelle","tag-reparation-au-sacre-coeur"],"_links":{"self":[{"href":"https:\/\/catholicus.eu\/fr\/wp-json\/wp\/v2\/posts\/5251","targetHints":{"allow":["GET"]}}],"collection":[{"href":"https:\/\/catholicus.eu\/fr\/wp-json\/wp\/v2\/posts"}],"about":[{"href":"https:\/\/catholicus.eu\/fr\/wp-json\/wp\/v2\/types\/post"}],"author":[{"embeddable":true,"href":"https:\/\/catholicus.eu\/fr\/wp-json\/wp\/v2\/users\/3"}],"replies":[{"embeddable":true,"href":"https:\/\/catholicus.eu\/fr\/wp-json\/wp\/v2\/comments?post=5251"}],"version-history":[{"count":1,"href":"https:\/\/catholicus.eu\/fr\/wp-json\/wp\/v2\/posts\/5251\/revisions"}],"predecessor-version":[{"id":5253,"href":"https:\/\/catholicus.eu\/fr\/wp-json\/wp\/v2\/posts\/5251\/revisions\/5253"}],"wp:featuredmedia":[{"embeddable":true,"href":"https:\/\/catholicus.eu\/fr\/wp-json\/wp\/v2\/media\/5252"}],"wp:attachment":[{"href":"https:\/\/catholicus.eu\/fr\/wp-json\/wp\/v2\/media?parent=5251"}],"wp:term":[{"taxonomy":"category","embeddable":true,"href":"https:\/\/catholicus.eu\/fr\/wp-json\/wp\/v2\/categories?post=5251"},{"taxonomy":"post_tag","embeddable":true,"href":"https:\/\/catholicus.eu\/fr\/wp-json\/wp\/v2\/tags?post=5251"}],"curies":[{"name":"wp","href":"https:\/\/api.w.org\/{rel}","templated":true}]}}