{"id":5248,"date":"2026-03-01T15:48:30","date_gmt":"2026-03-01T14:48:30","guid":{"rendered":"https:\/\/catholicus.eu\/fr\/?p=5248"},"modified":"2026-03-01T15:48:30","modified_gmt":"2026-03-01T14:48:30","slug":"la-sainte-lance-de-longin-la-blessure-qui-a-ouvert-le-coeur-de-dieu-et-qui-transperce-encore-le-notre","status":"publish","type":"post","link":"https:\/\/catholicus.eu\/fr\/la-sainte-lance-de-longin-la-blessure-qui-a-ouvert-le-coeur-de-dieu-et-qui-transperce-encore-le-notre\/","title":{"rendered":"La Sainte Lance de Longin : la blessure qui a ouvert le C\u0153ur de Dieu \u2014 et qui transperce encore le n\u00f4tre"},"content":{"rendered":"\n<p>Il est des objets qui appartiennent \u00e0 l\u2019histoire.<br>Et il est des objets qui appartiennent au myst\u00e8re.<\/p>\n\n\n\n<p>La Sainte Lance de Longin n\u2019est pas simplement une relique parmi d\u2019autres du christianisme ancien. Elle est le fer qui a transperc\u00e9 le c\u00f4t\u00e9 du Christ. Elle est l\u2019instrument qui a ouvert le C\u0153ur du R\u00e9dempteur. Elle est le signe visible de l\u2019humiliation ultime\u2026 et en m\u00eame temps, le commencement visible de l\u2019\u00c9glise.<\/p>\n\n\n\n<p>Mais que signifie r\u00e9ellement cette lance pour nous aujourd\u2019hui ?<br>Est-elle seulement un souvenir arch\u00e9ologique ?<br>Ou bien est-elle un appel spirituel urgent pour notre temps ?<\/p>\n\n\n\n<p>Allons plus loin \u2014 avec rigueur th\u00e9ologique et clart\u00e9 pastorale \u2014 dans son histoire, sa signification et son impact sur notre vie quotidienne.<\/p>\n\n\n\n<hr class=\"wp-block-separator has-alpha-channel-opacity\"\/>\n\n\n\n<h2 class=\"wp-block-heading\">1. Le moment qui a chang\u00e9 l\u2019histoire<\/h2>\n\n\n\n<p>L\u2019\u00c9vangile selon saint Jean raconte l\u2019\u00e9pisode avec sobri\u00e9t\u00e9, mais avec une profondeur immense :<\/p>\n\n\n\n<blockquote class=\"wp-block-quote is-layout-flow wp-block-quote-is-layout-flow\">\n<p>\u00ab Mais l\u2019un des soldats, de sa lance, lui per\u00e7a le c\u00f4t\u00e9 ; et aussit\u00f4t il en sortit du sang et de l\u2019eau. \u00bb<br>(Jn 19,34)<\/p>\n<\/blockquote>\n\n\n\n<p>Ce soldat, selon la tradition, \u00e9tait <strong>Longin<\/strong>, un centurion romain qui participa \u00e0 la crucifixion.<\/p>\n\n\n\n<p>Th\u00e9ologiquement, ce verset est explosif.<\/p>\n\n\n\n<p>Saint Jean ajoute imm\u00e9diatement :<\/p>\n\n\n\n<blockquote class=\"wp-block-quote is-layout-flow wp-block-quote-is-layout-flow\">\n<p>\u00ab Celui qui a vu rend t\u00e9moignage \u2014 et son t\u00e9moignage est v\u00e9ridique. \u00bb (Jn 19,35)<\/p>\n<\/blockquote>\n\n\n\n<p>Pourquoi une telle insistance ?<br>Parce qu\u2019il ne s\u2019agit pas d\u2019un d\u00e9tail anecdotique. C\u2019est un acte r\u00e9v\u00e9lateur.<\/p>\n\n\n\n<p>Le Christ \u00e9tait d\u00e9j\u00e0 mort. Il n\u2019\u00e9tait pas n\u00e9cessaire de le blesser. Et pourtant, cette blessure est providentielle.<\/p>\n\n\n\n<p>La lance ne fut pas un accident.<br>Elle fut un signe.<\/p>\n\n\n\n<hr class=\"wp-block-separator has-alpha-channel-opacity\"\/>\n\n\n\n<h2 class=\"wp-block-heading\">2. Qui \u00e9tait Longin ?<\/h2>\n\n\n\n<p>L\u2019\u00c9criture ne mentionne pas son nom. Mais la tradition chr\u00e9tienne ancienne \u2014 transmise par les \u00e9crits patristiques et la liturgie orientale \u2014 identifie le soldat comme Longin.<\/p>\n\n\n\n<p>Selon cette tradition :<\/p>\n\n\n\n<ul class=\"wp-block-list\">\n<li>Il \u00e9tait centurion.<\/li>\n\n\n\n<li>Il assista \u00e0 la mort du Christ.<\/li>\n\n\n\n<li>Apr\u00e8s avoir vu les prodiges et entendu ses paroles, il proclama : \u00ab Vraiment, cet homme \u00e9tait Fils de Dieu. \u00bb (cf. Mc 15,39)<\/li>\n\n\n\n<li>Il se convertit.<\/li>\n\n\n\n<li>Il quitta l\u2019arm\u00e9e.<\/li>\n\n\n\n<li>Il mourut martyr.<\/li>\n<\/ul>\n\n\n\n<p>L\u2019\u00c9glise d\u2019Orient le v\u00e9n\u00e8re comme saint.<\/p>\n\n\n\n<p>Tous les d\u00e9tails historiques sont-ils v\u00e9rifiables ? Pas enti\u00e8rement. Mais th\u00e9ologiquement, sa figure exprime une v\u00e9rit\u00e9 profonde : le bourreau peut devenir t\u00e9moin.<\/p>\n\n\n\n<p>Celui qui blesse peut devenir disciple.<\/p>\n\n\n\n<p>Et cela est essentiel pour nous.<\/p>\n\n\n\n<hr class=\"wp-block-separator has-alpha-channel-opacity\"\/>\n\n\n\n<h2 class=\"wp-block-heading\">3. La blessure qui a donn\u00e9 naissance \u00e0 l\u2019\u00c9glise<\/h2>\n\n\n\n<p>Les P\u00e8res de l\u2019\u00c9glise ont vu dans ce c\u00f4t\u00e9 ouvert quelque chose de bien plus grand qu\u2019une simple blessure physique.<\/p>\n\n\n\n<p>Saint Augustin enseignait que, de m\u00eame qu\u2019\u00c8ve fut form\u00e9e du c\u00f4t\u00e9 d\u2019Adam endormi, l\u2019\u00c9glise na\u00eet du c\u00f4t\u00e9 ouvert du Christ endormi dans la mort sur la Croix.<\/p>\n\n\n\n<p>De cette blessure jaillissent :<\/p>\n\n\n\n<ul class=\"wp-block-list\">\n<li><strong>Le sang<\/strong> \u2192 symbole de l\u2019Eucharistie.<\/li>\n\n\n\n<li><strong>L\u2019eau<\/strong> \u2192 symbole du Bapt\u00eame.<\/li>\n<\/ul>\n\n\n\n<p>L\u2019\u00c9glise na\u00eet des sacrements.<\/p>\n\n\n\n<p>La lance ouvre l\u2019acc\u00e8s au myst\u00e8re sacramentel.<\/p>\n\n\n\n<p>D\u2019un point de vue th\u00e9ologique, la blessure n\u2019est pas une d\u00e9faite \u2014 elle est une r\u00e9v\u00e9lation.<br>Dieu ne retient rien. Il se laisse ouvrir. Il se laisse transpercer.<\/p>\n\n\n\n<p>Le C\u0153ur du Christ demeure expos\u00e9 pour toujours.<\/p>\n\n\n\n<hr class=\"wp-block-separator has-alpha-channel-opacity\"\/>\n\n\n\n<h2 class=\"wp-block-heading\">4. La relique \u00e0 travers l\u2019histoire<\/h2>\n\n\n\n<p>Au fil des si\u00e8cles, plusieurs lances ont \u00e9t\u00e9 v\u00e9n\u00e9r\u00e9es comme la \u00ab Sainte Lance \u00bb. L\u2019une des plus connues est conserv\u00e9e dans la <strong>Basilique Saint-Pierre<\/strong>.<\/p>\n\n\n\n<p>Une autre tradition importante est li\u00e9e au Saint-Empire romain germanique et conserv\u00e9e \u00e0 Vienne.<\/p>\n\n\n\n<p>Historiquement, il est difficile d\u2019\u00e9tablir avec une certitude absolue l\u2019authenticit\u00e9 mat\u00e9rielle d\u2019une relique pr\u00e9cise. Mais ici, il faut faire une distinction fondamentale :<\/p>\n\n\n\n<p>La foi chr\u00e9tienne ne d\u00e9pend pas de l\u2019authenticit\u00e9 physique d\u2019une relique.<br>Elle d\u00e9pend de l\u2019\u00e9v\u00e9nement r\u00e9dempteur que cette relique repr\u00e9sente.<\/p>\n\n\n\n<p>L\u2019\u00c9glise v\u00e9n\u00e8re les reliques non par superstition, mais parce que le christianisme est une foi incarn\u00e9e. Dieu agit \u00e0 travers la mati\u00e8re. L\u2019invisible se communique par le visible.<\/p>\n\n\n\n<hr class=\"wp-block-separator has-alpha-channel-opacity\"\/>\n\n\n\n<h2 class=\"wp-block-heading\">5. Pourquoi est-elle expos\u00e9e au Vatican pendant le Car\u00eame ?<\/h2>\n\n\n\n<p>Dans la <strong>Basilique Saint-Pierre<\/strong>, la relique traditionnelle de la Sainte Lance est conserv\u00e9e dans l\u2019un des piliers qui soutiennent la grande coupole con\u00e7ue par <strong>Michel-Ange<\/strong>.<\/p>\n\n\n\n<p>Une fois par an, durant le temps du Car\u00eame, a lieu une exposition solennelle des principales reliques de la Passion \u2014 parmi lesquelles la Lance.<\/p>\n\n\n\n<p>Pourquoi pendant le Car\u00eame ?<\/p>\n\n\n\n<p>Parce que le Car\u00eame est le temps de contempler la Passion.<\/p>\n\n\n\n<p>Ce n\u2019est pas un objet pour les curieux.<br>C\u2019est un objet pour les p\u00e9nitents.<\/p>\n\n\n\n<p>L\u2019\u00c9glise la montre afin que nous nous souvenions que notre salut a eu un prix physique, r\u00e9el, sanglant.<\/p>\n\n\n\n<p>L\u2019exposition n\u2019est pas un spectacle.<br>C\u2019est une invitation \u00e0 la conversion.<\/p>\n\n\n\n<hr class=\"wp-block-separator has-alpha-channel-opacity\"\/>\n\n\n\n<h2 class=\"wp-block-heading\">6. La dimension th\u00e9ologique profonde : le C\u0153ur transperc\u00e9<\/h2>\n\n\n\n<p>Nous arrivons ici au c\u0153ur spirituel.<\/p>\n\n\n\n<p>Le c\u00f4t\u00e9 ouvert est la r\u00e9v\u00e9lation du C\u0153ur du Christ.<\/p>\n\n\n\n<p>Ce n\u2019est pas un hasard si, des si\u00e8cles plus tard, la d\u00e9votion au Sacr\u00e9-C\u0153ur a fleuri. Cette d\u00e9votion n\u2019est pas du sentimentalisme ; elle est contemplation th\u00e9ologique de l\u2019amour bless\u00e9 de Dieu.<\/p>\n\n\n\n<p>La lance repr\u00e9sente :<\/p>\n\n\n\n<ul class=\"wp-block-list\">\n<li>Le p\u00e9ch\u00e9 humain qui blesse.<\/li>\n\n\n\n<li>La mis\u00e9ricorde divine qui r\u00e9pond par l\u2019amour.<\/li>\n\n\n\n<li>L\u2019ouverture d\u00e9finitive de l\u2019acc\u00e8s \u00e0 Dieu.<\/li>\n<\/ul>\n\n\n\n<p>Le Christ ne r\u00e9pond pas en se fermant.<br>Il r\u00e9pond en s\u2019ouvrant.<\/p>\n\n\n\n<p>Et voici la question inconfortable :<\/p>\n\n\n\n<p>Combien de fois sommes-nous ceux qui tiennent la lance ?<\/p>\n\n\n\n<p>Chaque p\u00e9ch\u00e9 est une lance.<br>Chaque indiff\u00e9rence est une blessure.<br>Chaque ti\u00e9deur est une perforation de son c\u00f4t\u00e9.<\/p>\n\n\n\n<p>Mais chaque confession est aussi un retour vers le C\u0153ur ouvert.<\/p>\n\n\n\n<hr class=\"wp-block-separator has-alpha-channel-opacity\"\/>\n\n\n\n<h2 class=\"wp-block-heading\">7. Application pratique : que signifie aujourd\u2019hui vivre devant la Sainte Lance ?<\/h2>\n\n\n\n<p>Nous vivons dans une culture qui \u00e9vite la souffrance, anesth\u00e9sie la douleur et relativise le p\u00e9ch\u00e9.<\/p>\n\n\n\n<p>La Sainte Lance nous rappelle trois v\u00e9rit\u00e9s essentielles :<\/p>\n\n\n\n<h3 class=\"wp-block-heading\">1. Le p\u00e9ch\u00e9 est r\u00e9el<\/h3>\n\n\n\n<p>Ce n\u2019est pas une id\u00e9e psychologique. Il blesse r\u00e9ellement.<\/p>\n\n\n\n<h3 class=\"wp-block-heading\">2. L\u2019amour de Dieu est encore plus r\u00e9el<\/h3>\n\n\n\n<p>De la blessure jaillissent le sang et l\u2019eau. La vie en jaillit.<\/p>\n\n\n\n<h3 class=\"wp-block-heading\">3. La conversion est possible<\/h3>\n\n\n\n<p>Si Longin a pu se convertir, toi aussi.<\/p>\n\n\n\n<hr class=\"wp-block-separator has-alpha-channel-opacity\"\/>\n\n\n\n<h2 class=\"wp-block-heading\">8. Trois chemins spirituels concrets inspir\u00e9s par la Lance<\/h2>\n\n\n\n<h3 class=\"wp-block-heading\">\u2726 1. Contemple le c\u00f4t\u00e9 ouvert<\/h3>\n\n\n\n<p>Pendant ce Car\u00eame, consacre du temps \u00e0 la pri\u00e8re devant un crucifix. Ne te pr\u00e9cipite pas. Regarde la blessure.<\/p>\n\n\n\n<p>Demande-toi :<br>Suis-je en train de fuir le C\u0153ur du Christ \u2014 ou d\u2019y entrer ?<\/p>\n\n\n\n<h3 class=\"wp-block-heading\">\u2726 2. Confesse tes lances<\/h3>\n\n\n\n<p>Fais un examen de conscience s\u00e9rieux \u2014 pas superficiel.<br>La lance n\u2019\u00e9tait pas une \u00e9gratignure ; c\u2019\u00e9tait une p\u00e9n\u00e9tration.<\/p>\n\n\n\n<p>Le sacrement de la R\u00e9conciliation est le lieu o\u00f9 nos lances se transforment en mis\u00e9ricorde.<\/p>\n\n\n\n<h3 class=\"wp-block-heading\">\u2726 3. Sois t\u00e9moin, comme Longin<\/h3>\n\n\n\n<p>Dans un monde qui ridiculise la foi, nous avons besoin de centurions convertis.<\/p>\n\n\n\n<p>Il ne suffit pas de ne pas blesser le Christ.<br>Il faut proclamer : \u00ab Vraiment, celui-ci est le Fils de Dieu. \u00bb<\/p>\n\n\n\n<hr class=\"wp-block-separator has-alpha-channel-opacity\"\/>\n\n\n\n<h2 class=\"wp-block-heading\">9. Le paradoxe final : la blessure glorieuse<\/h2>\n\n\n\n<p>Dans la R\u00e9surrection, le Christ conserve ses plaies.<\/p>\n\n\n\n<p>Pourquoi ?<\/p>\n\n\n\n<p>Parce que l\u2019amour n\u2019efface pas ses cicatrices.<\/p>\n\n\n\n<p>La blessure de son c\u00f4t\u00e9 demeure glorifi\u00e9e. Elle n\u2019est pas un signe de d\u00e9faite, mais de victoire.<\/p>\n\n\n\n<p>La lance voulait confirmer la mort.<br>Elle a fini par proclamer la vie.<\/p>\n\n\n\n<hr class=\"wp-block-separator has-alpha-channel-opacity\"\/>\n\n\n\n<h2 class=\"wp-block-heading\">10. Une parole pour notre temps<\/h2>\n\n\n\n<p>Nous vivons des temps de confusion doctrinale, de relativisme moral et de froideur spirituelle.<br>La Sainte Lance nous ram\u00e8ne au centre :<\/p>\n\n\n\n<p>Le Christ crucifi\u00e9.<br>Le Christ transperc\u00e9.<br>Le Christ ouvert.<\/p>\n\n\n\n<p>Nous n\u2019avons pas besoin de nouveaut\u00e9s sensationnelles.<br>Nous avons besoin de revenir \u00e0 son c\u00f4t\u00e9.<\/p>\n\n\n\n<p>Car c\u2019est l\u00e0 que l\u2019\u00c9glise est n\u00e9e.<br>C\u2019est l\u00e0 que les sacrements sont n\u00e9s.<br>C\u2019est l\u00e0 que notre esp\u00e9rance est n\u00e9e.<\/p>\n\n\n\n<hr class=\"wp-block-separator has-alpha-channel-opacity\"\/>\n\n\n\n<h2 class=\"wp-block-heading\">Conclusion : que feras-tu de la Lance ?<\/h2>\n\n\n\n<p>La Sainte Lance n\u2019est pas une curiosit\u00e9 historique.<\/p>\n\n\n\n<p>C\u2019est un miroir.<\/p>\n\n\n\n<p>Elle nous montre ce que le p\u00e9ch\u00e9 fait.<br>Elle nous montre ce que l\u2019amour peut racheter.<\/p>\n\n\n\n<p>Aujourd\u2019hui, tu peux \u00eatre le soldat indiff\u00e9rent.<br>Ou le Longin converti.<\/p>\n\n\n\n<p>La lance se l\u00e8ve chaque fois que nous p\u00e9chons.<br>Mais le C\u0153ur demeure ouvert chaque fois que nous revenons.<\/p>\n\n\n\n<p>Et tandis que l\u2019\u00c9glise l\u2019expose pendant le Car\u00eame au Vatican, le message est clair :<\/p>\n\n\n\n<p>Ne regarde pas la blessure en spectateur.<br>Entre-y comme un fils.<\/p>\n\n\n\n<p>Car de ce c\u00f4t\u00e9 ouvert jaillit encore l\u2019unique rem\u00e8de capable de gu\u00e9rir le monde.<\/p>\n\n\n\n<p>Sang et eau.<br>Justice et mis\u00e9ricorde.<br>V\u00e9rit\u00e9 et amour.<\/p>\n\n\n\n<p>Le fer a transperc\u00e9 son c\u00f4t\u00e9.<br>Mais l\u2019Amour a transperc\u00e9 l\u2019histoire.<\/p>\n","protected":false},"excerpt":{"rendered":"<p>Il est des objets qui appartiennent \u00e0 l\u2019histoire.Et il est des objets qui appartiennent au myst\u00e8re. La Sainte Lance de Longin n\u2019est pas simplement une relique parmi d\u2019autres du christianisme ancien. Elle est le fer qui a transperc\u00e9 le c\u00f4t\u00e9 du Christ. Elle est l\u2019instrument qui a ouvert le C\u0153ur du R\u00e9dempteur. Elle est le &hellip;<\/p>\n","protected":false},"author":3,"featured_media":5249,"comment_status":"closed","ping_status":"closed","sticky":false,"template":"","format":"standard","meta":{"_seopress_robots_primary_cat":"","_seopress_titles_title":"","_seopress_titles_desc":"","_seopress_robots_index":"","footnotes":""},"categories":[66,41],"tags":[1720,1719],"class_list":["post-5248","post","type-post","status-publish","format-standard","has-post-thumbnail","","category-culture-populaire-et-catholicisme","category-foi-et-culture","tag-longin","tag-sainte-lance"],"_links":{"self":[{"href":"https:\/\/catholicus.eu\/fr\/wp-json\/wp\/v2\/posts\/5248","targetHints":{"allow":["GET"]}}],"collection":[{"href":"https:\/\/catholicus.eu\/fr\/wp-json\/wp\/v2\/posts"}],"about":[{"href":"https:\/\/catholicus.eu\/fr\/wp-json\/wp\/v2\/types\/post"}],"author":[{"embeddable":true,"href":"https:\/\/catholicus.eu\/fr\/wp-json\/wp\/v2\/users\/3"}],"replies":[{"embeddable":true,"href":"https:\/\/catholicus.eu\/fr\/wp-json\/wp\/v2\/comments?post=5248"}],"version-history":[{"count":1,"href":"https:\/\/catholicus.eu\/fr\/wp-json\/wp\/v2\/posts\/5248\/revisions"}],"predecessor-version":[{"id":5250,"href":"https:\/\/catholicus.eu\/fr\/wp-json\/wp\/v2\/posts\/5248\/revisions\/5250"}],"wp:featuredmedia":[{"embeddable":true,"href":"https:\/\/catholicus.eu\/fr\/wp-json\/wp\/v2\/media\/5249"}],"wp:attachment":[{"href":"https:\/\/catholicus.eu\/fr\/wp-json\/wp\/v2\/media?parent=5248"}],"wp:term":[{"taxonomy":"category","embeddable":true,"href":"https:\/\/catholicus.eu\/fr\/wp-json\/wp\/v2\/categories?post=5248"},{"taxonomy":"post_tag","embeddable":true,"href":"https:\/\/catholicus.eu\/fr\/wp-json\/wp\/v2\/tags?post=5248"}],"curies":[{"name":"wp","href":"https:\/\/api.w.org\/{rel}","templated":true}]}}