{"id":5214,"date":"2026-02-22T22:20:18","date_gmt":"2026-02-22T21:20:18","guid":{"rendered":"https:\/\/catholicus.eu\/fr\/?p=5214"},"modified":"2026-02-22T22:20:31","modified_gmt":"2026-02-22T21:20:31","slug":"sainte-therese-de-lisieux-la-revolution-de-la-petitesse-qui-a-transforme-le-monde","status":"publish","type":"post","link":"https:\/\/catholicus.eu\/fr\/sainte-therese-de-lisieux-la-revolution-de-la-petitesse-qui-a-transforme-le-monde\/","title":{"rendered":"Sainte Th\u00e9r\u00e8se de Lisieux : La R\u00e9volution de la Petitesse qui a Transform\u00e9 le Monde"},"content":{"rendered":"\n<p>\u00c0 une \u00e9poque obs\u00e9d\u00e9e par le succ\u00e8s, la visibilit\u00e9 et la reconnaissance, la vie de <strong>Sainte Th\u00e9r\u00e8se de Lisieux<\/strong> r\u00e9sonne comme un d\u00e9fi radical et profond\u00e9ment actuel. Sans avoir pr\u00each\u00e9 devant des foules, sans avoir fond\u00e9 de congr\u00e9gations, sans avoir accompli de miracles spectaculaires de son vivant, cette jeune carm\u00e9lite fran\u00e7aise fut proclam\u00e9e Docteur de l\u2019\u00c9glise et demeure aujourd\u2019hui l\u2019une des saintes les plus influentes du catholicisme.<\/p>\n\n\n\n<p>Comment une religieuse clo\u00eetr\u00e9e, morte \u00e0 24 ans dans un petit couvent normand, a-t-elle pu devenir patronne des missions et ma\u00eetresse universelle de spiritualit\u00e9 ?<\/p>\n\n\n\n<p>La r\u00e9ponse se trouve dans sa \u00ab petite voie \u00bb : un chemin de confiance, d\u2019abandon et d\u2019amour total envers Dieu dans l\u2019ordinaire. Un message profond\u00e9ment th\u00e9ologique et pastoral qui, plus que jamais, doit \u00eatre red\u00e9couvert.<\/p>\n\n\n\n<hr class=\"wp-block-separator has-alpha-channel-opacity\"\/>\n\n\n\n<h2 class=\"wp-block-heading\">I. Biographie approfondie : une vie br\u00e8ve, une lumi\u00e8re immense<\/h2>\n\n\n\n<h3 class=\"wp-block-heading\">1. Une enfance marqu\u00e9e par la gr\u00e2ce et la souffrance<\/h3>\n\n\n\n<p>Sainte Th\u00e9r\u00e8se na\u00eet le 2 janvier 1873 \u00e0 Alen\u00e7on, en France, sous le nom de Marie-Fran\u00e7oise-Th\u00e9r\u00e8se Martin. Ses parents, <strong>Louis Martin<\/strong> et <strong>Z\u00e9lie Martin<\/strong>, aujourd\u2019hui canonis\u00e9s, forment un foyer profond\u00e9ment chr\u00e9tien, o\u00f9 la foi n\u2019est pas un simple \u00e9l\u00e9ment culturel mais le centre vital de la famille.<\/p>\n\n\n\n<p>Th\u00e9r\u00e8se est la derni\u00e8re de neuf enfants ; quatre meurent en bas \u00e2ge. D\u00e8s l\u2019enfance, elle grandit dans un climat de tendresse, de pri\u00e8re et de sacrifice. Pourtant, \u00e0 quatre ans, elle conna\u00eet une blessure d\u00e9cisive : la mort de sa m\u00e8re. Cette \u00e9preuve marque profond\u00e9ment sa sensibilit\u00e9 affective.<\/p>\n\n\n\n<p>Install\u00e9e avec sa famille \u00e0 Lisieux, Th\u00e9r\u00e8se est entour\u00e9e de l\u2019amour de ses s\u0153urs a\u00een\u00e9es, dont plusieurs embrasseront la vie religieuse.<\/p>\n\n\n\n<h3 class=\"wp-block-heading\">2. Une vocation pr\u00e9coce et audacieuse<\/h3>\n\n\n\n<p>Tr\u00e8s t\u00f4t, Th\u00e9r\u00e8se ressent l\u2019appel au Carmel. \u00c0 15 ans, \u00e2ge inf\u00e9rieur \u00e0 celui requis, elle demande \u00e0 entrer au Carmel de Lisieux. Face au refus initial, elle accomplit un geste extraordinaire : lors d\u2019un p\u00e8lerinage \u00e0 Rome, elle demande personnellement au pape <strong>L\u00e9on XIII<\/strong> la permission d\u2019entrer au couvent.<\/p>\n\n\n\n<p>Ce geste n\u2019est pas une r\u00e9bellion, mais l\u2019expression d\u2019une vocation ardente et m\u00fbre. Elle est finalement admise au Carmel en 1888.<\/p>\n\n\n\n<p>Elle y vit neuf ann\u00e9es de vie cach\u00e9e, marqu\u00e9es par la pri\u00e8re, la vie fraternelle, de petites humiliations quotidiennes, des s\u00e9cheresses spirituelles et une intense vie int\u00e9rieure.<\/p>\n\n\n\n<h3 class=\"wp-block-heading\">3. La nuit de la foi et l\u2019offrande totale<\/h3>\n\n\n\n<p>En 1896, Th\u00e9r\u00e8se commence \u00e0 vivre une profonde \u00e9preuve spirituelle : une nuit de la foi qui l\u2019immerge dans l\u2019obscurit\u00e9 int\u00e9rieure. Elle \u00e9prouve la tentation de l\u2019ath\u00e9isme, l\u2019exp\u00e9rience douloureuse de l\u2019absence de Dieu. Paradoxalement, cette \u00e9preuve l\u2019unit profond\u00e9ment \u00e0 ceux qui doutent.<\/p>\n\n\n\n<p>Au lieu de se laisser submerger par l\u2019angoisse, elle offre sa souffrance pour les p\u00e9cheurs et pour les non-croyants. Elle comprend que sa mission n\u2019est pas de faire de grandes choses, mais d\u2019aimer intens\u00e9ment dans les petites.<\/p>\n\n\n\n<p>Elle meurt le 30 septembre 1897, consum\u00e9e par la tuberculose, en pronon\u00e7ant ces derni\u00e8res paroles : \u00ab Mon Dieu, je vous aime ! \u00bb<\/p>\n\n\n\n<hr class=\"wp-block-separator has-alpha-channel-opacity\"\/>\n\n\n\n<h2 class=\"wp-block-heading\">II. Le c\u0153ur th\u00e9ologique de son message : la \u00ab Petite Voie \u00bb<\/h2>\n\n\n\n<p>La spiritualit\u00e9 de Th\u00e9r\u00e8se n\u2019est pas du sentimentalisme ; elle est une th\u00e9ologie v\u00e9cue.<\/p>\n\n\n\n<p>Sa doctrine repose sur trois piliers essentiels :<\/p>\n\n\n\n<h3 class=\"wp-block-heading\">1. L\u2019enfance spirituelle<\/h3>\n\n\n\n<p>Inspir\u00e9e par l\u2019\u00c9vangile, notamment par les paroles du Christ :<\/p>\n\n\n\n<blockquote class=\"wp-block-quote is-layout-flow wp-block-quote-is-layout-flow\">\n<p>\u00ab Si vous ne vous convertissez et ne devenez comme des petits enfants, vous n\u2019entrerez pas dans le Royaume des Cieux \u00bb (Mt 18,3).<\/p>\n<\/blockquote>\n\n\n\n<p>Th\u00e9r\u00e8se comprend que la saintet\u00e9 ne consiste pas en exploits h\u00e9ro\u00efques visibles, mais en une confiance absolue en la mis\u00e9ricorde divine. L\u2019enfant ne revendique pas de m\u00e9rites : il s\u2019abandonne.<\/p>\n\n\n\n<p>Th\u00e9ologiquement, cela exprime une compr\u00e9hension profonde de la gr\u00e2ce. Le salut n\u2019est pas le fruit d\u2019un effort humain autosuffisant, mais l\u2019initiative aimante de Dieu.<\/p>\n\n\n\n<h3 class=\"wp-block-heading\">2. La confiance radicale en la mis\u00e9ricorde<\/h3>\n\n\n\n<p>Dans son \u0153uvre autobiographique, <strong>Histoire d&rsquo;une \u00e2me<\/strong>, Th\u00e9r\u00e8se \u00e9crit :<\/p>\n\n\n\n<blockquote class=\"wp-block-quote is-layout-flow wp-block-quote-is-layout-flow\">\n<p>\u00ab C\u2019est la confiance et rien que la confiance qui doit nous conduire \u00e0 l\u2019Amour. \u00bb<\/p>\n<\/blockquote>\n\n\n\n<p>Cette affirmation poss\u00e8de une densit\u00e9 doctrinale extraordinaire. Th\u00e9r\u00e8se anticipe, d\u2019une certaine mani\u00e8re, l\u2019accent ult\u00e9rieur de l\u2019\u00c9glise sur la Divine Mis\u00e9ricorde. Sa th\u00e9ologie n\u2019est pas volontariste ; elle est profond\u00e9ment christocentrique.<\/p>\n\n\n\n<p>Elle comprend que la saintet\u00e9 consiste \u00e0 se laisser aimer par Dieu et \u00e0 r\u00e9pondre par l\u2019amour.<\/p>\n\n\n\n<h3 class=\"wp-block-heading\">3. La sanctification de l\u2019ordinaire<\/h3>\n\n\n\n<p>Dans un monde qui idol\u00e2tre l\u2019extraordinaire, Th\u00e9r\u00e8se d\u00e9couvre que chaque petit acte \u2014 sourire quand cela co\u00fbte, \u00e9couter avec patience, accomplir son devoir quotidien \u2014 peut devenir une offrande.<\/p>\n\n\n\n<p>Cela s\u2019enracine profond\u00e9ment dans la th\u00e9ologie du Corps Mystique du Christ : chaque acte accompli en \u00e9tat de gr\u00e2ce poss\u00e8de une valeur r\u00e9demptrice.<\/p>\n\n\n\n<p>Saint Paul l\u2019exprime ainsi :<\/p>\n\n\n\n<blockquote class=\"wp-block-quote is-layout-flow wp-block-quote-is-layout-flow\">\n<p>\u00ab Quoi que vous fassiez, faites tout pour la gloire de Dieu \u00bb (1 Co 10,31).<\/p>\n<\/blockquote>\n\n\n\n<hr class=\"wp-block-separator has-alpha-channel-opacity\"\/>\n\n\n\n<h2 class=\"wp-block-heading\">III. Docteur de l\u2019\u00c9glise : la profondeur doctrinale d\u2019une jeune carm\u00e9lite<\/h2>\n\n\n\n<p>En 1997, le pape <strong>Jean-Paul II<\/strong> la proclame Docteur de l\u2019\u00c9glise. Pourquoi ?<\/p>\n\n\n\n<p>Parce que sa doctrine \u00e9claire des questions centrales :<\/p>\n\n\n\n<ul class=\"wp-block-list\">\n<li>La relation entre gr\u00e2ce et libert\u00e9.<\/li>\n\n\n\n<li>La th\u00e9ologie de la souffrance.<\/li>\n\n\n\n<li>L\u2019universalit\u00e9 de l\u2019appel \u00e0 la saintet\u00e9.<\/li>\n\n\n\n<li>La confiance filiale comme chemin th\u00e9ologal.<\/li>\n<\/ul>\n\n\n\n<p>Th\u00e9r\u00e8se n\u2019a pas \u00e9crit de trait\u00e9s acad\u00e9miques, mais son exp\u00e9rience constitue une v\u00e9ritable th\u00e9ologie existentielle. En elle, contemplation et mission s\u2019unissent.<\/p>\n\n\n\n<hr class=\"wp-block-separator has-alpha-channel-opacity\"\/>\n\n\n\n<h2 class=\"wp-block-heading\">IV. Actualit\u00e9 de son message : que nous dit-elle aujourd\u2019hui ?<\/h2>\n\n\n\n<p>Nous vivons des temps marqu\u00e9s par :<\/p>\n\n\n\n<ul class=\"wp-block-list\">\n<li>L\u2019anxi\u00e9t\u00e9 permanente.<\/li>\n\n\n\n<li>La comparaison sociale.<\/li>\n\n\n\n<li>La recherche compulsive de reconnaissance.<\/li>\n\n\n\n<li>La crise de la foi et la s\u00e9cularisation.<\/li>\n<\/ul>\n\n\n\n<p>Th\u00e9r\u00e8se r\u00e9pond par une proposition r\u00e9volutionnaire :<\/p>\n\n\n\n<h3 class=\"wp-block-heading\">1. Face au perfectionnisme : l\u2019abandon<\/h3>\n\n\n\n<p>Vous n\u2019avez pas besoin d\u2019\u00eatre parfait pour que Dieu vous aime. Dieu n\u2019aime pas une version am\u00e9lior\u00e9e de vous-m\u00eame ; Il vous aime maintenant.<\/p>\n\n\n\n<h3 class=\"wp-block-heading\">2. Face au d\u00e9sespoir : la confiance<\/h3>\n\n\n\n<p>Dans une culture qui doute de tout, Th\u00e9r\u00e8se enseigne \u00e0 faire confiance m\u00eame lorsqu\u2019on ne ressent rien.<\/p>\n\n\n\n<h3 class=\"wp-block-heading\">3. Face \u00e0 l\u2019individualisme : s\u2019offrir pour les autres<\/h3>\n\n\n\n<p>Sa vie rappelle que personne ne vit pour soi-m\u00eame. La souffrance offerte avec amour poss\u00e8de une valeur missionnaire immense.<\/p>\n\n\n\n<hr class=\"wp-block-separator has-alpha-channel-opacity\"\/>\n\n\n\n<h2 class=\"wp-block-heading\">V. Applications pratiques pour la vie quotidienne<\/h2>\n\n\n\n<p>La spiritualit\u00e9 th\u00e9r\u00e9sienne n\u2019est pas seulement contemplative ; elle est profond\u00e9ment pastorale.<\/p>\n\n\n\n<h3 class=\"wp-block-heading\">1. Vivre la \u00ab petite voie \u00bb \u00e0 la maison<\/h3>\n\n\n\n<ul class=\"wp-block-list\">\n<li>Offrir les t\u00e2ches domestiques avec intention.<\/li>\n\n\n\n<li>Sourire quand cela co\u00fbte.<\/li>\n\n\n\n<li>\u00c9viter les critiques inutiles.<\/li>\n<\/ul>\n\n\n\n<h3 class=\"wp-block-heading\">2. Transformer le travail en autel<\/h3>\n\n\n\n<p>Chaque journ\u00e9e professionnelle peut devenir une offrande si elle est v\u00e9cue avec droiture d\u2019intention.<\/p>\n\n\n\n<h3 class=\"wp-block-heading\">3. Vivre la confiance dans la pri\u00e8re<\/h3>\n\n\n\n<p>Ne pas mesurer la pri\u00e8re aux \u00e9motions, mais \u00e0 la fid\u00e9lit\u00e9.<\/p>\n\n\n\n<h3 class=\"wp-block-heading\">4. Accepter ses propres limites<\/h3>\n\n\n\n<p>Th\u00e9r\u00e8se ne chercha pas \u00e0 \u00eatre grande. Elle d\u00e9couvrit que sa petitesse \u00e9tait l\u2019espace o\u00f9 Dieu pouvait agir.<\/p>\n\n\n\n<hr class=\"wp-block-separator has-alpha-channel-opacity\"\/>\n\n\n\n<h2 class=\"wp-block-heading\">VI. Une spiritualit\u00e9 profond\u00e9ment missionnaire<\/h2>\n\n\n\n<p>Bien qu\u2019elle n\u2019ait jamais quitt\u00e9 son couvent, elle fut d\u00e9clar\u00e9e patronne des missions. Cela r\u00e9v\u00e8le une v\u00e9rit\u00e9 th\u00e9ologique profonde : la mission na\u00eet de l\u2019amour, non de la g\u00e9ographie.<\/p>\n\n\n\n<p>La f\u00e9condit\u00e9 apostolique ne d\u00e9pend pas de l\u2019activit\u00e9 ext\u00e9rieure, mais de l\u2019union au Christ.<\/p>\n\n\n\n<hr class=\"wp-block-separator has-alpha-channel-opacity\"\/>\n\n\n\n<h2 class=\"wp-block-heading\">VII. Conclusion : une saintet\u00e9 possible<\/h2>\n\n\n\n<p>Sainte Th\u00e9r\u00e8se de Lisieux nous d\u00e9montre que la saintet\u00e9 n\u2019est pas un privil\u00e8ge r\u00e9serv\u00e9 \u00e0 des h\u00e9ros spirituels, mais un appel universel.<\/p>\n\n\n\n<p>En temps de bruit, elle propose le silence.<br>En temps d\u2019anxi\u00e9t\u00e9, la confiance.<br>En temps d\u2019orgueil, la petitesse.<\/p>\n\n\n\n<p>Son message est clair : il ne s\u2019agit pas de faire des choses extraordinaires, mais de faire extraordinairement bien les choses ordinaires.<\/p>\n\n\n\n<p>Si aujourd\u2019hui vous vous sentez petit, limit\u00e9 ou invisible, rappelez-vous que dans le Royaume de Dieu, la petitesse est le terrain o\u00f9 fleurit la gr\u00e2ce.<\/p>\n\n\n\n<p>Et comme elle l\u2019a dit avec une simplicit\u00e9 proph\u00e9tique :<\/p>\n\n\n\n<blockquote class=\"wp-block-quote is-layout-flow wp-block-quote-is-layout-flow\">\n<p>\u00ab Je passerai mon ciel \u00e0 faire du bien sur la terre. \u00bb<\/p>\n<\/blockquote>\n\n\n\n<p>Que sa \u00ab petite voie \u00bb devienne aussi la v\u00f4tre. \ud83c\udf39<\/p>\n","protected":false},"excerpt":{"rendered":"<p>\u00c0 une \u00e9poque obs\u00e9d\u00e9e par le succ\u00e8s, la visibilit\u00e9 et la reconnaissance, la vie de Sainte Th\u00e9r\u00e8se de Lisieux r\u00e9sonne comme un d\u00e9fi radical et profond\u00e9ment actuel. Sans avoir pr\u00each\u00e9 devant des foules, sans avoir fond\u00e9 de congr\u00e9gations, sans avoir accompli de miracles spectaculaires de son vivant, cette jeune carm\u00e9lite fran\u00e7aise fut proclam\u00e9e Docteur de &hellip;<\/p>\n","protected":false},"author":3,"featured_media":5215,"comment_status":"closed","ping_status":"closed","sticky":false,"template":"","format":"standard","meta":{"_seopress_robots_primary_cat":"","_seopress_titles_title":"","_seopress_titles_desc":"","_seopress_robots_index":"","footnotes":""},"categories":[40,61],"tags":[1709],"class_list":["post-5214","post","type-post","status-publish","format-standard","has-post-thumbnail","","category-priere-et-spiritualite","category-saints-et-calendrier-liturgique","tag-sainte-therese-de-lisieux"],"_links":{"self":[{"href":"https:\/\/catholicus.eu\/fr\/wp-json\/wp\/v2\/posts\/5214","targetHints":{"allow":["GET"]}}],"collection":[{"href":"https:\/\/catholicus.eu\/fr\/wp-json\/wp\/v2\/posts"}],"about":[{"href":"https:\/\/catholicus.eu\/fr\/wp-json\/wp\/v2\/types\/post"}],"author":[{"embeddable":true,"href":"https:\/\/catholicus.eu\/fr\/wp-json\/wp\/v2\/users\/3"}],"replies":[{"embeddable":true,"href":"https:\/\/catholicus.eu\/fr\/wp-json\/wp\/v2\/comments?post=5214"}],"version-history":[{"count":1,"href":"https:\/\/catholicus.eu\/fr\/wp-json\/wp\/v2\/posts\/5214\/revisions"}],"predecessor-version":[{"id":5216,"href":"https:\/\/catholicus.eu\/fr\/wp-json\/wp\/v2\/posts\/5214\/revisions\/5216"}],"wp:featuredmedia":[{"embeddable":true,"href":"https:\/\/catholicus.eu\/fr\/wp-json\/wp\/v2\/media\/5215"}],"wp:attachment":[{"href":"https:\/\/catholicus.eu\/fr\/wp-json\/wp\/v2\/media?parent=5214"}],"wp:term":[{"taxonomy":"category","embeddable":true,"href":"https:\/\/catholicus.eu\/fr\/wp-json\/wp\/v2\/categories?post=5214"},{"taxonomy":"post_tag","embeddable":true,"href":"https:\/\/catholicus.eu\/fr\/wp-json\/wp\/v2\/tags?post=5214"}],"curies":[{"name":"wp","href":"https:\/\/api.w.org\/{rel}","templated":true}]}}