{"id":5169,"date":"2026-02-20T09:38:09","date_gmt":"2026-02-20T08:38:09","guid":{"rendered":"https:\/\/catholicus.eu\/fr\/?p=5169"},"modified":"2026-02-20T09:38:09","modified_gmt":"2026-02-20T08:38:09","slug":"evangeliques-entre-la-passion-pour-la-bible-et-la-rupture-avec-la-tradition-un-regard-catholique-pour-comprendre-dialoguer-et-discerner","status":"publish","type":"post","link":"https:\/\/catholicus.eu\/fr\/evangeliques-entre-la-passion-pour-la-bible-et-la-rupture-avec-la-tradition-un-regard-catholique-pour-comprendre-dialoguer-et-discerner\/","title":{"rendered":"\u00c9vang\u00e9liques : entre la passion pour la Bible et la rupture avec la Tradition \u2014 un regard catholique pour comprendre, dialoguer et discerner"},"content":{"rendered":"\n<p>Dans le monde contemporain, peu de ph\u00e9nom\u00e8nes religieux ont connu une croissance aussi rapide que le mouvement \u00e9vang\u00e9lique. Sa pr\u00e9sence est de plus en plus visible en Am\u00e9rique latine, en Europe et en Afrique ; sa pr\u00e9dication est fervente, son langage direct et son appel \u00e0 la conversion intense. Aujourd\u2019hui, de nombreux catholiques vivent aux c\u00f4t\u00e9s de membres de leur famille, d\u2019amis ou de coll\u00e8gues appartenant \u00e0 des communaut\u00e9s \u00e9vang\u00e9liques.<\/p>\n\n\n\n<p>Mais une question essentielle se pose pour le croyant catholique : <strong>que sont r\u00e9ellement les \u00e9vang\u00e9liques d\u2019un point de vue th\u00e9ologique ? Que professent-ils ? O\u00f9 co\u00efncident-ils avec la foi catholique et o\u00f9 s\u2019en \u00e9loignent-ils ? Comment un catholique doit-il r\u00e9pondre pastoralement ?<\/strong><\/p>\n\n\n\n<p>Cet article propose une r\u00e9flexion profonde, apolog\u00e9tique et pastorale \u2014 rigoureuse sur le plan th\u00e9ologique, accessible dans son langage et orient\u00e9e vers le discernement spirituel.<\/p>\n\n\n\n<hr class=\"wp-block-separator has-alpha-channel-opacity\"\/>\n\n\n\n<h2 class=\"wp-block-heading\">Que signifie \u00eatre \u00ab \u00e9vang\u00e9lique \u00bb ?<\/h2>\n\n\n\n<p>Le terme \u00ab \u00e9vang\u00e9lique \u00bb provient de <em>\u00c9vangile<\/em>, c\u2019est-\u00e0-dire \u00ab bonne nouvelle \u00bb. Au sens strict, <strong>tout chr\u00e9tien devrait \u00eatre \u00e9vang\u00e9lique<\/strong>, puisqu\u2019il croit \u00e0 l\u2019\u00c9vangile du Christ. Cependant, historiquement, le terme d\u00e9signe aujourd\u2019hui un ensemble de communaut\u00e9s protestantes issues de la R\u00e9forme et d\u00e9velopp\u00e9es surtout entre le XVIIIe et le XXe si\u00e8cle.<\/p>\n\n\n\n<p>Ces communaut\u00e9s se caract\u00e9risent par plusieurs traits communs :<\/p>\n\n\n\n<ul class=\"wp-block-list\">\n<li>Centralit\u00e9 absolue de la Bible comme seule autorit\u00e9.<\/li>\n\n\n\n<li>Rejet de l\u2019autorit\u00e9 doctrinale de l\u2019\u00c9glise historique.<\/li>\n\n\n\n<li>N\u00e9gation de plusieurs sacrements catholiques.<\/li>\n\n\n\n<li>Accent sur la conversion personnelle imm\u00e9diate.<\/li>\n\n\n\n<li>Interpr\u00e9tation individuelle de l\u2019\u00c9criture.<\/li>\n<\/ul>\n\n\n\n<p>Bien qu\u2019elles pr\u00e9sentent une diversit\u00e9 interne, elles partagent une racine historique commune.<\/p>\n\n\n\n<hr class=\"wp-block-separator has-alpha-channel-opacity\"\/>\n\n\n\n<h2 class=\"wp-block-heading\">Origine historique : la rupture avec l\u2019\u00c9glise apostolique<\/h2>\n\n\n\n<p>Pour comprendre le ph\u00e9nom\u00e8ne \u00e9vang\u00e9lique, il faut remonter au XVIe si\u00e8cle et \u00e0 la crise de la chr\u00e9tient\u00e9 occidentale.<\/p>\n\n\n\n<h3 class=\"wp-block-heading\">La R\u00e9forme protestante<\/h3>\n\n\n\n<p>Le mouvement na\u00eet indirectement de la R\u00e9forme initi\u00e9e par <strong>Mart\u00edn Lutero<\/strong> en 1517, lorsqu\u2019il remit en question l\u2019autorit\u00e9 doctrinale de l\u2019\u00c9glise et proposa de nouveaux enseignements :<\/p>\n\n\n\n<ul class=\"wp-block-list\">\n<li><em>Sola Scriptura<\/em> (l\u2019\u00c9criture seule).<\/li>\n\n\n\n<li><em>Sola fide<\/em> (la foi seule).<\/li>\n\n\n\n<li>Rejet du sacerdoce sacramentel.<\/li>\n\n\n\n<li>Rejet de la Tradition apostolique.<\/li>\n<\/ul>\n\n\n\n<p>Avec le temps, la fragmentation protestante produisit de multiples d\u00e9nominations. Aux XVIIIe et XIXe si\u00e8cles, des mouvements de r\u00e9veil en Angleterre et aux \u00c9tats-Unis donn\u00e8rent naissance \u00e0 l\u2019\u00e9vang\u00e9lisme moderne.<\/p>\n\n\n\n<hr class=\"wp-block-separator has-alpha-channel-opacity\"\/>\n\n\n\n<h2 class=\"wp-block-heading\">La vision catholique : \u00c9glise, \u00c9criture et Tradition<\/h2>\n\n\n\n<p>Selon l\u2019enseignement de la <strong>Iglesia Cat\u00f3lica<\/strong>, le principal probl\u00e8me th\u00e9ologique de l\u2019\u00e9vang\u00e9lisme est sa rupture avec le d\u00e9p\u00f4t int\u00e9gral de la foi transmis par les ap\u00f4tres.<\/p>\n\n\n\n<h3 class=\"wp-block-heading\">1. L\u2019autorit\u00e9 de l\u2019\u00c9glise fond\u00e9e par le Christ<\/h3>\n\n\n\n<p>L\u2019\u00c9glise enseigne que le Christ a fond\u00e9 une communaut\u00e9 visible dot\u00e9e d\u2019une autorit\u00e9 doctrinale :<\/p>\n\n\n\n<blockquote class=\"wp-block-quote is-layout-flow wp-block-quote-is-layout-flow\">\n<p>\u00ab Tu es Pierre, et sur cette pierre je b\u00e2tirai mon \u00c9glise \u00bb (Mt 16,18).<\/p>\n<\/blockquote>\n\n\n\n<p>Pour la th\u00e9ologie catholique :<\/p>\n\n\n\n<ul class=\"wp-block-list\">\n<li>La R\u00e9v\u00e9lation est transmise par l\u2019\u00c9criture et la Tradition.<\/li>\n\n\n\n<li>Le Magist\u00e8re interpr\u00e8te authentiquement la foi.<\/li>\n\n\n\n<li>L\u2019unit\u00e9 doctrinale exige une autorit\u00e9 apostolique.<\/li>\n<\/ul>\n\n\n\n<p>En rejetant cette structure, l\u2019\u00e9vang\u00e9lisme conduit historiquement \u00e0 des milliers d\u2019interpr\u00e9tations contradictoires du christianisme.<\/p>\n\n\n\n<hr class=\"wp-block-separator has-alpha-channel-opacity\"\/>\n\n\n\n<h3 class=\"wp-block-heading\">2. L\u2019interpr\u00e9tation priv\u00e9e de la Bible<\/h3>\n\n\n\n<p>Les \u00e9vang\u00e9liques d\u00e9fendent la libre interpr\u00e9tation de l\u2019\u00c9criture. Pourtant, l\u2019\u00c9criture elle-m\u00eame avertit :<\/p>\n\n\n\n<blockquote class=\"wp-block-quote is-layout-flow wp-block-quote-is-layout-flow\">\n<p>\u00ab Aucune proph\u00e9tie de l\u2019\u00c9criture ne peut \u00eatre l\u2019objet d\u2019une interpr\u00e9tation personnelle \u00bb (2 P 1,20).<\/p>\n<\/blockquote>\n\n\n\n<p>La th\u00e9ologie catholique souligne que :<\/p>\n\n\n\n<ul class=\"wp-block-list\">\n<li>L\u2019\u00c9criture est n\u00e9e au sein de l\u2019\u00c9glise.<\/li>\n\n\n\n<li>Le canon biblique a \u00e9t\u00e9 d\u00e9fini par l\u2019\u00c9glise.<\/li>\n\n\n\n<li>L\u2019interpr\u00e9tation requiert la continuit\u00e9 apostolique.<\/li>\n<\/ul>\n\n\n\n<p>Paradoxalement, la doctrine de \u00ab l\u2019\u00c9criture seule \u00bb n\u2019appara\u00eet pas explicitement dans la Bible.<\/p>\n\n\n\n<hr class=\"wp-block-separator has-alpha-channel-opacity\"\/>\n\n\n\n<h3 class=\"wp-block-heading\">3. R\u00e9duction du myst\u00e8re sacramentel<\/h3>\n\n\n\n<p>L\u2019un des points de divergence les plus importants est la n\u00e9gation de plusieurs sacrements.<\/p>\n\n\n\n<p>L\u2019\u00e9vang\u00e9lisme rejette g\u00e9n\u00e9ralement :<\/p>\n\n\n\n<ul class=\"wp-block-list\">\n<li>L\u2019Eucharistie comme pr\u00e9sence r\u00e9elle.<\/li>\n\n\n\n<li>Le sacerdoce minist\u00e9riel.<\/li>\n\n\n\n<li>La confession sacramentelle.<\/li>\n\n\n\n<li>La succession apostolique.<\/li>\n<\/ul>\n\n\n\n<p>Or le Christ affirme au sujet de l\u2019Eucharistie :<\/p>\n\n\n\n<blockquote class=\"wp-block-quote is-layout-flow wp-block-quote-is-layout-flow\">\n<p>\u00ab Ma chair est vraiment une nourriture et mon sang est vraiment une boisson \u00bb (Jn 6,55).<\/p>\n<\/blockquote>\n\n\n\n<p>Pour la foi catholique, les sacrements ne sont pas de simples symboles psychologiques, mais <strong>des canaux r\u00e9els de gr\u00e2ce institu\u00e9s par le Christ<\/strong>.<\/p>\n\n\n\n<hr class=\"wp-block-separator has-alpha-channel-opacity\"\/>\n\n\n\n<h3 class=\"wp-block-heading\">4. La doctrine de la justification<\/h3>\n\n\n\n<p>De nombreux \u00e9vang\u00e9liques soutiennent que le salut d\u00e9pend exclusivement de la foi sans coop\u00e9ration des \u0153uvres.<\/p>\n\n\n\n<p>L\u2019\u00c9glise enseigne au contraire :<\/p>\n\n\n\n<ul class=\"wp-block-list\">\n<li>La gr\u00e2ce est donn\u00e9e gratuitement.<\/li>\n\n\n\n<li>La personne humaine coop\u00e8re librement.<\/li>\n\n\n\n<li>La foi vivante produit des \u0153uvres.<\/li>\n<\/ul>\n\n\n\n<p>Comme l\u2019enseigne l\u2019\u00c9criture :<\/p>\n\n\n\n<blockquote class=\"wp-block-quote is-layout-flow wp-block-quote-is-layout-flow\">\n<p>\u00ab La foi, si elle n\u2019a pas les \u0153uvres, est morte en elle-m\u00eame \u00bb (Jc 2,17).<\/p>\n<\/blockquote>\n\n\n\n<hr class=\"wp-block-separator has-alpha-channel-opacity\"\/>\n\n\n\n<h2 class=\"wp-block-heading\">Les aspects positifs que le catholique doit reconna\u00eetre<\/h2>\n\n\n\n<p>Une apolog\u00e9tique honn\u00eate reconna\u00eet des \u00e9l\u00e9ments pr\u00e9cieux pr\u00e9sents dans de nombreuses communaut\u00e9s \u00e9vang\u00e9liques :<\/p>\n\n\n\n<ul class=\"wp-block-list\">\n<li>Amour sinc\u00e8re pour le Christ.<\/li>\n\n\n\n<li>D\u00e9sir de conversion personnelle.<\/li>\n\n\n\n<li>Connaissance de l\u2019\u00c9criture.<\/li>\n\n\n\n<li>Z\u00e8le missionnaire.<\/li>\n\n\n\n<li>Vie de pri\u00e8re intense.<\/li>\n<\/ul>\n\n\n\n<p>Le Concile Vatican II a enseign\u00e9 que des \u00ab \u00e9l\u00e9ments de sanctification \u00bb existent en dehors de la pleine communion visible. Cela invite \u00e0 un dialogue respectueux, et non au m\u00e9pris.<\/p>\n\n\n\n<p>La critique th\u00e9ologique ne doit pas devenir hostilit\u00e9, mais recherche de la v\u00e9rit\u00e9.<\/p>\n\n\n\n<hr class=\"wp-block-separator has-alpha-channel-opacity\"\/>\n\n\n\n<h2 class=\"wp-block-heading\">Le probl\u00e8me pastoral : le risque du subjectivisme religieux<\/h2>\n\n\n\n<p>Du point de vue catholique traditionnel, le plus grand danger de l\u2019\u00e9vang\u00e9lisme est le <strong>subjectivisme religieux<\/strong> :<\/p>\n\n\n\n<ul class=\"wp-block-list\">\n<li>Chaque individu d\u00e9cide de la doctrine.<\/li>\n\n\n\n<li>L\u2019\u00e9motion remplace le dogme.<\/li>\n\n\n\n<li>L\u2019exp\u00e9rience personnelle remplace la Tradition.<\/li>\n\n\n\n<li>La communaut\u00e9 devient optionnelle.<\/li>\n<\/ul>\n\n\n\n<p>Cela peut produire :<\/p>\n\n\n\n<ul class=\"wp-block-list\">\n<li>Une instabilit\u00e9 doctrinale.<\/li>\n\n\n\n<li>Une fragmentation du christianisme.<\/li>\n\n\n\n<li>Une perte du sens sacramentel.<\/li>\n\n\n\n<li>Une r\u00e9duction du myst\u00e8re de l\u2019\u00c9glise.<\/li>\n<\/ul>\n\n\n\n<p>Le christianisme historique, en revanche, est communion visible, continuit\u00e9 apostolique et vie sacramentelle.<\/p>\n\n\n\n<hr class=\"wp-block-separator has-alpha-channel-opacity\"\/>\n\n\n\n<h2 class=\"wp-block-heading\">Le d\u00e9fi actuel : l\u2019expansion mondiale de l\u2019\u00e9vang\u00e9lisme<\/h2>\n\n\n\n<p>Aujourd\u2019hui, la croissance de l\u2019\u00e9vang\u00e9lisme r\u00e9pond \u00e0 des facteurs sociaux et pastoraux :<\/p>\n\n\n\n<ul class=\"wp-block-list\">\n<li>Un langage simple et direct.<\/li>\n\n\n\n<li>Une forte communaut\u00e9 affective.<\/li>\n\n\n\n<li>Une pr\u00e9dication \u00e9motionnelle.<\/li>\n\n\n\n<li>Une r\u00e9ponse imm\u00e9diate aux besoins spirituels.<\/li>\n\n\n\n<li>Une \u00e9vang\u00e9lisation active.<\/li>\n<\/ul>\n\n\n\n<p>Cela interpelle profond\u00e9ment les catholiques : <strong>avons-nous n\u00e9glig\u00e9 la formation doctrinale ? Avons-nous affaibli la vie sacramentelle ? Avons-nous perdu le z\u00e8le missionnaire ?<\/strong><\/p>\n\n\n\n<p>Le ph\u00e9nom\u00e8ne \u00e9vang\u00e9lique est aussi un appel au renouveau de l\u2019\u00c9glise.<\/p>\n\n\n\n<hr class=\"wp-block-separator has-alpha-channel-opacity\"\/>\n\n\n\n<h2 class=\"wp-block-heading\">Cl\u00e9s pour le discernement spirituel du catholique<\/h2>\n\n\n\n<h3 class=\"wp-block-heading\">1. Aimer la v\u00e9rit\u00e9 avec charit\u00e9<\/h3>\n\n\n\n<p>La d\u00e9fense de la foi doit \u00eatre unie \u00e0 l\u2019amour du prochain.<\/p>\n\n\n\n<h3 class=\"wp-block-heading\">2. Se former doctrinalement<\/h3>\n\n\n\n<p>Beaucoup abandonnent la foi catholique par manque de formation.<\/p>\n\n\n\n<h3 class=\"wp-block-heading\">3. Red\u00e9couvrir les sacrements<\/h3>\n\n\n\n<p>La vie chr\u00e9tienne n\u2019est pas seulement sentiment, mais gr\u00e2ce r\u00e9elle.<\/p>\n\n\n\n<h3 class=\"wp-block-heading\">4. Conna\u00eetre l\u2019\u00c9criture Sainte dans la Tradition<\/h3>\n\n\n\n<p>Le catholique doit lire la Bible profond\u00e9ment dans l\u2019enseignement de l\u2019\u00c9glise.<\/p>\n\n\n\n<h3 class=\"wp-block-heading\">5. T\u00e9moigner par la vie<\/h3>\n\n\n\n<p>L\u2019apolog\u00e9tique la plus convaincante est la saintet\u00e9.<\/p>\n\n\n\n<hr class=\"wp-block-separator has-alpha-channel-opacity\"\/>\n\n\n\n<h2 class=\"wp-block-heading\">Comment dialoguer avec un \u00e9vang\u00e9lique ?<\/h2>\n\n\n\n<p>Une attitude pastorale authentique comprend :<\/p>\n\n\n\n<ul class=\"wp-block-list\">\n<li>\u00c9couter avant de discuter.<\/li>\n\n\n\n<li>\u00c9viter les pol\u00e9miques agressives.<\/li>\n\n\n\n<li>Expliquer clairement la foi.<\/li>\n\n\n\n<li>Inviter \u00e0 d\u00e9couvrir l\u2019\u00c9glise historique.<\/li>\n\n\n\n<li>Montrer la richesse de la vie sacramentelle.<\/li>\n<\/ul>\n\n\n\n<p>L\u2019objectif n\u2019est pas de \u00ab gagner des d\u00e9bats \u00bb, mais de conduire \u00e0 la pl\u00e9nitude de la v\u00e9rit\u00e9.<\/p>\n\n\n\n<hr class=\"wp-block-separator has-alpha-channel-opacity\"\/>\n\n\n\n<h2 class=\"wp-block-heading\">La dimension spirituelle du probl\u00e8me : l\u2019unit\u00e9 voulue par le Christ<\/h2>\n\n\n\n<p>Le Christ a pri\u00e9 pour l\u2019unit\u00e9 de ses disciples :<\/p>\n\n\n\n<blockquote class=\"wp-block-quote is-layout-flow wp-block-quote-is-layout-flow\">\n<p>\u00ab Que tous soient un \u00bb (Jn 17,21).<\/p>\n<\/blockquote>\n\n\n\n<p>La division entre chr\u00e9tiens est une blessure historique. Selon la th\u00e9ologie catholique traditionnelle, la pl\u00e9nitude de cette unit\u00e9 subsiste dans l\u2019\u00c9glise fond\u00e9e par le Christ et pr\u00e9serv\u00e9e \u00e0 travers les si\u00e8cles.<\/p>\n\n\n\n<p>Le d\u00e9fi n\u2019est pas seulement doctrinal, mais spirituel : travailler pour la v\u00e9rit\u00e9 et la communion.<\/p>\n\n\n\n<hr class=\"wp-block-separator has-alpha-channel-opacity\"\/>\n\n\n\n<h2 class=\"wp-block-heading\">Conclusion : fermet\u00e9 dans la foi, charit\u00e9 dans les relations<\/h2>\n\n\n\n<p>Le ph\u00e9nom\u00e8ne \u00e9vang\u00e9lique repr\u00e9sente simultan\u00e9ment :<\/p>\n\n\n\n<ul class=\"wp-block-list\">\n<li>Un d\u00e9fi doctrinal.<\/li>\n\n\n\n<li>Un appel au renouveau catholique.<\/li>\n\n\n\n<li>Une opportunit\u00e9 de t\u00e9moignage.<\/li>\n<\/ul>\n\n\n\n<p>La r\u00e9ponse authentiquement catholique n\u2019est ni le rejet visc\u00e9ral ni le relativisme, mais :<\/p>\n\n\n\n<ul class=\"wp-block-list\">\n<li>la clart\u00e9 doctrinale,<\/li>\n\n\n\n<li>une formation solide,<\/li>\n\n\n\n<li>une vie sacramentelle intense,<\/li>\n\n\n\n<li>la charit\u00e9 pastorale.<\/li>\n<\/ul>\n\n\n\n<p>Car la v\u00e9rit\u00e9 sans charit\u00e9 devient duret\u00e9, mais la charit\u00e9 sans v\u00e9rit\u00e9 devient confusion.<\/p>\n\n\n\n<p>Le croyant est appel\u00e9 \u00e0 vivre la pl\u00e9nitude de la foi transmise par les ap\u00f4tres, gard\u00e9e dans l\u2019\u00c9glise et vivifi\u00e9e par les sacrements, en se souvenant toujours des paroles du Seigneur :<\/p>\n\n\n\n<blockquote class=\"wp-block-quote is-layout-flow wp-block-quote-is-layout-flow\">\n<p>\u00ab Vous conna\u00eetrez la v\u00e9rit\u00e9, et la v\u00e9rit\u00e9 vous rendra libres \u00bb (Jn 8,32).<\/p>\n<\/blockquote>\n","protected":false},"excerpt":{"rendered":"<p>Dans le monde contemporain, peu de ph\u00e9nom\u00e8nes religieux ont connu une croissance aussi rapide que le mouvement \u00e9vang\u00e9lique. Sa pr\u00e9sence est de plus en plus visible en Am\u00e9rique latine, en Europe et en Afrique ; sa pr\u00e9dication est fervente, son langage direct et son appel \u00e0 la conversion intense. Aujourd\u2019hui, de nombreux catholiques vivent aux &hellip;<\/p>\n","protected":false},"author":3,"featured_media":5170,"comment_status":"closed","ping_status":"closed","sticky":false,"template":"","format":"standard","meta":{"_seopress_robots_primary_cat":"","_seopress_titles_title":"","_seopress_titles_desc":"","_seopress_robots_index":"","footnotes":""},"categories":[66,41],"tags":[948],"class_list":["post-5169","post","type-post","status-publish","format-standard","has-post-thumbnail","","category-culture-populaire-et-catholicisme","category-foi-et-culture","tag-evangeliques"],"_links":{"self":[{"href":"https:\/\/catholicus.eu\/fr\/wp-json\/wp\/v2\/posts\/5169","targetHints":{"allow":["GET"]}}],"collection":[{"href":"https:\/\/catholicus.eu\/fr\/wp-json\/wp\/v2\/posts"}],"about":[{"href":"https:\/\/catholicus.eu\/fr\/wp-json\/wp\/v2\/types\/post"}],"author":[{"embeddable":true,"href":"https:\/\/catholicus.eu\/fr\/wp-json\/wp\/v2\/users\/3"}],"replies":[{"embeddable":true,"href":"https:\/\/catholicus.eu\/fr\/wp-json\/wp\/v2\/comments?post=5169"}],"version-history":[{"count":1,"href":"https:\/\/catholicus.eu\/fr\/wp-json\/wp\/v2\/posts\/5169\/revisions"}],"predecessor-version":[{"id":5171,"href":"https:\/\/catholicus.eu\/fr\/wp-json\/wp\/v2\/posts\/5169\/revisions\/5171"}],"wp:featuredmedia":[{"embeddable":true,"href":"https:\/\/catholicus.eu\/fr\/wp-json\/wp\/v2\/media\/5170"}],"wp:attachment":[{"href":"https:\/\/catholicus.eu\/fr\/wp-json\/wp\/v2\/media?parent=5169"}],"wp:term":[{"taxonomy":"category","embeddable":true,"href":"https:\/\/catholicus.eu\/fr\/wp-json\/wp\/v2\/categories?post=5169"},{"taxonomy":"post_tag","embeddable":true,"href":"https:\/\/catholicus.eu\/fr\/wp-json\/wp\/v2\/tags?post=5169"}],"curies":[{"name":"wp","href":"https:\/\/api.w.org\/{rel}","templated":true}]}}