{"id":5147,"date":"2026-02-18T16:40:15","date_gmt":"2026-02-18T15:40:15","guid":{"rendered":"https:\/\/catholicus.eu\/fr\/?p=5147"},"modified":"2026-02-18T16:40:15","modified_gmt":"2026-02-18T15:40:15","slug":"romains-la-lettre-qui-a-change-le-monde-et-peut-changer-ta-vie-aujourdhui","status":"publish","type":"post","link":"https:\/\/catholicus.eu\/fr\/romains-la-lettre-qui-a-change-le-monde-et-peut-changer-ta-vie-aujourdhui\/","title":{"rendered":"Romains : La Lettre qui a chang\u00e9 le monde (et peut changer ta vie aujourd\u2019hui)"},"content":{"rendered":"\n<p>Il existe des textes qui \u00e9clairent. Il existe des textes qui corrigent. Et il existe des textes qui bouleversent l\u2019histoire elle-m\u00eame.<br>La <strong>Lettre aux Romains<\/strong> appartient \u00e0 cette derni\u00e8re cat\u00e9gorie.<\/p>\n\n\n\n<p>C\u2019est l\u2019\u00e9crit le plus profond, le plus syst\u00e9matique et le plus dense th\u00e9ologiquement de Saint Paul. Ce n\u2019est pas simplement une autre lettre du Nouveau Testament. C\u2019est le grand trait\u00e9 sur la gr\u00e2ce, le p\u00e9ch\u00e9, la justification et le salut. C\u2019est le c\u0153ur doctrinal du christianisme.<\/p>\n\n\n\n<p>Et ce qui est le plus frappant, c\u2019est qu\u2019elle n\u2019a pas \u00e9t\u00e9 \u00e9crite pour des th\u00e9ologiens de laboratoire, mais pour une communaut\u00e9 concr\u00e8te, r\u00e9elle, fragile et divis\u00e9e : l\u2019\u00c9glise de Rome.<\/p>\n\n\n\n<p>Aujourd\u2019hui, dans un monde confus quant \u00e0 la v\u00e9rit\u00e9, \u00e0 la morale et au sens de la vie, la Lettre aux Romains est plus actuelle que jamais.<\/p>\n\n\n\n<hr class=\"wp-block-separator has-alpha-channel-opacity\"\/>\n\n\n\n<h2 class=\"wp-block-heading\">1. Le contexte historique : Rome, centre du monde\u2026 et du christianisme naissant<\/h2>\n\n\n\n<p>Lorsque Paul \u00e9crit aux chr\u00e9tiens de Rome (vers les ann\u00e9es 57\u201358 apr. J.-C.), il n\u2019a pas encore visit\u00e9 la ville. Rome est le centre politique et culturel de l\u2019Empire. Peuples, religions, philosophies et pouvoir y convergent.<\/p>\n\n\n\n<p>La communaut\u00e9 chr\u00e9tienne romaine \u00e9tait compos\u00e9e de :<\/p>\n\n\n\n<ul class=\"wp-block-list\">\n<li>Juifs convertis.<\/li>\n\n\n\n<li>Pa\u00efens convertis.<\/li>\n\n\n\n<li>Personnes aux mentalit\u00e9s tr\u00e8s diff\u00e9rentes.<\/li>\n\n\n\n<li>Tensions internes concernant la Loi mosa\u00efque et les coutumes.<\/li>\n<\/ul>\n\n\n\n<p>Paul \u00e9crit afin de :<\/p>\n\n\n\n<ul class=\"wp-block-list\">\n<li>Pr\u00e9parer sa future visite.<\/li>\n\n\n\n<li>Unifier doctrinalement la communaut\u00e9.<\/li>\n\n\n\n<li>Exposer clairement l\u2019\u00c9vangile qu\u2019il pr\u00eache.<\/li>\n\n\n\n<li>D\u00e9fendre l\u2019universalit\u00e9 du salut.<\/li>\n<\/ul>\n\n\n\n<p>Il n\u2019\u00e9crit pas de mani\u00e8re improvis\u00e9e. C\u2019est son \u0153uvre la plus m\u00fbre, sa synth\u00e8se th\u00e9ologique.<\/p>\n\n\n\n<hr class=\"wp-block-separator has-alpha-channel-opacity\"\/>\n\n\n\n<h2 class=\"wp-block-heading\">2. Le probl\u00e8me central : le p\u00e9ch\u00e9 universel<\/h2>\n\n\n\n<p>Paul commence par une affirmation radicale : tous ont besoin du salut.<\/p>\n\n\n\n<blockquote class=\"wp-block-quote is-layout-flow wp-block-quote-is-layout-flow\">\n<p>\u00ab Il n\u2019y a pas de juste, pas m\u00eame un seul \u00bb (Romains 3,10).<\/p>\n<\/blockquote>\n\n\n\n<p>Pour Paul, le drame humain n\u2019est pas d\u2019abord politique ou \u00e9conomique. Il est spirituel. C\u2019est le p\u00e9ch\u00e9.<\/p>\n\n\n\n<p>Depuis Adam, l\u2019humanit\u00e9 est bless\u00e9e. Il ne s\u2019agit pas seulement d\u2019actes isol\u00e9s, mais d\u2019une condition : une inclination int\u00e9rieure au d\u00e9sordre.<\/p>\n\n\n\n<h3 class=\"wp-block-heading\">Que signifie cela aujourd\u2019hui ?<\/h3>\n\n\n\n<p>Nous vivons dans une culture qui nie le p\u00e9ch\u00e9 ou le red\u00e9finit comme une \u00ab erreur psychologique \u00bb ou un \u00ab conditionnement social \u00bb. Mais Paul nous rappelle :<\/p>\n\n\n\n<ul class=\"wp-block-list\">\n<li>Le mal n\u2019est pas seulement ext\u00e9rieur.<\/li>\n\n\n\n<li>Le mal traverse le c\u0153ur humain.<\/li>\n\n\n\n<li>Nous avons besoin de r\u00e9demption, pas seulement d\u2019\u00e9ducation.<\/li>\n<\/ul>\n\n\n\n<p>Cette v\u00e9rit\u00e9 n\u2019est pas pessimiste. Elle est lib\u00e9ratrice. Car si nous reconnaissons la blessure, nous pouvons accepter le rem\u00e8de.<\/p>\n\n\n\n<hr class=\"wp-block-separator has-alpha-channel-opacity\"\/>\n\n\n\n<h2 class=\"wp-block-heading\">3. La justification : le c\u0153ur de l\u2019\u00c9vangile<\/h2>\n\n\n\n<p>Nous entrons ici dans le noyau de Romains.<\/p>\n\n\n\n<blockquote class=\"wp-block-quote is-layout-flow wp-block-quote-is-layout-flow\">\n<p>\u00ab Le juste vivra par la foi \u00bb (Romains 1,17).<\/p>\n<\/blockquote>\n\n\n\n<p>La justification n\u2019est pas simplement \u00ab \u00eatre pardonn\u00e9 \u00bb. C\u2019est \u00eatre rendu juste par la gr\u00e2ce de Dieu.<\/p>\n\n\n\n<p>Paul enseigne que :<\/p>\n\n\n\n<ul class=\"wp-block-list\">\n<li>Nous ne sommes pas sauv\u00e9s par nos \u0153uvres.<\/li>\n\n\n\n<li>Nous n\u2019accumulons pas des m\u00e9rites humains pour acheter le ciel.<\/li>\n\n\n\n<li>Le salut est un don gratuit.<\/li>\n<\/ul>\n\n\n\n<p>Mais attention : la foi n\u2019est pas une id\u00e9e vague ni une \u00e9motion religieuse. C\u2019est une adh\u00e9sion totale \u00e0 J\u00e9sus-Christ.<\/p>\n\n\n\n<p>C\u2019est une confiance ob\u00e9issante.<\/p>\n\n\n\n<p>Du point de vue de la th\u00e9ologie catholique traditionnelle, la justification n\u2019est pas seulement une d\u00e9claration ext\u00e9rieure, mais une transformation int\u00e9rieure. La gr\u00e2ce nous change r\u00e9ellement. Elle ne se contente pas de nous \u00ab consid\u00e9rer \u00bb justes ; elle nous rend justes.<\/p>\n\n\n\n<hr class=\"wp-block-separator has-alpha-channel-opacity\"\/>\n\n\n\n<h2 class=\"wp-block-heading\">4. Le Christ, Nouvel Adam : la restauration de l\u2019humanit\u00e9<\/h2>\n\n\n\n<p>Paul \u00e9tablit un parall\u00e8le profond :<\/p>\n\n\n\n<ul class=\"wp-block-list\">\n<li>Par un homme (Adam), le p\u00e9ch\u00e9 est entr\u00e9.<\/li>\n\n\n\n<li>Par un homme (le Christ), la gr\u00e2ce est venue.<\/li>\n<\/ul>\n\n\n\n<p>Le Christ est le Nouvel Adam. L\u00e0 o\u00f9 le premier a d\u00e9sob\u00e9i, le second a ob\u00e9i jusqu\u2019\u00e0 la mort sur la Croix.<\/p>\n\n\n\n<p>Cet enseignement est essentiel pour comprendre :<\/p>\n\n\n\n<ul class=\"wp-block-list\">\n<li>Le myst\u00e8re de l\u2019Incarnation.<\/li>\n\n\n\n<li>La valeur r\u00e9demptrice de la souffrance.<\/li>\n\n\n\n<li>La centralit\u00e9 du sacrifice de la Croix.<\/li>\n<\/ul>\n\n\n\n<p>Le salut n\u2019est pas une th\u00e9orie. C\u2019est un \u00e9v\u00e9nement historique.<\/p>\n\n\n\n<hr class=\"wp-block-separator has-alpha-channel-opacity\"\/>\n\n\n\n<h2 class=\"wp-block-heading\">5. La vie dans l\u2019Esprit : la v\u00e9ritable libert\u00e9<\/h2>\n\n\n\n<p>Romains 8 est l\u2019un des chapitres les plus sublimes de toute l\u2019\u00c9criture.<\/p>\n\n\n\n<blockquote class=\"wp-block-quote is-layout-flow wp-block-quote-is-layout-flow\">\n<p>\u00ab Il n\u2019y a donc maintenant aucune condamnation pour ceux qui sont dans le Christ J\u00e9sus \u00bb (Romains 8,1).<\/p>\n<\/blockquote>\n\n\n\n<p>Ici, Paul explique la vie dans l\u2019Esprit.<\/p>\n\n\n\n<p>Nous ne sommes pas appel\u00e9s seulement \u00e0 \u00e9viter le p\u00e9ch\u00e9. Nous sommes appel\u00e9s \u00e0 vivre comme des fils :<\/p>\n\n\n\n<ul class=\"wp-block-list\">\n<li>Fils adoptifs.<\/li>\n\n\n\n<li>H\u00e9ritiers avec le Christ.<\/li>\n\n\n\n<li>Conduits par l\u2019Esprit Saint.<\/li>\n<\/ul>\n\n\n\n<p>Dans un monde qui identifie la libert\u00e9 au fait de \u00ab faire ce qui me pla\u00eet \u00bb, Paul red\u00e9finit la libert\u00e9 :<\/p>\n\n\n\n<p>La v\u00e9ritable libert\u00e9 est la capacit\u00e9 de faire le bien.<\/p>\n\n\n\n<p>L\u2019esclavage n\u2019est pas l\u2019ob\u00e9issance \u00e0 Dieu. L\u2019esclavage, c\u2019est \u00eatre domin\u00e9 par ses passions.<\/p>\n\n\n\n<hr class=\"wp-block-separator has-alpha-channel-opacity\"\/>\n\n\n\n<h2 class=\"wp-block-heading\">6. Le combat int\u00e9rieur : un r\u00e9alisme pastoral impressionnant<\/h2>\n\n\n\n<p>L\u2019un des passages les plus humains de Paul se trouve en Romains 7 :<\/p>\n\n\n\n<blockquote class=\"wp-block-quote is-layout-flow wp-block-quote-is-layout-flow\">\n<p>\u00ab Je ne fais pas le bien que je veux, mais je fais le mal que je ne veux pas. \u00bb<\/p>\n<\/blockquote>\n\n\n\n<p>Qui ne s\u2019y reconna\u00eet pas ?<\/p>\n\n\n\n<ul class=\"wp-block-list\">\n<li>Je veux prier\u2026 mais je me distrais.<\/li>\n\n\n\n<li>Je veux \u00eatre patient\u2026 mais j\u2019explose.<\/li>\n\n\n\n<li>Je veux pardonner\u2026 mais je garde de l\u2019amertume.<\/li>\n<\/ul>\n\n\n\n<p>Paul n\u2019id\u00e9alise pas la vie chr\u00e9tienne. Il reconna\u00eet la bataille int\u00e9rieure.<\/p>\n\n\n\n<p>Mais il ne termine pas dans le drame. Il termine dans la gr\u00e2ce.<\/p>\n\n\n\n<p>La solution n\u2019est pas une force de volont\u00e9 isol\u00e9e. C\u2019est la d\u00e9pendance au Christ.<\/p>\n\n\n\n<hr class=\"wp-block-separator has-alpha-channel-opacity\"\/>\n\n\n\n<h2 class=\"wp-block-heading\">7. Isra\u00ebl, l\u2019\u00e9lection et le myst\u00e8re de la fid\u00e9lit\u00e9 divine<\/h2>\n\n\n\n<p>Aux chapitres 9\u201311, Paul aborde une question d\u00e9licate : qu\u2019en est-il d\u2019Isra\u00ebl si beaucoup n\u2019ont pas accept\u00e9 le Christ ?<\/p>\n\n\n\n<p>Ici, il montre quelque chose d\u2019essentiel pour notre foi :<\/p>\n\n\n\n<ul class=\"wp-block-list\">\n<li>Dieu ne rompt pas ses promesses.<\/li>\n\n\n\n<li>L\u2019histoire du salut est organique.<\/li>\n\n\n\n<li>L\u2019\u00c9glise ne remplace pas, elle accomplit.<\/li>\n<\/ul>\n\n\n\n<p>D\u2019un point de vue th\u00e9ologique profond, ces chapitres r\u00e9v\u00e8lent la souverainet\u00e9 divine et le myst\u00e8re du plan salvifique universel.<\/p>\n\n\n\n<hr class=\"wp-block-separator has-alpha-channel-opacity\"\/>\n\n\n\n<h2 class=\"wp-block-heading\">8. La morale chr\u00e9tienne : la foi devient vie<\/h2>\n\n\n\n<p>La seconde partie de Romains est \u00e9minemment pratique.<\/p>\n\n\n\n<blockquote class=\"wp-block-quote is-layout-flow wp-block-quote-is-layout-flow\">\n<p>\u00ab Ne vous conformez pas au si\u00e8cle pr\u00e9sent, mais soyez transform\u00e9s par le renouvellement de l\u2019intelligence \u00bb (Romains 12,2).<\/p>\n<\/blockquote>\n\n\n\n<p>Paul traduit la th\u00e9ologie en vie concr\u00e8te :<\/p>\n\n\n\n<ul class=\"wp-block-list\">\n<li>Aimer sans hypocrisie.<\/li>\n\n\n\n<li>B\u00e9nir ceux qui pers\u00e9cutent.<\/li>\n\n\n\n<li>Vaincre le mal par le bien.<\/li>\n\n\n\n<li>Respecter l\u2019autorit\u00e9 l\u00e9gitime.<\/li>\n\n\n\n<li>Vivre la charit\u00e9 fraternelle.<\/li>\n<\/ul>\n\n\n\n<p>Il n\u2019y a pas de s\u00e9paration entre doctrine et morale. La foi v\u00e9ritable transforme les habitudes, les relations, l\u2019\u00e9conomie, la politique, la sexualit\u00e9 et la famille.<\/p>\n\n\n\n<hr class=\"wp-block-separator has-alpha-channel-opacity\"\/>\n\n\n\n<h2 class=\"wp-block-heading\">9. Applications pratiques pour aujourd\u2019hui<\/h2>\n\n\n\n<p>Comment appliquer Romains en 2026 ?<\/p>\n\n\n\n<h3 class=\"wp-block-heading\">1. Reconna\u00eetre le besoin de la gr\u00e2ce<\/h3>\n\n\n\n<p>Cesser de compter uniquement sur nos propres forces. Revenir au sacrement de la confession.<\/p>\n\n\n\n<h3 class=\"wp-block-heading\">2. Red\u00e9couvrir la centralit\u00e9 du Christ<\/h3>\n\n\n\n<p>Non pas une spiritualit\u00e9 g\u00e9n\u00e9rique, mais une relation vivante avec J\u00e9sus-Christ.<\/p>\n\n\n\n<h3 class=\"wp-block-heading\">3. Vivre selon l\u2019Esprit<\/h3>\n\n\n\n<p>Pratiquer :<\/p>\n\n\n\n<ul class=\"wp-block-list\">\n<li>La pri\u00e8re quotidienne.<\/li>\n\n\n\n<li>L\u2019examen de conscience.<\/li>\n\n\n\n<li>Une mortification concr\u00e8te.<\/li>\n\n\n\n<li>Les \u0153uvres de mis\u00e9ricorde.<\/li>\n<\/ul>\n\n\n\n<h3 class=\"wp-block-heading\">4. Renouveler l\u2019intelligence<\/h3>\n\n\n\n<p>Une formation doctrinale solide. L\u2019\u00e9tude du Cat\u00e9chisme. Une lecture m\u00e9dit\u00e9e de Romains.<\/p>\n\n\n\n<h3 class=\"wp-block-heading\">5. Aimer au milieu de la pers\u00e9cution culturelle<\/h3>\n\n\n\n<p>Le chr\u00e9tien ne r\u00e9pond pas par l\u2019agressivit\u00e9, mais par la fermet\u00e9 et la charit\u00e9.<\/p>\n\n\n\n<hr class=\"wp-block-separator has-alpha-channel-opacity\"\/>\n\n\n\n<h2 class=\"wp-block-heading\">10. Romains et le monde actuel<\/h2>\n\n\n\n<p>Nous vivons des temps de :<\/p>\n\n\n\n<ul class=\"wp-block-list\">\n<li>Relativisme moral.<\/li>\n\n\n\n<li>Confusion anthropologique.<\/li>\n\n\n\n<li>Individualisme radical.<\/li>\n\n\n\n<li>Crise d\u2019identit\u00e9.<\/li>\n<\/ul>\n\n\n\n<p>Romains offre la clart\u00e9 :<\/p>\n\n\n\n<ul class=\"wp-block-list\">\n<li>La v\u00e9rit\u00e9 objective existe.<\/li>\n\n\n\n<li>L\u2019homme a besoin de r\u00e9demption.<\/li>\n\n\n\n<li>La gr\u00e2ce est r\u00e9elle.<\/li>\n\n\n\n<li>Le Christ est l\u2019unique Sauveur.<\/li>\n<\/ul>\n\n\n\n<p>Ce n\u2019est pas un message confortable. C\u2019est un message vrai.<\/p>\n\n\n\n<hr class=\"wp-block-separator has-alpha-channel-opacity\"\/>\n\n\n\n<h2 class=\"wp-block-heading\">Conclusion : Es-tu pr\u00eat \u00e0 te laisser transformer ?<\/h2>\n\n\n\n<p>La Lettre aux Romains n\u2019est pas seulement un texte \u00e0 \u00e9tudier. C\u2019est une invitation \u00e0 une r\u00e9volution int\u00e9rieure.<\/p>\n\n\n\n<p>Paul n\u2019\u00e9crit pas pour divertir. Il \u00e9crit pour sauver.<\/p>\n\n\n\n<p>Si aujourd\u2019hui tu prends cette lettre et que tu la lis lentement, chapitre apr\u00e8s chapitre, tu peux exp\u00e9rimenter ce que des millions ont exp\u00e9riment\u00e9 au long de l\u2019histoire :<\/p>\n\n\n\n<ul class=\"wp-block-list\">\n<li>Conversion.<\/li>\n\n\n\n<li>Clart\u00e9.<\/li>\n\n\n\n<li>Force.<\/li>\n\n\n\n<li>Esp\u00e9rance.<\/li>\n<\/ul>\n\n\n\n<p>Car le message central demeure le m\u00eame :<\/p>\n\n\n\n<blockquote class=\"wp-block-quote is-layout-flow wp-block-quote-is-layout-flow\">\n<p>\u00ab L\u00e0 o\u00f9 le p\u00e9ch\u00e9 a abond\u00e9, la gr\u00e2ce a surabond\u00e9 \u00bb (Romains 5,20).<\/p>\n<\/blockquote>\n\n\n\n<p>Et cette gr\u00e2ce est disponible aujourd\u2019hui.<\/p>\n\n\n\n<p>Non pour une \u00e9lite spirituelle.<br>Non pour un pass\u00e9 id\u00e9alis\u00e9.<br>Mais pour toi.<\/p>\n\n\n\n<p>La Lettre aux Romains n\u2019appartient pas seulement au premier si\u00e8cle.<br>Elle appartient \u00e0 chaque c\u0153ur qui a besoin de r\u00e9demption.<\/p>\n\n\n\n<p>Et ce c\u0153ur\u2026 c\u2019est le n\u00f4tre.<\/p>\n","protected":false},"excerpt":{"rendered":"<p>Il existe des textes qui \u00e9clairent. Il existe des textes qui corrigent. Et il existe des textes qui bouleversent l\u2019histoire elle-m\u00eame.La Lettre aux Romains appartient \u00e0 cette derni\u00e8re cat\u00e9gorie. C\u2019est l\u2019\u00e9crit le plus profond, le plus syst\u00e9matique et le plus dense th\u00e9ologiquement de Saint Paul. Ce n\u2019est pas simplement une autre lettre du Nouveau Testament. &hellip;<\/p>\n","protected":false},"author":3,"featured_media":5148,"comment_status":"closed","ping_status":"closed","sticky":false,"template":"","format":"standard","meta":{"_seopress_robots_primary_cat":"","_seopress_titles_title":"","_seopress_titles_desc":"","_seopress_robots_index":"","footnotes":""},"categories":[37,45],"tags":[1694],"class_list":["post-5147","post","type-post","status-publish","format-standard","has-post-thumbnail","","category-doctrine-et-foi","category-saintes-ecritures","tag-romains"],"_links":{"self":[{"href":"https:\/\/catholicus.eu\/fr\/wp-json\/wp\/v2\/posts\/5147","targetHints":{"allow":["GET"]}}],"collection":[{"href":"https:\/\/catholicus.eu\/fr\/wp-json\/wp\/v2\/posts"}],"about":[{"href":"https:\/\/catholicus.eu\/fr\/wp-json\/wp\/v2\/types\/post"}],"author":[{"embeddable":true,"href":"https:\/\/catholicus.eu\/fr\/wp-json\/wp\/v2\/users\/3"}],"replies":[{"embeddable":true,"href":"https:\/\/catholicus.eu\/fr\/wp-json\/wp\/v2\/comments?post=5147"}],"version-history":[{"count":1,"href":"https:\/\/catholicus.eu\/fr\/wp-json\/wp\/v2\/posts\/5147\/revisions"}],"predecessor-version":[{"id":5149,"href":"https:\/\/catholicus.eu\/fr\/wp-json\/wp\/v2\/posts\/5147\/revisions\/5149"}],"wp:featuredmedia":[{"embeddable":true,"href":"https:\/\/catholicus.eu\/fr\/wp-json\/wp\/v2\/media\/5148"}],"wp:attachment":[{"href":"https:\/\/catholicus.eu\/fr\/wp-json\/wp\/v2\/media?parent=5147"}],"wp:term":[{"taxonomy":"category","embeddable":true,"href":"https:\/\/catholicus.eu\/fr\/wp-json\/wp\/v2\/categories?post=5147"},{"taxonomy":"post_tag","embeddable":true,"href":"https:\/\/catholicus.eu\/fr\/wp-json\/wp\/v2\/tags?post=5147"}],"curies":[{"name":"wp","href":"https:\/\/api.w.org\/{rel}","templated":true}]}}