{"id":5144,"date":"2026-02-18T11:38:53","date_gmt":"2026-02-18T10:38:53","guid":{"rendered":"https:\/\/catholicus.eu\/fr\/?p=5144"},"modified":"2026-02-18T11:38:54","modified_gmt":"2026-02-18T10:38:54","slug":"galates-la-lettre-qui-brise-les-chaines-la-liberte-chretienne-en-temps-de-confusion","status":"publish","type":"post","link":"https:\/\/catholicus.eu\/fr\/galates-la-lettre-qui-brise-les-chaines-la-liberte-chretienne-en-temps-de-confusion\/","title":{"rendered":"Galates : La Lettre qui Brise les Cha\u00eenes \u2014 La Libert\u00e9 Chr\u00e9tienne en Temps de Confusion"},"content":{"rendered":"\n<p>Il existe des livres de la Sainte \u00c9criture qui consolent.<br>D\u2019autres qui \u00e9clairent.<br>Et certains \u2014 comme la Lettre aux Galates \u2014 qui secouent l\u2019\u00e2me.<\/p>\n\n\n\n<p>La <strong>Lettre aux Galates<\/strong>, \u00e9crite par l\u2019ap\u00f4tre saint Paul, n\u2019est pas un trait\u00e9 froid ni un expos\u00e9 acad\u00e9mique distant. C\u2019est un cri pastoral. C\u2019est la voix d\u2019un p\u00e8re spirituel qui voit ses enfants en danger et ne peut rester silencieux.<\/p>\n\n\n\n<p>Si aujourd\u2019hui nous vivons des temps de confusion doctrinale, de relativisme moral et de fausses spiritualit\u00e9s, Galates est une lettre pour nous.<\/p>\n\n\n\n<p>Car la question qui traverse toute l\u2019\u00e9p\u00eetre est celle-ci :<\/p>\n\n\n\n<blockquote class=\"wp-block-quote is-layout-flow wp-block-quote-is-layout-flow\">\n<p><strong>Que signifie \u00eatre v\u00e9ritablement libre dans le Christ ?<\/strong><\/p>\n<\/blockquote>\n\n\n\n<p>Et cette question demeure urgente.<\/p>\n\n\n\n<hr class=\"wp-block-separator has-alpha-channel-opacity\"\/>\n\n\n\n<h2 class=\"wp-block-heading\">1. Contexte historique : Qui \u00e9taient les Galates ?<\/h2>\n\n\n\n<p>La Galatie \u00e9tait une r\u00e9gion d\u2019Asie Mineure (l\u2019actuelle Turquie). L\u00e0, saint Paul avait pr\u00each\u00e9 l\u2019\u00c9vangile avec des fruits abondants. De nombreux pa\u00efens se convertirent, embrass\u00e8rent la foi et commenc\u00e8rent \u00e0 vivre en chr\u00e9tiens.<\/p>\n\n\n\n<p>Mais apr\u00e8s son d\u00e9part, d\u2019autres pr\u00e9dicateurs arriv\u00e8rent \u2014 les \u00ab juda\u00efsants \u00bb \u2014 enseignant que la foi au Christ ne suffisait pas. Selon eux, il fallait en plus observer la Loi mosa\u00efque : se faire circoncire, garder les prescriptions rituelles, se soumettre aux pratiques anciennes.<\/p>\n\n\n\n<p>En d\u2019autres termes :<\/p>\n\n\n\n<p>Le Christ, oui\u2026 mais pas le Christ seul.<\/p>\n\n\n\n<p>Saint Paul r\u00e9agit avec une \u00e9nergie \u00e9tonnante. D\u00e8s le premier chapitre, son urgence appara\u00eet clairement :<\/p>\n\n\n\n<blockquote class=\"wp-block-quote is-layout-flow wp-block-quote-is-layout-flow\">\n<p>\u00ab Je m\u2019\u00e9tonne que vous abandonniez si vite celui qui vous a appel\u00e9s par la gr\u00e2ce du Christ pour passer \u00e0 un autre \u00c9vangile \u00bb (Ga 1,6).<\/p>\n<\/blockquote>\n\n\n\n<p>Il ne s\u2019agit pas simplement d\u2019un d\u00e9bat disciplinaire. C\u2019est une question de salut.<\/p>\n\n\n\n<hr class=\"wp-block-separator has-alpha-channel-opacity\"\/>\n\n\n\n<h2 class=\"wp-block-heading\">2. Le c\u0153ur du message : La justification par la foi<\/h2>\n\n\n\n<p>L\u2019axe central de Galates est clair et puissant :<\/p>\n\n\n\n<p><strong>L\u2019homme n\u2019est pas sauv\u00e9 par les \u0153uvres de la Loi, mais par la foi en J\u00e9sus-Christ.<\/strong><\/p>\n\n\n\n<p>Saint Paul l\u2019exprime avec force :<\/p>\n\n\n\n<blockquote class=\"wp-block-quote is-layout-flow wp-block-quote-is-layout-flow\">\n<p>\u00ab L\u2019homme n\u2019est pas justifi\u00e9 par les \u0153uvres de la Loi, mais seulement par la foi en J\u00e9sus-Christ \u00bb (Ga 2,16).<\/p>\n<\/blockquote>\n\n\n\n<p>Cela ne signifie pas que les \u0153uvres n\u2019ont aucune importance. Cela signifie que le salut n\u2019est pas une r\u00e9ussite humaine, mais un don gratuit.<\/p>\n\n\n\n<p>Du point de vue th\u00e9ologique, Galates d\u00e9veloppe une v\u00e9rit\u00e9 fondamentale :<br>la justification est l\u2019\u0153uvre de la gr\u00e2ce.<\/p>\n\n\n\n<p>Dieu ne nous sauve pas parce que nous accomplissons tout parfaitement.<br>Il nous sauve parce que le Christ est mort pour nous.<\/p>\n\n\n\n<p>Et voici l\u2019un des versets les plus profonds de toute l\u2019\u00c9criture :<\/p>\n\n\n\n<blockquote class=\"wp-block-quote is-layout-flow wp-block-quote-is-layout-flow\">\n<p>\u00ab Je suis crucifi\u00e9 avec le Christ ; ce n\u2019est plus moi qui vis, c\u2019est le Christ qui vit en moi \u00bb (Ga 2,20).<\/p>\n<\/blockquote>\n\n\n\n<p>Ce n\u2019est pas de la po\u00e9sie spirituelle. C\u2019est de la th\u00e9ologie mystique.<\/p>\n\n\n\n<p>La vie chr\u00e9tienne n\u2019est pas une am\u00e9lioration morale superficielle. C\u2019est une transformation ontologique : le Christ vit dans le baptis\u00e9.<\/p>\n\n\n\n<hr class=\"wp-block-separator has-alpha-channel-opacity\"\/>\n\n\n\n<h2 class=\"wp-block-heading\">3. La libert\u00e9 chr\u00e9tienne : libres de quoi ?<\/h2>\n\n\n\n<p>L\u2019un des concepts les plus r\u00e9volutionnaires de la lettre est la libert\u00e9.<\/p>\n\n\n\n<blockquote class=\"wp-block-quote is-layout-flow wp-block-quote-is-layout-flow\">\n<p>\u00ab C\u2019est pour la libert\u00e9 que le Christ nous a lib\u00e9r\u00e9s \u00bb (Ga 5,1).<\/p>\n<\/blockquote>\n\n\n\n<p>Mais attention. Il ne s\u2019agit pas de la libert\u00e9 moderne comprise comme \u00ab faire ce que je veux \u00bb. Ce n\u2019est ni l\u2019autonomie absolue ni l\u2019ind\u00e9pendance morale.<\/p>\n\n\n\n<p>Saint Paul ne pr\u00eache pas le libertinage. Il pr\u00eache la lib\u00e9ration du p\u00e9ch\u00e9 et du l\u00e9galisme.<\/p>\n\n\n\n<h3 class=\"wp-block-heading\">Libres :<\/h3>\n\n\n\n<ul class=\"wp-block-list\">\n<li>du p\u00e9ch\u00e9 qui asservit<\/li>\n\n\n\n<li>de la loi comprise comme un fardeau sans gr\u00e2ce<\/li>\n\n\n\n<li>de l\u2019autosuffisance spirituelle<\/li>\n\n\n\n<li>de la tentative de nous sauver par nos propres forces<\/li>\n<\/ul>\n\n\n\n<p>Aujourd\u2019hui, nous vivons une autre forme d\u2019esclavage : la tyrannie du moi, le culte de l\u2019auto-affirmation, une spiritualit\u00e9 sans la croix.<\/p>\n\n\n\n<p>Galates nous rappelle que la v\u00e9ritable libert\u00e9 consiste \u00e0 appartenir au Christ.<\/p>\n\n\n\n<hr class=\"wp-block-separator has-alpha-channel-opacity\"\/>\n\n\n\n<h2 class=\"wp-block-heading\">4. La lutte entre la chair et l\u2019Esprit<\/h2>\n\n\n\n<p>Au chapitre 5, nous trouvons l\u2019une des listes les plus claires concernant la vie morale chr\u00e9tienne.<\/p>\n\n\n\n<p>Saint Paul oppose :<\/p>\n\n\n\n<h3 class=\"wp-block-heading\">Les \u0153uvres de la chair :<\/h3>\n\n\n\n<blockquote class=\"wp-block-quote is-layout-flow wp-block-quote-is-layout-flow\">\n<p>\u00ab inconduite, impuret\u00e9, idol\u00e2trie, haines, rivalit\u00e9s, jalousies, emportements\u2026 \u00bb (Ga 5,19-21)<\/p>\n<\/blockquote>\n\n\n\n<p>Et le fruit de l\u2019Esprit :<\/p>\n\n\n\n<blockquote class=\"wp-block-quote is-layout-flow wp-block-quote-is-layout-flow\">\n<p>\u00ab amour, joie, paix, patience, bont\u00e9, bienveillance, fid\u00e9lit\u00e9, douceur, ma\u00eetrise de soi \u00bb (Ga 5,22-23)<\/p>\n<\/blockquote>\n\n\n\n<p>Th\u00e9ologiquement, cette opposition n\u2019est pas un dualisme. Elle ne signifie pas que le corps est mauvais. La \u00ab chair \u00bb d\u00e9signe ici la nature humaine bless\u00e9e par le p\u00e9ch\u00e9.<\/p>\n\n\n\n<p>La vie chr\u00e9tienne est un combat spirituel.<\/p>\n\n\n\n<p>Et ici, Galates devient profond\u00e9ment actuel : nous vivons dans une culture qui normalise de nombreuses \u00ab \u0153uvres de la chair \u00bb et ridiculise la ma\u00eetrise de soi.<\/p>\n\n\n\n<p>Mais saint Paul est clair :<br>il n\u2019y a pas de neutralit\u00e9 spirituelle.<\/p>\n\n\n\n<p>Ou bien nous vivons selon l\u2019Esprit,<br>ou bien la chair finit par nous dominer.<\/p>\n\n\n\n<hr class=\"wp-block-separator has-alpha-channel-opacity\"\/>\n\n\n\n<h2 class=\"wp-block-heading\">5. La filiation divine : le point le plus sublime<\/h2>\n\n\n\n<p>L\u2019un des passages les plus beaux de la lettre est celui o\u00f9 Paul parle de notre adoption :<\/p>\n\n\n\n<blockquote class=\"wp-block-quote is-layout-flow wp-block-quote-is-layout-flow\">\n<p>\u00ab Lorsque les temps furent accomplis, Dieu a envoy\u00e9 son Fils\u2026 afin que nous recevions l\u2019adoption filiale \u00bb (Ga 4,4-5).<\/p>\n<\/blockquote>\n\n\n\n<p>Ce verset est fondamental.<\/p>\n\n\n\n<p>Le Christ n\u2019est pas venu seulement enseigner une morale.<br>Il est venu faire de nous des fils et des filles.<\/p>\n\n\n\n<p>Et il poursuit :<\/p>\n\n\n\n<blockquote class=\"wp-block-quote is-layout-flow wp-block-quote-is-layout-flow\">\n<p>\u00ab Et parce que vous \u00eates fils, Dieu a envoy\u00e9 dans nos c\u0153urs l\u2019Esprit de son Fils qui crie : \u201cAbba ! P\u00e8re !\u201d \u00bb (Ga 4,6).<\/p>\n<\/blockquote>\n\n\n\n<p>D\u2019un point de vue pastoral, cette v\u00e9rit\u00e9 transforme la vie spirituelle :<\/p>\n\n\n\n<ul class=\"wp-block-list\">\n<li>Nous n\u2019ob\u00e9issons pas par peur.<\/li>\n\n\n\n<li>Nous ne prions pas comme des esclaves.<\/li>\n\n\n\n<li>Nous ne vivons pas comme des employ\u00e9s de Dieu.<\/li>\n<\/ul>\n\n\n\n<p>Nous sommes enfants.<\/p>\n\n\n\n<p>Dans un monde marqu\u00e9 par l\u2019orphelinat affectif et spirituel, c\u2019est une nouvelle r\u00e9volutionnaire.<\/p>\n\n\n\n<hr class=\"wp-block-separator has-alpha-channel-opacity\"\/>\n\n\n\n<h2 class=\"wp-block-heading\">6. Dimension eccl\u00e9siale : l\u2019unit\u00e9 dans le Christ<\/h2>\n\n\n\n<p>Saint Paul proclame une v\u00e9rit\u00e9 qui r\u00e9sonne depuis des si\u00e8cles :<\/p>\n\n\n\n<blockquote class=\"wp-block-quote is-layout-flow wp-block-quote-is-layout-flow\">\n<p>\u00ab Il n\u2019y a plus ni Juif ni Grec ; il n\u2019y a plus ni esclave ni homme libre ; il n\u2019y a plus l\u2019homme et la femme ; car tous vous ne faites qu\u2019un dans le Christ J\u00e9sus \u00bb (Ga 3,28).<\/p>\n<\/blockquote>\n\n\n\n<p>Ce verset n\u2019efface pas les diff\u00e9rences naturelles ni les hi\u00e9rarchies l\u00e9gitimes. Il proclame que la dignit\u00e9 baptismale est commune.<\/p>\n\n\n\n<p>Devant Dieu, nous sommes tous h\u00e9ritiers.<\/p>\n\n\n\n<p>En des temps de polarisation, de luttes identitaires et de fractures sociales, Galates offre le fondement th\u00e9ologique de la v\u00e9ritable unit\u00e9 :<br>non pas l\u2019uniformit\u00e9 id\u00e9ologique, mais la communion dans le Christ.<\/p>\n\n\n\n<hr class=\"wp-block-separator has-alpha-channel-opacity\"\/>\n\n\n\n<h2 class=\"wp-block-heading\">7. Applications pratiques pour aujourd\u2019hui<\/h2>\n\n\n\n<p>Comment vivre Galates en 2026 ?<\/p>\n\n\n\n<h3 class=\"wp-block-heading\">1. Examine ton \u00ab l\u00e9galisme int\u00e9rieur \u00bb<\/h3>\n\n\n\n<p>Penses-tu que Dieu ne t\u2019aime que lorsque tout est parfait ?<br>C\u2019est retourner \u00e0 l\u2019esclavage.<\/p>\n\n\n\n<h3 class=\"wp-block-heading\">2. \u00c9vite le \u00ab Christ + quelque chose \u00bb<\/h3>\n\n\n\n<p>Le Christ plus une id\u00e9ologie.<br>Le Christ plus une spiritualit\u00e9 alternative.<br>Le Christ plus le d\u00e9veloppement personnel.<\/p>\n\n\n\n<p>L\u2019\u00c9vangile n\u2019a pas besoin de compl\u00e9ments.<\/p>\n\n\n\n<h3 class=\"wp-block-heading\">3. Cultive le fruit de l\u2019Esprit<\/h3>\n\n\n\n<p>Fais un examen quotidien :<br>Grandis-je en douceur ?<br>En ma\u00eetrise de moi-m\u00eame ?<br>En patience ?<\/p>\n\n\n\n<h3 class=\"wp-block-heading\">4. Vis comme un enfant<\/h3>\n\n\n\n<p>Prie en appelant Dieu P\u00e8re avec une confiance r\u00e9elle.<br>Non comme une formule.<br>Mais comme une certitude.<\/p>\n\n\n\n<h3 class=\"wp-block-heading\">5. Embrasse la croix<\/h3>\n\n\n\n<p>Galates est une lettre marqu\u00e9e par la croix. Saint Paul conclut en disant :<\/p>\n\n\n\n<blockquote class=\"wp-block-quote is-layout-flow wp-block-quote-is-layout-flow\">\n<p>\u00ab Pour moi, que jamais je ne me glorifie sinon dans la croix de notre Seigneur J\u00e9sus-Christ \u00bb (Ga 6,14).<\/p>\n<\/blockquote>\n\n\n\n<p>La croix n\u2019est pas une d\u00e9faite. C\u2019est le sceau de l\u2019authenticit\u00e9 chr\u00e9tienne.<\/p>\n\n\n\n<hr class=\"wp-block-separator has-alpha-channel-opacity\"\/>\n\n\n\n<h2 class=\"wp-block-heading\">8. Un avertissement pastoral pour notre temps<\/h2>\n\n\n\n<p>L\u2019h\u00e9r\u00e9sie combattue dans Galates n\u2019a pas disparu.<\/p>\n\n\n\n<p>Aujourd\u2019hui, elle prend de nouvelles formes :<\/p>\n\n\n\n<ul class=\"wp-block-list\">\n<li>Moralisme sans gr\u00e2ce.<\/li>\n\n\n\n<li>Spiritualit\u00e9 sans \u00c9glise.<\/li>\n\n\n\n<li>Christianisme r\u00e9duit \u00e0 une \u00e9thique sociale.<\/li>\n\n\n\n<li>Religion adapt\u00e9e au go\u00fbt culturel.<\/li>\n<\/ul>\n\n\n\n<p>Galates nous oblige \u00e0 choisir :<\/p>\n\n\n\n<p>Est-ce que je fais confiance au Christ crucifi\u00e9 ?<br>Ou est-ce que je fais confiance \u00e0 mes propres m\u00e9rites ?<\/p>\n\n\n\n<p>Il n\u2019y a pas de terrain neutre.<\/p>\n\n\n\n<hr class=\"wp-block-separator has-alpha-channel-opacity\"\/>\n\n\n\n<h2 class=\"wp-block-heading\">9. Conclusion : Une lettre pour revenir au feu originel<\/h2>\n\n\n\n<p>La Lettre aux Galates est inconfortable parce qu\u2019elle nous enl\u00e8ve nos excuses.<\/p>\n\n\n\n<p>Elle nous rappelle que :<\/p>\n\n\n\n<ul class=\"wp-block-list\">\n<li>Le salut est gr\u00e2ce.<\/li>\n\n\n\n<li>La libert\u00e9 est exigeante.<\/li>\n\n\n\n<li>La filiation est r\u00e9elle.<\/li>\n\n\n\n<li>Le combat spirituel est quotidien.<\/li>\n\n\n\n<li>La croix est le centre.<\/li>\n<\/ul>\n\n\n\n<p>Si aujourd\u2019hui tu te sens fatigu\u00e9, confus ou pris entre r\u00e8gles et culpabilit\u00e9, reviens \u00e0 Galates.<\/p>\n\n\n\n<p>Lis-la lentement.<br>M\u00e9dite-la.<br>Prie avec elle.<\/p>\n\n\n\n<p>Et laisse ces paroles anciennes rallumer le feu.<\/p>\n\n\n\n<p>Car comme l\u2019a \u00e9crit saint Paul :<\/p>\n\n\n\n<blockquote class=\"wp-block-quote is-layout-flow wp-block-quote-is-layout-flow\">\n<p>\u00ab Ne nous lassons pas de faire le bien \u00bb (Ga 6,9).<\/p>\n<\/blockquote>\n\n\n\n<p>La libert\u00e9 chr\u00e9tienne n\u2019est pas l\u00e9g\u00e8re.<br>Elle est glorieuse.<\/p>\n\n\n\n<p>Et elle commence lorsque nous cessons de vouloir nous sauver nous-m\u00eames<br>pour nous laisser sauver par le Christ.<\/p>\n","protected":false},"excerpt":{"rendered":"<p>Il existe des livres de la Sainte \u00c9criture qui consolent.D\u2019autres qui \u00e9clairent.Et certains \u2014 comme la Lettre aux Galates \u2014 qui secouent l\u2019\u00e2me. La Lettre aux Galates, \u00e9crite par l\u2019ap\u00f4tre saint Paul, n\u2019est pas un trait\u00e9 froid ni un expos\u00e9 acad\u00e9mique distant. C\u2019est un cri pastoral. C\u2019est la voix d\u2019un p\u00e8re spirituel qui voit ses &hellip;<\/p>\n","protected":false},"author":3,"featured_media":5145,"comment_status":"closed","ping_status":"closed","sticky":false,"template":"","format":"standard","meta":{"_seopress_robots_primary_cat":"","_seopress_titles_title":"","_seopress_titles_desc":"","_seopress_robots_index":"","footnotes":""},"categories":[37,45],"tags":[1657],"class_list":["post-5144","post","type-post","status-publish","format-standard","has-post-thumbnail","","category-doctrine-et-foi","category-saintes-ecritures","tag-galates"],"_links":{"self":[{"href":"https:\/\/catholicus.eu\/fr\/wp-json\/wp\/v2\/posts\/5144","targetHints":{"allow":["GET"]}}],"collection":[{"href":"https:\/\/catholicus.eu\/fr\/wp-json\/wp\/v2\/posts"}],"about":[{"href":"https:\/\/catholicus.eu\/fr\/wp-json\/wp\/v2\/types\/post"}],"author":[{"embeddable":true,"href":"https:\/\/catholicus.eu\/fr\/wp-json\/wp\/v2\/users\/3"}],"replies":[{"embeddable":true,"href":"https:\/\/catholicus.eu\/fr\/wp-json\/wp\/v2\/comments?post=5144"}],"version-history":[{"count":1,"href":"https:\/\/catholicus.eu\/fr\/wp-json\/wp\/v2\/posts\/5144\/revisions"}],"predecessor-version":[{"id":5146,"href":"https:\/\/catholicus.eu\/fr\/wp-json\/wp\/v2\/posts\/5144\/revisions\/5146"}],"wp:featuredmedia":[{"embeddable":true,"href":"https:\/\/catholicus.eu\/fr\/wp-json\/wp\/v2\/media\/5145"}],"wp:attachment":[{"href":"https:\/\/catholicus.eu\/fr\/wp-json\/wp\/v2\/media?parent=5144"}],"wp:term":[{"taxonomy":"category","embeddable":true,"href":"https:\/\/catholicus.eu\/fr\/wp-json\/wp\/v2\/categories?post=5144"},{"taxonomy":"post_tag","embeddable":true,"href":"https:\/\/catholicus.eu\/fr\/wp-json\/wp\/v2\/tags?post=5144"}],"curies":[{"name":"wp","href":"https:\/\/api.w.org\/{rel}","templated":true}]}}