{"id":5132,"date":"2026-02-17T11:49:19","date_gmt":"2026-02-17T10:49:19","guid":{"rendered":"https:\/\/catholicus.eu\/fr\/?p=5132"},"modified":"2026-02-17T11:49:19","modified_gmt":"2026-02-17T10:49:19","slug":"eglise-persecutee-aujourdhui-la-foi-qui-saigne-en-silence-et-le-temoignage-qui-sauve-le-monde","status":"publish","type":"post","link":"https:\/\/catholicus.eu\/fr\/eglise-persecutee-aujourdhui-la-foi-qui-saigne-en-silence-et-le-temoignage-qui-sauve-le-monde\/","title":{"rendered":"\u00c9GLISE PERS\u00c9CUT\u00c9E AUJOURD\u2019HUI : la foi qui saigne en silence et le t\u00e9moignage qui sauve le monde"},"content":{"rendered":"\n<p>Nous vivons \u00e0 une \u00e9poque de progr\u00e8s technologiques, de mondialisation et de discours constants sur les droits humains. Pourtant, il existe une r\u00e9alit\u00e9 douloureuse que beaucoup ignorent ou pr\u00e9f\u00e8rent ne pas voir : <strong>des millions de chr\u00e9tiens sont encore pers\u00e9cut\u00e9s aujourd\u2019hui \u00e0 cause de leur foi<\/strong>.<\/p>\n\n\n\n<p>Il ne s\u2019agit pas d\u2019une histoire ancienne de l\u2019Empire romain. Ce n\u2019est pas seulement la m\u00e9moire des premiers martyrs. C\u2019est une r\u00e9alit\u00e9 contemporaine.<\/p>\n\n\n\n<p>Cet article cherche \u00e0 vous aider \u00e0 comprendre \u2014 d\u2019un point de vue th\u00e9ologique, historique et pastoral \u2014 ce que signifie la pers\u00e9cution de l\u2019\u00c9glise aujourd\u2019hui, o\u00f9 elle se produit, qui la pratique, ce que la th\u00e9ologie catholique en enseigne et comment les chr\u00e9tiens doivent y r\u00e9pondre spirituellement.<\/p>\n\n\n\n<hr class=\"wp-block-separator has-alpha-channel-opacity\"\/>\n\n\n\n<h1 class=\"wp-block-heading\">\u271d\ufe0f L\u2019\u00c9glise pers\u00e9cut\u00e9e : une r\u00e9alit\u00e9 mondiale aujourd\u2019hui<\/h1>\n\n\n\n<p>Les chiffres sont stup\u00e9fiants.<\/p>\n\n\n\n<ul class=\"wp-block-list\">\n<li>Plus de <strong>388 millions de chr\u00e9tiens subissent des pers\u00e9cutions ou des discriminations<\/strong> en raison de leur foi dans le monde.<\/li>\n\n\n\n<li>Pr\u00e8s de <strong>5 000 chr\u00e9tiens ont \u00e9t\u00e9 tu\u00e9s en une seule ann\u00e9e<\/strong> pour des raisons religieuses.<\/li>\n\n\n\n<li>Environ <strong>1 chr\u00e9tien sur 7 dans le monde est pers\u00e9cut\u00e9<\/strong>.<\/li>\n\n\n\n<li>L\u2019Afrique et l\u2019Asie concentrent les niveaux d\u2019hostilit\u00e9 les plus \u00e9lev\u00e9s.<\/li>\n<\/ul>\n\n\n\n<p>Cette r\u00e9alit\u00e9 ne touche pas seulement les catholiques, mais tous les chr\u00e9tiens, bien que l\u2019\u00c9glise catholique soit l\u2019une des communaut\u00e9s les plus affect\u00e9es en raison de sa pr\u00e9sence universelle.<\/p>\n\n\n\n<p>La pers\u00e9cution prend diverses formes :<\/p>\n\n\n\n<ul class=\"wp-block-list\">\n<li>meurtres et enl\u00e8vements<\/li>\n\n\n\n<li>destruction d\u2019\u00e9glises<\/li>\n\n\n\n<li>discrimination l\u00e9gale<\/li>\n\n\n\n<li>emprisonnement pour avoir profess\u00e9 sa foi<\/li>\n\n\n\n<li>pression sociale ou familiale<\/li>\n\n\n\n<li>interdiction du culte<\/li>\n\n\n\n<li>surveillance \u00e9tatique<\/li>\n<\/ul>\n\n\n\n<p>Elle n\u2019est pas toujours visible. Bien souvent, elle est silencieuse.<\/p>\n\n\n\n<hr class=\"wp-block-separator has-alpha-channel-opacity\"\/>\n\n\n\n<h1 class=\"wp-block-heading\">\ud83c\udf0d O\u00f9 les chr\u00e9tiens sont-ils le plus pers\u00e9cut\u00e9s aujourd\u2019hui ?<\/h1>\n\n\n\n<h2 class=\"wp-block-heading\">\ud83d\udd34 R\u00e9gimes totalitaires et contr\u00f4le \u00e9tatique<\/h2>\n\n\n\n<h3 class=\"wp-block-heading\">\ud83c\uddf0\ud83c\uddf5 Cor\u00e9e du Nord (cas extr\u00eame)<\/h3>\n\n\n\n<p>C\u2019est consid\u00e9r\u00e9 comme le lieu le plus dangereux pour \u00eatre chr\u00e9tien.<\/p>\n\n\n\n<ul class=\"wp-block-list\">\n<li>La foi est punie par l\u2019emprisonnement ou l\u2019ex\u00e9cution.<\/li>\n\n\n\n<li>Des dizaines de milliers de chr\u00e9tiens se trouvent dans des camps de travail.<\/li>\n\n\n\n<li>La religion est consid\u00e9r\u00e9e comme une trahison envers l\u2019\u00c9tat.<\/li>\n<\/ul>\n\n\n\n<p>Ici, nous voyons le ph\u00e9nom\u00e8ne de <strong>l\u2019ath\u00e9isme politique radical<\/strong>, o\u00f9 l\u2019\u00c9tat cherche \u00e0 remplacer Dieu.<\/p>\n\n\n\n<h3 class=\"wp-block-heading\">\ud83c\udde8\ud83c\uddf3 Chine<\/h3>\n\n\n\n<ul class=\"wp-block-list\">\n<li>\u00c9glises surveill\u00e9es ou ferm\u00e9es.<\/li>\n\n\n\n<li>Contr\u00f4le de l\u2019\u00c9tat sur le culte.<\/li>\n\n\n\n<li>Pers\u00e9cution des communaut\u00e9s non enregistr\u00e9es.<\/li>\n<\/ul>\n\n\n\n<h3 class=\"wp-block-heading\">\ud83c\uddea\ud83c\uddf7 \u00c9rythr\u00e9e<\/h3>\n\n\n\n<ul class=\"wp-block-list\">\n<li>Emprisonnements massifs de croyants.<\/li>\n\n\n\n<li>D\u00e9tention sans proc\u00e8s.<\/li>\n<\/ul>\n\n\n\n<p>\ud83d\udc49 <strong>Racine id\u00e9ologique<\/strong> : totalitarisme, contr\u00f4le politique absolu, culte de l\u2019\u00c9tat.<\/p>\n\n\n\n<hr class=\"wp-block-separator has-alpha-channel-opacity\"\/>\n\n\n\n<h2 class=\"wp-block-heading\">\u262a\ufe0f R\u00e9gions avec extr\u00e9misme islamiste ou pression religieuse<\/h2>\n\n\n\n<p>De nombreux pays o\u00f9 l\u2019islam politique radical domine la vie publique connaissent une pers\u00e9cution s\u00e9v\u00e8re.<\/p>\n\n\n\n<h3 class=\"wp-block-heading\">Afrique subsaharienne<\/h3>\n\n\n\n<p>Particuli\u00e8rement grave.<\/p>\n\n\n\n<ul class=\"wp-block-list\">\n<li>\ud83c\uddf3\ud83c\uddec Nigeria \u2014 concentre pr\u00e8s de 70 % des meurtres de chr\u00e9tiens recens\u00e9s dans le monde.<\/li>\n\n\n\n<li>\ud83c\uddf2\ud83c\uddf1 Mali<\/li>\n\n\n\n<li>\ud83c\uddf8\ud83c\uddf4 Somalie<\/li>\n\n\n\n<li>\ud83c\uddf8\ud83c\udde9 Soudan<\/li>\n\n\n\n<li>\ud83c\uddf2\ud83c\uddff Mozambique<\/li>\n<\/ul>\n\n\n\n<p>Les groupes hostiles comprennent :<\/p>\n\n\n\n<ul class=\"wp-block-list\">\n<li>groupes djihadistes<\/li>\n\n\n\n<li>milices arm\u00e9es<\/li>\n\n\n\n<li>tribus radicalis\u00e9es<\/li>\n<\/ul>\n\n\n\n<h3 class=\"wp-block-heading\">Moyen-Orient<\/h3>\n\n\n\n<ul class=\"wp-block-list\">\n<li>\ud83c\udde6\ud83c\uddeb Afghanistan \u2014 la conversion au christianisme peut entra\u00eener la mort.<\/li>\n\n\n\n<li>\ud83c\uddfe\ud83c\uddea Y\u00e9men \u2014 foi v\u00e9cue en secret.<\/li>\n\n\n\n<li>\ud83c\uddee\ud83c\uddf7 Iran \u2014 arrestations et surveillance.<\/li>\n\n\n\n<li>\ud83c\uddf8\ud83c\uddfe Syrie \u2014 communaut\u00e9s fortement r\u00e9duites par la guerre.<\/li>\n<\/ul>\n\n\n\n<p>\ud83d\udc49 <strong>Racine id\u00e9ologique<\/strong> : extr\u00e9misme religieux, lois sur l\u2019apostasie, pression tribale.<\/p>\n\n\n\n<hr class=\"wp-block-separator has-alpha-channel-opacity\"\/>\n\n\n\n<h2 class=\"wp-block-heading\">\ud83c\uddee\ud83c\uddf3 Nationalisme religieux et violence sociale<\/h2>\n\n\n\n<p>Dans certains pays, la pers\u00e9cution ne vient pas seulement de l\u2019\u00c9tat, mais des majorit\u00e9s culturelles.<\/p>\n\n\n\n<h3 class=\"wp-block-heading\">Inde<\/h3>\n\n\n\n<ul class=\"wp-block-list\">\n<li>attaques de groupes nationalistes hindous<\/li>\n\n\n\n<li>pression sociale pour abandonner le christianisme<\/li>\n\n\n\n<li>lois anti-conversion<\/li>\n<\/ul>\n\n\n\n<p>\ud83d\udc49 <strong>Racine id\u00e9ologique<\/strong> : nationalisme religieux et identit\u00e9 culturelle.<\/p>\n\n\n\n<hr class=\"wp-block-separator has-alpha-channel-opacity\"\/>\n\n\n\n<h2 class=\"wp-block-heading\">\ud83c\uddf5\ud83c\uddf0 Pakistan et lois sur le blasph\u00e8me<\/h2>\n\n\n\n<ul class=\"wp-block-list\">\n<li>accusations fausses fr\u00e9quentes<\/li>\n\n\n\n<li>emprisonnement ou peine de mort pour des offenses religieuses pr\u00e9sum\u00e9es<\/li>\n<\/ul>\n\n\n\n<hr class=\"wp-block-separator has-alpha-channel-opacity\"\/>\n\n\n\n<h2 class=\"wp-block-heading\">\ud83c\uddf8\ud83c\udde6 Arabie Saoudite<\/h2>\n\n\n\n<ul class=\"wp-block-list\">\n<li>interdiction totale du culte chr\u00e9tien public<\/li>\n<\/ul>\n\n\n\n<hr class=\"wp-block-separator has-alpha-channel-opacity\"\/>\n\n\n\n<h2 class=\"wp-block-heading\">Am\u00e9rique latine et autres contextes<\/h2>\n\n\n\n<p>Dans certains endroits, la pers\u00e9cution prend des formes diff\u00e9rentes :<\/p>\n\n\n\n<ul class=\"wp-block-list\">\n<li>pression \u00e9tatique (ex. Nicaragua, Cuba)<\/li>\n\n\n\n<li>violence criminelle contre des leaders religieux<\/li>\n\n\n\n<li>hostilit\u00e9 culturelle ou id\u00e9ologique<\/li>\n<\/ul>\n\n\n\n<hr class=\"wp-block-separator has-alpha-channel-opacity\"\/>\n\n\n\n<h1 class=\"wp-block-heading\">\u26a0\ufe0f Qui pers\u00e9cute l\u2019\u00c9glise aujourd\u2019hui ?<\/h1>\n\n\n\n<p>La pers\u00e9cution n\u2019a pas une seule cause. Il existe diff\u00e9rents acteurs :<\/p>\n\n\n\n<h3 class=\"wp-block-heading\">1. \u00c9tats totalitaires<\/h3>\n\n\n\n<p>Ils cherchent \u00e0 remplacer Dieu par le pouvoir politique.<\/p>\n\n\n\n<h3 class=\"wp-block-heading\">2. Extr\u00e9misme religieux<\/h3>\n\n\n\n<p>Ils consid\u00e8rent le christianisme comme une menace pour l\u2019identit\u00e9 culturelle.<\/p>\n\n\n\n<h3 class=\"wp-block-heading\">3. Nationalismes id\u00e9ologiques<\/h3>\n\n\n\n<p>Ils rejettent les religions consid\u00e9r\u00e9es comme \u00ab \u00e9trang\u00e8res \u00bb.<\/p>\n\n\n\n<h3 class=\"wp-block-heading\">4. Crime organis\u00e9 ou milices<\/h3>\n\n\n\n<p>Ils attaquent les communaut\u00e9s vuln\u00e9rables.<\/p>\n\n\n\n<h3 class=\"wp-block-heading\">5. S\u00e9cularisme radical<\/h3>\n\n\n\n<p>Dans certains contextes, il cherche \u00e0 expulser la foi de l\u2019espace public.<\/p>\n\n\n\n<p>La pers\u00e9cution a de multiples visages, mais une racine commune : <strong>le rejet de la souverainet\u00e9 de Dieu sur la vie humaine<\/strong>.<\/p>\n\n\n\n<hr class=\"wp-block-separator has-alpha-channel-opacity\"\/>\n\n\n\n<h1 class=\"wp-block-heading\">\ud83d\udcd6 Fondement biblique : le Christ a annonc\u00e9 la pers\u00e9cution<\/h1>\n\n\n\n<p>L\u2019\u00c9glise ne s\u2019\u00e9tonne pas de cette r\u00e9alit\u00e9.<\/p>\n\n\n\n<p>J\u00e9sus lui-m\u00eame l\u2019a annonc\u00e9e :<\/p>\n\n\n\n<blockquote class=\"wp-block-quote is-layout-flow wp-block-quote-is-layout-flow\">\n<p>\u00ab Si le monde vous hait, sachez qu\u2019il m\u2019a ha\u00ef avant vous. \u00bb (Jn 15,18)<\/p>\n<\/blockquote>\n\n\n\n<p>Il a \u00e9galement dit :<\/p>\n\n\n\n<blockquote class=\"wp-block-quote is-layout-flow wp-block-quote-is-layout-flow\">\n<p>\u00ab Heureux ceux qui sont pers\u00e9cut\u00e9s pour la justice, car le royaume des cieux est \u00e0 eux. \u00bb (Mt 5,10)<\/p>\n<\/blockquote>\n\n\n\n<p>La pers\u00e9cution n\u2019est pas un accident historique : <strong>elle fait partie du myst\u00e8re de l\u2019\u00c9glise<\/strong>.<\/p>\n\n\n\n<hr class=\"wp-block-separator has-alpha-channel-opacity\"\/>\n\n\n\n<h1 class=\"wp-block-heading\">\ud83d\udd4a\ufe0f Th\u00e9ologie du martyre et de la souffrance chr\u00e9tienne<\/h1>\n\n\n\n<h2 class=\"wp-block-heading\">L\u2019\u00c9glise comme Corps du Christ<\/h2>\n\n\n\n<p>La pers\u00e9cution continue la Passion du Christ dans l\u2019histoire.<\/p>\n\n\n\n<p>L\u2019\u00c9glise enseigne :<\/p>\n\n\n\n<ul class=\"wp-block-list\">\n<li>Le Christ continue de souffrir en ses membres.<\/li>\n\n\n\n<li>Le martyre est le t\u00e9moignage supr\u00eame de la foi.<\/li>\n\n\n\n<li>Le sang des martyrs f\u00e9conde l\u2019\u00c9glise.<\/li>\n<\/ul>\n\n\n\n<p>Depuis les premiers si\u00e8cles, le christianisme a compris la souffrance comme participation \u00e0 la croix r\u00e9demptrice.<\/p>\n\n\n\n<hr class=\"wp-block-separator has-alpha-channel-opacity\"\/>\n\n\n\n<h2 class=\"wp-block-heading\">Dimension r\u00e9demptrice de la souffrance<\/h2>\n\n\n\n<p>La souffrance unie au Christ :<\/p>\n\n\n\n<ul class=\"wp-block-list\">\n<li>purifie la foi<\/li>\n\n\n\n<li>renforce l\u2019esp\u00e9rance<\/li>\n\n\n\n<li>\u00e9vang\u00e9lise le monde<\/li>\n\n\n\n<li>r\u00e9v\u00e8le la v\u00e9rit\u00e9 de l\u2019\u00c9vangile<\/li>\n<\/ul>\n\n\n\n<p>Ce n\u2019est pas une recherche de la douleur, mais de la fid\u00e9lit\u00e9 \u00e0 l\u2019amour.<\/p>\n\n\n\n<hr class=\"wp-block-separator has-alpha-channel-opacity\"\/>\n\n\n\n<h2 class=\"wp-block-heading\">La paradoxe chr\u00e9tien<\/h2>\n\n\n\n<p>L\u2019histoire montre un ph\u00e9nom\u00e8ne constant :<\/p>\n\n\n\n<p>\ud83d\udc49 plus l\u2019\u00c9glise est pers\u00e9cut\u00e9e, plus elle cro\u00eet.<\/p>\n\n\n\n<p>Cela s\u2019est vu :<\/p>\n\n\n\n<ul class=\"wp-block-list\">\n<li>\u00e0 Rome<\/li>\n\n\n\n<li>au Moyen \u00c2ge<\/li>\n\n\n\n<li>dans les r\u00e9gimes communistes<\/li>\n\n\n\n<li>aujourd\u2019hui en Afrique et en Asie<\/li>\n<\/ul>\n\n\n\n<hr class=\"wp-block-separator has-alpha-channel-opacity\"\/>\n\n\n\n<h1 class=\"wp-block-heading\">\u2764\ufe0f Dimension pastorale : que signifie cela pour nous ?<\/h1>\n\n\n\n<p>M\u00eame si de nombreux chr\u00e9tiens vivent dans des pays libres, l\u2019\u00c9glise pers\u00e9cut\u00e9e nous interpelle profond\u00e9ment.<\/p>\n\n\n\n<h2 class=\"wp-block-heading\">1. Red\u00e9couvrir la valeur de la foi<\/h2>\n\n\n\n<p>Lorsque nous voyons des croyants mourir pour le Christ :<\/p>\n\n\n\n<ul class=\"wp-block-list\">\n<li>cela questionne notre ti\u00e9deur<\/li>\n\n\n\n<li>appelle \u00e0 la coh\u00e9rence<\/li>\n\n\n\n<li>\u00e9veille la gratitude<\/li>\n<\/ul>\n\n\n\n<hr class=\"wp-block-separator has-alpha-channel-opacity\"\/>\n\n\n\n<h2 class=\"wp-block-heading\">2. Prier pour l\u2019\u00c9glise pers\u00e9cut\u00e9e<\/h2>\n\n\n\n<p>La tradition chr\u00e9tienne insiste sur :<\/p>\n\n\n\n<ul class=\"wp-block-list\">\n<li>la pri\u00e8re d\u2019intercession<\/li>\n\n\n\n<li>la communion spirituelle<\/li>\n\n\n\n<li>la conscience universelle de l\u2019\u00c9glise<\/li>\n<\/ul>\n\n\n\n<hr class=\"wp-block-separator has-alpha-channel-opacity\"\/>\n\n\n\n<h2 class=\"wp-block-heading\">3. D\u00e9fendre la libert\u00e9 religieuse<\/h2>\n\n\n\n<p>La foi chr\u00e9tienne d\u00e9fend la dignit\u00e9 humaine universelle.<\/p>\n\n\n\n<p>Le croyant doit :<\/p>\n\n\n\n<ul class=\"wp-block-list\">\n<li>promouvoir la justice<\/li>\n\n\n\n<li>rejeter la violence religieuse<\/li>\n\n\n\n<li>d\u00e9fendre les droits fondamentaux<\/li>\n<\/ul>\n\n\n\n<hr class=\"wp-block-separator has-alpha-channel-opacity\"\/>\n\n\n\n<h2 class=\"wp-block-heading\">4. Vivre le t\u00e9moignage quotidien<\/h2>\n\n\n\n<p>Nous ne serons pas tous martyrs de sang, mais nous pouvons \u00eatre martyrs par fid\u00e9lit\u00e9.<\/p>\n\n\n\n<p>Exemples pratiques :<\/p>\n\n\n\n<ul class=\"wp-block-list\">\n<li>vivre la foi publiquement sans peur<\/li>\n\n\n\n<li>d\u00e9fendre la v\u00e9rit\u00e9 avec charit\u00e9<\/li>\n\n\n\n<li>pers\u00e9v\u00e9rer face aux moqueries ou \u00e0 la pression culturelle<\/li>\n\n\n\n<li>\u00e9duquer la famille dans la foi chr\u00e9tienne<\/li>\n<\/ul>\n\n\n\n<hr class=\"wp-block-separator has-alpha-channel-opacity\"\/>\n\n\n\n<h2 class=\"wp-block-heading\">5. Solidarit\u00e9 concr\u00e8te<\/h2>\n\n\n\n<p>L\u2019\u00c9glise invite \u00e0 :<\/p>\n\n\n\n<ul class=\"wp-block-list\">\n<li>aider les communaut\u00e9s pers\u00e9cut\u00e9es<\/li>\n\n\n\n<li>soutenir les missions<\/li>\n\n\n\n<li>informer et sensibiliser<\/li>\n<\/ul>\n\n\n\n<hr class=\"wp-block-separator has-alpha-channel-opacity\"\/>\n\n\n\n<h1 class=\"wp-block-heading\">\u26ea L\u2019\u00c9glise pers\u00e9cut\u00e9e comme signe proph\u00e9tique pour le monde<\/h1>\n\n\n\n<p>La pers\u00e9cution r\u00e9v\u00e8le une v\u00e9rit\u00e9 profonde :<\/p>\n\n\n\n<p>\ud83d\udc49 le christianisme reste une force transformatrice.<\/p>\n\n\n\n<p>Si la foi n\u2019avait aucun pouvoir spirituel, elle ne g\u00e9n\u00e9rerait pas une telle opposition.<\/p>\n\n\n\n<p>L\u2019\u00c9glise pers\u00e9cut\u00e9e rappelle au monde :<\/p>\n\n\n\n<ul class=\"wp-block-list\">\n<li>que Dieu existe<\/li>\n\n\n\n<li>que la v\u00e9rit\u00e9 exige fid\u00e9lit\u00e9<\/li>\n\n\n\n<li>que l\u2019amour est plus fort que la peur<\/li>\n<\/ul>\n\n\n\n<hr class=\"wp-block-separator has-alpha-channel-opacity\"\/>\n\n\n\n<h1 class=\"wp-block-heading\">\ud83c\udf1f Esp\u00e9rance chr\u00e9tienne face \u00e0 la pers\u00e9cution<\/h1>\n\n\n\n<p>Le chr\u00e9tien ne r\u00e9pond pas par la haine ou la violence.<\/p>\n\n\n\n<p>Il r\u00e9pond par :<\/p>\n\n\n\n<ul class=\"wp-block-list\">\n<li>le pardon<\/li>\n\n\n\n<li>la charit\u00e9<\/li>\n\n\n\n<li>la fid\u00e9lit\u00e9<\/li>\n\n\n\n<li>l\u2019esp\u00e9rance eschatologique<\/li>\n<\/ul>\n\n\n\n<p>L\u2019histoire montre que les empires passent, mais l\u2019\u00c9glise demeure.<\/p>\n\n\n\n<hr class=\"wp-block-separator has-alpha-channel-opacity\"\/>\n\n\n\n<h1 class=\"wp-block-heading\">\u2728 Conclusion : le t\u00e9moignage qui interpelle notre foi<\/h1>\n\n\n\n<p>L\u2019\u00c9glise pers\u00e9cut\u00e9e aujourd\u2019hui n\u2019est pas seulement un drame g\u00e9opolitique.<\/p>\n\n\n\n<p>C\u2019est un <strong>myst\u00e8re spirituel<\/strong>.<\/p>\n\n\n\n<p>C\u2019est :<\/p>\n\n\n\n<ul class=\"wp-block-list\">\n<li>participation \u00e0 la croix du Christ<\/li>\n\n\n\n<li>t\u00e9moignage de la v\u00e9rit\u00e9<\/li>\n\n\n\n<li>appel \u00e0 la conversion du monde<\/li>\n\n\n\n<li>invitation \u00e0 vivre une foi authentique<\/li>\n<\/ul>\n\n\n\n<p>La question finale n\u2019est pas seulement : qui pers\u00e9cute l\u2019\u00c9glise ?<\/p>\n\n\n\n<p>La question est :<\/p>\n\n\n\n<p>\ud83d\udc49 <strong>Comment vivons-nous notre foi \u00e0 la lumi\u00e8re de l\u2019exemple de ceux qui la donnent jusqu\u2019\u00e0 la mort ?<\/strong><\/p>\n","protected":false},"excerpt":{"rendered":"<p>Nous vivons \u00e0 une \u00e9poque de progr\u00e8s technologiques, de mondialisation et de discours constants sur les droits humains. Pourtant, il existe une r\u00e9alit\u00e9 douloureuse que beaucoup ignorent ou pr\u00e9f\u00e8rent ne pas voir : des millions de chr\u00e9tiens sont encore pers\u00e9cut\u00e9s aujourd\u2019hui \u00e0 cause de leur foi. Il ne s\u2019agit pas d\u2019une histoire ancienne de l\u2019Empire &hellip;<\/p>\n","protected":false},"author":3,"featured_media":5133,"comment_status":"closed","ping_status":"closed","sticky":false,"template":"","format":"standard","meta":{"_seopress_robots_primary_cat":"","_seopress_titles_title":"","_seopress_titles_desc":"","_seopress_robots_index":"","footnotes":""},"categories":[41,67],"tags":[1691],"class_list":["post-5132","post","type-post","status-publish","format-standard","has-post-thumbnail","","category-foi-et-culture","category-temoignages-de-foi","tag-eglise-persecutee"],"_links":{"self":[{"href":"https:\/\/catholicus.eu\/fr\/wp-json\/wp\/v2\/posts\/5132","targetHints":{"allow":["GET"]}}],"collection":[{"href":"https:\/\/catholicus.eu\/fr\/wp-json\/wp\/v2\/posts"}],"about":[{"href":"https:\/\/catholicus.eu\/fr\/wp-json\/wp\/v2\/types\/post"}],"author":[{"embeddable":true,"href":"https:\/\/catholicus.eu\/fr\/wp-json\/wp\/v2\/users\/3"}],"replies":[{"embeddable":true,"href":"https:\/\/catholicus.eu\/fr\/wp-json\/wp\/v2\/comments?post=5132"}],"version-history":[{"count":1,"href":"https:\/\/catholicus.eu\/fr\/wp-json\/wp\/v2\/posts\/5132\/revisions"}],"predecessor-version":[{"id":5134,"href":"https:\/\/catholicus.eu\/fr\/wp-json\/wp\/v2\/posts\/5132\/revisions\/5134"}],"wp:featuredmedia":[{"embeddable":true,"href":"https:\/\/catholicus.eu\/fr\/wp-json\/wp\/v2\/media\/5133"}],"wp:attachment":[{"href":"https:\/\/catholicus.eu\/fr\/wp-json\/wp\/v2\/media?parent=5132"}],"wp:term":[{"taxonomy":"category","embeddable":true,"href":"https:\/\/catholicus.eu\/fr\/wp-json\/wp\/v2\/categories?post=5132"},{"taxonomy":"post_tag","embeddable":true,"href":"https:\/\/catholicus.eu\/fr\/wp-json\/wp\/v2\/tags?post=5132"}],"curies":[{"name":"wp","href":"https:\/\/api.w.org\/{rel}","templated":true}]}}