{"id":5123,"date":"2026-02-17T09:55:27","date_gmt":"2026-02-17T08:55:27","guid":{"rendered":"https:\/\/catholicus.eu\/fr\/?p=5123"},"modified":"2026-02-17T09:55:27","modified_gmt":"2026-02-17T08:55:27","slug":"etre-chretien-va-au-dela-de-ressentir-dieu-le-connaitre-laimer-et-lui-obeir","status":"publish","type":"post","link":"https:\/\/catholicus.eu\/fr\/etre-chretien-va-au-dela-de-ressentir-dieu-le-connaitre-laimer-et-lui-obeir\/","title":{"rendered":"\u00catre chr\u00e9tien va au-del\u00e0 de ressentir Dieu : le conna\u00eetre, l\u2019aimer et lui ob\u00e9ir"},"content":{"rendered":"\n<p>\u00c0 notre \u00e9poque, il est fr\u00e9quent d\u2019entendre des expressions comme <em>\u00ab je crois en quelque chose de sup\u00e9rieur \u00bb<\/em>, <em>\u00ab je ressens Dieu en moi \u00bb<\/em> ou <em>\u00ab je suis spirituel mais pas religieux \u00bb<\/em>. Nous vivons dans une culture profond\u00e9ment marqu\u00e9e par l\u2019exp\u00e9rience subjective, o\u00f9 le sentiment semble \u00eatre le crit\u00e8re ultime de v\u00e9rit\u00e9. Pourtant, d\u2019un point de vue chr\u00e9tien authentique, <strong>\u00eatre chr\u00e9tien va bien au-del\u00e0 du fait de ressentir quelque chose de transcendant ou d\u2019accepter intellectuellement qu\u2019il existe une r\u00e9alit\u00e9 plus grande que nous<\/strong>.<\/p>\n\n\n\n<p>Le christianisme n\u2019est pas seulement une \u00e9motion, ni une id\u00e9e philosophique, ni une vague spiritualit\u00e9. C\u2019est une relation r\u00e9elle avec Dieu qui implique <strong>connaissance, conversion, ob\u00e9issance et transformation de vie<\/strong>. En d\u2019autres termes, \u00eatre chr\u00e9tien signifie conna\u00eetre Dieu personnellement et choisir librement de lui ob\u00e9ir.<\/p>\n\n\n\n<p>Cet article propose une r\u00e9flexion th\u00e9ologique, pastorale et pratique sur cette v\u00e9rit\u00e9 fondamentale de la foi chr\u00e9tienne, avec une perspective profonde mais accessible pour le croyant d\u2019aujourd\u2019hui.<\/p>\n\n\n\n<hr class=\"wp-block-separator has-alpha-channel-opacity\"\/>\n\n\n\n<h2 class=\"wp-block-heading\"><strong>1. Le probl\u00e8me du christianisme r\u00e9duit au sentiment<\/strong><\/h2>\n\n\n\n<p>L\u2019homme contemporain accorde une grande valeur \u00e0 l\u2019exp\u00e9rience int\u00e9rieure. Cela pr\u00e9sente des aspects positifs : le c\u0153ur humain cherche Dieu, et le d\u00e9sir de transcendance est inscrit dans notre nature. Cependant, un v\u00e9ritable danger appara\u00eet lorsque la foi est r\u00e9duite uniquement aux \u00e9motions ou aux intuitions.<\/p>\n\n\n\n<p>Beaucoup de personnes aujourd\u2019hui disent :<\/p>\n\n\n\n<ul class=\"wp-block-list\">\n<li>\u00ab Je ressens la paix, donc Dieu est avec moi. \u00bb<\/li>\n\n\n\n<li>\u00ab Je crois qu\u2019il existe quelque chose de sup\u00e9rieur. \u00bb<\/li>\n\n\n\n<li>\u00ab J\u2019ai la foi \u00e0 ma mani\u00e8re. \u00bb<\/li>\n<\/ul>\n\n\n\n<p>Mais la foi chr\u00e9tienne ne se fonde pas sur des \u00e9tats \u00e9motionnels changeants. Les sentiments fluctuent ; la v\u00e9rit\u00e9 r\u00e9v\u00e9l\u00e9e demeure.<\/p>\n\n\n\n<h3 class=\"wp-block-heading\">La foi chr\u00e9tienne est objective et r\u00e9v\u00e9l\u00e9e<\/h3>\n\n\n\n<p>Le christianisme na\u00eet d\u2019une r\u00e9v\u00e9lation historique concr\u00e8te : Dieu s\u2019est manifest\u00e9 dans l\u2019histoire \u00e0 travers le peuple d\u2019Isra\u00ebl et d\u00e9finitivement dans la personne de <strong>J\u00e9sus-Christ<\/strong>. Il ne s\u2019agit pas d\u2019une id\u00e9e humaine sur le divin, mais de l\u2019initiative de Dieu qui se r\u00e9v\u00e8le et appelle l\u2019humanit\u00e9.<\/p>\n\n\n\n<p>Ainsi, \u00eatre chr\u00e9tien signifie r\u00e9pondre \u00e0 cette r\u00e9v\u00e9lation, et non simplement construire une spiritualit\u00e9 personnelle.<\/p>\n\n\n\n<hr class=\"wp-block-separator has-alpha-channel-opacity\"\/>\n\n\n\n<h2 class=\"wp-block-heading\"><strong>2. Croire que Dieu existe ne suffit pas : l\u2019avertissement de Jacques<\/strong><\/h2>\n\n\n\n<p>L\u2019un des textes bibliques les plus forts sur ce sujet se trouve dans l\u2019<strong>\u00c9p\u00eetre de Jacques<\/strong> :<\/p>\n\n\n\n<blockquote class=\"wp-block-quote is-layout-flow wp-block-quote-is-layout-flow\">\n<p>\u00ab Tu crois qu\u2019il y a un seul Dieu ; tu fais bien. Les d\u00e9mons aussi le croient\u2026 et ils tremblent. \u00bb (Jacques 2,19)<\/p>\n<\/blockquote>\n\n\n\n<p>Cette affirmation est th\u00e9ologiquement profonde et pastoralement d\u00e9cisive.<\/p>\n\n\n\n<h3 class=\"wp-block-heading\">Que nous enseigne ce verset ?<\/h3>\n\n\n\n<p>Jacques \u00e9tablit une v\u00e9rit\u00e9 claire :<\/p>\n\n\n\n<ul class=\"wp-block-list\">\n<li>Croire que Dieu existe ne sauve pas.<\/li>\n\n\n\n<li>Conna\u00eetre Dieu intellectuellement ne suffit pas.<\/li>\n\n\n\n<li>M\u00eame les d\u00e9mons reconnaissent l\u2019existence et la puissance de Dieu.<\/li>\n<\/ul>\n\n\n\n<p>Les d\u00e9mons poss\u00e8dent une connaissance th\u00e9ologique parfaite de Dieu : ils savent qui Il est, ils connaissent sa puissance et son autorit\u00e9. Pourtant, ils ne l\u2019aiment pas et ne lui ob\u00e9issent pas. Leur relation avec Dieu est une relation de rejet.<\/p>\n\n\n\n<p>Cela signifie que <strong>la foi authentique n\u2019est ni seulement connaissance ni seulement sentiment : elle est ob\u00e9issance aimante<\/strong>.<\/p>\n\n\n\n<hr class=\"wp-block-separator has-alpha-channel-opacity\"\/>\n\n\n\n<h2 class=\"wp-block-heading\"><strong>3. Ce que signifie r\u00e9ellement \u00ab conna\u00eetre Dieu \u00bb<\/strong><\/h2>\n\n\n\n<p>Dans la mentalit\u00e9 biblique, \u00ab conna\u00eetre \u00bb ne signifie pas simplement comprendre intellectuellement. Il s\u2019agit d\u2019une connaissance relationnelle, personnelle et transformante.<\/p>\n\n\n\n<h3 class=\"wp-block-heading\">Conna\u00eetre Dieu implique :<\/h3>\n\n\n\n<h4 class=\"wp-block-heading\">1. <strong>Une relation personnelle<\/strong><\/h4>\n\n\n\n<p>Dieu n\u2019est pas une \u00e9nergie impersonnelle ni une force cosmique. Il est un Dieu vivant qui appelle l\u2019humanit\u00e9 \u00e0 la communion avec Lui.<\/p>\n\n\n\n<h4 class=\"wp-block-heading\">2. <strong>La conversion du c\u0153ur<\/strong><\/h4>\n\n\n\n<p>Celui qui conna\u00eet Dieu change de vie. L\u2019\u00c9criture insiste sur le fait que la rencontre avec Dieu transforme les comportements, les priorit\u00e9s et les d\u00e9sirs.<\/p>\n\n\n\n<h4 class=\"wp-block-heading\">3. <strong>Une ob\u00e9issance aimante<\/strong><\/h4>\n\n\n\n<p>La connaissance de Dieu conduit \u00e0 accomplir sa volont\u00e9.<\/p>\n\n\n\n<p>J\u00e9sus lui-m\u00eame l\u2019a enseign\u00e9 clairement :<br><em>\u00ab Si vous m\u2019aimez, vous garderez mes commandements \u00bb<\/em> (Jn 14,15).<\/p>\n\n\n\n<h3 class=\"wp-block-heading\">La th\u00e9ologie chr\u00e9tienne le r\u00e9sume ainsi :<\/h3>\n\n\n\n<ul class=\"wp-block-list\">\n<li>Conna\u00eetre \u2192 aimer<\/li>\n\n\n\n<li>Aimer \u2192 ob\u00e9ir<\/li>\n\n\n\n<li>Ob\u00e9ir \u2192 vivre en Dieu<\/li>\n<\/ul>\n\n\n\n<p>Sans ce processus, la foi demeure incompl\u00e8te.<\/p>\n\n\n\n<hr class=\"wp-block-separator has-alpha-channel-opacity\"\/>\n\n\n\n<h2 class=\"wp-block-heading\"><strong>4. La foi chr\u00e9tienne : une adh\u00e9sion totale \u00e0 Dieu<\/strong><\/h2>\n\n\n\n<p>La tradition chr\u00e9tienne enseigne que la foi authentique poss\u00e8de trois dimensions ins\u00e9parables.<\/p>\n\n\n\n<h3 class=\"wp-block-heading\"><strong>1. La foi intellectuelle (croire \u00e0 la v\u00e9rit\u00e9 r\u00e9v\u00e9l\u00e9e)<\/strong><\/h3>\n\n\n\n<p>Accepter ce que Dieu a r\u00e9v\u00e9l\u00e9.<\/p>\n\n\n\n<h3 class=\"wp-block-heading\"><strong>2. La foi affective (aimer Dieu)<\/strong><\/h3>\n\n\n\n<p>Il ne suffit pas de savoir qui est Dieu ; il faut l\u2019aimer.<\/p>\n\n\n\n<h3 class=\"wp-block-heading\"><strong>3. La foi pratique (ob\u00e9ir \u00e0 Dieu)<\/strong><\/h3>\n\n\n\n<p>La foi doit se manifester par des \u0153uvres.<\/p>\n\n\n\n<p>Lorsque l\u2019ob\u00e9issance fait d\u00e9faut, la foi devient vide. C\u2019est pourquoi Jacques affirme aussi :<\/p>\n\n\n\n<blockquote class=\"wp-block-quote is-layout-flow wp-block-quote-is-layout-flow\">\n<p>\u00ab La foi sans les \u0153uvres est morte \u00bb (Jc 2,26).<\/p>\n<\/blockquote>\n\n\n\n<hr class=\"wp-block-separator has-alpha-channel-opacity\"\/>\n\n\n\n<h2 class=\"wp-block-heading\"><strong>5. L\u2019histoire de la pens\u00e9e chr\u00e9tienne sur la foi et l\u2019ob\u00e9issance<\/strong><\/h2>\n\n\n\n<p>Depuis les premiers si\u00e8cles, l\u2019\u00c9glise enseigne que la foi implique une vie transform\u00e9e.<\/p>\n\n\n\n<h3 class=\"wp-block-heading\">Les P\u00e8res de l\u2019\u00c9glise<\/h3>\n\n\n\n<p>Les premiers chr\u00e9tiens comprenaient la foi comme un changement radical de vie. Le bapt\u00eame impliquait de renoncer au p\u00e9ch\u00e9 et de vivre selon le Christ.<\/p>\n\n\n\n<h3 class=\"wp-block-heading\">Saint Augustin<\/h3>\n\n\n\n<p>Il enseignait que croire est \u00ab penser avec assentiment \u00bb, mais que cet assentiment pousse \u00e0 aimer et \u00e0 ob\u00e9ir.<\/p>\n\n\n\n<h3 class=\"wp-block-heading\">Saint Thomas d\u2019Aquin<\/h3>\n\n\n\n<p>Il a d\u00e9fini la foi comme un acte de l\u2019intelligence m\u00fb par la volont\u00e9 vers Dieu. Elle n\u2019est ni seulement raison ni seulement \u00e9motion, mais adh\u00e9sion totale.<\/p>\n\n\n\n<p>La tradition chr\u00e9tienne a toujours \u00e9t\u00e9 claire : <strong>la foi authentique produit l\u2019ob\u00e9issance<\/strong>.<\/p>\n\n\n\n<hr class=\"wp-block-separator has-alpha-channel-opacity\"\/>\n\n\n\n<h2 class=\"wp-block-heading\"><strong>6. Le danger du christianisme culturel et superficiel<\/strong><\/h2>\n\n\n\n<p>Dans de nombreux contextes contemporains, on observe un ph\u00e9nom\u00e8ne pr\u00e9occupant : le christianisme nominal.<\/p>\n\n\n\n<ul class=\"wp-block-list\">\n<li>Des personnes baptis\u00e9es qui ne vivent pas la foi.<\/li>\n\n\n\n<li>Des croyants qui r\u00e9duisent Dieu \u00e0 un sentiment.<\/li>\n\n\n\n<li>Une spiritualit\u00e9 sans engagement moral.<\/li>\n<\/ul>\n\n\n\n<p>Cela produit un christianisme faible, incapable de transformer la vie personnelle ou la soci\u00e9t\u00e9.<\/p>\n\n\n\n<h3 class=\"wp-block-heading\">Cons\u00e9quences de cette r\u00e9duction<\/h3>\n\n\n\n<ul class=\"wp-block-list\">\n<li>Relativisme moral.<\/li>\n\n\n\n<li>Foi sans conversion.<\/li>\n\n\n\n<li>Vie chr\u00e9tienne sans sacrifice.<\/li>\n\n\n\n<li>Religiosit\u00e9 centr\u00e9e sur le bien-\u00eatre personnel.<\/li>\n<\/ul>\n\n\n\n<p>L\u2019\u00c9vangile, cependant, parle de la croix, de conversion et de don de soi.<\/p>\n\n\n\n<hr class=\"wp-block-separator has-alpha-channel-opacity\"\/>\n\n\n\n<h2 class=\"wp-block-heading\"><strong>7. \u00catre chr\u00e9tien signifie choisir d\u2019ob\u00e9ir \u00e0 Dieu<\/strong><\/h2>\n\n\n\n<p>Ici se trouve le c\u0153ur du message chr\u00e9tien.<\/p>\n\n\n\n<h3 class=\"wp-block-heading\">L\u2019ob\u00e9issance chr\u00e9tienne n\u2019est pas une oppression<\/h3>\n\n\n\n<p>Dans la mentalit\u00e9 moderne, l\u2019ob\u00e9issance appara\u00eet comme une perte de libert\u00e9. Mais dans la vision chr\u00e9tienne, c\u2019est l\u2019inverse.<\/p>\n\n\n\n<ul class=\"wp-block-list\">\n<li>Dieu conna\u00eet la v\u00e9rit\u00e9 sur l\u2019homme.<\/li>\n\n\n\n<li>Ses commandements conduisent \u00e0 l\u2019accomplissement.<\/li>\n\n\n\n<li>Ob\u00e9ir \u00e0 Dieu lib\u00e8re du p\u00e9ch\u00e9.<\/li>\n<\/ul>\n\n\n\n<p>L\u2019ob\u00e9issance chr\u00e9tienne est une r\u00e9ponse d\u2019amour, non une soumission aveugle.<\/p>\n\n\n\n<h3 class=\"wp-block-heading\">Le Christ comme mod\u00e8le<\/h3>\n\n\n\n<p>La vie du Christ est une ob\u00e9issance parfaite au P\u00e8re. Le chr\u00e9tien est appel\u00e9 \u00e0 imiter cette attitude.<\/p>\n\n\n\n<hr class=\"wp-block-separator has-alpha-channel-opacity\"\/>\n\n\n\n<h2 class=\"wp-block-heading\"><strong>8. Applications pratiques pour la vie quotidienne<\/strong><\/h2>\n\n\n\n<p>Comment vivre concr\u00e8tement cette v\u00e9rit\u00e9 ? La th\u00e9ologie doit se traduire en vie.<\/p>\n\n\n\n<h3 class=\"wp-block-heading\"><strong>1. Chercher \u00e0 vraiment conna\u00eetre Dieu<\/strong><\/h3>\n\n\n\n<ul class=\"wp-block-list\">\n<li>Lire l\u2019\u00c9criture.<\/li>\n\n\n\n<li>\u00c9tudier la foi.<\/li>\n\n\n\n<li>Se former doctrinalement.<\/li>\n\n\n\n<li>\u00c9viter une foi uniquement \u00e9motionnelle.<\/li>\n<\/ul>\n\n\n\n<h3 class=\"wp-block-heading\"><strong>2. Examiner sa propre vie<\/strong><\/h3>\n\n\n\n<p>Se poser sinc\u00e8rement ces questions :<\/p>\n\n\n\n<ul class=\"wp-block-list\">\n<li>Ma foi change-t-elle mes d\u00e9cisions ?<\/li>\n\n\n\n<li>Est-ce que je vis selon les commandements ?<\/li>\n\n\n\n<li>Est-ce que je cherche la volont\u00e9 de Dieu ou la mienne ?<\/li>\n<\/ul>\n\n\n\n<h3 class=\"wp-block-heading\"><strong>3. Pratiquer une ob\u00e9issance concr\u00e8te<\/strong><\/h3>\n\n\n\n<p>L\u2019ob\u00e9issance se vit au quotidien :<\/p>\n\n\n\n<ul class=\"wp-block-list\">\n<li>Honn\u00eatet\u00e9 au travail.<\/li>\n\n\n\n<li>Fid\u00e9lit\u00e9 dans le mariage.<\/li>\n\n\n\n<li>Pardon envers ceux qui blessent.<\/li>\n\n\n\n<li>D\u00e9fense de la v\u00e9rit\u00e9.<\/li>\n\n\n\n<li>Charit\u00e9 envers les n\u00e9cessiteux.<\/li>\n<\/ul>\n\n\n\n<h3 class=\"wp-block-heading\"><strong>4. Pers\u00e9v\u00e9rer lorsqu\u2019il n\u2019y a pas d\u2019\u00e9motions<\/strong><\/h3>\n\n\n\n<p>Parfois, on ne ressent rien dans la pri\u00e8re. La foi authentique demeure m\u00eame sans consolation sensible.<\/p>\n\n\n\n<p>La fid\u00e9lit\u00e9 sans \u00e9motion est un signe de maturit\u00e9 spirituelle.<\/p>\n\n\n\n<hr class=\"wp-block-separator has-alpha-channel-opacity\"\/>\n\n\n\n<h2 class=\"wp-block-heading\"><strong>9. Pertinence pour le monde actuel<\/strong><\/h2>\n\n\n\n<p>Ce message est particuli\u00e8rement urgent aujourd\u2019hui.<\/p>\n\n\n\n<p>Nous vivons dans une soci\u00e9t\u00e9 o\u00f9 :<\/p>\n\n\n\n<ul class=\"wp-block-list\">\n<li>La v\u00e9rit\u00e9 est relativis\u00e9e.<\/li>\n\n\n\n<li>La morale est subjectivis\u00e9e.<\/li>\n\n\n\n<li>La religion est privatis\u00e9e.<\/li>\n<\/ul>\n\n\n\n<p>Le christianisme offre une r\u00e9ponse radicale : <strong>Dieu est r\u00e9el, Il s\u2019est r\u00e9v\u00e9l\u00e9 et Il appelle l\u2019humanit\u00e9 \u00e0 une vie transform\u00e9e<\/strong>.<\/p>\n\n\n\n<p>Le monde a besoin de chr\u00e9tiens coh\u00e9rents, et non simplement de croyants sentimentaux.<\/p>\n\n\n\n<hr class=\"wp-block-separator has-alpha-channel-opacity\"\/>\n\n\n\n<h2 class=\"wp-block-heading\"><strong>10. Le but du chr\u00e9tien : la communion avec Dieu<\/strong><\/h2>\n\n\n\n<p>L\u2019objectif ultime n\u2019est pas seulement d\u2019accomplir des normes ext\u00e9rieures, mais l\u2019union avec Dieu.<\/p>\n\n\n\n<p>Le conna\u00eetre, l\u2019aimer et lui ob\u00e9ir conduit \u00e0 la communion \u00e9ternelle avec Lui. Telle est la vocation ultime de l\u2019homme.<\/p>\n\n\n\n<p>La foi authentique transforme le c\u0153ur, ordonne la vie et oriente toute l\u2019existence vers Dieu.<\/p>\n\n\n\n<hr class=\"wp-block-separator has-alpha-channel-opacity\"\/>\n\n\n\n<h2 class=\"wp-block-heading\"><strong>Conclusion : un appel \u00e0 la vraie foi<\/strong><\/h2>\n\n\n\n<p>\u00catre chr\u00e9tien ne consiste pas simplement \u00e0 ressentir quelque chose de spirituel ni \u00e0 accepter qu\u2019un \u00eatre sup\u00e9rieur existe. Il ne suffit pas non plus de savoir th\u00e9ologiquement qui est Dieu. L\u2019\u00c9criture l\u2019affirme avec force : m\u00eame les d\u00e9mons croient.<\/p>\n\n\n\n<p>Le christianisme authentique consiste \u00e0 :<\/p>\n\n\n\n<ul class=\"wp-block-list\">\n<li>conna\u00eetre Dieu personnellement,<\/li>\n\n\n\n<li>l\u2019aimer v\u00e9ritablement,<\/li>\n\n\n\n<li>et choisir librement de lui ob\u00e9ir.<\/li>\n<\/ul>\n\n\n\n<p>C\u2019est cette foi qui transforme la vie, renouvelle le c\u0153ur et conduit \u00e0 la saintet\u00e9.<\/p>\n\n\n\n<p>La question d\u00e9cisive pour chaque croyant n\u2019est pas seulement <em>\u00ab Est-ce que je crois en Dieu ? \u00bb<\/em>, mais :<\/p>\n\n\n\n<p><strong>Est-ce que je vis selon sa volont\u00e9 ?<\/strong><br><strong>Ma foi transforme-t-elle ma vie ?<\/strong><br><strong>Ai-je choisi de lui ob\u00e9ir ?<\/strong><\/p>\n\n\n\n<p>C\u2019est l\u00e0 que commence le v\u00e9ritable chemin chr\u00e9tien.<\/p>\n","protected":false},"excerpt":{"rendered":"<p>\u00c0 notre \u00e9poque, il est fr\u00e9quent d\u2019entendre des expressions comme \u00ab je crois en quelque chose de sup\u00e9rieur \u00bb, \u00ab je ressens Dieu en moi \u00bb ou \u00ab je suis spirituel mais pas religieux \u00bb. Nous vivons dans une culture profond\u00e9ment marqu\u00e9e par l\u2019exp\u00e9rience subjective, o\u00f9 le sentiment semble \u00eatre le crit\u00e8re ultime de v\u00e9rit\u00e9. &hellip;<\/p>\n","protected":false},"author":3,"featured_media":5124,"comment_status":"closed","ping_status":"closed","sticky":false,"template":"","format":"standard","meta":{"_seopress_robots_primary_cat":"","_seopress_titles_title":"","_seopress_titles_desc":"","_seopress_robots_index":"","footnotes":""},"categories":[39,57],"tags":[],"class_list":["post-5123","post","type-post","status-publish","format-standard","has-post-thumbnail","","category-morale-et-vie-chretienne","category-vertus-chretiennes"],"_links":{"self":[{"href":"https:\/\/catholicus.eu\/fr\/wp-json\/wp\/v2\/posts\/5123","targetHints":{"allow":["GET"]}}],"collection":[{"href":"https:\/\/catholicus.eu\/fr\/wp-json\/wp\/v2\/posts"}],"about":[{"href":"https:\/\/catholicus.eu\/fr\/wp-json\/wp\/v2\/types\/post"}],"author":[{"embeddable":true,"href":"https:\/\/catholicus.eu\/fr\/wp-json\/wp\/v2\/users\/3"}],"replies":[{"embeddable":true,"href":"https:\/\/catholicus.eu\/fr\/wp-json\/wp\/v2\/comments?post=5123"}],"version-history":[{"count":1,"href":"https:\/\/catholicus.eu\/fr\/wp-json\/wp\/v2\/posts\/5123\/revisions"}],"predecessor-version":[{"id":5125,"href":"https:\/\/catholicus.eu\/fr\/wp-json\/wp\/v2\/posts\/5123\/revisions\/5125"}],"wp:featuredmedia":[{"embeddable":true,"href":"https:\/\/catholicus.eu\/fr\/wp-json\/wp\/v2\/media\/5124"}],"wp:attachment":[{"href":"https:\/\/catholicus.eu\/fr\/wp-json\/wp\/v2\/media?parent=5123"}],"wp:term":[{"taxonomy":"category","embeddable":true,"href":"https:\/\/catholicus.eu\/fr\/wp-json\/wp\/v2\/categories?post=5123"},{"taxonomy":"post_tag","embeddable":true,"href":"https:\/\/catholicus.eu\/fr\/wp-json\/wp\/v2\/tags?post=5123"}],"curies":[{"name":"wp","href":"https:\/\/api.w.org\/{rel}","templated":true}]}}