{"id":5120,"date":"2026-02-17T09:22:02","date_gmt":"2026-02-17T08:22:02","guid":{"rendered":"https:\/\/catholicus.eu\/fr\/?p=5120"},"modified":"2026-02-17T09:22:02","modified_gmt":"2026-02-17T08:22:02","slug":"thessaloniciens-la-foi-qui-resiste-dans-la-persecution-et-attend-le-retour-du-christ","status":"publish","type":"post","link":"https:\/\/catholicus.eu\/fr\/thessaloniciens-la-foi-qui-resiste-dans-la-persecution-et-attend-le-retour-du-christ\/","title":{"rendered":"Thessaloniciens : La foi qui r\u00e9siste dans la pers\u00e9cution et attend le retour du Christ"},"content":{"rendered":"\n<p>Nous vivons \u00e0 une \u00e9poque marqu\u00e9e par l\u2019incertitude. Crises \u00e9conomiques, guerres, pers\u00e9cution culturelle contre la foi, relativisme moral et sentiment constant que le monde s\u2019effondre. Beaucoup de chr\u00e9tiens se demandent : comment rester fermes ? Comment vivre l\u2019esp\u00e9rance sans tomber dans la peur ni dans le fanatisme ?<\/p>\n\n\n\n<p>La r\u00e9ponse n\u2019est pas nouvelle. D\u00e8s le premier si\u00e8cle, une petite communaut\u00e9 chr\u00e9tienne a v\u00e9cu exactement la m\u00eame r\u00e9alit\u00e9. Son nom r\u00e9sonne avec force dans le Nouveau Testament : <strong>les Thessaloniciens<\/strong>.<\/p>\n\n\n\n<p>Les <strong>Lettres aux Thessaloniciens<\/strong>, \u00e9crites par Saint Paul, sont probablement les \u00e9crits les plus anciens du Nouveau Testament. On y d\u00e9couvre une spiritualit\u00e9 vibrante, profond\u00e9ment eschatologique, pastoralement d\u00e9licate et th\u00e9ologiquement solide. Ce ne sont pas de simples lettres circonstancielles : elles constituent un v\u00e9ritable manuel de pers\u00e9v\u00e9rance chr\u00e9tienne.<\/p>\n\n\n\n<hr class=\"wp-block-separator has-alpha-channel-opacity\"\/>\n\n\n\n<h2 class=\"wp-block-heading\">1. Thessalonique : Une \u00c9glise n\u00e9e dans la pers\u00e9cution<\/h2>\n\n\n\n<p>La ville de Thessalonique \u2014 aujourd\u2019hui Thessalonique \u2014 \u00e9tait une m\u00e9tropole strat\u00e9gique de l\u2019Empire romain, situ\u00e9e sur la Via Egnatia, route commerciale majeure. C\u2019\u00e9tait un carrefour culturel o\u00f9 cohabitaient pa\u00efens, juifs et citoyens romains.<\/p>\n\n\n\n<p>Selon le livre des Actes des Ap\u00f4tres (cf. Ac 17,1-9), Saint Paul y pr\u00eacha pendant trois sabbats dans la synagogue. Le r\u00e9sultat fut explosif : des conversions ferventes\u2026 et une pers\u00e9cution imm\u00e9diate.<\/p>\n\n\n\n<p>Paul dut fuir pr\u00e9cipitamment. La communaut\u00e9 resta seule, sans son fondateur, entour\u00e9e d\u2019hostilit\u00e9. Humainement parlant, c\u2019\u00e9tait une \u00c9glise condamn\u00e9e \u00e0 dispara\u00eetre.<\/p>\n\n\n\n<p>Mais elle ne disparut pas.<\/p>\n\n\n\n<hr class=\"wp-block-separator has-alpha-channel-opacity\"\/>\n\n\n\n<h2 class=\"wp-block-heading\">2. Premi\u00e8re Lettre aux Thessaloniciens : La foi ardente au c\u0153ur de l\u2019\u00e9preuve<\/h2>\n\n\n\n<p>La <strong>Premi\u00e8re Lettre aux Thessaloniciens<\/strong> est probablement le plus ancien \u00e9crit du Nouveau Testament (vers 50-51 apr. J.-C.). Ce n\u2019est pas un trait\u00e9 froid : c\u2019est le c\u0153ur d\u2019un p\u00e8re spirituel qui aime profond\u00e9ment sa communaut\u00e9.<\/p>\n\n\n\n<p>D\u00e8s le d\u00e9but, Paul loue trois vertus fondamentales :<\/p>\n\n\n\n<blockquote class=\"wp-block-quote is-layout-flow wp-block-quote-is-layout-flow\">\n<p>\u00ab Nous nous souvenons sans cesse de l\u2019\u0153uvre de votre foi, du labeur de votre charit\u00e9 et de la constance de votre esp\u00e9rance en notre Seigneur J\u00e9sus Christ \u00bb (1 Th 1,3).<\/p>\n<\/blockquote>\n\n\n\n<p>Voici le tr\u00e9pied de la vie chr\u00e9tienne :<\/p>\n\n\n\n<ul class=\"wp-block-list\">\n<li>La foi<\/li>\n\n\n\n<li>La charit\u00e9<\/li>\n\n\n\n<li>L\u2019esp\u00e9rance<\/li>\n<\/ul>\n\n\n\n<p>Ce ne sont pas des concepts abstraits. \u00c0 Thessalonique, c\u2019\u00e9taient des r\u00e9alit\u00e9s concr\u00e8tes :<\/p>\n\n\n\n<ul class=\"wp-block-list\">\n<li>Une foi qui r\u00e9sistait \u00e0 la pression sociale.<\/li>\n\n\n\n<li>Une charit\u00e9 active entre fr\u00e8res.<\/li>\n\n\n\n<li>Une esp\u00e9rance ferme dans la seconde venue du Christ.<\/li>\n<\/ul>\n\n\n\n<h3 class=\"wp-block-heading\">La centralit\u00e9 de la Parousie<\/h3>\n\n\n\n<p>L\u2019un des th\u00e8mes cl\u00e9s est la <strong>Parousie<\/strong>, c\u2019est-\u00e0-dire la seconde venue du Christ. Les Thessaloniciens vivaient avec la conscience vive que le Seigneur pouvait revenir \u00e0 tout moment.<\/p>\n\n\n\n<p>Mais une inqui\u00e9tude surgit : certains fr\u00e8res \u00e9taient morts. Manqueraient-ils la gloire finale ?<\/p>\n\n\n\n<p>Paul r\u00e9pond avec des paroles qui ont consol\u00e9 des g\u00e9n\u00e9rations :<\/p>\n\n\n\n<blockquote class=\"wp-block-quote is-layout-flow wp-block-quote-is-layout-flow\">\n<p>\u00ab Nous ne voulons pas vous laisser dans l\u2019ignorance au sujet de ceux qui se sont endormis, afin que vous ne soyez pas dans la tristesse comme les autres qui n\u2019ont pas d\u2019esp\u00e9rance \u00bb (1 Th 4,13).<\/p>\n<\/blockquote>\n\n\n\n<p>Et il ajoute :<\/p>\n\n\n\n<blockquote class=\"wp-block-quote is-layout-flow wp-block-quote-is-layout-flow\">\n<p>\u00ab Le Seigneur lui-m\u00eame, au signal donn\u00e9\u2026 descendra du ciel\u2026 et ainsi nous serons pour toujours avec le Seigneur \u00bb (1 Th 4,16-17).<\/p>\n<\/blockquote>\n\n\n\n<p>L\u2019enseignement est clair :<\/p>\n\n\n\n<ul class=\"wp-block-list\">\n<li>La mort n\u2019a pas le dernier mot.<\/li>\n\n\n\n<li>Le Christ ressuscit\u00e9 garantit notre r\u00e9surrection.<\/li>\n\n\n\n<li>L\u2019esp\u00e9rance chr\u00e9tienne n\u2019est pas un optimisme na\u00eff, mais une certitude th\u00e9ologale.<\/li>\n<\/ul>\n\n\n\n<hr class=\"wp-block-separator has-alpha-channel-opacity\"\/>\n\n\n\n<h2 class=\"wp-block-heading\">3. Deuxi\u00e8me Lettre aux Thessaloniciens : L\u2019ordre au milieu de la confusion<\/h2>\n\n\n\n<p>La <strong>Deuxi\u00e8me Lettre aux Thessaloniciens<\/strong> aborde un autre probl\u00e8me. Certains croyants, convaincus que la fin \u00e9tait imminente, cess\u00e8rent de travailler. Ils vivaient dans une sorte d\u2019hyst\u00e9rie apocalyptique.<\/p>\n\n\n\n<p>Paul corrige avec fermet\u00e9 pastorale :<\/p>\n\n\n\n<blockquote class=\"wp-block-quote is-layout-flow wp-block-quote-is-layout-flow\">\n<p>\u00ab Si quelqu\u2019un ne veut pas travailler, qu\u2019il ne mange pas non plus \u00bb (2 Th 3,10).<\/p>\n<\/blockquote>\n\n\n\n<p>Cette phrase n\u2019est pas une duret\u00e9 sans mis\u00e9ricorde ; c\u2019est l\u2019\u00e9quilibre chr\u00e9tien. Attendre le Seigneur n\u2019est pas une excuse pour l\u2019irresponsabilit\u00e9. L\u2019eschatologie authentique engendre :<\/p>\n\n\n\n<ul class=\"wp-block-list\">\n<li>La vigilance<\/li>\n\n\n\n<li>La responsabilit\u00e9<\/li>\n\n\n\n<li>La fid\u00e9lit\u00e9 dans les petites choses<\/li>\n<\/ul>\n\n\n\n<p>Paul mentionne aussi le myst\u00e9rieux \u00ab homme d\u2019iniquit\u00e9 \u00bb (2 Th 2), traditionnellement interpr\u00e9t\u00e9 par la th\u00e9ologie comme une r\u00e9f\u00e9rence \u00e0 l\u2019Ant\u00e9christ. Mais le message central n\u2019est pas la peur : c\u2019est la pers\u00e9v\u00e9rance :<\/p>\n\n\n\n<blockquote class=\"wp-block-quote is-layout-flow wp-block-quote-is-layout-flow\">\n<p>\u00ab Tenez ferme et gardez les traditions que vous avez apprises \u00bb (2 Th 2,15).<\/p>\n<\/blockquote>\n\n\n\n<p>Nous trouvons ici une affirmation profond\u00e9ment catholique : la foi n\u2019est pas une invention personnelle ; elle est une tradition re\u00e7ue.<\/p>\n\n\n\n<hr class=\"wp-block-separator has-alpha-channel-opacity\"\/>\n\n\n\n<h2 class=\"wp-block-heading\">4. Richesse th\u00e9ologique des Thessaloniciens<\/h2>\n\n\n\n<h3 class=\"wp-block-heading\">A. L\u2019\u00c9glise comme communaut\u00e9 vivante<\/h3>\n\n\n\n<p>Les Thessaloniciens nous montrent une \u00c9glise organique :<\/p>\n\n\n\n<ul class=\"wp-block-list\">\n<li>Avec des responsables<\/li>\n\n\n\n<li>Avec une vie morale concr\u00e8te<\/li>\n\n\n\n<li>Avec une discipline<\/li>\n\n\n\n<li>Avec une fraternit\u00e9 r\u00e9elle<\/li>\n<\/ul>\n\n\n\n<p>Ce n\u2019est pas un spiritualisme individualiste. C\u2019est une communion visible.<\/p>\n\n\n\n<h3 class=\"wp-block-heading\">B. La saintet\u00e9 dans la vie quotidienne<\/h3>\n\n\n\n<p>Paul insiste :<\/p>\n\n\n\n<blockquote class=\"wp-block-quote is-layout-flow wp-block-quote-is-layout-flow\">\n<p>\u00ab Voici quelle est la volont\u00e9 de Dieu : votre sanctification \u00bb (1 Th 4,3).<\/p>\n<\/blockquote>\n\n\n\n<p>En quoi consiste cette saintet\u00e9 ?<\/p>\n\n\n\n<ul class=\"wp-block-list\">\n<li>Puret\u00e9 morale.<\/li>\n\n\n\n<li>Ma\u00eetrise de soi.<\/li>\n\n\n\n<li>Charit\u00e9 fraternelle.<\/li>\n\n\n\n<li>Conduite honorable devant les pa\u00efens.<\/li>\n<\/ul>\n\n\n\n<p>Il ne parle pas d\u2019extases mystiques, mais de coh\u00e9rence de vie.<\/p>\n\n\n\n<h3 class=\"wp-block-heading\">C. Une eschatologie \u00e9quilibr\u00e9e<\/h3>\n\n\n\n<p>Les Thessaloniciens \u00e9vitent deux extr\u00eames :<\/p>\n\n\n\n<ul class=\"wp-block-list\">\n<li>L\u2019oubli de la fin derni\u00e8re.<\/li>\n\n\n\n<li>Le fanatisme apocalyptique.<\/li>\n<\/ul>\n\n\n\n<p>Ils nous apprennent \u00e0 vivre \u00ab les pieds sur terre et le c\u0153ur au ciel \u00bb.<\/p>\n\n\n\n<hr class=\"wp-block-separator has-alpha-channel-opacity\"\/>\n\n\n\n<h2 class=\"wp-block-heading\">5. Applications pastorales pour aujourd\u2019hui<\/h2>\n\n\n\n<p>Voici la question essentielle : que signifient les Thessaloniciens pour nous ?<\/p>\n\n\n\n<h3 class=\"wp-block-heading\">1. Pers\u00e9v\u00e9rer dans un environnement hostile<\/h3>\n\n\n\n<p>Aujourd\u2019hui, le chr\u00e9tien vit, dans de nombreux endroits, une pers\u00e9cution culturelle. Pas toujours violente, mais id\u00e9ologique. Thessalonique nous rappelle que la foi authentique :<\/p>\n\n\n\n<ul class=\"wp-block-list\">\n<li>Ne d\u00e9pend pas de l\u2019environnement.<\/li>\n\n\n\n<li>Ne cherche pas l\u2019approbation.<\/li>\n\n\n\n<li>Ne se dilue pas pour s\u2019adapter.<\/li>\n<\/ul>\n\n\n\n<h3 class=\"wp-block-heading\">2. Vivre avec une esp\u00e9rance r\u00e9elle<\/h3>\n\n\n\n<p>Beaucoup vivent dans l\u2019angoisse de l\u2019avenir. La spiritualit\u00e9 des Thessaloniciens nous enseigne :<\/p>\n\n\n\n<ul class=\"wp-block-list\">\n<li>Le Christ reviendra.<\/li>\n\n\n\n<li>L\u2019histoire a un sens.<\/li>\n\n\n\n<li>Le mal ne triomphe pas d\u00e9finitivement.<\/li>\n<\/ul>\n\n\n\n<p>Cela transforme notre mani\u00e8re de vivre la souffrance.<\/p>\n\n\n\n<h3 class=\"wp-block-heading\">3. Travailler avec responsabilit\u00e9<\/h3>\n\n\n\n<p>Attendre le Christ ne signifie pas abandonner nos devoirs. Dans ton travail, dans ta famille, dans ta paroisse :<\/p>\n\n\n\n<ul class=\"wp-block-list\">\n<li>La saintet\u00e9 se construit dans la fid\u00e9lit\u00e9 quotidienne.<\/li>\n\n\n\n<li>Le devoir accompli est un acte d\u2019amour pour Dieu.<\/li>\n<\/ul>\n\n\n\n<h3 class=\"wp-block-heading\">4. Garder la Tradition<\/h3>\n\n\n\n<p>En temps de confusion doctrinale, l\u2019exhortation r\u00e9sonne avec force :<\/p>\n\n\n\n<blockquote class=\"wp-block-quote is-layout-flow wp-block-quote-is-layout-flow\">\n<p>\u00ab Gardez les traditions. \u00bb<\/p>\n<\/blockquote>\n\n\n\n<p>La foi catholique n\u2019est pas mall\u00e9able selon les modes. Elle est un d\u00e9p\u00f4t sacr\u00e9.<\/p>\n\n\n\n<hr class=\"wp-block-separator has-alpha-channel-opacity\"\/>\n\n\n\n<h2 class=\"wp-block-heading\">6. Un guide pratique pour vivre \u00ab comme les Thessaloniciens \u00bb<\/h2>\n\n\n\n<p>Si tu veux appliquer aujourd\u2019hui cette spiritualit\u00e9, voici un itin\u00e9raire concret :<\/p>\n\n\n\n<h3 class=\"wp-block-heading\">\u2714 Ravive l\u2019esp\u00e9rance eschatologique<\/h3>\n\n\n\n<p>M\u00e9dite fr\u00e9quemment sur le Ciel, le Jugement, la vie \u00e9ternelle. Non comme une menace, mais comme un but.<\/p>\n\n\n\n<h3 class=\"wp-block-heading\">\u2714 Pratique une saintet\u00e9 concr\u00e8te<\/h3>\n\n\n\n<p>Examine ta vie morale. Y a-t-il des domaines \u00e0 purifier ?<\/p>\n\n\n\n<h3 class=\"wp-block-heading\">\u2714 Sois responsable dans ta vocation<\/h3>\n\n\n\n<p>Travail bien fait, devoir accompli, coh\u00e9rence publique.<\/p>\n\n\n\n<h3 class=\"wp-block-heading\">\u2714 Renforce la vie communautaire<\/h3>\n\n\n\n<p>Ne vis pas ta foi isol\u00e9ment. Participe activement \u00e0 ta paroisse.<\/p>\n\n\n\n<h3 class=\"wp-block-heading\">\u2714 Pers\u00e9v\u00e8re sous la pression<\/h3>\n\n\n\n<p>Ne n\u00e9gocie pas l\u2019essentiel.<\/p>\n\n\n\n<hr class=\"wp-block-separator has-alpha-channel-opacity\"\/>\n\n\n\n<h2 class=\"wp-block-heading\">7. Thessaloniciens : Un miroir pour notre g\u00e9n\u00e9ration<\/h2>\n\n\n\n<p>Les Thessaloniciens \u00e9taient jeunes dans la foi, entour\u00e9s d\u2019hostilit\u00e9, confus quant \u00e0 l\u2019avenir\u2026 et pourtant ils devinrent un exemple pour toute la Mac\u00e9doine (cf. 1 Th 1,7).<\/p>\n\n\n\n<p>N\u2019est-ce pas aussi la description de notre \u00e9poque ?<\/p>\n\n\n\n<p>La le\u00e7on finale est puissante :<\/p>\n\n\n\n<ul class=\"wp-block-list\">\n<li>L\u2019\u00c9glise fleurit dans la pers\u00e9cution.<\/li>\n\n\n\n<li>L\u2019esp\u00e9rance chr\u00e9tienne est indestructible.<\/li>\n\n\n\n<li>La saintet\u00e9 est possible en tout contexte.<\/li>\n\n\n\n<li>L\u2019attente du Seigneur transforme le pr\u00e9sent.<\/li>\n<\/ul>\n\n\n\n<p>Nous ne savons pas quand le Christ reviendra. Mais nous savons comment Il veut nous trouver : fid\u00e8les.<\/p>\n\n\n\n<p>Comme l\u2019a \u00e9crit Paul :<\/p>\n\n\n\n<blockquote class=\"wp-block-quote is-layout-flow wp-block-quote-is-layout-flow\">\n<p>\u00ab Qu\u2019il affermisse vos c\u0153urs pour qu\u2019ils soient irr\u00e9prochables en saintet\u00e9 devant Dieu notre P\u00e8re \u00bb (1 Th 3,13).<\/p>\n<\/blockquote>\n\n\n\n<p>Qu\u2019il en soit ainsi pour notre g\u00e9n\u00e9ration.<\/p>\n\n\n\n<p>Car le monde n\u2019a pas besoin de chr\u00e9tiens effray\u00e9s.<br>Il a besoin de chr\u00e9tiens comme les Thessaloniciens : fermes, saints et remplis d\u2019esp\u00e9rance.<\/p>\n","protected":false},"excerpt":{"rendered":"<p>Nous vivons \u00e0 une \u00e9poque marqu\u00e9e par l\u2019incertitude. Crises \u00e9conomiques, guerres, pers\u00e9cution culturelle contre la foi, relativisme moral et sentiment constant que le monde s\u2019effondre. Beaucoup de chr\u00e9tiens se demandent : comment rester fermes ? Comment vivre l\u2019esp\u00e9rance sans tomber dans la peur ni dans le fanatisme ? La r\u00e9ponse n\u2019est pas nouvelle. D\u00e8s le &hellip;<\/p>\n","protected":false},"author":3,"featured_media":5121,"comment_status":"closed","ping_status":"closed","sticky":false,"template":"","format":"standard","meta":{"_seopress_robots_primary_cat":"","_seopress_titles_title":"","_seopress_titles_desc":"","_seopress_robots_index":"","footnotes":""},"categories":[37,45],"tags":[1689],"class_list":["post-5120","post","type-post","status-publish","format-standard","has-post-thumbnail","","category-doctrine-et-foi","category-saintes-ecritures","tag-thessaloniciens"],"_links":{"self":[{"href":"https:\/\/catholicus.eu\/fr\/wp-json\/wp\/v2\/posts\/5120","targetHints":{"allow":["GET"]}}],"collection":[{"href":"https:\/\/catholicus.eu\/fr\/wp-json\/wp\/v2\/posts"}],"about":[{"href":"https:\/\/catholicus.eu\/fr\/wp-json\/wp\/v2\/types\/post"}],"author":[{"embeddable":true,"href":"https:\/\/catholicus.eu\/fr\/wp-json\/wp\/v2\/users\/3"}],"replies":[{"embeddable":true,"href":"https:\/\/catholicus.eu\/fr\/wp-json\/wp\/v2\/comments?post=5120"}],"version-history":[{"count":1,"href":"https:\/\/catholicus.eu\/fr\/wp-json\/wp\/v2\/posts\/5120\/revisions"}],"predecessor-version":[{"id":5122,"href":"https:\/\/catholicus.eu\/fr\/wp-json\/wp\/v2\/posts\/5120\/revisions\/5122"}],"wp:featuredmedia":[{"embeddable":true,"href":"https:\/\/catholicus.eu\/fr\/wp-json\/wp\/v2\/media\/5121"}],"wp:attachment":[{"href":"https:\/\/catholicus.eu\/fr\/wp-json\/wp\/v2\/media?parent=5120"}],"wp:term":[{"taxonomy":"category","embeddable":true,"href":"https:\/\/catholicus.eu\/fr\/wp-json\/wp\/v2\/categories?post=5120"},{"taxonomy":"post_tag","embeddable":true,"href":"https:\/\/catholicus.eu\/fr\/wp-json\/wp\/v2\/tags?post=5120"}],"curies":[{"name":"wp","href":"https:\/\/api.w.org\/{rel}","templated":true}]}}