{"id":5117,"date":"2026-02-16T23:13:20","date_gmt":"2026-02-16T22:13:20","guid":{"rendered":"https:\/\/catholicus.eu\/fr\/?p=5117"},"modified":"2026-02-16T23:13:20","modified_gmt":"2026-02-16T22:13:20","slug":"la-contre-reforme-quand-leglise-brula-de-linterieur-pour-se-purifier-et-sauver-les-ames","status":"publish","type":"post","link":"https:\/\/catholicus.eu\/fr\/la-contre-reforme-quand-leglise-brula-de-linterieur-pour-se-purifier-et-sauver-les-ames\/","title":{"rendered":"La Contre-R\u00e9forme : Quand l\u2019\u00c9glise br\u00fbla de l\u2019int\u00e9rieur pour se purifier et sauver les \u00e2mes"},"content":{"rendered":"\n<p>Il y eut un moment dans l\u2019histoire o\u00f9 l\u2019\u00c9glise semblait vaciller. L\u2019Europe se d\u00e9chirait. Des pr\u00eatres mal form\u00e9s, des abus moraux, des \u00e9v\u00eaques absents, une profonde crise spirituelle\u2026 et, au milieu de tout cela, une rupture qui allait changer le cours de la chr\u00e9tient\u00e9 : la R\u00e9forme protestante initi\u00e9e par Martin Luther en 1517.<\/p>\n\n\n\n<p>Beaucoup pensent que la soi-disant <em>Contre-R\u00e9forme<\/em> ne fut qu\u2019une r\u00e9action d\u00e9fensive. Mais cela reste en surface. La Contre-R\u00e9forme fut avant tout un mouvement de purification int\u00e9rieure, de r\u00e9forme profonde, de renouveau spirituel et doctrinal. Elle fut la r\u00e9ponse de l\u2019\u00c9glise \u00e0 une blessure, oui \u2014 mais elle fut aussi une Pentec\u00f4te renouvel\u00e9e.<\/p>\n\n\n\n<p>Aujourd\u2019hui, au XXI\u1d49 si\u00e8cle, alors que la foi est de nouveau contest\u00e9e, dilu\u00e9e ou ignor\u00e9e, la Contre-R\u00e9forme n\u2019est pas un sujet du pass\u00e9. C\u2019est une le\u00e7on urgente.<\/p>\n\n\n\n<hr class=\"wp-block-separator has-alpha-channel-opacity\"\/>\n\n\n\n<h2 class=\"wp-block-heading\">I. Le contexte : une \u00c9glise bless\u00e9e, mais non vaincue<\/h2>\n\n\n\n<p>Au d\u00e9but du XVI\u1d49 si\u00e8cle, l\u2019\u00c9glise traversait une crise r\u00e9elle. Il existait des abus tels que la pr\u00e9dication inad\u00e9quate des indulgences, la corruption dans certains milieux eccl\u00e9siastiques et une formation th\u00e9ologique d\u00e9ficiente chez une partie du clerg\u00e9.<\/p>\n\n\n\n<p>Dans ce contexte, Martin Luther publia ses 95 th\u00e8ses. Ce qui commen\u00e7a comme une dispute acad\u00e9mique finit par devenir une fracture doctrinale profonde : n\u00e9gation de l\u2019autorit\u00e9 du pape, rejet de la Tradition, remise en cause des sacrements, rupture avec l\u2019unit\u00e9 visible de l\u2019\u00c9glise.<\/p>\n\n\n\n<p>La r\u00e9ponse ne fut pas imm\u00e9diate. Mais lorsqu\u2019elle arriva, elle fut ferme et providentielle.<\/p>\n\n\n\n<hr class=\"wp-block-separator has-alpha-channel-opacity\"\/>\n\n\n\n<h2 class=\"wp-block-heading\">II. Le c\u0153ur de la Contre-R\u00e9forme : le Concile qui changea l\u2019histoire<\/h2>\n\n\n\n<p>Le grand instrument du renouveau fut le Concile de Trente (1545\u20131563).<\/p>\n\n\n\n<p>Pendant pr\u00e8s de vingt ans, au milieu de tensions politiques et religieuses, les p\u00e8res conciliaires clarifi\u00e8rent la doctrine catholique face aux erreurs protestantes et, en m\u00eame temps, entreprirent une profonde r\u00e9forme disciplinaire.<\/p>\n\n\n\n<h3 class=\"wp-block-heading\">1. Clart\u00e9 doctrinale<\/h3>\n\n\n\n<p>Trente r\u00e9affirma :<\/p>\n\n\n\n<ul class=\"wp-block-list\">\n<li>L\u2019autorit\u00e9 conjointe de l\u2019\u00c9criture et de la Tradition.<\/li>\n\n\n\n<li>La r\u00e9alit\u00e9 des sept sacrements.<\/li>\n\n\n\n<li>La pr\u00e9sence r\u00e9elle du Christ dans l\u2019Eucharistie.<\/li>\n\n\n\n<li>La n\u00e9cessit\u00e9 de la gr\u00e2ce pour le salut.<\/li>\n\n\n\n<li>La coop\u00e9ration libre de l\u2019homme avec cette gr\u00e2ce.<\/li>\n<\/ul>\n\n\n\n<p>Face \u00e0 la doctrine de la <em>sola fide<\/em>, l\u2019\u00c9glise rappela que la foi sans les \u0153uvres est morte (cf. Jacques 2,26). Et face au subjectivisme religieux, elle r\u00e9affirma l\u2019autorit\u00e9 visible de l\u2019\u00c9glise fond\u00e9e par le Christ sur Pierre (cf. Matthieu 16,18).<\/p>\n\n\n\n<p>\u00ab J\u2019ai pri\u00e9 pour toi, afin que ta foi ne d\u00e9faille pas \u00bb (Luc 22,32).<br>L\u2019\u00c9glise comprit qu\u2019elle devait fortifier cette foi, non la diluer.<\/p>\n\n\n\n<h3 class=\"wp-block-heading\">2. R\u00e9forme du clerg\u00e9<\/h3>\n\n\n\n<p>Les s\u00e9minaires furent rendus obligatoires afin d\u2019assurer une formation ad\u00e9quate des pr\u00eatres. La r\u00e9sidence \u00e9piscopale fut exig\u00e9e. Les abus liturgiques furent corrig\u00e9s. Une vie morale coh\u00e9rente fut promue.<\/p>\n\n\n\n<p>Ce ne fut pas seulement une r\u00e9ponse intellectuelle. Ce fut une r\u00e9forme spirituelle.<\/p>\n\n\n\n<hr class=\"wp-block-separator has-alpha-channel-opacity\"\/>\n\n\n\n<h2 class=\"wp-block-heading\">III. Des saints qui ont enflamm\u00e9 le monde<\/h2>\n\n\n\n<p>La Contre-R\u00e9forme ne fut pas seulement des documents. Elle fut une saintet\u00e9 vivante.<\/p>\n\n\n\n<p>Dieu suscita des g\u00e9ants spirituels tels que :<\/p>\n\n\n\n<ul class=\"wp-block-list\">\n<li>Saint Ignace de Loyola, fondateur de la Compagnie de J\u00e9sus, qui r\u00e9volutionna l\u2019\u00e9vang\u00e9lisation et l\u2019\u00e9ducation.<\/li>\n\n\n\n<li>Sainte Th\u00e9r\u00e8se d\u2019Avila, r\u00e9formatrice du Carmel et ma\u00eetresse de pri\u00e8re.<\/li>\n\n\n\n<li>Saint Charles Borrom\u00e9e, mod\u00e8le d\u2019\u00e9v\u00eaque r\u00e9formateur.<\/li>\n\n\n\n<li>Saint Fran\u00e7ois de Sales, ap\u00f4tre de la charit\u00e9 et de la douceur.<\/li>\n<\/ul>\n\n\n\n<p>Ils comprirent quelque chose d\u2019essentiel : la v\u00e9ritable r\u00e9forme commence dans le c\u0153ur.<\/p>\n\n\n\n<p>Il ne s\u2019agissait pas de gagner des d\u00e9bats, mais de sauver des \u00e2mes.<\/p>\n\n\n\n<hr class=\"wp-block-separator has-alpha-channel-opacity\"\/>\n\n\n\n<h2 class=\"wp-block-heading\">IV. La dimension th\u00e9ologique profonde : gr\u00e2ce, sacrements et autorit\u00e9<\/h2>\n\n\n\n<p>D\u2019un point de vue th\u00e9ologique, la Contre-R\u00e9forme d\u00e9fendit trois piliers fondamentaux :<\/p>\n\n\n\n<h3 class=\"wp-block-heading\">1. La gr\u00e2ce transforme r\u00e9ellement<\/h3>\n\n\n\n<p>Nous ne sommes pas simplement d\u00e9clar\u00e9s justes ; nous sommes rendus justes par la gr\u00e2ce. La sanctification n\u2019est pas une fiction juridique, mais une transformation r\u00e9elle de l\u2019\u00e2me.<\/p>\n\n\n\n<p>Cela a d\u2019\u00e9normes implications aujourd\u2019hui. Dans une culture qui r\u00e9duit tout aux \u00e9motions ou \u00e0 l\u2019auto-affirmation, l\u2019\u00c9glise proclame que Dieu peut r\u00e9ellement te changer.<\/p>\n\n\n\n<h3 class=\"wp-block-heading\">2. Les sacrements sont de v\u00e9ritables canaux de salut<\/h3>\n\n\n\n<p>Dans l\u2019Eucharistie, il n\u2019y a pas de symbole vide : le Christ est v\u00e9ritablement, r\u00e9ellement et substantiellement pr\u00e9sent. Dans la confession, il n\u2019y a pas une simple th\u00e9rapie \u00e9motionnelle : il y a une absolution r\u00e9elle.<\/p>\n\n\n\n<p>La Contre-R\u00e9forme d\u00e9fendit le r\u00e9alisme sacramentel contre le spiritualisme subjectif.<\/p>\n\n\n\n<h3 class=\"wp-block-heading\">3. L\u2019\u00c9glise visible est voulue par le Christ<\/h3>\n\n\n\n<p>\u00c0 une \u00e9poque qui valorise une spiritualit\u00e9 \u00ab \u00e0 la carte \u00bb, Trente r\u00e9affirma que la foi n\u2019est ni priv\u00e9e ni individualiste. Le Christ a fond\u00e9 une \u00c9glise concr\u00e8te, avec une structure, une autorit\u00e9 et des sacrements.<\/p>\n\n\n\n<hr class=\"wp-block-separator has-alpha-channel-opacity\"\/>\n\n\n\n<h2 class=\"wp-block-heading\">V. Que nous dit aujourd\u2019hui la Contre-R\u00e9forme ?<\/h2>\n\n\n\n<p>Nous vivons une nouvelle crise : relativisme, s\u00e9cularisation, perte du sens du p\u00e9ch\u00e9, abandon des sacrements.<\/p>\n\n\n\n<p>\u00c0 bien des \u00e9gards, notre \u00e9poque ressemble au XVI\u1d49 si\u00e8cle.<\/p>\n\n\n\n<p>La r\u00e9ponse ne doit pas \u00eatre simplement pol\u00e9mique. Elle doit \u00eatre profond\u00e9ment spirituelle.<\/p>\n\n\n\n<h3 class=\"wp-block-heading\">Applications pratiques pour ta vie<\/h3>\n\n\n\n<ol class=\"wp-block-list\">\n<li><strong>Forme ta foi avec rigueur<\/strong><br>Les sentiments religieux ne suffisent pas. \u00c9tudie le Cat\u00e9chisme. Lis l\u2019\u00c9criture. Connais la Tradition.<\/li>\n\n\n\n<li><strong>Vis les sacrements avec intensit\u00e9<\/strong><br>Confession fr\u00e9quente. Communion re\u00e7ue avec r\u00e9v\u00e9rence. Messe v\u00e9cue en profondeur.<\/li>\n\n\n\n<li><strong>R\u00e9forme ta propre vie<\/strong><br>Avant de critiquer le monde, r\u00e9forme ton \u00e2me. La Contre-R\u00e9forme commen\u00e7a de l\u2019int\u00e9rieur.<\/li>\n\n\n\n<li><strong>Sois saint dans ton \u00e9tat de vie<\/strong><br>P\u00e8re, m\u00e8re, travailleur, jeune, entrepreneur\u2026 La saintet\u00e9 n\u2019est pas r\u00e9serv\u00e9e \u00e0 quelques-uns.<\/li>\n\n\n\n<li><strong>D\u00e9fends la v\u00e9rit\u00e9 avec charit\u00e9<\/strong><br>Comme l\u2019enseignait saint Fran\u00e7ois de Sales, on attire plus d\u2019\u00e2mes avec une goutte de miel qu\u2019avec un tonneau de vinaigre.<\/li>\n<\/ol>\n\n\n\n<hr class=\"wp-block-separator has-alpha-channel-opacity\"\/>\n\n\n\n<h2 class=\"wp-block-heading\">VI. Une le\u00e7on pastorale urgente<\/h2>\n\n\n\n<p>D\u2019un point de vue pastoral, la grande le\u00e7on est claire : lorsque l\u2019\u00c9glise traverse des crises, Dieu suscite des saints.<\/p>\n\n\n\n<p>La solution ne fut jamais d\u2019\u00e9dulcorer la doctrine, mais de la vivre avec plus de puret\u00e9.<\/p>\n\n\n\n<p>La Contre-R\u00e9forme montre que la fid\u00e9lit\u00e9 doctrinale et le renouveau spirituel ne sont pas oppos\u00e9s ; ils sont ins\u00e9parables.<\/p>\n\n\n\n<p>Aujourd\u2019hui, nous avons besoin :<\/p>\n\n\n\n<ul class=\"wp-block-list\">\n<li>De pr\u00eatres saints.<\/li>\n\n\n\n<li>De la\u00efcs bien form\u00e9s.<\/li>\n\n\n\n<li>De familles fermes dans la foi.<\/li>\n\n\n\n<li>De jeunes courageux.<\/li>\n<\/ul>\n\n\n\n<p>Le Christ a promis :<br>\u00ab Les portes de l\u2019enfer ne pr\u00e9vaudront pas contre elle \u00bb (Matthieu 16,18).<\/p>\n\n\n\n<p>Il n\u2019a pas dit qu\u2019il n\u2019y aurait pas d\u2019attaques. Il a dit qu\u2019elles ne l\u2019emporteraient pas.<\/p>\n\n\n\n<hr class=\"wp-block-separator has-alpha-channel-opacity\"\/>\n\n\n\n<h2 class=\"wp-block-heading\">VII. La Contre-R\u00e9forme commence avec toi<\/h2>\n\n\n\n<p>Nous ne sommes pas appel\u00e9s \u00e0 la nostalgie historique. Nous sommes appel\u00e9s \u00e0 la conversion.<\/p>\n\n\n\n<p>La v\u00e9ritable Contre-R\u00e9forme du XXI\u1d49 si\u00e8cle ne se r\u00e9alisera pas seulement dans des synodes ou des documents. Elle se r\u00e9alisera dans ton confessionnal. Dans ta pri\u00e8re quotidienne. Dans ta coh\u00e9rence morale. Dans ta fid\u00e9lit\u00e9 \u00e0 la v\u00e9rit\u00e9.<\/p>\n\n\n\n<p>L\u2019\u00c9glise ne se renouvelle pas de l\u2019ext\u00e9rieur, mais depuis l\u2019autel et depuis le c\u0153ur.<\/p>\n\n\n\n<p>L\u2019histoire nous enseigne que les crises ne d\u00e9truisent pas l\u2019\u00c9glise. Elles la purifient.<\/p>\n\n\n\n<p>Et peut-\u00eatre qu\u2019aujourd\u2019hui, comme alors, Dieu pr\u00e9pare un nouveau printemps de saintet\u00e9.<\/p>\n\n\n\n<p>La question n\u2019est pas de savoir s\u2019il y aura un renouveau.<\/p>\n\n\n\n<p>La question est :<br><strong>Seras-tu partie prenante de celui-ci ?<\/strong><\/p>\n","protected":false},"excerpt":{"rendered":"<p>Il y eut un moment dans l\u2019histoire o\u00f9 l\u2019\u00c9glise semblait vaciller. L\u2019Europe se d\u00e9chirait. Des pr\u00eatres mal form\u00e9s, des abus moraux, des \u00e9v\u00eaques absents, une profonde crise spirituelle\u2026 et, au milieu de tout cela, une rupture qui allait changer le cours de la chr\u00e9tient\u00e9 : la R\u00e9forme protestante initi\u00e9e par Martin Luther en 1517. Beaucoup &hellip;<\/p>\n","protected":false},"author":3,"featured_media":5118,"comment_status":"closed","ping_status":"closed","sticky":false,"template":"","format":"standard","meta":{"_seopress_robots_primary_cat":"","_seopress_titles_title":"","_seopress_titles_desc":"","_seopress_robots_index":"","footnotes":""},"categories":[48,38],"tags":[203],"class_list":["post-5117","post","type-post","status-publish","format-standard","has-post-thumbnail","","category-histoire-de-leglise","category-histoire-et-tradition","tag-contre-reforme"],"_links":{"self":[{"href":"https:\/\/catholicus.eu\/fr\/wp-json\/wp\/v2\/posts\/5117","targetHints":{"allow":["GET"]}}],"collection":[{"href":"https:\/\/catholicus.eu\/fr\/wp-json\/wp\/v2\/posts"}],"about":[{"href":"https:\/\/catholicus.eu\/fr\/wp-json\/wp\/v2\/types\/post"}],"author":[{"embeddable":true,"href":"https:\/\/catholicus.eu\/fr\/wp-json\/wp\/v2\/users\/3"}],"replies":[{"embeddable":true,"href":"https:\/\/catholicus.eu\/fr\/wp-json\/wp\/v2\/comments?post=5117"}],"version-history":[{"count":1,"href":"https:\/\/catholicus.eu\/fr\/wp-json\/wp\/v2\/posts\/5117\/revisions"}],"predecessor-version":[{"id":5119,"href":"https:\/\/catholicus.eu\/fr\/wp-json\/wp\/v2\/posts\/5117\/revisions\/5119"}],"wp:featuredmedia":[{"embeddable":true,"href":"https:\/\/catholicus.eu\/fr\/wp-json\/wp\/v2\/media\/5118"}],"wp:attachment":[{"href":"https:\/\/catholicus.eu\/fr\/wp-json\/wp\/v2\/media?parent=5117"}],"wp:term":[{"taxonomy":"category","embeddable":true,"href":"https:\/\/catholicus.eu\/fr\/wp-json\/wp\/v2\/categories?post=5117"},{"taxonomy":"post_tag","embeddable":true,"href":"https:\/\/catholicus.eu\/fr\/wp-json\/wp\/v2\/tags?post=5117"}],"curies":[{"name":"wp","href":"https:\/\/api.w.org\/{rel}","templated":true}]}}