{"id":5108,"date":"2026-02-16T09:21:32","date_gmt":"2026-02-16T08:21:32","guid":{"rendered":"https:\/\/catholicus.eu\/fr\/?p=5108"},"modified":"2026-02-16T09:21:32","modified_gmt":"2026-02-16T08:21:32","slug":"les-livres-de-samuel-quand-dieu-renverse-des-rois-eleve-des-bergers-et-change-lhistoire","status":"publish","type":"post","link":"https:\/\/catholicus.eu\/fr\/les-livres-de-samuel-quand-dieu-renverse-des-rois-eleve-des-bergers-et-change-lhistoire\/","title":{"rendered":"Les Livres de Samuel : Quand Dieu renverse des rois, \u00e9l\u00e8ve des bergers et change l\u2019Histoire"},"content":{"rendered":"\n<p>Il y a des livres de l\u2019\u00c9criture Sainte qui se lisent comme de l\u2019histoire.<br>D\u2019autres, comme de la po\u00e9sie.<br>Et certains \u2014 comme les Livres de Samuel \u2014 se lisent comme un miroir d\u00e9rangeant de l\u2019\u00e2me humaine.<\/p>\n\n\n\n<p>On y trouve ambition et humilit\u00e9, ob\u00e9issance et r\u00e9bellion, gloire et p\u00e9ch\u00e9, larmes et conversion. Nous assistons \u00e0 la transition d\u00e9cisive d\u2019Isra\u00ebl : d\u2019un peuple conduit par des juges \u00e0 une monarchie \u00e9tablie. Mais surtout, nous y rencontrons une v\u00e9rit\u00e9 qui traverse les si\u00e8cles :<\/p>\n\n\n\n<blockquote class=\"wp-block-quote is-layout-flow wp-block-quote-is-layout-flow\">\n<p>\u00ab L\u2019homme regarde l\u2019apparence, mais le Seigneur regarde le c\u0153ur \u00bb (1 S 16,7).<\/p>\n<\/blockquote>\n\n\n\n<p>Cette phrase r\u00e9sume non seulement l\u2019\u00e9lection de David, mais la logique m\u00eame de Dieu.<\/p>\n\n\n\n<p>Aujourd\u2019hui, dans un monde obs\u00e9d\u00e9 par l\u2019image, le pouvoir et le succ\u00e8s imm\u00e9diat, les Livres de Samuel constituent une \u00e9cole spirituelle indispensable.<\/p>\n\n\n\n<hr class=\"wp-block-separator has-alpha-channel-opacity\"\/>\n\n\n\n<h2 class=\"wp-block-heading\">1. Que sont les Livres de Samuel ?<\/h2>\n\n\n\n<p>Les Premier et Deuxi\u00e8me Livres de Samuel font partie des livres historiques de l\u2019Ancien Testament. Dans la tradition h\u00e9bra\u00efque, ils formaient \u00e0 l\u2019origine une seule \u0153uvre, racontant approximativement la p\u00e9riode qui va de la naissance de Samuel aux derni\u00e8res ann\u00e9es du r\u00e8gne de David (XIe si\u00e8cle av. J.-C.).<\/p>\n\n\n\n<p>Dans la tradition chr\u00e9tienne, ils sont divis\u00e9s en :<\/p>\n\n\n\n<ul class=\"wp-block-list\">\n<li>1 Samuel<\/li>\n\n\n\n<li>2 Samuel<\/li>\n<\/ul>\n\n\n\n<p>Leur nom vient du proph\u00e8te Samuel, figure cl\u00e9 qui marque la transition entre la p\u00e9riode des juges et l\u2019\u00e9tablissement de la monarchie.<\/p>\n\n\n\n<p>Mais il serait erron\u00e9 de penser que ces livres traitent uniquement de politique. En r\u00e9alit\u00e9, ils abordent quelque chose de bien plus profond :<\/p>\n\n\n\n<ul class=\"wp-block-list\">\n<li>La souverainet\u00e9 de Dieu dans l\u2019histoire.<\/li>\n\n\n\n<li>Le drame du c\u0153ur humain.<\/li>\n\n\n\n<li>L\u2019ob\u00e9issance comme chemin de b\u00e9n\u00e9diction.<\/li>\n\n\n\n<li>Le myst\u00e8re du p\u00e9ch\u00e9 et de la mis\u00e9ricorde.<\/li>\n<\/ul>\n\n\n\n<hr class=\"wp-block-separator has-alpha-channel-opacity\"\/>\n\n\n\n<h2 class=\"wp-block-heading\">2. La naissance du proph\u00e8te : quand la souffrance devient mission<\/h2>\n\n\n\n<p>L\u2019histoire commence avec une femme st\u00e9rile : Anne.<\/p>\n\n\n\n<p>Sa pri\u00e8re d\u00e9chirante au temple est l\u2019une des plus belles de l\u2019Ancien Testament. Elle supplie pour avoir un fils et promet de le consacrer au Seigneur. Dieu l\u2019exauce.<\/p>\n\n\n\n<p>Samuel na\u00eet comme fruit de la pri\u00e8re et est offert au service divin d\u00e8s son enfance. Nous rencontrons ici une le\u00e7on th\u00e9ologique fondamentale :<\/p>\n\n\n\n<p>Dieu agit dans l\u2019histoire \u00e0 travers la pri\u00e8re humble.<\/p>\n\n\n\n<p>Dans une culture qui idol\u00e2tre l\u2019autosuffisance, le commencement de Samuel nous rappelle que les grandes transformations commencent \u00e0 genoux.<\/p>\n\n\n\n<hr class=\"wp-block-separator has-alpha-channel-opacity\"\/>\n\n\n\n<h2 class=\"wp-block-heading\">3. Samuel : proph\u00e8te, juge et guide spirituel<\/h2>\n\n\n\n<p>Samuel n\u2019est pas simplement un personnage historique. Il est une figure th\u00e9ologique d\u00e9cisive :<\/p>\n\n\n\n<ul class=\"wp-block-list\">\n<li>Il est le dernier juge d\u2019Isra\u00ebl.<\/li>\n\n\n\n<li>Il est le premier grand proph\u00e8te apr\u00e8s Mo\u00efse.<\/li>\n\n\n\n<li>Il oint les premiers rois.<\/li>\n<\/ul>\n\n\n\n<p>Samuel repr\u00e9sente la voix de Dieu au milieu d\u2019un peuple instable.<\/p>\n\n\n\n<p>Sa vocation commence par cette c\u00e9l\u00e8bre sc\u00e8ne nocturne :<\/p>\n\n\n\n<blockquote class=\"wp-block-quote is-layout-flow wp-block-quote-is-layout-flow\">\n<p>\u00ab Parle, Seigneur, ton serviteur \u00e9coute \u00bb (1 S 3,10).<\/p>\n<\/blockquote>\n\n\n\n<p>N\u2019est-ce pas l\u2019attitude dont nous avons besoin aujourd\u2019hui ?<br>Dans un monde satur\u00e9 de bruit, le croyant doit r\u00e9apprendre \u00e0 \u00e9couter.<\/p>\n\n\n\n<hr class=\"wp-block-separator has-alpha-channel-opacity\"\/>\n\n\n\n<h2 class=\"wp-block-heading\">4. Le drame du pouvoir : Sa\u00fcl et la d\u00e9sob\u00e9issance<\/h2>\n\n\n\n<p>Isra\u00ebl demande un roi \u00ab comme toutes les nations \u00bb. Il veut une s\u00e9curit\u00e9 visible, un pouvoir politique, une structure humaine.<\/p>\n\n\n\n<p>Dieu leur donne Sa\u00fcl, le premier roi.<\/p>\n\n\n\n<p>Au d\u00e9but, il semble prometteur : fort, charismatique, choisi. Mais peu \u00e0 peu, le drame appara\u00eet.<\/p>\n\n\n\n<p>Sa\u00fcl commence \u00e0 d\u00e9sob\u00e9ir. Il justifie ses erreurs. Il agit sans attendre la parole proph\u00e9tique. Alors Samuel prononce l\u2019une des paroles les plus s\u00e9v\u00e8res de toute l\u2019\u00c9criture :<\/p>\n\n\n\n<blockquote class=\"wp-block-quote is-layout-flow wp-block-quote-is-layout-flow\">\n<p>\u00ab Le Seigneur trouve-t-il autant de plaisir dans les holocaustes et les sacrifices que dans l\u2019ob\u00e9issance \u00e0 sa voix ? L\u2019ob\u00e9issance vaut mieux que le sacrifice \u00bb (1 S 15,22).<\/p>\n<\/blockquote>\n\n\n\n<p>Voici une cl\u00e9 pastorale immense.<\/p>\n\n\n\n<p>Les pratiques religieuses ext\u00e9rieures ne suffisent pas.<br>Une apparence de pi\u00e9t\u00e9 ne suffit pas.<br>La v\u00e9ritable relation avec Dieu passe par une ob\u00e9issance concr\u00e8te.<\/p>\n\n\n\n<p>\u00c0 une \u00e9poque o\u00f9 la foi peut devenir culturelle ou superficielle, la figure de Sa\u00fcl nous interroge :<\/p>\n\n\n\n<ul class=\"wp-block-list\">\n<li>Est-ce que je fais la volont\u00e9 de Dieu seulement quand elle correspond \u00e0 mes projets ?<\/li>\n\n\n\n<li>Est-ce que j\u2019ob\u00e9is partiellement ?<\/li>\n\n\n\n<li>Est-ce que je cherche Dieu \u2014 ou est-ce que je cherche \u00e0 pr\u00e9server mon image ?<\/li>\n<\/ul>\n\n\n\n<hr class=\"wp-block-separator has-alpha-channel-opacity\"\/>\n\n\n\n<h2 class=\"wp-block-heading\">5. David : un c\u0153ur selon Dieu<\/h2>\n\n\n\n<p>Lorsque Sa\u00fcl tombe, Dieu choisit un berger : David.<\/p>\n\n\n\n<p>Il n\u2019est pas le plus fort.<br>Il n\u2019est pas l\u2019a\u00een\u00e9.<br>Il n\u2019est pas le plus impressionnant.<\/p>\n\n\n\n<p>Il est celui qui a le c\u0153ur dispos\u00e9.<\/p>\n\n\n\n<p>L\u2019onction de David est l\u2019un des moments les plus th\u00e9ologiques de tout l\u2019Ancien Testament. Dieu brise la logique humaine du pouvoir.<\/p>\n\n\n\n<p>David vainc Goliath non par sa force, mais par sa confiance dans le Seigneur. Nous trouvons ici un message profond\u00e9ment actuel :<\/p>\n\n\n\n<p>Les \u00ab Goliath \u00bb modernes \u2014 id\u00e9ologies, peur, relativisme, corruption morale \u2014 ne se vainquent pas seulement par des strat\u00e9gies humaines, mais par une foi solide.<\/p>\n\n\n\n<p>Cependant, le r\u00e9cit n\u2019id\u00e9alise pas David. Et cela est crucial.<\/p>\n\n\n\n<hr class=\"wp-block-separator has-alpha-channel-opacity\"\/>\n\n\n\n<h2 class=\"wp-block-heading\">6. Le p\u00e9ch\u00e9 de l\u2019\u00e9lu : chute et repentir<\/h2>\n\n\n\n<p>David p\u00e8che gravement avec Bethsab\u00e9e. Il commet l\u2019adult\u00e8re et le meurtre. La chute est r\u00e9elle.<\/p>\n\n\n\n<p>Et ici appara\u00eet un autre enseignement th\u00e9ologique d\u00e9cisif :<\/p>\n\n\n\n<p>La saintet\u00e9 ne consiste pas \u00e0 ne jamais tomber, mais \u00e0 savoir se repentir.<\/p>\n\n\n\n<p>Confront\u00e9 par le proph\u00e8te Nathan, David r\u00e9pond :<\/p>\n\n\n\n<blockquote class=\"wp-block-quote is-layout-flow wp-block-quote-is-layout-flow\">\n<p>\u00ab J\u2019ai p\u00e9ch\u00e9 contre le Seigneur \u00bb (2 S 12,13).<\/p>\n<\/blockquote>\n\n\n\n<p>De cette exp\u00e9rience na\u00eetra le Psaume 51 (le Miserere), l\u2019un des textes p\u00e9nitentiels les plus profonds de toute la Bible.<\/p>\n\n\n\n<p>Dans un monde qui tend \u00e0 justifier le p\u00e9ch\u00e9 ou \u00e0 nier la faute, David nous enseigne quelque chose de r\u00e9volutionnaire :<\/p>\n\n\n\n<p>Le repentir sinc\u00e8re ouvre la porte \u00e0 la mis\u00e9ricorde.<\/p>\n\n\n\n<p>Sa\u00fcl s\u2019est justifi\u00e9.<br>David s\u2019est humili\u00e9.<br>Voil\u00e0 la diff\u00e9rence spirituelle.<\/p>\n\n\n\n<hr class=\"wp-block-separator has-alpha-channel-opacity\"\/>\n\n\n\n<h2 class=\"wp-block-heading\">7. La promesse messianique : le tr\u00f4ne \u00e9ternel<\/h2>\n\n\n\n<p>En 2 Samuel 7, nous trouvons l\u2019un des textes les plus importants de toute la th\u00e9ologie biblique : la promesse faite \u00e0 David.<\/p>\n\n\n\n<p>Dieu lui promet une descendance dont le royaume sera \u00e9ternel.<\/p>\n\n\n\n<p>C\u2019est ici que na\u00eet l\u2019esp\u00e9rance messianique.<\/p>\n\n\n\n<p>Des si\u00e8cles plus tard, le Nouveau Testament reconna\u00eetra en J\u00e9sus-Christ l\u2019accomplissement pl\u00e9nier de cette promesse.<\/p>\n\n\n\n<p>Le Messie sera \u00ab Fils de David \u00bb.<br>Le vrai Roi.<br>Celui qui r\u00e9gnera non par la force, mais par la Croix.<\/p>\n\n\n\n<p>Les Livres de Samuel ne sont pas seulement de l\u2019histoire ancienne. Ils sont une pr\u00e9paration \u00e0 l\u2019\u00c9vangile.<\/p>\n\n\n\n<hr class=\"wp-block-separator has-alpha-channel-opacity\"\/>\n\n\n\n<h2 class=\"wp-block-heading\">8. Cl\u00e9s th\u00e9ologiques fondamentales<\/h2>\n\n\n\n<p>D\u2019un point de vue rigoureux, nous pouvons identifier plusieurs lignes doctrinales :<\/p>\n\n\n\n<h3 class=\"wp-block-heading\">1. La souverainet\u00e9 divine sur l\u2019histoire<\/h3>\n\n\n\n<p>Dieu guide les \u00e9v\u00e9nements m\u00eame lorsque les hommes se trompent.<\/p>\n\n\n\n<h3 class=\"wp-block-heading\">2. La primaut\u00e9 du c\u0153ur<\/h3>\n\n\n\n<p>La relation avec Dieu est int\u00e9rieure avant d\u2019\u00eatre ext\u00e9rieure.<\/p>\n\n\n\n<h3 class=\"wp-block-heading\">3. Le drame du libre arbitre<\/h3>\n\n\n\n<p>Sa\u00fcl et David montrent que l\u2019\u00e9lection divine n\u2019annule pas la libert\u00e9 humaine.<\/p>\n\n\n\n<h3 class=\"wp-block-heading\">4. La p\u00e9dagogie de la souffrance<\/h3>\n\n\n\n<p>David est purifi\u00e9 \u00e0 travers des \u00e9preuves, des pers\u00e9cutions et des crises familiales.<\/p>\n\n\n\n<h3 class=\"wp-block-heading\">5. L\u2019esp\u00e9rance messianique<\/h3>\n\n\n\n<p>La monarchie davidique est figure du Royaume d\u00e9finitif.<\/p>\n\n\n\n<hr class=\"wp-block-separator has-alpha-channel-opacity\"\/>\n\n\n\n<h2 class=\"wp-block-heading\">9. Applications pratiques pour aujourd\u2019hui<\/h2>\n\n\n\n<p>Comment appliquer les Livres de Samuel \u00e0 notre vie ?<\/p>\n\n\n\n<h3 class=\"wp-block-heading\">1. Apprendre \u00e0 \u00e9couter<\/h3>\n\n\n\n<p>Comme Samuel : \u00ab Parle, Seigneur \u00bb.<br>Pri\u00e8re quotidienne. Silence. Lecture biblique.<\/p>\n\n\n\n<h3 class=\"wp-block-heading\">2. Examiner notre ob\u00e9issance<\/h3>\n\n\n\n<p>Est-ce que je fais seulement ce qui m\u2019arrange ?<br>L\u2019ob\u00e9issance concr\u00e8te dans les petites choses forme le caract\u00e8re spirituel.<\/p>\n\n\n\n<h3 class=\"wp-block-heading\">3. Affronter nos \u00ab Goliath \u00bb<\/h3>\n\n\n\n<p>Avec la foi, et pas seulement avec des strat\u00e9gies humaines.<\/p>\n\n\n\n<h3 class=\"wp-block-heading\">4. Ne pas d\u00e9sesp\u00e9rer apr\u00e8s une chute<\/h3>\n\n\n\n<p>Le p\u00e9ch\u00e9 n\u2019est pas la fin s\u2019il y a un repentir sinc\u00e8re.<\/p>\n\n\n\n<h3 class=\"wp-block-heading\">5. Garder le c\u0153ur<\/h3>\n\n\n\n<p>Dieu ne regarde pas les curriculum vitae. Il regarde les intentions.<\/p>\n\n\n\n<hr class=\"wp-block-separator has-alpha-channel-opacity\"\/>\n\n\n\n<h2 class=\"wp-block-heading\">10. Une lecture essentielle pour notre temps<\/h2>\n\n\n\n<p>Nous vivons une crise du leadership.<br>Une crise de l\u2019autorit\u00e9.<br>Une crise morale.<\/p>\n\n\n\n<p>Les Livres de Samuel montrent que le probl\u00e8me n\u2019est pas la structure politique, mais le c\u0153ur du dirigeant.<\/p>\n\n\n\n<p>Un dirigeant sans ob\u00e9issance devient Sa\u00fcl.<br>Un p\u00e9cheur humble peut devenir David.<\/p>\n\n\n\n<p>Et cette v\u00e9rit\u00e9 n\u2019est pas seulement pour les rois.<\/p>\n\n\n\n<p>Elle est pour les parents.<br>Pour les pr\u00eatres.<br>Pour les chefs d\u2019entreprise.<br>Pour les responsables politiques.<br>Pour chaque chr\u00e9tien.<\/p>\n\n\n\n<hr class=\"wp-block-separator has-alpha-channel-opacity\"\/>\n\n\n\n<h2 class=\"wp-block-heading\">Conclusion : Sa\u00fcl ou David ?<\/h2>\n\n\n\n<p>Les Livres de Samuel nous placent devant un choix personnel.<\/p>\n\n\n\n<p>Nous pouvons vivre en d\u00e9fendant notre image et en justifiant nos erreurs.<br>Ou nous pouvons nous laisser regarder par Dieu et lui permettre de transformer notre c\u0153ur.<\/p>\n\n\n\n<p>En d\u00e9finitive, ces livres nous enseignent que l\u2019histoire change lorsque quelqu\u2019un r\u00e9pond :<\/p>\n\n\n\n<blockquote class=\"wp-block-quote is-layout-flow wp-block-quote-is-layout-flow\">\n<p>\u00ab Me voici, Seigneur. \u00bb<\/p>\n<\/blockquote>\n\n\n\n<p>Que cette lecture ne soit pas seulement une connaissance biblique de plus, mais une invitation concr\u00e8te \u00e0 :<\/p>\n\n\n\n<ul class=\"wp-block-list\">\n<li>\u00c9couter.<\/li>\n\n\n\n<li>Ob\u00e9ir.<\/li>\n\n\n\n<li>Se repentir.<\/li>\n\n\n\n<li>Faire confiance.<\/li>\n<\/ul>\n\n\n\n<p>Car le m\u00eame Dieu qui a guid\u00e9 Samuel, soutenu David et accompli sa promesse messianique continue de regarder les c\u0153urs aujourd\u2019hui.<\/p>\n\n\n\n<p>Et peut-\u00eatre, sans que vous le sachiez, est-il en train de chercher le v\u00f4tre.<\/p>\n","protected":false},"excerpt":{"rendered":"<p>Il y a des livres de l\u2019\u00c9criture Sainte qui se lisent comme de l\u2019histoire.D\u2019autres, comme de la po\u00e9sie.Et certains \u2014 comme les Livres de Samuel \u2014 se lisent comme un miroir d\u00e9rangeant de l\u2019\u00e2me humaine. On y trouve ambition et humilit\u00e9, ob\u00e9issance et r\u00e9bellion, gloire et p\u00e9ch\u00e9, larmes et conversion. Nous assistons \u00e0 la transition &hellip;<\/p>\n","protected":false},"author":3,"featured_media":5109,"comment_status":"closed","ping_status":"closed","sticky":false,"template":"","format":"standard","meta":{"_seopress_robots_primary_cat":"","_seopress_titles_title":"","_seopress_titles_desc":"","_seopress_robots_index":"","footnotes":""},"categories":[37,45],"tags":[1686],"class_list":["post-5108","post","type-post","status-publish","format-standard","has-post-thumbnail","","category-doctrine-et-foi","category-saintes-ecritures","tag-samuel"],"_links":{"self":[{"href":"https:\/\/catholicus.eu\/fr\/wp-json\/wp\/v2\/posts\/5108","targetHints":{"allow":["GET"]}}],"collection":[{"href":"https:\/\/catholicus.eu\/fr\/wp-json\/wp\/v2\/posts"}],"about":[{"href":"https:\/\/catholicus.eu\/fr\/wp-json\/wp\/v2\/types\/post"}],"author":[{"embeddable":true,"href":"https:\/\/catholicus.eu\/fr\/wp-json\/wp\/v2\/users\/3"}],"replies":[{"embeddable":true,"href":"https:\/\/catholicus.eu\/fr\/wp-json\/wp\/v2\/comments?post=5108"}],"version-history":[{"count":1,"href":"https:\/\/catholicus.eu\/fr\/wp-json\/wp\/v2\/posts\/5108\/revisions"}],"predecessor-version":[{"id":5110,"href":"https:\/\/catholicus.eu\/fr\/wp-json\/wp\/v2\/posts\/5108\/revisions\/5110"}],"wp:featuredmedia":[{"embeddable":true,"href":"https:\/\/catholicus.eu\/fr\/wp-json\/wp\/v2\/media\/5109"}],"wp:attachment":[{"href":"https:\/\/catholicus.eu\/fr\/wp-json\/wp\/v2\/media?parent=5108"}],"wp:term":[{"taxonomy":"category","embeddable":true,"href":"https:\/\/catholicus.eu\/fr\/wp-json\/wp\/v2\/categories?post=5108"},{"taxonomy":"post_tag","embeddable":true,"href":"https:\/\/catholicus.eu\/fr\/wp-json\/wp\/v2\/tags?post=5108"}],"curies":[{"name":"wp","href":"https:\/\/api.w.org\/{rel}","templated":true}]}}