{"id":4955,"date":"2026-01-30T12:18:32","date_gmt":"2026-01-30T11:18:32","guid":{"rendered":"https:\/\/catholicus.eu\/fr\/?p=4955"},"modified":"2026-01-30T12:18:33","modified_gmt":"2026-01-30T11:18:33","slug":"la-confession-nest-pas-un-nettoyage-de-conscience-il-ne-sagit-pas-de-remettre-le-compteur-a-zero-mais-de-se-laisser-embrasser-par-la-misericorde-de-dieu","status":"publish","type":"post","link":"https:\/\/catholicus.eu\/fr\/la-confession-nest-pas-un-nettoyage-de-conscience-il-ne-sagit-pas-de-remettre-le-compteur-a-zero-mais-de-se-laisser-embrasser-par-la-misericorde-de-dieu\/","title":{"rendered":"La confession n\u2019est pas un \u00ab nettoyage de conscience \u00bb : il ne s\u2019agit pas de remettre le compteur \u00e0 z\u00e9ro, mais de se laisser embrasser par la mis\u00e9ricorde de Dieu"},"content":{"rendered":"\n<p>Il existe une id\u00e9e tr\u00e8s r\u00e9pandue \u2014 et tr\u00e8s appauvrie \u2014 de la confession : <em>\u00ab Je vais, je dis ce que j\u2019ai fait de mal, je suis absous et je recommence \u00e0 z\u00e9ro. \u00bb<\/em> Comme si le sacrement \u00e9tait une sorte de <strong>r\u00e9initialisation rapide de l\u2019histoire spirituelle<\/strong>, une formalit\u00e9 religieuse qui nous permet de continuer comme avant, mais avec la conscience tranquille.<br>Rien n\u2019est plus \u00e9loign\u00e9 de la foi catholique\u2026 et surtout, <strong>rien n\u2019est plus \u00e9loign\u00e9 du c\u0153ur de Dieu<\/strong>.<\/p>\n\n\n\n<p>La confession <strong>n\u2019est pas un nettoyage de conscience<\/strong>. Ce n\u2019est ni une douche morale ni un bouton de \u00ab reset \u00bb spirituel. C\u2019est quelque chose de beaucoup plus profond, plus exigeant et, en m\u00eame temps, infiniment plus beau : <strong>une rencontre r\u00e9elle avec la mis\u00e9ricorde de Dieu qui transforme la vie<\/strong>.<\/p>\n\n\n\n<hr class=\"wp-block-separator has-alpha-channel-opacity\"\/>\n\n\n\n<h2 class=\"wp-block-heading\">1. Le grand malentendu moderne : \u00ab Je me confesse pour \u00eatre en paix \u00bb<\/h2>\n\n\n\n<p>Nous vivons dans une culture obs\u00e9d\u00e9e par le bien-\u00eatre \u00e9motionnel imm\u00e9diat. Nous voulons nous sentir bien <em>tout de suite<\/em>, nous d\u00e9barrasser de la culpabilit\u00e9 <em>tout de suite<\/em>, tourner la page <em>tout de suite<\/em>. Et cette mentalit\u00e9 s\u2019est gliss\u00e9e silencieusement dans la mani\u00e8re dont le sacrement est v\u00e9cu.<\/p>\n\n\n\n<p>Ainsi, la confession risque de devenir :<\/p>\n\n\n\n<ul class=\"wp-block-list\">\n<li>une <strong>lib\u00e9ration de culpabilit\u00e9 psychologique<\/strong>,<\/li>\n\n\n\n<li>un acte visant \u00e0 \u00ab ne pas se sentir mal avec soi-m\u00eame \u00bb,<\/li>\n\n\n\n<li>une routine p\u00e9riodique sans conversion r\u00e9elle.<\/li>\n<\/ul>\n\n\n\n<p>Mais le christianisme <strong>n\u2019est pas une th\u00e9rapie \u00e9motionnelle<\/strong>, m\u00eame s\u2019il gu\u00e9rit le c\u0153ur.<br>La confession n\u2019existe pas pour que <em>je me sente mieux<\/em>, mais pour que <strong>ma relation avec Dieu soit restaur\u00e9e<\/strong>.<\/p>\n\n\n\n<blockquote class=\"wp-block-quote is-layout-flow wp-block-quote-is-layout-flow\">\n<p>Le probl\u00e8me du p\u00e9ch\u00e9 n\u2019est pas qu\u2019il me fasse ressentir de la culpabilit\u00e9,<br>mais qu\u2019<strong>il rompt la communion avec Dieu, avec les autres et avec moi-m\u00eame<\/strong>.<\/p>\n<\/blockquote>\n\n\n\n<hr class=\"wp-block-separator has-alpha-channel-opacity\"\/>\n\n\n\n<h2 class=\"wp-block-heading\">2. Le p\u00e9ch\u00e9 n\u2019est pas une tache : c\u2019est une blessure<\/h2>\n\n\n\n<p>Voici une cl\u00e9 fondamentale que nous oublions souvent.<\/p>\n\n\n\n<p>Dans la pens\u00e9e biblique et patristique, le p\u00e9ch\u00e9 :<\/p>\n\n\n\n<ul class=\"wp-block-list\">\n<li>n\u2019est pas simplement une faute l\u00e9gale,<\/li>\n\n\n\n<li>n\u2019est pas une infraction administrative,<\/li>\n\n\n\n<li><strong>c\u2019est une blessure dans l\u2019\u00e2me<\/strong>.<\/li>\n<\/ul>\n\n\n\n<p>C\u2019est pourquoi la confession ne fonctionne pas comme un d\u00e9tergent, mais comme un <strong>acte m\u00e9dical et salvifique<\/strong>. Le Christ n\u2019est pas un bureaucrate qui classe les dossiers : <strong>Il est le M\u00e9decin divin<\/strong>.<\/p>\n\n\n\n<p>Saint Augustin l\u2019exprimait avec force :<\/p>\n\n\n\n<blockquote class=\"wp-block-quote is-layout-flow wp-block-quote-is-layout-flow\">\n<p>\u00ab Celui qui t\u2019a cr\u00e9\u00e9 sans toi ne te sauvera pas sans toi. \u00bb<\/p>\n<\/blockquote>\n\n\n\n<p>La confession implique :<\/p>\n\n\n\n<ul class=\"wp-block-list\">\n<li>de reconna\u00eetre la blessure,<\/li>\n\n\n\n<li>de permettre \u00e0 Dieu de la toucher,<\/li>\n\n\n\n<li>d\u2019accepter un processus de gu\u00e9rison qui n\u2019est pas toujours imm\u00e9diat.<\/li>\n<\/ul>\n\n\n\n<hr class=\"wp-block-separator has-alpha-channel-opacity\"\/>\n\n\n\n<h2 class=\"wp-block-heading\">3. \u00ab Remettre le compteur \u00e0 z\u00e9ro \u00bb : une logique pauvre pour un amour infini<\/h2>\n\n\n\n<p>L\u2019id\u00e9e de \u00ab repartir de z\u00e9ro \u00bb est dangereuse car elle :<\/p>\n\n\n\n<ul class=\"wp-block-list\">\n<li>banalise le p\u00e9ch\u00e9,<\/li>\n\n\n\n<li>infantilise la gr\u00e2ce,<\/li>\n\n\n\n<li>r\u00e9duit la mis\u00e9ricorde \u00e0 un m\u00e9canisme.<\/li>\n<\/ul>\n\n\n\n<p>Dieu <strong>n\u2019aime pas avec des compteurs<\/strong>, Il aime avec le c\u0153ur d\u2019un P\u00e8re.<\/p>\n\n\n\n<p>Lorsque le fils prodigue revient \u00e0 la maison (Lc 15), le p\u00e8re :<\/p>\n\n\n\n<ul class=\"wp-block-list\">\n<li>ne sort pas une liste de fautes,<\/li>\n\n\n\n<li>ne dit pas : \u00ab Cette fois je te remets \u00e0 z\u00e9ro \u00bb,<\/li>\n\n\n\n<li><strong>il court \u00e0 sa rencontre, l\u2019embrasse et le restaure comme fils<\/strong>.<\/li>\n<\/ul>\n\n\n\n<p>La confession ne vous ram\u00e8ne pas au point de d\u00e9part.<br>Elle vous ram\u00e8ne <strong>\u00e0 la v\u00e9rit\u00e9 de qui vous \u00eates<\/strong> : un enfant aim\u00e9, bien que bless\u00e9 ; un p\u00e9cheur, mais jamais abandonn\u00e9.<\/p>\n\n\n\n<hr class=\"wp-block-separator has-alpha-channel-opacity\"\/>\n\n\n\n<h2 class=\"wp-block-heading\">4. La mis\u00e9ricorde n\u2019est pas de la permissivit\u00e9<\/h2>\n\n\n\n<p>Une autre erreur tr\u00e8s actuelle est de confondre mis\u00e9ricorde et \u00ab tout est permis \u00bb.<br>La mis\u00e9ricorde authentique :<\/p>\n\n\n\n<ul class=\"wp-block-list\">\n<li><strong>nomme le p\u00e9ch\u00e9<\/strong>, elle ne le nie pas,<\/li>\n\n\n\n<li><strong>appelle \u00e0 la conversion<\/strong>, elle ne la reporte pas,<\/li>\n\n\n\n<li><strong>restaure la dignit\u00e9<\/strong>, elle ne justifie pas la chute.<\/li>\n<\/ul>\n\n\n\n<p>J\u00e9sus est radicalement mis\u00e9ricordieux\u2026 et radicalement exigeant :<\/p>\n\n\n\n<blockquote class=\"wp-block-quote is-layout-flow wp-block-quote-is-layout-flow\">\n<p>\u00ab Va, et ne p\u00e8che plus \u00bb (Jn 8,11).<\/p>\n<\/blockquote>\n\n\n\n<p>Dans la confession :<\/p>\n\n\n\n<ul class=\"wp-block-list\">\n<li>Dieu <strong>ne minimise pas<\/strong> votre p\u00e9ch\u00e9,<\/li>\n\n\n\n<li>mais <strong>Il ne vous r\u00e9duit pas non plus \u00e0 lui<\/strong>.<\/li>\n<\/ul>\n\n\n\n<p>La mis\u00e9ricorde ne dit pas : <em>\u00ab Ce n\u2019est pas grave \u00bb.<\/em><br>Elle dit : <em>\u00ab Cela a de l\u2019importance\u2026 mais mon amour est plus grand \u00bb.<\/em><\/p>\n\n\n\n<hr class=\"wp-block-separator has-alpha-channel-opacity\"\/>\n\n\n\n<h2 class=\"wp-block-heading\">5. La confession comme acte de v\u00e9rit\u00e9<\/h2>\n\n\n\n<p>Se confesser est un acte profond\u00e9ment contre-culturel.<br>Dans un monde o\u00f9 :<\/p>\n\n\n\n<ul class=\"wp-block-list\">\n<li>personne ne veut assumer ses fautes,<\/li>\n\n\n\n<li>tout est justifi\u00e9,<\/li>\n\n\n\n<li>la responsabilit\u00e9 est dilu\u00e9e,<\/li>\n<\/ul>\n\n\n\n<p>le p\u00e9nitent fait quelque chose de r\u00e9volutionnaire : <strong>il se place dans la v\u00e9rit\u00e9<\/strong>.<\/p>\n\n\n\n<p>Non pas pour s\u2019humilier, mais pour \u00eatre libre.<\/p>\n\n\n\n<p>La tradition catholique a toujours compris la confession comme :<\/p>\n\n\n\n<ul class=\"wp-block-list\">\n<li>un <strong>acte d\u2019humilit\u00e9<\/strong> (je reconnais mon p\u00e9ch\u00e9),<\/li>\n\n\n\n<li>un <strong>acte de foi<\/strong> (je crois que Dieu me pardonne),<\/li>\n\n\n\n<li>un <strong>acte d\u2019esp\u00e9rance<\/strong> (je crois que je peux changer),<\/li>\n\n\n\n<li>un <strong>acte d\u2019amour<\/strong> (je ne veux plus blesser Celui qui m\u2019aime).<\/li>\n<\/ul>\n\n\n\n<hr class=\"wp-block-separator has-alpha-channel-opacity\"\/>\n\n\n\n<h2 class=\"wp-block-heading\">6. Le pr\u00eatre ne remplace pas Dieu : il le rend pr\u00e9sent<\/h2>\n\n\n\n<p>Un autre pr\u00e9jug\u00e9 fr\u00e9quent : <em>\u00ab Je me confesse directement \u00e0 Dieu \u00bb.<\/em><\/p>\n\n\n\n<p>Oui, le pardon vient de Dieu.<br>Mais le Christ <strong>a voulu<\/strong> que ce pardon passe sacramentellement par l\u2019\u00c9glise :<\/p>\n\n\n\n<blockquote class=\"wp-block-quote is-layout-flow wp-block-quote-is-layout-flow\">\n<p>\u00ab \u00c0 qui vous remettrez les p\u00e9ch\u00e9s, ils leur seront remis \u00bb (Jn 20,23).<\/p>\n<\/blockquote>\n\n\n\n<p>Le pr\u00eatre :<\/p>\n\n\n\n<ul class=\"wp-block-list\">\n<li>ne pardonne pas \u00ab en son nom propre \u00bb,<\/li>\n\n\n\n<li>n\u2019est pas un juge froid,<\/li>\n\n\n\n<li><strong>il est l\u2019instrument du Christ et le t\u00e9moin de la mis\u00e9ricorde<\/strong>.<\/li>\n<\/ul>\n\n\n\n<p>C\u2019est pourquoi l\u2019absolution n\u2019est pas une jolie phrase, mais un <strong>acte efficace<\/strong> : quelque chose de r\u00e9el se produit dans l\u2019\u00e2me.<\/p>\n\n\n\n<hr class=\"wp-block-separator has-alpha-channel-opacity\"\/>\n\n\n\n<h2 class=\"wp-block-heading\">7. La p\u00e9nitence n\u2019est pas une punition : c\u2019est un rem\u00e8de<\/h2>\n\n\n\n<p>La p\u00e9nitence n\u2019est pas non plus un tribut \u00e0 payer.<br>C\u2019est :<\/p>\n\n\n\n<ul class=\"wp-block-list\">\n<li>un geste concret de conversion,<\/li>\n\n\n\n<li>une mani\u00e8re de coop\u00e9rer avec la gr\u00e2ce,<\/li>\n\n\n\n<li>un d\u00e9but de r\u00e9paration et de gu\u00e9rison.<\/li>\n<\/ul>\n\n\n\n<p>Comme l\u2019enseigne la th\u00e9ologie morale classique, le pardon :<\/p>\n\n\n\n<ul class=\"wp-block-list\">\n<li>efface la culpabilit\u00e9,<\/li>\n\n\n\n<li>mais <strong>la blessure doit encore \u00eatre gu\u00e9rie<\/strong>.<\/li>\n<\/ul>\n\n\n\n<p>La p\u00e9nitence \u00e9duque le c\u0153ur et ordonne les affections. Elle n\u2019est pas destin\u00e9e \u00e0 payer Dieu, mais \u00e0 <strong>nous laisser transformer par Lui<\/strong>.<\/p>\n\n\n\n<hr class=\"wp-block-separator has-alpha-channel-opacity\"\/>\n\n\n\n<h2 class=\"wp-block-heading\">8. Bien se confesser : cl\u00e9s pratiques et spirituelles<\/h2>\n\n\n\n<p>Pour vivre la confession telle qu\u2019elle est r\u00e9ellement :<\/p>\n\n\n\n<ul class=\"wp-block-list\">\n<li><strong>Examen de conscience s\u00e9rieux<\/strong>, pas superficiel.<\/li>\n\n\n\n<li><strong>Regret authentique<\/strong>, pas seulement honte.<\/li>\n\n\n\n<li><strong>R\u00e9solution concr\u00e8te de s\u2019amender<\/strong>, m\u00eame si l\u2019on sait que l\u2019on est faible.<\/li>\n\n\n\n<li><strong>Confiance totale en la mis\u00e9ricorde<\/strong>, sans d\u00e9sesp\u00e9rer.<\/li>\n<\/ul>\n\n\n\n<p>Dieu n\u2019attend pas des confessions parfaites ;<br>Il attend des <strong>c\u0153urs sinc\u00e8res<\/strong>.<\/p>\n\n\n\n<hr class=\"wp-block-separator has-alpha-channel-opacity\"\/>\n\n\n\n<h2 class=\"wp-block-heading\">9. La confession comme c\u00e9l\u00e9bration de la mis\u00e9ricorde<\/h2>\n\n\n\n<p>Voici le c\u0153ur de tout :<\/p>\n\n\n\n<p>\ud83d\udc49 <strong>La confession ne c\u00e9l\u00e8bre pas votre \u00e9chec ; elle c\u00e9l\u00e8bre l\u2019amour de Dieu, qui est plus fort que votre p\u00e9ch\u00e9.<\/strong><\/p>\n\n\n\n<p>Chaque confession est :<\/p>\n\n\n\n<ul class=\"wp-block-list\">\n<li>une P\u00e2que en miniature,<\/li>\n\n\n\n<li>une r\u00e9surrection int\u00e9rieure,<\/li>\n\n\n\n<li>un acte d\u2019esp\u00e9rance contre le cynisme du monde.<\/li>\n<\/ul>\n\n\n\n<p>On ne sort pas \u00ab \u00e0 z\u00e9ro \u00bb.<br>On sort <strong>r\u00e9concili\u00e9, restaur\u00e9 et renvoy\u00e9 pour aimer \u00e0 nouveau<\/strong>.<\/p>\n\n\n\n<hr class=\"wp-block-separator has-alpha-channel-opacity\"\/>\n\n\n\n<h2 class=\"wp-block-heading\">Conclusion : Ne vous confessez pas pour vous tranquilliser \u2014 confessez-vous pour vous convertir<\/h2>\n\n\n\n<p>La confession n\u2019est pas une formalit\u00e9, ni une coutume ancienne, ni un nettoyage rapide de la conscience.<br>C\u2019est une <strong>rencontre r\u00e9elle avec le Christ vivant<\/strong>, qui ne se fatigue jamais de pardonner\u2026 mais qui ne se fatigue pas non plus de vous appeler \u00e0 quelque chose de plus grand.<\/p>\n\n\n\n<p>Il ne s\u2019agit pas de remettre le compteur \u00e0 z\u00e9ro.<br>Il s\u2019agit de <strong>c\u00e9l\u00e9brer que la mis\u00e9ricorde de Dieu n\u2019a pas de compteur<\/strong>.<\/p>\n\n\n\n<p>Et cela, dans un monde fatigu\u00e9 de la culpabilit\u00e9 sans pardon et du pardon sans v\u00e9rit\u00e9, est une nouvelle radicalement actuelle\u2026 et profond\u00e9ment lib\u00e9ratrice.<\/p>\n","protected":false},"excerpt":{"rendered":"<p>Il existe une id\u00e9e tr\u00e8s r\u00e9pandue \u2014 et tr\u00e8s appauvrie \u2014 de la confession : \u00ab Je vais, je dis ce que j\u2019ai fait de mal, je suis absous et je recommence \u00e0 z\u00e9ro. \u00bb Comme si le sacrement \u00e9tait une sorte de r\u00e9initialisation rapide de l\u2019histoire spirituelle, une formalit\u00e9 religieuse qui nous permet de &hellip;<\/p>\n","protected":false},"author":3,"featured_media":4956,"comment_status":"closed","ping_status":"closed","sticky":false,"template":"","format":"standard","meta":{"_seopress_robots_primary_cat":"","_seopress_titles_title":"","_seopress_titles_desc":"","_seopress_robots_index":"","footnotes":""},"categories":[37,46],"tags":[278],"class_list":["post-4955","post","type-post","status-publish","format-standard","has-post-thumbnail","","category-doctrine-et-foi","category-sacrements","tag-confession"],"_links":{"self":[{"href":"https:\/\/catholicus.eu\/fr\/wp-json\/wp\/v2\/posts\/4955","targetHints":{"allow":["GET"]}}],"collection":[{"href":"https:\/\/catholicus.eu\/fr\/wp-json\/wp\/v2\/posts"}],"about":[{"href":"https:\/\/catholicus.eu\/fr\/wp-json\/wp\/v2\/types\/post"}],"author":[{"embeddable":true,"href":"https:\/\/catholicus.eu\/fr\/wp-json\/wp\/v2\/users\/3"}],"replies":[{"embeddable":true,"href":"https:\/\/catholicus.eu\/fr\/wp-json\/wp\/v2\/comments?post=4955"}],"version-history":[{"count":1,"href":"https:\/\/catholicus.eu\/fr\/wp-json\/wp\/v2\/posts\/4955\/revisions"}],"predecessor-version":[{"id":4957,"href":"https:\/\/catholicus.eu\/fr\/wp-json\/wp\/v2\/posts\/4955\/revisions\/4957"}],"wp:featuredmedia":[{"embeddable":true,"href":"https:\/\/catholicus.eu\/fr\/wp-json\/wp\/v2\/media\/4956"}],"wp:attachment":[{"href":"https:\/\/catholicus.eu\/fr\/wp-json\/wp\/v2\/media?parent=4955"}],"wp:term":[{"taxonomy":"category","embeddable":true,"href":"https:\/\/catholicus.eu\/fr\/wp-json\/wp\/v2\/categories?post=4955"},{"taxonomy":"post_tag","embeddable":true,"href":"https:\/\/catholicus.eu\/fr\/wp-json\/wp\/v2\/tags?post=4955"}],"curies":[{"name":"wp","href":"https:\/\/api.w.org\/{rel}","templated":true}]}}