{"id":4952,"date":"2026-01-30T11:09:19","date_gmt":"2026-01-30T10:09:19","guid":{"rendered":"https:\/\/catholicus.eu\/fr\/?p=4952"},"modified":"2026-01-30T11:09:19","modified_gmt":"2026-01-30T10:09:19","slug":"huit-jours-pour-se-laisser-embraser-par-dieu-loctave-dadoration-a-lesprit-saint","status":"publish","type":"post","link":"https:\/\/catholicus.eu\/fr\/huit-jours-pour-se-laisser-embraser-par-dieu-loctave-dadoration-a-lesprit-saint\/","title":{"rendered":"Huit jours pour se laisser embraser par Dieu : l\u2019octave d\u2019adoration \u00e0 l\u2019Esprit Saint"},"content":{"rendered":"\n<h2 class=\"wp-block-heading\">Une pratique ancienne\u2026 et \u00e9tonnamment actuelle<\/h2>\n\n\n\n<p>Dans une \u00c9glise qui traverse des temps de confusion, de pr\u00e9cipitation et de bruit int\u00e9rieur, parler de <strong>l\u2019adoration \u00e0 l\u2019Esprit Saint pendant huit jours cons\u00e9cutifs<\/strong> peut sembler, pour certains, quelque chose de simplement \u00ab pieux \u00bb mais peu pratique. Et pourtant, c\u2019est exactement l\u2019inverse : <strong>l\u2019octave d\u2019adoration \u00e0 l\u2019Esprit Saint<\/strong> est l\u2019une des pratiques spirituelles les plus <strong>profondes, transformatrices et n\u00e9cessaires<\/strong> pour le chr\u00e9tien d\u2019aujourd\u2019hui.<\/p>\n\n\n\n<p>Il ne s\u2019agit ni d\u2019une d\u00e9votion sentimentale ni d\u2019une mode charismatique r\u00e9cente. Nous sommes en pr\u00e9sence d\u2019une v\u00e9ritable <strong>\u00e9cole de vie int\u00e9rieure<\/strong>, d\u2019une p\u00e9dagogie spirituelle profond\u00e9ment enracin\u00e9e dans la <strong>Tradition de l\u2019\u00c9glise<\/strong>, dans la liturgie, dans la th\u00e9ologie patristique et dans l\u2019exp\u00e9rience v\u00e9cue des saints.<\/p>\n\n\n\n<p>Cet article veut vous aider \u00e0 <strong>comprendre<\/strong>, <strong>vivre<\/strong> et <strong>aimer<\/strong> l\u2019octave d\u2019adoration \u00e0 l\u2019Esprit Saint : ce qu\u2019elle est, d\u2019o\u00f9 elle vient, pourquoi elle est si importante aujourd\u2019hui et comment elle peut renouvel votre foi, votre famille et votre mani\u00e8re d\u2019\u00eatre dans le monde.<\/p>\n\n\n\n<hr class=\"wp-block-separator has-alpha-channel-opacity\"\/>\n\n\n\n<h2 class=\"wp-block-heading\">1. Qu\u2019est-ce qu\u2019une \u00ab octave \u00bb dans la vie de l\u2019\u00c9glise ?<\/h2>\n\n\n\n<p>Avant d\u2019entrer directement dans le myst\u00e8re de l\u2019Esprit Saint, il est utile de clarifier un concept fondamental.<\/p>\n\n\n\n<p>Dans la tradition liturgique catholique, une <strong>octave<\/strong> est la <strong>prolongation d\u2019une grande f\u00eate sur huit jours<\/strong>, comme si l\u2019\u00c9glise disait : <em>ce myst\u00e8re est si important qu\u2019il ne peut \u00eatre contenu en une seule journ\u00e9e<\/em>. Historiquement, P\u00e2ques, No\u00ebl et la Pentec\u00f4te ont eu une octave, parce que le myst\u00e8re c\u00e9l\u00e9br\u00e9 <strong>d\u00e9borde le calendrier<\/strong>.<\/p>\n\n\n\n<p>L\u2019octave n\u2019est pas une r\u00e9p\u00e9tition : c\u2019est une <strong>rumination<\/strong>, une contemplation prolong\u00e9e, une assimilation int\u00e9rieure.<\/p>\n\n\n\n<p>\ud83d\udc49 Appliqu\u00e9e \u00e0 l\u2019Esprit Saint, l\u2019octave exprime une v\u00e9rit\u00e9 th\u00e9ologique profonde :<br><strong>il ne suffit pas de l\u2019invoquer une seule fois ; il faut lui laisser du temps pour agir.<\/strong><\/p>\n\n\n\n<hr class=\"wp-block-separator has-alpha-channel-opacity\"\/>\n\n\n\n<h2 class=\"wp-block-heading\">2. La Pentec\u00f4te : l\u2019origine de l\u2019octave de l\u2019Esprit Saint<\/h2>\n\n\n\n<p>L\u2019octave d\u2019adoration \u00e0 l\u2019Esprit Saint trouve son origine dans la <strong>Pentec\u00f4te<\/strong>, lorsque l\u2019\u00c9glise c\u00e9l\u00e8bre l\u2019effusion de l\u2019Esprit promise par le Christ :<\/p>\n\n\n\n<blockquote class=\"wp-block-quote is-layout-flow wp-block-quote-is-layout-flow\">\n<p>\u00ab Vous recevrez une puissance, celle de l\u2019Esprit Saint qui viendra sur vous \u00bb (Ac 1,8).<\/p>\n<\/blockquote>\n\n\n\n<p>Pendant des si\u00e8cles, l\u2019\u00c9glise a v\u00e9cu <strong>les huit jours qui suivent la Pentec\u00f4te<\/strong> comme un temps privil\u00e9gi\u00e9 de pri\u00e8re, de cat\u00e9ch\u00e8se mystagogique et d\u2019adoration, \u00e9troitement li\u00e9 \u00e0 :<\/p>\n\n\n\n<ul class=\"wp-block-list\">\n<li>L\u2019action sanctificatrice de l\u2019Esprit<\/li>\n\n\n\n<li>La vie sacramentelle (Bapt\u00eame, Confirmation, Eucharistie)<\/li>\n\n\n\n<li>Le discernement spirituel<\/li>\n\n\n\n<li>La mission de l\u2019\u00c9glise dans le monde<\/li>\n<\/ul>\n\n\n\n<p>Bien que les r\u00e9formes liturgiques aient r\u00e9duit certaines octaves, <strong>la spiritualit\u00e9 de l\u2019octave demeure vivante<\/strong>, en particulier dans les communaut\u00e9s contemplatives, les mouvements traditionnels et chez les fid\u00e8les qui recherchent une foi plus enracin\u00e9e.<\/p>\n\n\n\n<hr class=\"wp-block-separator has-alpha-channel-opacity\"\/>\n\n\n\n<h2 class=\"wp-block-heading\">3. Pourquoi adorer l\u2019Esprit Saint ?<\/h2>\n\n\n\n<p>Nous touchons ici un point essentiel :<br><strong>l\u2019Esprit Saint est Dieu v\u00e9ritable<\/strong>, troisi\u00e8me Personne de la Tr\u00e8s Sainte Trinit\u00e9 \u2014 et non une \u00ab force \u00bb, une \u00e9motion ou une \u00e9nergie impersonnelle.<\/p>\n\n\n\n<p>Adorer l\u2019Esprit Saint, c\u2019est :<\/p>\n\n\n\n<ul class=\"wp-block-list\">\n<li>Le reconna\u00eetre comme <strong>Seigneur et donneur de vie<\/strong><\/li>\n\n\n\n<li>Confesser que sans Lui <strong>nous ne pouvons ni prier<\/strong>, ni croire, ni aimer<\/li>\n\n\n\n<li>Accepter que c\u2019est Lui qui <strong>convertit le c\u0153ur<\/strong>, et non nos strat\u00e9gies<\/li>\n<\/ul>\n\n\n\n<p>Saint Basile le Grand l\u2019exprime avec clart\u00e9 :<\/p>\n\n\n\n<blockquote class=\"wp-block-quote is-layout-flow wp-block-quote-is-layout-flow\">\n<p>\u00ab Par l\u2019Esprit Saint, nous devenons semblables \u00e0 Dieu ; par Lui, nous sommes conduits \u00e0 la v\u00e9rit\u00e9. \u00bb<\/p>\n<\/blockquote>\n\n\n\n<p>L\u2019adoration de l\u2019Esprit Saint est profond\u00e9ment <strong>trinitaire<\/strong> : elle nous introduit dans la vie intime de Dieu et nous lib\u00e8re d\u2019une foi purement morale ou activiste.<\/p>\n\n\n\n<hr class=\"wp-block-separator has-alpha-channel-opacity\"\/>\n\n\n\n<h2 class=\"wp-block-heading\">4. Huit jours pour \u00eatre transform\u00e9 : le sens spirituel de l\u2019octave<\/h2>\n\n\n\n<p>Chaque jour de l\u2019octave peut \u00eatre v\u00e9cu comme une <strong>\u00e9tape du chemin int\u00e9rieur<\/strong>, m\u00eame s\u2019il n\u2019existe pas de sch\u00e9ma unique et rigide. Traditionnellement, l\u2019\u00c9glise a reli\u00e9 ces jours \u00e0 :<\/p>\n\n\n\n<ul class=\"wp-block-list\">\n<li>Les <strong>dons de l\u2019Esprit Saint<\/strong><\/li>\n\n\n\n<li>Les <strong>fruits de l\u2019Esprit<\/strong><\/li>\n\n\n\n<li>L\u2019action de l\u2019Esprit dans l\u2019\u00c9glise et dans l\u2019\u00e2me<\/li>\n<\/ul>\n\n\n\n<h3 class=\"wp-block-heading\">Une possible cl\u00e9 spirituelle pour l\u2019octave<\/h3>\n\n\n\n<p>Sans rigidit\u00e9, de nombreux fid\u00e8les vivent l\u2019octave de la mani\u00e8re suivante :<\/p>\n\n\n\n<ol class=\"wp-block-list\">\n<li><strong>Esprit de crainte du Seigneur<\/strong> \u2013 apprendre \u00e0 adorer<\/li>\n\n\n\n<li><strong>Esprit de pi\u00e9t\u00e9<\/strong> \u2013 vivre comme des enfants de Dieu<\/li>\n\n\n\n<li><strong>Esprit de force<\/strong> \u2013 pers\u00e9v\u00e9rer dans la foi<\/li>\n\n\n\n<li><strong>Esprit de science<\/strong> \u2013 regarder le monde avec les yeux de Dieu<\/li>\n\n\n\n<li><strong>Esprit de conseil<\/strong> \u2013 discerner les d\u00e9cisions<\/li>\n\n\n\n<li><strong>Esprit d\u2019intelligence<\/strong> \u2013 approfondir la v\u00e9rit\u00e9<\/li>\n\n\n\n<li><strong>Esprit de sagesse<\/strong> \u2013 go\u00fbter Dieu<\/li>\n\n\n\n<li><strong>Envoi missionnaire<\/strong> \u2013 porter du fruit dans la vie quotidienne<\/li>\n<\/ol>\n\n\n\n<p>L\u2019octave n\u2019est pas une introspection narcissique ; elle s\u2019ach\u00e8ve toujours dans la <strong>mission<\/strong>, m\u00eame lorsqu\u2019elle est discr\u00e8te et cach\u00e9e.<\/p>\n\n\n\n<hr class=\"wp-block-separator has-alpha-channel-opacity\"\/>\n\n\n\n<h2 class=\"wp-block-heading\">5. Une d\u00e9votion urgente pour notre temps<\/h2>\n\n\n\n<p>Pourquoi l\u2019octave d\u2019adoration \u00e0 l\u2019Esprit Saint est-elle si actuelle ?<\/p>\n\n\n\n<p>Parce que nous vivons :<\/p>\n\n\n\n<ul class=\"wp-block-list\">\n<li>Une <strong>crise du discernement<\/strong><\/li>\n\n\n\n<li>Un christianisme tent\u00e9 par un <strong>activisme vide<\/strong><\/li>\n\n\n\n<li>Une foi \u00e9motionnelle sans racines doctrinales<\/li>\n\n\n\n<li>Des familles spirituellement \u00e9puis\u00e9es<\/li>\n\n\n\n<li>Des jeunes assoiff\u00e9s de v\u00e9rit\u00e9 mais priv\u00e9s de guides int\u00e9rieurs<\/li>\n<\/ul>\n\n\n\n<p>L\u2019Esprit Saint est <strong>le grand oubli\u00e9<\/strong>\u2026 et paradoxalement <strong>le seul capable de renouveler l\u2019\u00c9glise sans la briser<\/strong>.<\/p>\n\n\n\n<p>Ce n\u2019est pas un hasard si les grands r\u00e9formateurs saints \u2014 Fran\u00e7ois d\u2019Assise, Th\u00e9r\u00e8se de J\u00e9sus, Ignace de Loyola \u2014 furent des hommes et des femmes <strong>profond\u00e9ment dociles \u00e0 l\u2019Esprit<\/strong>, et non des id\u00e9ologues.<\/p>\n\n\n\n<hr class=\"wp-block-separator has-alpha-channel-opacity\"\/>\n\n\n\n<h2 class=\"wp-block-heading\">6. Comment vivre aujourd\u2019hui une octave d\u2019adoration \u00e0 l\u2019Esprit Saint ?<\/h2>\n\n\n\n<p>Il n\u2019est pas n\u00e9cessaire de compliquer les choses. La cl\u00e9 est la <strong>fid\u00e9lit\u00e9 quotidienne<\/strong>, m\u00eame avec peu de temps.<\/p>\n\n\n\n<h3 class=\"wp-block-heading\">Suggestions pratiques et accessibles<\/h3>\n\n\n\n<ul class=\"wp-block-list\">\n<li><strong>Un moment quotidien de silence<\/strong> (10 \u00e0 15 minutes)<\/li>\n\n\n\n<li>Invoquer l\u2019Esprit par une pri\u00e8re classique :\n<ul class=\"wp-block-list\">\n<li><em>Veni Creator Spiritus<\/em><\/li>\n\n\n\n<li><em>Veni Sancte Spiritus<\/em><\/li>\n<\/ul>\n<\/li>\n\n\n\n<li>Lire lentement un passage biblique (Actes, Jean 14\u201316, Romains 8)<\/li>\n\n\n\n<li>L\u2019adoration eucharistique, si possible<\/li>\n\n\n\n<li>Demander explicitement : <em>\u00ab Esprit Saint, apprends-moi \u00e0 prier \u00bb<\/em><\/li>\n<\/ul>\n\n\n\n<p>\ud83d\udc49 Il ne s\u2019agit pas de \u00ab ressentir des choses \u00bb, mais de <strong>demeurer<\/strong>.<\/p>\n\n\n\n<hr class=\"wp-block-separator has-alpha-channel-opacity\"\/>\n\n\n\n<h2 class=\"wp-block-heading\">7. Des fruits r\u00e9els dans la vie quotidienne<\/h2>\n\n\n\n<p>Celui qui vit une octave \u00e0 l\u2019Esprit Saint avec sinc\u00e9rit\u00e9 fait souvent l\u2019exp\u00e9rience, avec le temps, de :<\/p>\n\n\n\n<ul class=\"wp-block-list\">\n<li>Une plus grande <strong>clart\u00e9 int\u00e9rieure<\/strong><\/li>\n\n\n\n<li>La paix au milieu de d\u00e9cisions difficiles<\/li>\n\n\n\n<li>Un d\u00e9sir renouvel\u00e9 des sacrements<\/li>\n\n\n\n<li>Moins de peur et davantage de confiance<\/li>\n\n\n\n<li>L\u2019amour de la v\u00e9rit\u00e9 sans duret\u00e9<\/li>\n\n\n\n<li>Une humilit\u00e9 authentique (et non factice)<\/li>\n<\/ul>\n\n\n\n<p>Il n\u2019y a pas toujours des feux d\u2019artifice. Parfois, le plus grand fruit est <strong>une patience nouvelle<\/strong> ou une parole retenue \u00e0 temps. Cela aussi est l\u2019\u0153uvre de l\u2019Esprit.<\/p>\n\n\n\n<hr class=\"wp-block-separator has-alpha-channel-opacity\"\/>\n\n\n\n<h2 class=\"wp-block-heading\">8. Marie, \u00e9pouse de l\u2019Esprit, ma\u00eetresse de l\u2019octave<\/h2>\n\n\n\n<p>Aucune r\u00e9flexion ne serait compl\u00e8te sans Marie.<\/p>\n\n\n\n<p>Elle a v\u00e9cu la premi\u00e8re et la plus parfaite \u00ab octave \u00bb de l\u2019histoire :<br>de l\u2019Ascension \u00e0 la Pentec\u00f4te, <strong>pers\u00e9v\u00e9rant dans la pri\u00e8re<\/strong> avec les ap\u00f4tres.<\/p>\n\n\n\n<p>Celui qui s\u2019approche de l\u2019Esprit Saint <strong>main dans la main avec Marie<\/strong> ne tombe ni dans les illusions ni dans les exag\u00e9rations. Il apprend \u00e0 \u00e9couter, \u00e0 garder et \u00e0 ob\u00e9ir.<\/p>\n\n\n\n<hr class=\"wp-block-separator has-alpha-channel-opacity\"\/>\n\n\n\n<h2 class=\"wp-block-heading\">Conclusion : huit jours qui peuvent tout changer<\/h2>\n\n\n\n<p>L\u2019octave d\u2019adoration \u00e0 l\u2019Esprit Saint n\u2019est pas une d\u00e9votion de plus \u00e0 ajouter \u00e0 une liste. C\u2019est une <strong>\u00e9cole de docilit\u00e9<\/strong>, un rem\u00e8de contre la pr\u00e9cipitation spirituelle et une r\u00e9ponse profond\u00e9ment catholique aux d\u00e9fis actuels.<\/p>\n\n\n\n<p>Dans un monde qui crie, l\u2019Esprit murmure.<br>Dans une \u00c9glise tent\u00e9e par la division, Il est communion.<br>Dans un c\u0153ur fatigu\u00e9, Il est repos.<\/p>\n\n\n\n<p>Peut-\u00eatre ne pouvez-vous pas changer le monde en huit jours.<br>Mais <strong>votre mani\u00e8re d\u2019y \u00eatre peut changer<\/strong>.<\/p>\n\n\n\n<p>Et aux yeux de Dieu, cela change tout.<\/p>\n","protected":false},"excerpt":{"rendered":"<p>Une pratique ancienne\u2026 et \u00e9tonnamment actuelle Dans une \u00c9glise qui traverse des temps de confusion, de pr\u00e9cipitation et de bruit int\u00e9rieur, parler de l\u2019adoration \u00e0 l\u2019Esprit Saint pendant huit jours cons\u00e9cutifs peut sembler, pour certains, quelque chose de simplement \u00ab pieux \u00bb mais peu pratique. Et pourtant, c\u2019est exactement l\u2019inverse : l\u2019octave d\u2019adoration \u00e0 l\u2019Esprit &hellip;<\/p>\n","protected":false},"author":3,"featured_media":4953,"comment_status":"closed","ping_status":"closed","sticky":false,"template":"","format":"standard","meta":{"_seopress_robots_primary_cat":"","_seopress_titles_title":"","_seopress_titles_desc":"","_seopress_robots_index":"","footnotes":""},"categories":[40,58],"tags":[1649,1648],"class_list":["post-4952","post","type-post","status-publish","format-standard","has-post-thumbnail","","category-priere-et-spiritualite","category-priere-et-vie-spirituelle","tag-esprit-saint","tag-octave"],"_links":{"self":[{"href":"https:\/\/catholicus.eu\/fr\/wp-json\/wp\/v2\/posts\/4952","targetHints":{"allow":["GET"]}}],"collection":[{"href":"https:\/\/catholicus.eu\/fr\/wp-json\/wp\/v2\/posts"}],"about":[{"href":"https:\/\/catholicus.eu\/fr\/wp-json\/wp\/v2\/types\/post"}],"author":[{"embeddable":true,"href":"https:\/\/catholicus.eu\/fr\/wp-json\/wp\/v2\/users\/3"}],"replies":[{"embeddable":true,"href":"https:\/\/catholicus.eu\/fr\/wp-json\/wp\/v2\/comments?post=4952"}],"version-history":[{"count":1,"href":"https:\/\/catholicus.eu\/fr\/wp-json\/wp\/v2\/posts\/4952\/revisions"}],"predecessor-version":[{"id":4954,"href":"https:\/\/catholicus.eu\/fr\/wp-json\/wp\/v2\/posts\/4952\/revisions\/4954"}],"wp:featuredmedia":[{"embeddable":true,"href":"https:\/\/catholicus.eu\/fr\/wp-json\/wp\/v2\/media\/4953"}],"wp:attachment":[{"href":"https:\/\/catholicus.eu\/fr\/wp-json\/wp\/v2\/media?parent=4952"}],"wp:term":[{"taxonomy":"category","embeddable":true,"href":"https:\/\/catholicus.eu\/fr\/wp-json\/wp\/v2\/categories?post=4952"},{"taxonomy":"post_tag","embeddable":true,"href":"https:\/\/catholicus.eu\/fr\/wp-json\/wp\/v2\/tags?post=4952"}],"curies":[{"name":"wp","href":"https:\/\/api.w.org\/{rel}","templated":true}]}}