{"id":4949,"date":"2026-01-30T10:30:41","date_gmt":"2026-01-30T09:30:41","guid":{"rendered":"https:\/\/catholicus.eu\/fr\/?p=4949"},"modified":"2026-01-30T10:30:41","modified_gmt":"2026-01-30T09:30:41","slug":"la-parole-de-dieu-ne-tient-pas-dans-un-seul-livre","status":"publish","type":"post","link":"https:\/\/catholicus.eu\/fr\/la-parole-de-dieu-ne-tient-pas-dans-un-seul-livre\/","title":{"rendered":"La Parole de Dieu ne tient pas dans un seul livre"},"content":{"rendered":"\n<h3 class=\"wp-block-heading\"><em>Pourquoi la r\u00e9duire \u00e0 la Bible appauvrit la foi et comment l\u2019\u00c9glise l\u2019a gard\u00e9e vivante pendant des si\u00e8cles<\/em><\/h3>\n\n\n\n<p>Il existe des phrases qui paraissent tr\u00e8s pieuses, mais qui cachent une profonde confusion. L\u2019une des plus r\u00e9p\u00e9t\u00e9es aujourd\u2019hui est celle-ci : <em>\u00ab La Parole de Dieu, c\u2019est la Bible. \u00bb<\/em> Pour beaucoup de chr\u00e9tiens, cela semble \u00e9vident, presque indiscutable. Pourtant, <strong>pour un catholique, cette affirmation est incompl\u00e8te et th\u00e9ologiquement erron\u00e9e<\/strong>.<\/p>\n\n\n\n<p><strong>La Parole de Dieu ne se r\u00e9duit pas \u00e0 la Bible.<\/strong><br>La Bible est <strong>la Parole de Dieu \u00e9crite<\/strong>, oui. Mais <strong>elle n\u2019est pas la totalit\u00e9 de la Parole de Dieu<\/strong>.<\/p>\n\n\n\n<p>Et cette distinction n\u2019est pas un d\u00e9tail acad\u00e9mique ni une querelle entre th\u00e9ologiens : <strong>elle affecte directement la mani\u00e8re dont nous vivons la foi, dont nous comprenons l\u2019\u00c9glise, l\u2019autorit\u00e9, la liturgie et notre relation \u00e0 Dieu aujourd\u2019hui<\/strong>.<\/p>\n\n\n\n<p>Cet article veut vous aider \u00e0 <strong>comprendre, aimer et vivre la Parole de Dieu dans toute sa richesse<\/strong>, telle que l\u2019\u00c9glise l\u2019a re\u00e7ue, gard\u00e9e et transmise depuis deux mille ans.<\/p>\n\n\n\n<hr class=\"wp-block-separator has-alpha-channel-opacity\"\/>\n\n\n\n<h2 class=\"wp-block-heading\">1. Avant la Bible, la Parole existait d\u00e9j\u00e0<\/h2>\n\n\n\n<p>Commen\u00e7ons par l\u2019essentiel.<\/p>\n\n\n\n<p>\ud83d\udc49 <strong>Dieu n\u2019a pas commenc\u00e9 \u00e0 parler lorsque la Bible a \u00e9t\u00e9 \u00e9crite.<\/strong><br>\ud83d\udc49 <strong>Dieu a d\u2019abord parl\u00e9 par des actes, par des personnes, par une histoire vivante.<\/strong><\/p>\n\n\n\n<p>La foi biblique ne na\u00eet pas d\u2019un livre, mais d\u2019une <strong>rencontre<\/strong>.<\/p>\n\n\n\n<blockquote class=\"wp-block-quote is-layout-flow wp-block-quote-is-layout-flow\">\n<p><em>\u00ab \u00c0 maintes reprises et de bien des mani\u00e8res, Dieu a parl\u00e9 autrefois \u00e0 nos p\u00e8res par les proph\u00e8tes ; en ces jours qui sont les derniers, il nous a parl\u00e9 par le Fils \u00bb<\/em><br>(H\u00e9breux 1,1-2)<\/p>\n<\/blockquote>\n\n\n\n<p>La <strong>Parole de Dieu est avant tout une Personne : J\u00e9sus-Christ<\/strong>.<\/p>\n\n\n\n<p>J\u00e9sus <strong>n\u2019a \u00e9crit aucun livre<\/strong>.<br>J\u00e9sus <strong>n\u2019a pas ordonn\u00e9 que l\u2019on \u00e9crive des livres<\/strong>.<br>J\u00e9sus <strong>a fond\u00e9 une \u00c9glise<\/strong> et a confi\u00e9 son enseignement \u00e0 des hommes concrets : les Ap\u00f4tres.<\/p>\n\n\n\n<hr class=\"wp-block-separator has-alpha-channel-opacity\"\/>\n\n\n\n<h2 class=\"wp-block-heading\">2. La Parole de Dieu est le Christ vivant, pas seulement un texte<\/h2>\n\n\n\n<p>Saint Jean l\u2019exprime avec une clart\u00e9 d\u00e9sarmante :<\/p>\n\n\n\n<blockquote class=\"wp-block-quote is-layout-flow wp-block-quote-is-layout-flow\">\n<p><em>\u00ab Et le Verbe s\u2019est fait chair, et il a habit\u00e9 parmi nous \u00bb<\/em><br>(Jean 1,14)<\/p>\n<\/blockquote>\n\n\n\n<p>La Parole n\u2019est pas d\u2019abord de l\u2019encre sur du papier.<br>La Parole est <strong>le Verbe \u00e9ternel du P\u00e8re<\/strong>, fait chair, avec une voix, des gestes, des silences, des miracles, la mort et la r\u00e9surrection.<\/p>\n\n\n\n<p>\ud83d\udccc <strong>La Bible rend t\u00e9moignage \u00e0 la Parole<\/strong>, mais <strong>ne l\u2019\u00e9puise pas<\/strong>.<br>\ud83d\udccc Confondre le t\u00e9moignage avec la pl\u00e9nitude du Myst\u00e8re, c\u2019est le r\u00e9duire.<\/p>\n\n\n\n<hr class=\"wp-block-separator has-alpha-channel-opacity\"\/>\n\n\n\n<h2 class=\"wp-block-heading\">3. \u00c9criture et Tradition : deux formes ins\u00e9parables d\u2019une m\u00eame Parole<\/h2>\n\n\n\n<p>L\u2019\u00c9glise enseigne avec une clart\u00e9 absolue \u2014et ici il n\u2019y a aucune ambigu\u00eft\u00e9\u2014 que :<\/p>\n\n\n\n<blockquote class=\"wp-block-quote is-layout-flow wp-block-quote-is-layout-flow\">\n<p><strong>La Parole de Dieu est contenue dans la Sainte \u00c9criture et dans la Sainte Tradition.<\/strong><\/p>\n<\/blockquote>\n\n\n\n<p>Ce n\u2019est pas une \u00ab opinion catholique \u00bb.<br>C\u2019est la doctrine solennelle du concile Vatican II :<\/p>\n\n\n\n<blockquote class=\"wp-block-quote is-layout-flow wp-block-quote-is-layout-flow\">\n<p><em>\u00ab La sainte Tradition et la Sainte \u00c9criture constituent un unique d\u00e9p\u00f4t sacr\u00e9 de la Parole de Dieu confi\u00e9 \u00e0 l\u2019\u00c9glise \u00bb<\/em><br>(<em>Dei Verbum<\/em>, 10)<\/p>\n<\/blockquote>\n\n\n\n<h3 class=\"wp-block-heading\">Qu\u2019est-ce que la Sainte Tradition ?<\/h3>\n\n\n\n<p>Ce ne sont pas des \u00ab coutumes anciennes \u00bb ni des \u00ab ajouts humains \u00bb.<\/p>\n\n\n\n<p>La Tradition est :<\/p>\n\n\n\n<ul class=\"wp-block-list\">\n<li><strong>L\u2019enseignement vivant des Ap\u00f4tres<\/strong><\/li>\n\n\n\n<li>Transmis <strong>oralement<\/strong>, <strong>liturgiquement<\/strong>, <strong>doctrinalement<\/strong><\/li>\n\n\n\n<li>Avant, pendant et apr\u00e8s la r\u00e9daction des textes bibliques<\/li>\n<\/ul>\n\n\n\n<p>\ud83d\udcd6 <strong>La Bible est n\u00e9e au sein de la Tradition<\/strong>, et non l\u2019inverse.<\/p>\n\n\n\n<hr class=\"wp-block-separator has-alpha-channel-opacity\"\/>\n\n\n\n<h2 class=\"wp-block-heading\">4. Un fait d\u00e9rangeant : l\u2019\u00c9glise a exist\u00e9 des si\u00e8cles sans la \u00ab Bible \u00bb telle que nous la connaissons<\/h2>\n\n\n\n<p>Pendant les <strong>trois premiers si\u00e8cles<\/strong>, la majorit\u00e9 des chr\u00e9tiens :<\/p>\n\n\n\n<ul class=\"wp-block-list\">\n<li>Ne savaient pas lire<\/li>\n\n\n\n<li>N\u2019avaient pas acc\u00e8s aux textes<\/li>\n\n\n\n<li>Ne disposaient pas d\u2019un \u00ab Nouveau Testament \u00bb d\u00e9fini<\/li>\n<\/ul>\n\n\n\n<p>Comment vivaient-ils alors la foi ?<\/p>\n\n\n\n<p>\u2714 En \u00e9coutant la pr\u00e9dication apostolique<br>\u2714 En participant \u00e0 la liturgie<br>\u2714 En recevant les sacrements<br>\u2714 En vivant selon la Tradition re\u00e7ue<\/p>\n\n\n\n<p>\ud83d\udc49 <strong>La foi ne d\u00e9pendait pas d\u2019un livre personnel<\/strong>, mais d\u2019une <strong>\u00c9glise vivante<\/strong>.<\/p>\n\n\n\n<hr class=\"wp-block-separator has-alpha-channel-opacity\"\/>\n\n\n\n<h2 class=\"wp-block-heading\">5. Qui a d\u00e9cid\u00e9 quels livres composent la Bible ?<\/h2>\n\n\n\n<p>Une question cl\u00e9.<\/p>\n\n\n\n<p>\ud83d\udccc <strong>La Bible n\u2019est pas tomb\u00e9e du ciel d\u00e9j\u00e0 reli\u00e9e.<\/strong><br>\ud83d\udccc C\u2019est l\u2019\u00c9glise qui, guid\u00e9e par l\u2019Esprit Saint, <strong>a discern\u00e9 le canon<\/strong>.<\/p>\n\n\n\n<p>Les conciles d\u2019Hippone (393) et de Carthage (397) ont fix\u00e9 le canon biblique utilis\u00e9 aujourd\u2019hui par les catholiques.<\/p>\n\n\n\n<p>\ud83d\udc49 Sans la Tradition et le Magist\u00e8re, <strong>nous ne saurions pas ce qui est \u00c9criture et ce qui ne l\u2019est pas<\/strong>.<\/p>\n\n\n\n<hr class=\"wp-block-separator has-alpha-channel-opacity\"\/>\n\n\n\n<h2 class=\"wp-block-heading\">6. R\u00e9duire la Parole de Dieu \u00e0 la Bible : un concept protestant<\/h2>\n\n\n\n<p>L\u2019id\u00e9e selon laquelle :<\/p>\n\n\n\n<blockquote class=\"wp-block-quote is-layout-flow wp-block-quote-is-layout-flow\">\n<p>\u00ab La Bible est l\u2019unique Parole de Dieu et la seule autorit\u00e9 \u00bb<\/p>\n<\/blockquote>\n\n\n\n<p>est le principe de la <strong>\u00ab Sola Scriptura \u00bb<\/strong>, formul\u00e9 lors de la R\u00e9forme protestante du XVI\u1d49 si\u00e8cle.<\/p>\n\n\n\n<h3 class=\"wp-block-heading\">Quel est le probl\u00e8me ?<\/h3>\n\n\n\n<ol class=\"wp-block-list\">\n<li><strong>La Bible n\u2019enseigne jamais la \u201cSola Scriptura\u201d<\/strong><\/li>\n\n\n\n<li>L\u2019interpr\u00e9tation est laiss\u00e9e <strong>au jugement individuel<\/strong><\/li>\n\n\n\n<li>La foi se fragmente en des milliers de lectures contradictoires<\/li>\n<\/ol>\n\n\n\n<p>\ud83d\udcc9 R\u00e9sultat : divisions, confusion doctrinale, foi subjective.<\/p>\n\n\n\n<p>La foi catholique, au contraire, repose sur un <strong>tr\u00e9pied ins\u00e9parable<\/strong> :<\/p>\n\n\n\n<ul class=\"wp-block-list\">\n<li><strong>La Sainte \u00c9criture<\/strong><\/li>\n\n\n\n<li><strong>La Sainte Tradition<\/strong><\/li>\n\n\n\n<li><strong>Le Magist\u00e8re de l\u2019\u00c9glise<\/strong><\/li>\n<\/ul>\n\n\n\n<hr class=\"wp-block-separator has-alpha-channel-opacity\"\/>\n\n\n\n<h2 class=\"wp-block-heading\">7. La Parole de Dieu continue de parler aujourd\u2019hui<\/h2>\n\n\n\n<p>Dieu n\u2019est pas un auteur \u00e0 la retraite.<\/p>\n\n\n\n<p>\ud83d\udc49 <strong>La Parole de Dieu est vivante et efficace<\/strong> (cf. H\u00e9breux 4,12).<\/p>\n\n\n\n<p>Elle parle aujourd\u2019hui :<\/p>\n\n\n\n<ul class=\"wp-block-list\">\n<li>Dans la <strong>liturgie<\/strong>, surtout dans l\u2019Eucharistie<\/li>\n\n\n\n<li>Dans le <strong>Magist\u00e8re authentique<\/strong><\/li>\n\n\n\n<li>Dans la <strong>vie des saints<\/strong><\/li>\n\n\n\n<li>Dans le discernement de l\u2019\u00c9glise<\/li>\n<\/ul>\n\n\n\n<p>\ud83d\udccc <strong>Lorsque l\u2019\u00c9glise enseigne fid\u00e8lement, le Christ continue de parler.<\/strong><\/p>\n\n\n\n<hr class=\"wp-block-separator has-alpha-channel-opacity\"\/>\n\n\n\n<h2 class=\"wp-block-heading\">8. Guide pratique th\u00e9ologique et pastoral<\/h2>\n\n\n\n<h3 class=\"wp-block-heading\">Comment vivre pleinement la Parole de Dieu (et pas seulement en lisant la Bible)<\/h3>\n\n\n\n<h3 class=\"wp-block-heading\">1. Lire la Bible <em>dans<\/em> l\u2019\u00c9glise<\/h3>\n\n\n\n<p>Non comme un livre isol\u00e9, mais :<\/p>\n\n\n\n<ul class=\"wp-block-list\">\n<li>Avec les P\u00e8res de l\u2019\u00c9glise<\/li>\n\n\n\n<li>Avec le Cat\u00e9chisme<\/li>\n\n\n\n<li>Avec la liturgie<\/li>\n<\/ul>\n\n\n\n<h3 class=\"wp-block-heading\">2. \u00c9couter la Parole \u00e0 la Messe<\/h3>\n\n\n\n<p>La Parole proclam\u00e9e <strong>n\u2019est pas une lecture priv\u00e9e<\/strong>, mais un <strong>acte sacramentel<\/strong>.<\/p>\n\n\n\n<p>\ud83d\udc49 Le Christ parle <strong>\u00e0 son \u00c9glise rassembl\u00e9e<\/strong>.<\/p>\n\n\n\n<h3 class=\"wp-block-heading\">3. Se former dans la Tradition<\/h3>\n\n\n\n<ul class=\"wp-block-list\">\n<li>Conna\u00eetre les conciles<\/li>\n\n\n\n<li>Lire les saints<\/li>\n\n\n\n<li>\u00c9tudier le Magist\u00e8re<\/li>\n<\/ul>\n\n\n\n<p>Cela <strong>ne diminue pas la libert\u00e9<\/strong>, cela donne des racines.<\/p>\n\n\n\n<h3 class=\"wp-block-heading\">4. \u00c9viter le biblicisme<\/h3>\n\n\n\n<p>Tout verset ne s\u2019interpr\u00e8te pas de mani\u00e8re litt\u00e9rale ni isol\u00e9e.<\/p>\n\n\n\n<p>\ud83d\udccc La Bible <strong>s\u2019interpr\u00e8te avec la Bible<\/strong>, mais <strong>\u00e0 partir de la foi de l\u2019\u00c9glise<\/strong>.<\/p>\n\n\n\n<h3 class=\"wp-block-heading\">5. Vivre la Parole<\/h3>\n\n\n\n<p>La Parole ne se contente pas d\u2019\u00eatre m\u00e9moris\u00e9e :<\/p>\n\n\n\n<ul class=\"wp-block-list\">\n<li>Elle est <strong>ob\u00e9ie<\/strong><\/li>\n\n\n\n<li>Elle est <strong>c\u00e9l\u00e9br\u00e9e<\/strong><\/li>\n\n\n\n<li>Elle est <strong>incarn\u00e9e<\/strong><\/li>\n<\/ul>\n\n\n\n<hr class=\"wp-block-separator has-alpha-channel-opacity\"\/>\n\n\n\n<h2 class=\"wp-block-heading\">9. Une foi plus grande qu\u2019un livre<\/h2>\n\n\n\n<p>Aimer la Bible est essentiel.<br>R\u00e9duire la foi \u00e0 la seule Bible, c\u2019est l\u2019appauvrir.<\/p>\n\n\n\n<p>La Parole de Dieu :<\/p>\n\n\n\n<ul class=\"wp-block-list\">\n<li>Est <strong>le Christ vivant<\/strong><\/li>\n\n\n\n<li>Transmise par <strong>la Tradition<\/strong><\/li>\n\n\n\n<li>Gard\u00e9e par <strong>l\u2019\u00c9glise<\/strong><\/li>\n\n\n\n<li>\u00c9clair\u00e9e par <strong>l\u2019\u00c9criture<\/strong><\/li>\n<\/ul>\n\n\n\n<p>Ou, comme le disait saint Augustin avec une lucidit\u00e9 saisissante :<\/p>\n\n\n\n<blockquote class=\"wp-block-quote is-layout-flow wp-block-quote-is-layout-flow\">\n<p><em>\u00ab Je ne croirais pas \u00e0 l\u2019\u00c9vangile si l\u2019autorit\u00e9 de l\u2019\u00c9glise catholique ne m\u2019y poussait pas. \u00bb<\/em><\/p>\n<\/blockquote>\n\n\n\n<hr class=\"wp-block-separator has-alpha-channel-opacity\"\/>\n\n\n\n<h2 class=\"wp-block-heading\">Conclusion : revenir \u00e0 la maison<\/h2>\n\n\n\n<p>Dans un monde fragment\u00e9, la foi catholique offre quelque chose de r\u00e9volutionnaire :<br><strong>une Parole vivante, compl\u00e8te, coh\u00e9rente, incarn\u00e9e dans une \u00c9glise concr\u00e8te<\/strong>.<\/p>\n\n\n\n<p>Ne te contente pas d\u2019un christianisme r\u00e9duit.<br>N\u2019emprisonne pas la voix de Dieu dans quelques pages.<\/p>\n\n\n\n<p>\ud83d\udcd6 <strong>Lis la Bible.<\/strong><br>\ud83d\udd4a <strong>\u00c9coute la Tradition.<\/strong><br>\u26ea <strong>Demeure dans l\u2019\u00c9glise.<\/strong><\/p>\n\n\n\n<p>L\u00e0 \u2014et seulement l\u00e0\u2014 <strong>la Parole de Dieu se r\u00e9v\u00e8le dans toute sa pl\u00e9nitude<\/strong>.<\/p>\n","protected":false},"excerpt":{"rendered":"<p>Pourquoi la r\u00e9duire \u00e0 la Bible appauvrit la foi et comment l\u2019\u00c9glise l\u2019a gard\u00e9e vivante pendant des si\u00e8cles Il existe des phrases qui paraissent tr\u00e8s pieuses, mais qui cachent une profonde confusion. L\u2019une des plus r\u00e9p\u00e9t\u00e9es aujourd\u2019hui est celle-ci : \u00ab La Parole de Dieu, c\u2019est la Bible. \u00bb Pour beaucoup de chr\u00e9tiens, cela semble &hellip;<\/p>\n","protected":false},"author":3,"featured_media":4950,"comment_status":"closed","ping_status":"closed","sticky":false,"template":"","format":"standard","meta":{"_seopress_robots_primary_cat":"","_seopress_titles_title":"","_seopress_titles_desc":"","_seopress_robots_index":"","footnotes":""},"categories":[37,45],"tags":[1647],"class_list":["post-4949","post","type-post","status-publish","format-standard","has-post-thumbnail","","category-doctrine-et-foi","category-saintes-ecritures","tag-parole-de-dieu"],"_links":{"self":[{"href":"https:\/\/catholicus.eu\/fr\/wp-json\/wp\/v2\/posts\/4949","targetHints":{"allow":["GET"]}}],"collection":[{"href":"https:\/\/catholicus.eu\/fr\/wp-json\/wp\/v2\/posts"}],"about":[{"href":"https:\/\/catholicus.eu\/fr\/wp-json\/wp\/v2\/types\/post"}],"author":[{"embeddable":true,"href":"https:\/\/catholicus.eu\/fr\/wp-json\/wp\/v2\/users\/3"}],"replies":[{"embeddable":true,"href":"https:\/\/catholicus.eu\/fr\/wp-json\/wp\/v2\/comments?post=4949"}],"version-history":[{"count":1,"href":"https:\/\/catholicus.eu\/fr\/wp-json\/wp\/v2\/posts\/4949\/revisions"}],"predecessor-version":[{"id":4951,"href":"https:\/\/catholicus.eu\/fr\/wp-json\/wp\/v2\/posts\/4949\/revisions\/4951"}],"wp:featuredmedia":[{"embeddable":true,"href":"https:\/\/catholicus.eu\/fr\/wp-json\/wp\/v2\/media\/4950"}],"wp:attachment":[{"href":"https:\/\/catholicus.eu\/fr\/wp-json\/wp\/v2\/media?parent=4949"}],"wp:term":[{"taxonomy":"category","embeddable":true,"href":"https:\/\/catholicus.eu\/fr\/wp-json\/wp\/v2\/categories?post=4949"},{"taxonomy":"post_tag","embeddable":true,"href":"https:\/\/catholicus.eu\/fr\/wp-json\/wp\/v2\/tags?post=4949"}],"curies":[{"name":"wp","href":"https:\/\/api.w.org\/{rel}","templated":true}]}}