{"id":4946,"date":"2026-01-30T09:53:23","date_gmt":"2026-01-30T08:53:23","guid":{"rendered":"https:\/\/catholicus.eu\/fr\/?p=4946"},"modified":"2026-01-30T09:53:23","modified_gmt":"2026-01-30T08:53:23","slug":"quand-dieu-met-de-lordre-dans-le-chaos-voluntas-ordinata-la-volonte-qui-donne-sens-a-ta-vie","status":"publish","type":"post","link":"https:\/\/catholicus.eu\/fr\/quand-dieu-met-de-lordre-dans-le-chaos-voluntas-ordinata-la-volonte-qui-donne-sens-a-ta-vie\/","title":{"rendered":"Quand Dieu met de l\u2019ordre dans le chaos : Voluntas Ordinata, la volont\u00e9 qui donne sens \u00e0 ta vie"},"content":{"rendered":"\n<p>Nous vivons \u00e0 une \u00e9poque marqu\u00e9e par la h\u00e2te, l\u2019improvisation et un sentiment constant de d\u00e9sordre int\u00e9rieur. Beaucoup de personnes ont l\u2019impression que leur vie est une succession d\u2019\u00e9v\u00e9nements sans fil conducteur : d\u00e9cisions prises \u00e0 moiti\u00e9, souffrances incomprises, r\u00e9ussites qui ne comblent pas et \u00e9checs qui d\u00e9routent. Dans ce contexte, la th\u00e9ologie catholique traditionnelle nous offre un concept aussi ancien qu\u2019actuel, aussi profond que lib\u00e9rateur : <strong>la <em>Voluntas Ordinata<\/em><\/strong>.<\/p>\n\n\n\n<p>Parler de <em>Voluntas Ordinata<\/em>, ce n\u2019est pas \u00e9voquer une id\u00e9e abstraite r\u00e9serv\u00e9e aux th\u00e9ologiens m\u00e9di\u00e9vaux. C\u2019est parler de <strong>la mani\u00e8re dont Dieu veut, agit et nous invite \u00e0 vivre<\/strong>. C\u2019est parler du fait que la volont\u00e9 divine n\u2019est pas capricieuse, mais sage ; non pas arbitraire, mais amoureusement ordonn\u00e9e vers le bien.<\/p>\n\n\n\n<p>Cet article cherche \u00e0 <strong>\u00e9duquer, inspirer et servir de guide spirituel<\/strong>, en t\u2019aidant \u00e0 d\u00e9couvrir comment la <em>Voluntas Ordinata<\/em> peut transformer ta mani\u00e8re de comprendre Dieu, la souffrance, la libert\u00e9 et la vie quotidienne.<\/p>\n\n\n\n<hr class=\"wp-block-separator has-alpha-channel-opacity\"\/>\n\n\n\n<h2 class=\"wp-block-heading\">1. Qu\u2019est-ce que la <em>Voluntas Ordinata<\/em> ? Une d\u00e9finition claire et accessible<\/h2>\n\n\n\n<p>Dans la th\u00e9ologie catholique, en particulier dans la tradition scolastique, on distingue :<\/p>\n\n\n\n<ul class=\"wp-block-list\">\n<li><strong>Voluntas Dei absoluta<\/strong> : ce que Dieu pourrait faire en vertu de son omnipotence.<\/li>\n\n\n\n<li><strong>Voluntas Dei ordinata<\/strong> (<em>Voluntas Ordinata<\/em>) : ce que Dieu <strong>veut faire et fait effectivement<\/strong>, selon un ordre sage et juste, coh\u00e9rent avec sa nature.<\/li>\n<\/ul>\n\n\n\n<p>\ud83d\udc49 <strong>La <em>Voluntas Ordinata<\/em> est la volont\u00e9 de Dieu telle qu\u2019Il l\u2019a librement dispos\u00e9e, ordonnant toutes choses vers leur fin ultime : le bien et le salut.<\/strong><\/p>\n\n\n\n<p>Dieu n\u2019agit pas au hasard. Il n\u2019improvise pas. Il ne contredit pas sa justice par sa mis\u00e9ricorde, ni sa puissance par son amour. Tout ce qu\u2019Il permet ou veut s\u2019inscrit dans un <strong>ordre divin<\/strong>, m\u00eame si cet ordre nous demeure souvent myst\u00e9rieux.<\/p>\n\n\n\n<p>Comme le dit l\u2019\u00c9criture :<\/p>\n\n\n\n<blockquote class=\"wp-block-quote is-layout-flow wp-block-quote-is-layout-flow\">\n<p><em>\u00ab Mais toi, tu as tout r\u00e9gl\u00e9 avec mesure, nombre et poids \u00bb<\/em><br>(Sagesse 11, 20)<\/p>\n<\/blockquote>\n\n\n\n<hr class=\"wp-block-separator has-alpha-channel-opacity\"\/>\n\n\n\n<h2 class=\"wp-block-heading\">2. Origines historiques du concept : la sagesse de la tradition<\/h2>\n\n\n\n<p>La notion de <em>Voluntas Ordinata<\/em> se d\u00e9veloppe avec une clart\u00e9 particuli\u00e8re dans la <strong>th\u00e9ologie m\u00e9di\u00e9vale<\/strong>, notamment chez des auteurs tels que :<\/p>\n\n\n\n<ul class=\"wp-block-list\">\n<li><strong>Saint Augustin<\/strong>, qui affirme que Dieu ne permet le mal que pour en tirer un bien plus grand.<\/li>\n\n\n\n<li><strong>Saint Thomas d\u2019Aquin<\/strong>, qui explique que Dieu agit toujours conform\u00e9ment \u00e0 la raison et \u00e0 l\u2019ordre qu\u2019Il a Lui-m\u00eame voulu.<\/li>\n\n\n\n<li><strong>La scolastique classique<\/strong>, qui distingue soigneusement entre ce que Dieu peut faire et ce qu\u2019Il a choisi d\u2019\u00e9tablir comme norme du monde.<\/li>\n<\/ul>\n\n\n\n<p>Pour saint Thomas, Dieu n\u2019est pas soumis \u00e0 un ordre ext\u00e9rieur, mais <strong>choisit librement un ordre<\/strong>, et une fois cet ordre choisi, Il agit fid\u00e8lement en son sein. Cela nous permet de faire confiance : <strong>Dieu ne se contredit pas<\/strong>, Il ne change pas d\u2019humeur, Il ne joue pas avec nos vies.<\/p>\n\n\n\n<hr class=\"wp-block-separator has-alpha-channel-opacity\"\/>\n\n\n\n<h2 class=\"wp-block-heading\">3. <em>Voluntas Ordinata<\/em> et Providence : Dieu n\u2019abandonne pas son \u0153uvre<\/h2>\n\n\n\n<p>L\u2019un des grands fruits spirituels de ce concept est une compr\u00e9hension profonde de la <strong>Providence divine<\/strong>.<\/p>\n\n\n\n<p>Croire \u00e0 la <em>Voluntas Ordinata<\/em>, c\u2019est croire que :<\/p>\n\n\n\n<ul class=\"wp-block-list\">\n<li>Rien ne se produit en dehors de la connaissance de Dieu.<\/li>\n\n\n\n<li>Rien n\u2019\u00e9chappe \u00e0 son gouvernement aimant.<\/li>\n\n\n\n<li>M\u00eame ce qu\u2019Il ne veut pas directement (le p\u00e9ch\u00e9, le mal), Il le <strong>permet<\/strong> dans un dessein plus vaste.<\/li>\n<\/ul>\n\n\n\n<p>Saint Paul l\u2019exprime par une phrase qui a soutenu des g\u00e9n\u00e9rations de chr\u00e9tiens :<\/p>\n\n\n\n<blockquote class=\"wp-block-quote is-layout-flow wp-block-quote-is-layout-flow\">\n<p><em>\u00ab Nous savons que tout concourt au bien de ceux qui aiment Dieu \u00bb<\/em><br>(Romains 8, 28)<\/p>\n<\/blockquote>\n\n\n\n<p>Ce n\u2019est ni de la na\u00efvet\u00e9 ni un d\u00e9ni de la souffrance. C\u2019est une <strong>foi m\u00fbre<\/strong>, capable de regarder l\u2019histoire \u2014 personnelle et collective \u2014 avec une esp\u00e9rance surnaturelle.<\/p>\n\n\n\n<hr class=\"wp-block-separator has-alpha-channel-opacity\"\/>\n\n\n\n<h2 class=\"wp-block-heading\">4. Libert\u00e9 humaine et <em>Voluntas Ordinata<\/em> : sommes-nous des marionnettes ?<\/h2>\n\n\n\n<p>Une objection fr\u00e9quente est la suivante : <em>\u00ab Si tout est ordonn\u00e9 par Dieu, o\u00f9 reste ma libert\u00e9 ? \u00bb<\/em><\/p>\n\n\n\n<p>La r\u00e9ponse de la th\u00e9ologie catholique est claire et profond\u00e9ment humaine :<\/p>\n\n\n\n<p>\ud83d\udc49 <strong>La <em>Voluntas Ordinata<\/em> n\u2019annule pas la libert\u00e9 ; elle la rend possible et f\u00e9conde.<\/strong><\/p>\n\n\n\n<p>Dieu, dans son ordre, a voulu que l\u2019\u00eatre humain soit <strong>v\u00e9ritablement libre<\/strong>. Notre libert\u00e9 n\u2019est pas une menace pour Dieu, mais une partie de son dessein. Il sait int\u00e9grer nos d\u00e9cisions \u2014 m\u00eame erron\u00e9es \u2014 dans son projet de salut.<\/p>\n\n\n\n<p>Cela nous lib\u00e8re de deux erreurs tr\u00e8s actuelles :<\/p>\n\n\n\n<ul class=\"wp-block-list\">\n<li>Le <strong>fatalisme<\/strong> (\u00ab tout se vaut, tout est d\u00e9j\u00e0 d\u00e9cid\u00e9 \u00bb).<\/li>\n\n\n\n<li>Le <strong>volontarisme absolu<\/strong> (\u00ab je d\u00e9cide de tout, Dieu ne compte pas \u00bb).<\/li>\n<\/ul>\n\n\n\n<p>La foi catholique propose un chemin plus \u00e9lev\u00e9 : <strong>une libert\u00e9 humaine r\u00e9elle au sein d\u2019un ordre divin plein de sens<\/strong>.<\/p>\n\n\n\n<hr class=\"wp-block-separator has-alpha-channel-opacity\"\/>\n\n\n\n<h2 class=\"wp-block-heading\">5. Pertinence actuelle : la <em>Voluntas Ordinata<\/em> dans un monde d\u00e9sordonn\u00e9<\/h2>\n\n\n\n<p>Aujourd\u2019hui, nous vivons une profonde crise de l\u2019ordre :<\/p>\n\n\n\n<ul class=\"wp-block-list\">\n<li>Confusion morale.<\/li>\n\n\n\n<li>Relativisme.<\/li>\n\n\n\n<li>Rejet de toute autorit\u00e9.<\/li>\n\n\n\n<li>Peur de la souffrance et de la croix.<\/li>\n<\/ul>\n\n\n\n<p>Dans ce contexte, la <em>Voluntas Ordinata<\/em> est un <strong>antidote spirituel<\/strong>. Elle nous rappelle que :<\/p>\n\n\n\n<ul class=\"wp-block-list\">\n<li>L\u2019ordre n\u2019opprime pas, <strong>il lib\u00e8re<\/strong>.<\/li>\n\n\n\n<li>L\u2019ob\u00e9issance \u00e0 Dieu n\u2019humilie pas, <strong>elle ennoblit<\/strong>.<\/li>\n\n\n\n<li>Accepter la volont\u00e9 divine n\u2019est pas une r\u00e9signation, mais une <strong>confiance active<\/strong>.<\/li>\n<\/ul>\n\n\n\n<p>Le Christ Lui-m\u00eame est le mod\u00e8le supr\u00eame de la <em>Voluntas Ordinata<\/em> v\u00e9cue :<\/p>\n\n\n\n<blockquote class=\"wp-block-quote is-layout-flow wp-block-quote-is-layout-flow\">\n<p><em>\u00ab Non pas ma volont\u00e9, mais la tienne \u00bb<\/em><br>(Luc 22, 42)<\/p>\n<\/blockquote>\n\n\n\n<p>Sur la croix, le chaos apparent devient l\u2019\u0153uvre la plus parfaite de l\u2019ordre salvifique de Dieu.<\/p>\n\n\n\n<hr class=\"wp-block-separator has-alpha-channel-opacity\"\/>\n\n\n\n<h2 class=\"wp-block-heading\">6. Guide pratique : vivre selon la <em>Voluntas Ordinata<\/em> aujourd\u2019hui<\/h2>\n\n\n\n<h3 class=\"wp-block-heading\">1. <strong>Former sa conscience<\/strong><\/h3>\n\n\n\n<p>D\u2019un point de vue th\u00e9ologique et pastoral, on ne peut pas vivre la volont\u00e9 de Dieu sans la conna\u00eetre.<\/p>\n\n\n\n<ul class=\"wp-block-list\">\n<li>\u00c9tudier l\u2019\u00c9vangile.<\/li>\n\n\n\n<li>Conna\u00eetre la doctrine de l\u2019\u00c9glise.<\/li>\n\n\n\n<li>Fuir le \u00ab Dieu \u00e0 ma mesure \u00bb.<\/li>\n<\/ul>\n\n\n\n<p>\ud83d\udc49 La <em>Voluntas Ordinata<\/em> ne contredit jamais la loi morale.<\/p>\n\n\n\n<hr class=\"wp-block-separator has-alpha-channel-opacity\"\/>\n\n\n\n<h3 class=\"wp-block-heading\">2. <strong>Accepter ce que l\u2019on ne contr\u00f4le pas<\/strong><\/h3>\n\n\n\n<p>Tout ce qui arrive n\u2019est pas directement voulu par Dieu, mais <strong>tout peut \u00eatre offert et rachet\u00e9<\/strong>.<\/p>\n\n\n\n<ul class=\"wp-block-list\">\n<li>La maladie.<\/li>\n\n\n\n<li>Les \u00e9checs.<\/li>\n\n\n\n<li>Les injustices subies.<\/li>\n<\/ul>\n\n\n\n<p>Sur le plan pastoral, cela ne signifie pas dire \u00e0 quelqu\u2019un que \u00ab Dieu a voulu sa souffrance \u00bb, mais l\u2019aider \u00e0 d\u00e9couvrir que <strong>Dieu ne l\u2019abandonne pas en elle<\/strong>.<\/p>\n\n\n\n<hr class=\"wp-block-separator has-alpha-channel-opacity\"\/>\n\n\n\n<h3 class=\"wp-block-heading\">3. <strong>Discerner avant de d\u00e9cider<\/strong><\/h3>\n\n\n\n<p>La volont\u00e9 de Dieu ne se devine pas ; elle se discerne :<\/p>\n\n\n\n<ul class=\"wp-block-list\">\n<li>Pri\u00e8re sinc\u00e8re.<\/li>\n\n\n\n<li>Conseil spirituel.<\/li>\n\n\n\n<li>Paix int\u00e9rieure compatible avec la v\u00e9rit\u00e9.<\/li>\n<\/ul>\n\n\n\n<p>La <em>Voluntas Ordinata<\/em> ne crie pas habituellement ; <strong>elle met doucement de l\u2019ordre dans le c\u0153ur<\/strong>.<\/p>\n\n\n\n<hr class=\"wp-block-separator has-alpha-channel-opacity\"\/>\n\n\n\n<h3 class=\"wp-block-heading\">4. <strong>Unir la volont\u00e9 et la croix<\/strong><\/h3>\n\n\n\n<p>Il n\u2019y a pas de vie chr\u00e9tienne sans la croix. La diff\u00e9rence r\u00e9side dans <strong>la mani\u00e8re de la vivre<\/strong>.<\/p>\n\n\n\n<ul class=\"wp-block-list\">\n<li>R\u00e9sister engendre l\u2019amertume.<\/li>\n\n\n\n<li>Offrir engendre la f\u00e9condit\u00e9 spirituelle.<\/li>\n<\/ul>\n\n\n\n<p>Ici, la <em>Voluntas Ordinata<\/em> devient un chemin de sanctification r\u00e9elle, et non id\u00e9alis\u00e9e.<\/p>\n\n\n\n<hr class=\"wp-block-separator has-alpha-channel-opacity\"\/>\n\n\n\n<h3 class=\"wp-block-heading\">5. <strong>Faire confiance m\u00eame quand on ne comprend pas<\/strong><\/h3>\n\n\n\n<p>La foi m\u00fbre n\u2019exige pas d\u2019explications imm\u00e9diates.<\/p>\n\n\n\n<ul class=\"wp-block-list\">\n<li>Faire confiance aujourd\u2019hui.<\/li>\n\n\n\n<li>Comprendre plus tard.<\/li>\n\n\n\n<li>Ou peut-\u00eatre dans l\u2019\u00e9ternit\u00e9.<\/li>\n<\/ul>\n\n\n\n<p>Comme l\u2019enseigne la tradition : <em>Dieu voit la tapisserie enti\u00e8re ; nous n\u2019en voyons que l\u2019envers.<\/em><\/p>\n\n\n\n<hr class=\"wp-block-separator has-alpha-channel-opacity\"\/>\n\n\n\n<h2 class=\"wp-block-heading\">7. Conclusion : le repos de l\u2019\u00e2me dans l\u2019ordre de Dieu<\/h2>\n\n\n\n<p>La <em>Voluntas Ordinata<\/em> n\u2019est pas une prison spirituelle, mais <strong>un refuge<\/strong>. Dans un monde qui glorifie l\u2019improvisation et l\u2019ego, red\u00e9couvrir l\u2019ordre aimant de Dieu est une v\u00e9ritable r\u00e9volution int\u00e9rieure.<\/p>\n\n\n\n<p>Accepter la <em>Voluntas Ordinata<\/em>, c\u2019est dire :<\/p>\n\n\n\n<ul class=\"wp-block-list\">\n<li>\u00ab Tout ne d\u00e9pend pas de moi. \u00bb<\/li>\n\n\n\n<li>\u00ab Ma vie a un sens plus grand. \u00bb<\/li>\n\n\n\n<li>\u00ab Dieu sait ce qu\u2019Il fait, m\u00eame quand je ne le comprends pas. \u00bb<\/li>\n<\/ul>\n\n\n\n<p>Et l\u00e0, pr\u00e9cis\u00e9ment l\u00e0, le c\u0153ur trouve le repos.<\/p>\n\n\n\n<p>Car lorsque la volont\u00e9 humaine s\u2019aligne sur la volont\u00e9 ordonn\u00e9e de Dieu, <strong>le chaos int\u00e9rieur se transforme en paix<\/strong>, et la vie \u2014 avec toutes ses lumi\u00e8res et ses ombres \u2014 commence \u00e0 avoir un go\u00fbt d\u2019\u00e9ternit\u00e9.<\/p>\n","protected":false},"excerpt":{"rendered":"<p>Nous vivons \u00e0 une \u00e9poque marqu\u00e9e par la h\u00e2te, l\u2019improvisation et un sentiment constant de d\u00e9sordre int\u00e9rieur. Beaucoup de personnes ont l\u2019impression que leur vie est une succession d\u2019\u00e9v\u00e9nements sans fil conducteur : d\u00e9cisions prises \u00e0 moiti\u00e9, souffrances incomprises, r\u00e9ussites qui ne comblent pas et \u00e9checs qui d\u00e9routent. Dans ce contexte, la th\u00e9ologie catholique traditionnelle &hellip;<\/p>\n","protected":false},"author":3,"featured_media":4947,"comment_status":"closed","ping_status":"closed","sticky":false,"template":"","format":"standard","meta":{"_seopress_robots_primary_cat":"","_seopress_titles_title":"","_seopress_titles_desc":"","_seopress_robots_index":"","footnotes":""},"categories":[40,58],"tags":[1646],"class_list":["post-4946","post","type-post","status-publish","format-standard","has-post-thumbnail","","category-priere-et-spiritualite","category-priere-et-vie-spirituelle","tag-voluntas-ordinata"],"_links":{"self":[{"href":"https:\/\/catholicus.eu\/fr\/wp-json\/wp\/v2\/posts\/4946","targetHints":{"allow":["GET"]}}],"collection":[{"href":"https:\/\/catholicus.eu\/fr\/wp-json\/wp\/v2\/posts"}],"about":[{"href":"https:\/\/catholicus.eu\/fr\/wp-json\/wp\/v2\/types\/post"}],"author":[{"embeddable":true,"href":"https:\/\/catholicus.eu\/fr\/wp-json\/wp\/v2\/users\/3"}],"replies":[{"embeddable":true,"href":"https:\/\/catholicus.eu\/fr\/wp-json\/wp\/v2\/comments?post=4946"}],"version-history":[{"count":1,"href":"https:\/\/catholicus.eu\/fr\/wp-json\/wp\/v2\/posts\/4946\/revisions"}],"predecessor-version":[{"id":4948,"href":"https:\/\/catholicus.eu\/fr\/wp-json\/wp\/v2\/posts\/4946\/revisions\/4948"}],"wp:featuredmedia":[{"embeddable":true,"href":"https:\/\/catholicus.eu\/fr\/wp-json\/wp\/v2\/media\/4947"}],"wp:attachment":[{"href":"https:\/\/catholicus.eu\/fr\/wp-json\/wp\/v2\/media?parent=4946"}],"wp:term":[{"taxonomy":"category","embeddable":true,"href":"https:\/\/catholicus.eu\/fr\/wp-json\/wp\/v2\/categories?post=4946"},{"taxonomy":"post_tag","embeddable":true,"href":"https:\/\/catholicus.eu\/fr\/wp-json\/wp\/v2\/tags?post=4946"}],"curies":[{"name":"wp","href":"https:\/\/api.w.org\/{rel}","templated":true}]}}