{"id":4937,"date":"2026-01-29T21:37:03","date_gmt":"2026-01-29T20:37:03","guid":{"rendered":"https:\/\/catholicus.eu\/fr\/?p=4937"},"modified":"2026-01-29T21:37:03","modified_gmt":"2026-01-29T20:37:03","slug":"guy-fawkes-entre-la-foi-persecutee-et-la-resistance-catholique","status":"publish","type":"post","link":"https:\/\/catholicus.eu\/fr\/guy-fawkes-entre-la-foi-persecutee-et-la-resistance-catholique\/","title":{"rendered":"GUY FAWKES : ENTRE LA FOI PERS\u00c9CUT\u00c9E ET LA R\u00c9SISTANCE CATHOLIQUE"},"content":{"rendered":"\n<p><strong>Quand la conscience ne se rend pas, pas m\u00eame face \u00e0 l\u2019Empire<\/strong><\/p>\n\n\n\n<hr class=\"wp-block-separator has-alpha-channel-opacity\"\/>\n\n\n\n<p>Parler de <strong>Guy Fawkes<\/strong> aujourd\u2019hui \u00e9voque g\u00e9n\u00e9ralement des masques, des manifestations de rue et des slogans antisyst\u00e8me. Mais r\u00e9duire sa figure \u00e0 une ic\u00f4ne pop moderne constitue une grave injustice historique\u2026 et aussi spirituelle. Derri\u00e8re le visage stylis\u00e9 qui circule aujourd\u2019hui sur les banderoles et les r\u00e9seaux sociaux se trouve un <strong>catholique pers\u00e9cut\u00e9<\/strong>, un homme form\u00e9 dans la foi traditionnelle, qui a v\u00e9cu \u00e0 une \u00e9poque o\u00f9 <strong>rester fid\u00e8le au Christ et \u00e0 l\u2019\u00c9glise pouvait co\u00fbter la vie<\/strong>.<\/p>\n\n\n\n<p>Cet article n\u2019a pas pour but de glorifier la violence ni de justifier des actes condamnables, mais de <strong>comprendre<\/strong>, <strong>discerner<\/strong> et <strong>apprendre spirituellement<\/strong> d\u2019un \u00e9pisode historique complexe, riche en lumi\u00e8res et en ombres. Car m\u00eame au c\u0153ur de l\u2019erreur humaine, l\u2019histoire peut devenir une <strong>\u00e9ducatrice de la conscience<\/strong>.<\/p>\n\n\n\n<hr class=\"wp-block-separator has-alpha-channel-opacity\"\/>\n\n\n\n<h2 class=\"wp-block-heading\">1. L\u2019Angleterre : quand \u00eatre catholique \u00e9tait un crime<\/h2>\n\n\n\n<p>Pour comprendre Guy Fawkes, il faut le replacer dans l\u2019<strong>Angleterre post-r\u00e9forme<\/strong>, apr\u00e8s le schisme initi\u00e9 par Henri VIII et consolid\u00e9 sous \u00c9lisabeth Ire et Jacques Ier. \u00c0 la fin du XVI\u1d49 et au d\u00e9but du XVII\u1d49 si\u00e8cle :<\/p>\n\n\n\n<ul class=\"wp-block-list\">\n<li>La c\u00e9l\u00e9bration de la messe \u00e9tait ill\u00e9gale<\/li>\n\n\n\n<li>Les pr\u00eatres \u00e9taient pers\u00e9cut\u00e9s, emprisonn\u00e9s et ex\u00e9cut\u00e9s<\/li>\n\n\n\n<li>Les catholiques fid\u00e8les \u00e0 Rome \u00e9taient condamn\u00e9s \u00e0 des amendes, d\u00e9pouill\u00e9s de leurs biens ou condamn\u00e9s \u00e0 mort<\/li>\n\n\n\n<li>La foi catholique \u00e9tait consid\u00e9r\u00e9e comme une <strong>trahison envers l\u2019\u00c9tat<\/strong><\/li>\n<\/ul>\n\n\n\n<p>Il ne s\u2019agissait pas seulement d\u2019un conflit th\u00e9ologique : c\u2019\u00e9tait une <strong>pers\u00e9cution religieuse syst\u00e9matique<\/strong>. Dans ce contexte, de nombreux catholiques vivaient leur foi <strong>dans la clandestinit\u00e9<\/strong>, comme aux premiers si\u00e8cles du christianisme.<\/p>\n\n\n\n<blockquote class=\"wp-block-quote is-layout-flow wp-block-quote-is-layout-flow\">\n<p><em>\u00ab Si le monde vous hait, sachez qu\u2019il m\u2019a ha\u00ef avant vous \u00bb<\/em><br>(Jn 15,18)<\/p>\n<\/blockquote>\n\n\n\n<hr class=\"wp-block-separator has-alpha-channel-opacity\"\/>\n\n\n\n<h2 class=\"wp-block-heading\">2. Qui \u00e9tait vraiment Guy Fawkes ?<\/h2>\n\n\n\n<p>Guy Fawkes (1570\u20131606) naquit \u00e0 York, dans une famille qui, apr\u00e8s la mort de son p\u00e8re, se rapprocha fortement du catholicisme. Converti pleinement \u00e0 la foi catholique, Fawkes grandit dans un climat de <strong>r\u00e9sistance spirituelle<\/strong>.<\/p>\n\n\n\n<p>Il ne fut pas un agitateur improvis\u00e9. Il \u00e9tait :<\/p>\n\n\n\n<ul class=\"wp-block-list\">\n<li>Un homme <strong>intellectuellement form\u00e9<\/strong><\/li>\n\n\n\n<li>Un soldat professionnel<\/li>\n\n\n\n<li>Un catholique convaincu qui voyait sa foi pi\u00e9tin\u00e9e par le pouvoir politique<\/li>\n<\/ul>\n\n\n\n<p>Face \u00e0 l\u2019impossibilit\u00e9 de vivre librement sa foi, Guy Fawkes prit une d\u00e9cision d\u00e9terminante : <strong>partir combattre en Flandre, sous la banni\u00e8re espagnole<\/strong>.<\/p>\n\n\n\n<hr class=\"wp-block-separator has-alpha-channel-opacity\"\/>\n\n\n\n<h2 class=\"wp-block-heading\">3. Guy Fawkes et les Tercios espagnols : foi, discipline et honneur<\/h2>\n\n\n\n<p>Ce point est fondamental et rarement expliqu\u00e9 avec rigueur.<\/p>\n\n\n\n<p>Guy Fawkes <strong>servit dans les Tercios espagnols<\/strong>, l\u2019arm\u00e9e la plus redout\u00e9e et la plus disciplin\u00e9e d\u2019Europe, non pour des raisons nationalistes, mais <strong>religieuses<\/strong>. Les Tercios n\u2019\u00e9taient pas seulement une force militaire : ils furent, bien souvent, des <strong>d\u00e9fenseurs de la chr\u00e9tient\u00e9<\/strong> face \u00e0 l\u2019avanc\u00e9e protestante.<\/p>\n\n\n\n<p>C\u2019est l\u00e0 que Fawkes apprit :<\/p>\n\n\n\n<ul class=\"wp-block-list\">\n<li>La discipline<\/li>\n\n\n\n<li>Le sacrifice<\/li>\n\n\n\n<li>L\u2019ob\u00e9issance<\/li>\n\n\n\n<li>Le sens de combattre pour quelque chose qui d\u00e9passe sa propre vie<\/li>\n<\/ul>\n\n\n\n<p>Pour de nombreux catholiques anglais, l\u2019Espagne repr\u00e9sentait alors <strong>la derni\u00e8re grande puissance catholique<\/strong> capable de prot\u00e9ger la foi face \u00e0 l\u2019h\u00e9r\u00e9sie institutionnalis\u00e9e.<\/p>\n\n\n\n<p>C\u2019est ici que se forgea l\u2019esprit de r\u00e9sistance de Guy Fawkes :<br>non celui du chaos, mais celui d\u2019un <strong>soldat convaincu de d\u00e9fendre une cause juste<\/strong>.<\/p>\n\n\n\n<hr class=\"wp-block-separator has-alpha-channel-opacity\"\/>\n\n\n\n<h2 class=\"wp-block-heading\">4. La Conspiration des poudres : une erreur morale, non un acte de foi<\/h2>\n\n\n\n<p>La c\u00e9l\u00e8bre <em>Gunpowder Plot<\/em> (1605) visait \u00e0 faire exploser le Parlement anglais et \u00e0 \u00e9liminer le roi Jacques Ier. Guy Fawkes \u00e9tait charg\u00e9 de garder la poudre.<\/p>\n\n\n\n<p>Ici, une <strong>lecture th\u00e9ologique honn\u00eate<\/strong> est indispensable :<\/p>\n\n\n\n<ul class=\"wp-block-list\">\n<li>La <strong>fin<\/strong> (la libert\u00e9 religieuse) ne justifie pas des <strong>moyens intrins\u00e8quement mauvais<\/strong><\/li>\n\n\n\n<li>Le meurtre indiscrimin\u00e9 d\u2019innocents <strong>ne peut jamais \u00eatre moralement licite<\/strong><\/li>\n\n\n\n<li>La doctrine catholique <strong>rejette le terrorisme<\/strong>, m\u00eame en contexte de pers\u00e9cution<\/li>\n<\/ul>\n\n\n\n<p>L\u2019\u00c9glise enseigne clairement :<\/p>\n\n\n\n<blockquote class=\"wp-block-quote is-layout-flow wp-block-quote-is-layout-flow\">\n<p><em>\u00ab Et pourquoi ne ferions-nous pas le mal afin qu\u2019il en sorte du bien ? \u2014 comme certains nous en accusent calomnieusement. Leur condamnation est juste. \u00bb<\/em><br>(Rm 3,8)<\/p>\n<\/blockquote>\n\n\n\n<p>Guy Fawkes n\u2019est ni un martyr ni un saint. Il fut un homme de son temps, <strong>ardent dans la foi<\/strong>, mais <strong>\u00e9gar\u00e9 dans les moyens employ\u00e9s<\/strong>.<\/p>\n\n\n\n<p>Et c\u2019est pr\u00e9cis\u00e9ment pour cela que son histoire est si pr\u00e9cieuse : parce qu\u2019elle nous apprend \u00e0 <strong>discerner<\/strong>, et non \u00e0 id\u00e9aliser.<\/p>\n\n\n\n<hr class=\"wp-block-separator has-alpha-channel-opacity\"\/>\n\n\n\n<h2 class=\"wp-block-heading\">5. Du catholique pers\u00e9cut\u00e9 au symbole s\u00e9cularis\u00e9<\/h2>\n\n\n\n<p>La grande ironie de l\u2019histoire est la suivante :<br>Guy Fawkes, catholique traditionnel, est aujourd\u2019hui utilis\u00e9 comme symbole par des mouvements <strong>anticr\u00e9tiens, relativistes, voire anticl\u00e9ricaux<\/strong>.<\/p>\n\n\n\n<p>Le c\u00e9l\u00e8bre masque popularis\u00e9 par <em>V for Vendetta<\/em> a vid\u00e9 sa figure de ses racines spirituelles. Le syst\u00e8me a ainsi accompli ce qu\u2019il cherche toujours \u00e0 faire : <strong>d\u00e9pouiller la r\u00e9sistance de sa dimension transcendante<\/strong>, pour la r\u00e9duire \u00e0 un simple geste esth\u00e9tique.<\/p>\n\n\n\n<p>Il y a l\u00e0 une le\u00e7on profonde pour les chr\u00e9tiens d\u2019aujourd\u2019hui.<\/p>\n\n\n\n<hr class=\"wp-block-separator has-alpha-channel-opacity\"\/>\n\n\n\n<h2 class=\"wp-block-heading\">6. Application th\u00e9ologique actuelle : comment r\u00e9sister sans trahir la foi<\/h2>\n\n\n\n<p>Aujourd\u2019hui, nous ne vivons pas (du moins en Occident) des pers\u00e9cutions sanglantes comme celles du XVII\u1d49 si\u00e8cle, mais nous subissons une <strong>pers\u00e9cution culturelle et morale<\/strong> :<\/p>\n\n\n\n<ul class=\"wp-block-list\">\n<li>Ridiculisation de la foi<\/li>\n\n\n\n<li>Lois contraires \u00e0 la loi naturelle<\/li>\n\n\n\n<li>Pressions visant \u00e0 faire taire la conscience chr\u00e9tienne<\/li>\n<\/ul>\n\n\n\n<p>La question n\u2019est pas de savoir s\u2019il faut r\u00e9sister, mais <strong>comment<\/strong>.<\/p>\n\n\n\n<h3 class=\"wp-block-heading\">La v\u00e9ritable r\u00e9sistance chr\u00e9tienne :<\/h3>\n\n\n\n<p>\u2714\ufe0f Ne na\u00eet pas de la haine, mais de la v\u00e9rit\u00e9<br>\u2714\ufe0f N\u2019emploie pas la violence, mais la fid\u00e9lit\u00e9<br>\u2714\ufe0f Ne cherche pas \u00e0 d\u00e9truire, mais <strong>\u00e0 convertir et \u00e0 t\u00e9moigner<\/strong><\/p>\n\n\n\n<blockquote class=\"wp-block-quote is-layout-flow wp-block-quote-is-layout-flow\">\n<p><em>\u00ab Ne te laisse pas vaincre par le mal, mais sois vainqueur du mal par le bien \u00bb<\/em><br>(Rm 12,21)<\/p>\n<\/blockquote>\n\n\n\n<hr class=\"wp-block-separator has-alpha-channel-opacity\"\/>\n\n\n\n<h2 class=\"wp-block-heading\">7. Guide pratique th\u00e9ologique et pastoral : r\u00e9sister aujourd\u2019hui en catholique<\/h2>\n\n\n\n<h3 class=\"wp-block-heading\">1. Former sa conscience<\/h3>\n\n\n\n<p>Un catholique sans formation est un catholique vuln\u00e9rable. \u00c9tudie la doctrine, le Cat\u00e9chisme et l\u2019histoire de l\u2019\u00c9glise.<\/p>\n\n\n\n<h3 class=\"wp-block-heading\">2. Vivre sa foi sans complexe<\/h3>\n\n\n\n<p>Ne cache pas ce que tu es. La l\u00e2chet\u00e9 spirituelle est une forme silencieuse d\u2019apostasie.<\/p>\n\n\n\n<h3 class=\"wp-block-heading\">3. Ob\u00e9ir \u00e0 Dieu plut\u00f4t qu\u2019aux hommes<\/h3>\n\n\n\n<p>Lorsque la loi civile contredit la loi morale, la conscience chr\u00e9tienne doit rester ferme.<\/p>\n\n\n\n<blockquote class=\"wp-block-quote is-layout-flow wp-block-quote-is-layout-flow\">\n<p><em>\u00ab Il faut ob\u00e9ir \u00e0 Dieu plut\u00f4t qu\u2019aux hommes \u00bb<\/em><br>(Ac 5,29)<\/p>\n<\/blockquote>\n\n\n\n<h3 class=\"wp-block-heading\">4. Rejeter la violence, m\u00eame face \u00e0 la provocation<\/h3>\n\n\n\n<p>La Croix ne se d\u00e9fend pas avec de la poudre, mais avec la fid\u00e9lit\u00e9.<\/p>\n\n\n\n<h3 class=\"wp-block-heading\">5. Offrir r\u00e9paration et pri\u00e8re<\/h3>\n\n\n\n<p>L\u00e0 o\u00f9 il y eut de la haine, offre le sacrifice. L\u00e0 o\u00f9 il y eut l\u2019erreur, offre la p\u00e9nitence.<\/p>\n\n\n\n<hr class=\"wp-block-separator has-alpha-channel-opacity\"\/>\n\n\n\n<h2 class=\"wp-block-heading\">8. Guy Fawkes : un avertissement pour notre temps<\/h2>\n\n\n\n<p>Guy Fawkes nous interpelle non comme un h\u00e9ros, mais comme un <strong>avertissement<\/strong> :<\/p>\n\n\n\n<ul class=\"wp-block-list\">\n<li>Le z\u00e8le sans discernement peut conduire au p\u00e9ch\u00e9<\/li>\n\n\n\n<li>La foi sans ob\u00e9issance morale se d\u00e9forme<\/li>\n\n\n\n<li>La r\u00e9sistance sans charit\u00e9 devient destruction<\/li>\n<\/ul>\n\n\n\n<p>Mais il nous rappelle aussi quelque chose d\u2019essentiel :<br><strong>la foi en vaut la peine<\/strong>, m\u00eame lorsqu\u2019elle co\u00fbte tr\u00e8s cher.<\/p>\n\n\n\n<hr class=\"wp-block-separator has-alpha-channel-opacity\"\/>\n\n\n\n<h2 class=\"wp-block-heading\">Conclusion : la fid\u00e9lit\u00e9 avant la r\u00e9bellion<\/h2>\n\n\n\n<p>La v\u00e9ritable r\u00e9sistance chr\u00e9tienne n\u2019a pas besoin de masques ni d\u2019explosifs. Elle a besoin de <strong>saints<\/strong>, de <strong>familles fid\u00e8les<\/strong>, de <strong>consciences bien form\u00e9es<\/strong> et de <strong>catholiques courageux<\/strong>.<\/p>\n\n\n\n<p>Guy Fawkes fut un fils d\u2019une \u00c9glise pers\u00e9cut\u00e9e. Apprenons de son contexte, corrigeons ses erreurs et assumons sa question fondamentale :<\/p>\n\n\n\n<p>\ud83d\udc49 <em>Qu\u2019est-ce que je suis pr\u00eat \u00e0 perdre pour ne pas trahir ma foi ?<\/em><\/p>\n\n\n\n<p>Car au fond, il ne s\u2019agit pas de renverser des parlements, mais de <strong>demeurer fermes devant Dieu<\/strong>.<\/p>\n\n\n\n<blockquote class=\"wp-block-quote is-layout-flow wp-block-quote-is-layout-flow\">\n<p><em>\u00ab Sois fid\u00e8le jusqu\u2019\u00e0 la mort, et je te donnerai la couronne de la vie \u00bb<\/em><br>(Ap 2,10)<\/p>\n<\/blockquote>\n","protected":false},"excerpt":{"rendered":"<p>Quand la conscience ne se rend pas, pas m\u00eame face \u00e0 l\u2019Empire Parler de Guy Fawkes aujourd\u2019hui \u00e9voque g\u00e9n\u00e9ralement des masques, des manifestations de rue et des slogans antisyst\u00e8me. Mais r\u00e9duire sa figure \u00e0 une ic\u00f4ne pop moderne constitue une grave injustice historique\u2026 et aussi spirituelle. Derri\u00e8re le visage stylis\u00e9 qui circule aujourd\u2019hui sur les &hellip;<\/p>\n","protected":false},"author":3,"featured_media":4938,"comment_status":"closed","ping_status":"closed","sticky":false,"template":"","format":"standard","meta":{"_seopress_robots_primary_cat":"","_seopress_titles_title":"","_seopress_titles_desc":"","_seopress_robots_index":"","footnotes":""},"categories":[66,41],"tags":[1643],"class_list":["post-4937","post","type-post","status-publish","format-standard","has-post-thumbnail","","category-culture-populaire-et-catholicisme","category-foi-et-culture","tag-guy-fawkes"],"_links":{"self":[{"href":"https:\/\/catholicus.eu\/fr\/wp-json\/wp\/v2\/posts\/4937","targetHints":{"allow":["GET"]}}],"collection":[{"href":"https:\/\/catholicus.eu\/fr\/wp-json\/wp\/v2\/posts"}],"about":[{"href":"https:\/\/catholicus.eu\/fr\/wp-json\/wp\/v2\/types\/post"}],"author":[{"embeddable":true,"href":"https:\/\/catholicus.eu\/fr\/wp-json\/wp\/v2\/users\/3"}],"replies":[{"embeddable":true,"href":"https:\/\/catholicus.eu\/fr\/wp-json\/wp\/v2\/comments?post=4937"}],"version-history":[{"count":1,"href":"https:\/\/catholicus.eu\/fr\/wp-json\/wp\/v2\/posts\/4937\/revisions"}],"predecessor-version":[{"id":4939,"href":"https:\/\/catholicus.eu\/fr\/wp-json\/wp\/v2\/posts\/4937\/revisions\/4939"}],"wp:featuredmedia":[{"embeddable":true,"href":"https:\/\/catholicus.eu\/fr\/wp-json\/wp\/v2\/media\/4938"}],"wp:attachment":[{"href":"https:\/\/catholicus.eu\/fr\/wp-json\/wp\/v2\/media?parent=4937"}],"wp:term":[{"taxonomy":"category","embeddable":true,"href":"https:\/\/catholicus.eu\/fr\/wp-json\/wp\/v2\/categories?post=4937"},{"taxonomy":"post_tag","embeddable":true,"href":"https:\/\/catholicus.eu\/fr\/wp-json\/wp\/v2\/tags?post=4937"}],"curies":[{"name":"wp","href":"https:\/\/api.w.org\/{rel}","templated":true}]}}