{"id":4925,"date":"2026-01-28T22:40:31","date_gmt":"2026-01-28T21:40:31","guid":{"rendered":"https:\/\/catholicus.eu\/fr\/?p=4925"},"modified":"2026-01-28T22:40:31","modified_gmt":"2026-01-28T21:40:31","slug":"peches-contre-le-septieme-commandement","status":"publish","type":"post","link":"https:\/\/catholicus.eu\/fr\/peches-contre-le-septieme-commandement\/","title":{"rendered":"P\u00e9ch\u00e9s contre le Septi\u00e8me Commandement"},"content":{"rendered":"\n<h2 class=\"wp-block-heading\">\u00ab Tu ne voleras pas \u00bb (Exode 20,15)<\/h2>\n\n\n\n<h3 class=\"wp-block-heading\">1. Introduction : un commandement plus actuel qu\u2019on ne le pense<\/h3>\n\n\n\n<p>Lorsque nous entendons le <strong>Septi\u00e8me Commandement \u2014 \u00ab Tu ne voleras pas \u00bb<\/strong>, beaucoup pensent imm\u00e9diatement : <em>\u00ab Cela ne me concerne pas, je ne suis pas un voleur. \u00bb<\/em> Cette vision est pourtant <strong>beaucoup trop superficielle<\/strong> et dangereuse pour la vie spirituelle.<\/p>\n\n\n\n<p>La Tradition de l\u2019\u00c9glise enseigne que ce commandement <strong>ne se limite pas au vol violent ou manifeste<\/strong>, mais qu\u2019il englobe <strong>toute forme d\u2019injustice \u00e0 l\u2019\u00e9gard des biens d\u2019autrui<\/strong>, qu\u2019ils soient <strong>mat\u00e9riels, professionnels, intellectuels, \u00e9conomiques ou sociaux<\/strong>. Dans une soci\u00e9t\u00e9 o\u00f9 la fraude est banalis\u00e9e, o\u00f9 la tromperie est d\u00e9guis\u00e9e en \u00ab habilet\u00e9 \u00bb, et o\u00f9 l\u2019exploitation est justifi\u00e9e comme un \u00ab mod\u00e8le \u00e9conomique \u00bb, ce commandement <strong>interpelle directement notre conscience quotidienne<\/strong>.<\/p>\n\n\n\n<p>Le Septi\u00e8me Commandement prot\u00e8ge :<\/p>\n\n\n\n<ul class=\"wp-block-list\">\n<li>Le <strong>droit naturel \u00e0 la propri\u00e9t\u00e9 priv\u00e9e<\/strong><\/li>\n\n\n\n<li>La <strong>justice dans les \u00e9changes<\/strong><\/li>\n\n\n\n<li>L\u2019<strong>honn\u00eatet\u00e9 dans le travail<\/strong><\/li>\n\n\n\n<li>La <strong>responsabilit\u00e9 sociale<\/strong><\/li>\n\n\n\n<li>La <strong>destination universelle des biens<\/strong>, sans tomber dans des d\u00e9rives id\u00e9ologiques<\/li>\n<\/ul>\n\n\n\n<hr class=\"wp-block-separator has-alpha-channel-opacity\"\/>\n\n\n\n<h3 class=\"wp-block-heading\">2. Fondement th\u00e9ologique et moral<\/h3>\n\n\n\n<p>La propri\u00e9t\u00e9 priv\u00e9e n\u2019est pas un caprice humain, mais un <strong>droit reconnu par la loi naturelle<\/strong>, ordonn\u00e9 au bien personnel, familial et social. Voler ne consiste pas seulement \u00e0 \u00ab prendre quelque chose \u00bb, mais \u00e0 <strong>rompre la justice<\/strong>, <strong>porter pr\u00e9judice au prochain<\/strong> et <strong>p\u00e9cher contre la charit\u00e9<\/strong>.<\/p>\n\n\n\n<p>\ud83d\udcd6 <em>\u00ab Que celui qui volait ne vole plus, mais qu\u2019il travaille honn\u00eatement de ses mains \u00bb<\/em> (\u00c9ph\u00e9siens 4,28)<\/p>\n\n\n\n<p>Saint Thomas d\u2019Aquin enseigne que <strong>l\u2019injustice concernant les biens temporels constitue un p\u00e9ch\u00e9 grave lorsqu\u2019elle cause un pr\u00e9judice s\u00e9rieux au prochain<\/strong>, surtout lorsqu\u2019il y a abus de pouvoir, tromperie d\u00e9lib\u00e9r\u00e9e ou dommage notable.<\/p>\n\n\n\n<hr class=\"wp-block-separator has-alpha-channel-opacity\"\/>\n\n\n\n<h3 class=\"wp-block-heading\">3. P\u00e9ch\u00e9s contre le Septi\u00e8me Commandement<\/h3>\n\n\n\n<h2 class=\"wp-block-heading\">Liste \u00e9tendue et minutieuse pour l\u2019examen de conscience<\/h2>\n\n\n\n<p>Vous trouverez ci-dessous une <strong>liste d\u00e9taill\u00e9e de p\u00e9ch\u00e9s concrets<\/strong>, dont beaucoup sont <strong>fr\u00e9quents mais rarement confess\u00e9s<\/strong>, organis\u00e9e par domaines de la vie.<\/p>\n\n\n\n<hr class=\"wp-block-separator has-alpha-channel-opacity\"\/>\n\n\n\n<h2 class=\"wp-block-heading\">A. Vols directs et appropriation indue<\/h2>\n\n\n\n<ul class=\"wp-block-list\">\n<li>Voler de l\u2019argent, des objets ou des biens mat\u00e9riels.<\/li>\n\n\n\n<li>Prendre de \u00ab petites choses \u00bb en pensant qu\u2019elles n\u2019ont pas d\u2019importance.<\/li>\n\n\n\n<li>Emporter du mat\u00e9riel du lieu de travail (argent, outils, produits, fournitures de bureau).<\/li>\n\n\n\n<li>Conserver des objets trouv\u00e9s sans chercher \u00e0 les restituer.<\/li>\n\n\n\n<li>Garder de l\u2019argent re\u00e7u par erreur.<\/li>\n\n\n\n<li>Utiliser des biens pr\u00eat\u00e9s comme s\u2019ils \u00e9taient personnels.<\/li>\n\n\n\n<li>Ne pas rendre ce qui a \u00e9t\u00e9 emprunt\u00e9.<\/li>\n\n\n\n<li>Retenir ill\u00e9galement des biens appartenant \u00e0 autrui.<\/li>\n\n\n\n<li>Voler du temps pay\u00e9 (faire semblant de travailler, absences injustifi\u00e9es).<\/li>\n<\/ul>\n\n\n\n<hr class=\"wp-block-separator has-alpha-channel-opacity\"\/>\n\n\n\n<h2 class=\"wp-block-heading\">B. Fraude, tromperie et escroquerie<\/h2>\n\n\n\n<ul class=\"wp-block-list\">\n<li>Mentir pour obtenir un avantage financier.<\/li>\n\n\n\n<li>Escroquer des particuliers ou des entreprises.<\/li>\n\n\n\n<li>Vendre des produits d\u00e9fectueux en dissimulant leurs d\u00e9fauts.<\/li>\n\n\n\n<li>Tromper sur le poids, la quantit\u00e9 ou la qualit\u00e9.<\/li>\n\n\n\n<li>Gonfler injustement les prix en profitant de la d\u00e9tresse d\u2019autrui.<\/li>\n\n\n\n<li>Signer des contrats sans intention de les respecter.<\/li>\n\n\n\n<li>Exploiter des failles juridiques pour commettre une injustice.<\/li>\n\n\n\n<li>Utiliser des informations privil\u00e9gi\u00e9es pour s\u2019enrichir injustement.<\/li>\n<\/ul>\n\n\n\n<hr class=\"wp-block-separator has-alpha-channel-opacity\"\/>\n\n\n\n<h2 class=\"wp-block-heading\">C. P\u00e9ch\u00e9s li\u00e9s au travail<\/h2>\n\n\n\n<h3 class=\"wp-block-heading\">En tant qu\u2019employ\u00e9 :<\/h3>\n\n\n\n<ul class=\"wp-block-list\">\n<li>Travailler avec n\u00e9gligence, paresse ou irresponsabilit\u00e9.<\/li>\n\n\n\n<li>Recevoir un salaire sans accomplir correctement son travail.<\/li>\n\n\n\n<li>Simuler une maladie pour \u00e9viter de travailler.<\/li>\n\n\n\n<li>Provoquer des pertes par paresse ou n\u00e9gligence grave.<\/li>\n\n\n\n<li>D\u00e9sob\u00e9ir \u00e0 des r\u00e8gles justes \u00e9tablies par l\u2019employeur.<\/li>\n\n\n\n<li>Saboter son propre travail ou celui des autres.<\/li>\n\n\n\n<li>Utiliser r\u00e9guli\u00e8rement le temps de travail \u00e0 des fins personnelles.<\/li>\n<\/ul>\n\n\n\n<h3 class=\"wp-block-heading\">En tant qu\u2019employeur ou responsable :<\/h3>\n\n\n\n<ul class=\"wp-block-list\">\n<li>Payer des salaires injustes ou insuffisants.<\/li>\n\n\n\n<li>Retarder le paiement des salaires sans cause juste.<\/li>\n\n\n\n<li>Exploiter les travailleurs.<\/li>\n\n\n\n<li>Imposer des conditions de travail indignes.<\/li>\n\n\n\n<li>Licencier injustement.<\/li>\n\n\n\n<li>Ne pas respecter les temps de repos, les cong\u00e9s ou les droits fondamentaux.<\/li>\n\n\n\n<li>Traiter les travailleurs comme des objets et non comme des personnes.<\/li>\n<\/ul>\n\n\n\n<p>\ud83d\udcd6 <em>\u00ab Le salaire des ouvriers ne doit pas \u00eatre retenu \u00bb<\/em> (cf. Jacques 5,4)<\/p>\n\n\n\n<hr class=\"wp-block-separator has-alpha-channel-opacity\"\/>\n\n\n\n<h2 class=\"wp-block-heading\">D. P\u00e9ch\u00e9s fiscaux et atteintes au bien commun<\/h2>\n\n\n\n<ul class=\"wp-block-list\">\n<li>\u00c9chapper au paiement d\u2019imp\u00f4ts justes.<\/li>\n\n\n\n<li>Falsifier des d\u00e9clarations fiscales.<\/li>\n\n\n\n<li>Travailler \u00ab au noir \u00bb.<\/li>\n\n\n\n<li>Percevoir des aides publiques sans y avoir droit.<\/li>\n\n\n\n<li>Faire un usage abusif de subventions ou de prestations sociales.<\/li>\n\n\n\n<li>Fraud\u00ader les syst\u00e8mes de s\u00e9curit\u00e9 sociale.<\/li>\n\n\n\n<li>Justifier la fraude fiscale comme quelque chose de \u00ab normal \u00bb.<\/li>\n\n\n\n<li>Refuser de contribuer au bien commun alors qu\u2019on en a les moyens.<\/li>\n<\/ul>\n\n\n\n<hr class=\"wp-block-separator has-alpha-channel-opacity\"\/>\n\n\n\n<h2 class=\"wp-block-heading\">E. Dommages aux biens d\u2019autrui<\/h2>\n\n\n\n<ul class=\"wp-block-list\">\n<li>D\u00e9t\u00e9riorer volontairement la propri\u00e9t\u00e9 d\u2019autrui.<\/li>\n\n\n\n<li>Ne pas r\u00e9parer les dommages caus\u00e9s par sa propre faute.<\/li>\n\n\n\n<li>Actes de vandalisme.<\/li>\n\n\n\n<li>Usage n\u00e9gligent de biens lou\u00e9s ou pr\u00eat\u00e9s.<\/li>\n\n\n\n<li>Refuser d\u2019assumer la responsabilit\u00e9 des dommages caus\u00e9s.<\/li>\n<\/ul>\n\n\n\n<hr class=\"wp-block-separator has-alpha-channel-opacity\"\/>\n\n\n\n<h2 class=\"wp-block-heading\">F. P\u00e9ch\u00e9s contre la justice dans le commerce et la consommation<\/h2>\n\n\n\n<ul class=\"wp-block-list\">\n<li>Acheter des biens vol\u00e9s en connaissant leur origine.<\/li>\n\n\n\n<li>Soutenir des entreprises manifestement injustes.<\/li>\n\n\n\n<li>Consommer de mani\u00e8re irresponsable et \u00e9go\u00efste.<\/li>\n\n\n\n<li>S\u2019endetter sans r\u00e9elle intention de rembourser.<\/li>\n\n\n\n<li>Profiter des erreurs d\u2019un vendeur.<\/li>\n\n\n\n<li>Sp\u00e9culation abusive.<\/li>\n\n\n\n<li>Promouvoir ou maintenir des syst\u00e8mes \u00e9conomiques injustes lorsqu\u2019on a le pouvoir de les emp\u00eacher.<\/li>\n<\/ul>\n\n\n\n<hr class=\"wp-block-separator has-alpha-channel-opacity\"\/>\n\n\n\n<h2 class=\"wp-block-heading\">G. P\u00e9ch\u00e9s contre la propri\u00e9t\u00e9 intellectuelle<\/h2>\n\n\n\n<ul class=\"wp-block-list\">\n<li>T\u00e9l\u00e9charger des contenus pirat\u00e9s.<\/li>\n\n\n\n<li>Partager ill\u00e9galement des \u0153uvres prot\u00e9g\u00e9es par le droit d\u2019auteur.<\/li>\n\n\n\n<li>Copier le travail d\u2019autrui et le pr\u00e9senter comme le sien.<\/li>\n\n\n\n<li>Plagiat acad\u00e9mique ou professionnel.<\/li>\n\n\n\n<li>Utilisation ill\u00e9gale de logiciels.<\/li>\n\n\n\n<li>Contrefa\u00e7on de marques ou de produits.<\/li>\n<\/ul>\n\n\n\n<hr class=\"wp-block-separator has-alpha-channel-opacity\"\/>\n\n\n\n<h2 class=\"wp-block-heading\">H. Usure et p\u00e9ch\u00e9s financiers<\/h2>\n\n\n\n<ul class=\"wp-block-list\">\n<li>Pr\u00eater de l\u2019argent avec des int\u00e9r\u00eats excessifs.<\/li>\n\n\n\n<li>Profiter de la d\u00e9tresse financi\u00e8re du prochain.<\/li>\n\n\n\n<li>Endetter volontairement autrui.<\/li>\n\n\n\n<li>Manipuler financi\u00e8rement des personnes vuln\u00e9rables.<\/li>\n\n\n\n<li>Jouer ou investir de mani\u00e8re irresponsable en mettant sa famille en danger.<\/li>\n<\/ul>\n\n\n\n<hr class=\"wp-block-separator has-alpha-channel-opacity\"\/>\n\n\n\n<h2 class=\"wp-block-heading\">I. P\u00e9ch\u00e9s d\u2019omission<\/h2>\n\n\n\n<ul class=\"wp-block-list\">\n<li>Ne pas restituer ce qui a \u00e9t\u00e9 vol\u00e9 alors qu\u2019on en a la possibilit\u00e9.<\/li>\n\n\n\n<li>Ne pas r\u00e9parer une injustice connue.<\/li>\n\n\n\n<li>Garder le silence face \u00e0 une injustice grave lorsqu\u2019on a le devoir moral d\u2019agir.<\/li>\n\n\n\n<li>Ne pas effectuer de restitution apr\u00e8s une confession valide.<\/li>\n\n\n\n<li>Se d\u00e9sint\u00e9resser des besoins graves du prochain malgr\u00e9 des moyens suffisants.<\/li>\n<\/ul>\n\n\n\n<hr class=\"wp-block-separator has-alpha-channel-opacity\"\/>\n\n\n\n<h3 class=\"wp-block-heading\">4. La restitution : la cl\u00e9 oubli\u00e9e du Septi\u00e8me Commandement<\/h3>\n\n\n\n<p>Un point essentiel et trop souvent n\u00e9glig\u00e9 :<br>\ud83d\udc49 <strong>Confesser le p\u00e9ch\u00e9 ne suffit pas.<\/strong><br>\ud83d\udc49 <strong>Il est moralement obligatoire de restituer ce qui a \u00e9t\u00e9 vol\u00e9 ou de r\u00e9parer le dommage<\/strong>, lorsque cela est possible.<\/p>\n\n\n\n<p>Sans restitution, <strong>il n\u2019y a pas de repentir complet<\/strong>, et l\u2019absolution elle-m\u00eame peut \u00eatre compromise.<\/p>\n\n\n\n<hr class=\"wp-block-separator has-alpha-channel-opacity\"\/>\n\n\n\n<h3 class=\"wp-block-heading\">5. Un appel final \u00e0 la conversion<\/h3>\n\n\n\n<p>Le Septi\u00e8me Commandement ne cherche pas \u00e0 accuser, mais \u00e0 <strong>lib\u00e9rer le c\u0153ur de l\u2019attachement d\u00e9sordonn\u00e9 aux biens mat\u00e9riels<\/strong>. Le Christ ne condamne pas la richesse, mais Il condamne le <strong>c\u0153ur injuste<\/strong>.<\/p>\n\n\n\n<p>Vivre fid\u00e8lement ce commandement :<\/p>\n\n\n\n<ul class=\"wp-block-list\">\n<li>Purifie la conscience<\/li>\n\n\n\n<li>Fortifie la justice<\/li>\n\n\n\n<li>Humanise l\u2019\u00e9conomie<\/li>\n\n\n\n<li>T\u00e9moigne de la foi chr\u00e9tienne dans un monde corrompu<\/li>\n<\/ul>\n\n\n\n<p>\ud83d\udcac <em>\u00ab L\u00e0 o\u00f9 est ton tr\u00e9sor, l\u00e0 aussi sera ton c\u0153ur \u00bb<\/em> (Matthieu 6,21)<\/p>\n","protected":false},"excerpt":{"rendered":"<p>\u00ab Tu ne voleras pas \u00bb (Exode 20,15) 1. Introduction : un commandement plus actuel qu\u2019on ne le pense Lorsque nous entendons le Septi\u00e8me Commandement \u2014 \u00ab Tu ne voleras pas \u00bb, beaucoup pensent imm\u00e9diatement : \u00ab Cela ne me concerne pas, je ne suis pas un voleur. \u00bb Cette vision est pourtant beaucoup trop &hellip;<\/p>\n","protected":false},"author":3,"featured_media":4926,"comment_status":"closed","ping_status":"closed","sticky":false,"template":"","format":"standard","meta":{"_seopress_robots_primary_cat":"","_seopress_titles_title":"","_seopress_titles_desc":"","_seopress_robots_index":"","footnotes":""},"categories":[37,47],"tags":[1639],"class_list":["post-4925","post","type-post","status-publish","format-standard","has-post-thumbnail","","category-doctrine-et-foi","category-les-commandements","tag-septieme-commandement"],"_links":{"self":[{"href":"https:\/\/catholicus.eu\/fr\/wp-json\/wp\/v2\/posts\/4925","targetHints":{"allow":["GET"]}}],"collection":[{"href":"https:\/\/catholicus.eu\/fr\/wp-json\/wp\/v2\/posts"}],"about":[{"href":"https:\/\/catholicus.eu\/fr\/wp-json\/wp\/v2\/types\/post"}],"author":[{"embeddable":true,"href":"https:\/\/catholicus.eu\/fr\/wp-json\/wp\/v2\/users\/3"}],"replies":[{"embeddable":true,"href":"https:\/\/catholicus.eu\/fr\/wp-json\/wp\/v2\/comments?post=4925"}],"version-history":[{"count":1,"href":"https:\/\/catholicus.eu\/fr\/wp-json\/wp\/v2\/posts\/4925\/revisions"}],"predecessor-version":[{"id":4927,"href":"https:\/\/catholicus.eu\/fr\/wp-json\/wp\/v2\/posts\/4925\/revisions\/4927"}],"wp:featuredmedia":[{"embeddable":true,"href":"https:\/\/catholicus.eu\/fr\/wp-json\/wp\/v2\/media\/4926"}],"wp:attachment":[{"href":"https:\/\/catholicus.eu\/fr\/wp-json\/wp\/v2\/media?parent=4925"}],"wp:term":[{"taxonomy":"category","embeddable":true,"href":"https:\/\/catholicus.eu\/fr\/wp-json\/wp\/v2\/categories?post=4925"},{"taxonomy":"post_tag","embeddable":true,"href":"https:\/\/catholicus.eu\/fr\/wp-json\/wp\/v2\/tags?post=4925"}],"curies":[{"name":"wp","href":"https:\/\/api.w.org\/{rel}","templated":true}]}}