{"id":4919,"date":"2026-01-28T21:17:11","date_gmt":"2026-01-28T20:17:11","guid":{"rendered":"https:\/\/catholicus.eu\/fr\/?p=4919"},"modified":"2026-01-28T21:17:11","modified_gmt":"2026-01-28T20:17:11","slug":"peches-contre-le-cinquieme-commandement-tu-ne-tueras-pas-ex-2013","status":"publish","type":"post","link":"https:\/\/catholicus.eu\/fr\/peches-contre-le-cinquieme-commandement-tu-ne-tueras-pas-ex-2013\/","title":{"rendered":"P\u00e9ch\u00e9s contre le Cinqui\u00e8me Commandement : \u00ab Tu ne tueras pas \u00bb (Ex 20,13)"},"content":{"rendered":"\n<h2 class=\"wp-block-heading\">1. Un commandement bref\u2026 mais immense<\/h2>\n\n\n\n<p>Le Cinqui\u00e8me Commandement \u2014 <strong>\u00ab Tu ne tueras pas \u00bb<\/strong> \u2014 semble, \u00e0 premi\u00e8re vue, l\u2019un des plus clairs et des plus simples. Beaucoup pensent : <em>\u00ab Je n\u2019ai jamais tu\u00e9 personne, donc ce commandement ne me concerne pas. \u00bb<\/em> Pourtant, l\u2019enseignement de l\u2019\u00c9glise, \u00e9clair\u00e9 par la Sainte \u00c9criture et approfondi par la Tradition, nous montre que ce pr\u00e9cepte <strong>va bien au-del\u00e0 de l\u2019homicide physique<\/strong>.<\/p>\n\n\n\n<p>Le Cinqui\u00e8me Commandement <strong>prot\u00e8ge la vie humaine dans toutes ses dimensions<\/strong> : corporelle, spirituelle, psychologique et sociale. Il d\u00e9fend la vie <strong>de la conception jusqu\u2019\u00e0 la mort naturelle<\/strong>, mais aussi la dignit\u00e9 de la personne, l\u2019int\u00e9grit\u00e9 du corps et de l\u2019\u00e2me, et l\u2019amour du prochain.<\/p>\n\n\n\n<p>J\u00e9sus porte ce commandement \u00e0 une profondeur radicale lorsqu\u2019Il dit :<\/p>\n\n\n\n<blockquote class=\"wp-block-quote is-layout-flow wp-block-quote-is-layout-flow\">\n<p><em>\u00ab Vous avez appris qu\u2019il a \u00e9t\u00e9 dit aux anciens : \u201cTu ne tueras pas ; celui qui tuera sera passible du jugement.\u201d Mais moi, je vous dis : quiconque se met en col\u00e8re contre son fr\u00e8re sera passible du jugement \u00bb<\/em> (Mt 5,21-22).<\/p>\n<\/blockquote>\n\n\n\n<p>Ainsi, <strong>ne pas tuer<\/strong> signifie aussi <strong>ne pas d\u00e9truire<\/strong>, <strong>ne pas m\u00e9priser<\/strong>, <strong>ne pas blesser<\/strong>, <strong>ne pas nuire<\/strong>, <strong>ne pas abandonner<\/strong>, <strong>ne pas ha\u00efr<\/strong>.<\/p>\n\n\n\n<hr class=\"wp-block-separator has-alpha-channel-opacity\"\/>\n\n\n\n<h2 class=\"wp-block-heading\">2. La vie humaine : un don sacr\u00e9 de Dieu<\/h2>\n\n\n\n<p>La vie ne nous appartient pas. <strong>Elle est un don de Dieu<\/strong>, et Lui seul en est le Seigneur. Attenter \u00e0 la vie humaine est, au fond, <strong>une r\u00e9bellion contre le Cr\u00e9ateur<\/strong>.<\/p>\n\n\n\n<p>L\u2019\u00c9glise enseigne clairement :<\/p>\n\n\n\n<ul class=\"wp-block-list\">\n<li>Toute vie humaine est <strong>sacr\u00e9e<\/strong><\/li>\n\n\n\n<li>Toute personne poss\u00e8de une <strong>dignit\u00e9 inviolable<\/strong><\/li>\n\n\n\n<li>Personne ne peut d\u00e9cider qui m\u00e9rite de vivre ou de mourir<\/li>\n<\/ul>\n\n\n\n<p>Cela vaut <strong>pour l\u2019enfant \u00e0 na\u00eetre<\/strong>, <strong>pour le malade<\/strong>, <strong>pour la personne \u00e2g\u00e9e<\/strong>, <strong>pour la personne handicap\u00e9e<\/strong>, <strong>pour le pauvre<\/strong>, <strong>pour l\u2019ennemi<\/strong>, <strong>pour celui qui pense diff\u00e9remment<\/strong>.<\/p>\n\n\n\n<hr class=\"wp-block-separator has-alpha-channel-opacity\"\/>\n\n\n\n<h2 class=\"wp-block-heading\">3. P\u00e9ch\u00e9s graves et directs contre la vie humaine<\/h2>\n\n\n\n<h3 class=\"wp-block-heading\">\ud83d\udd34 1. Homicide volontaire<\/h3>\n\n\n\n<ul class=\"wp-block-list\">\n<li>Tuer directement et d\u00e9lib\u00e9r\u00e9ment une personne<\/li>\n\n\n\n<li>Ordonner de tuer, engager des tueurs \u00e0 gages, ordonner des ex\u00e9cutions injustes<\/li>\n\n\n\n<li>Participer activement \u00e0 un meurtre<\/li>\n<\/ul>\n\n\n\n<h3 class=\"wp-block-heading\">\ud83d\udd34 2. Avortement (p\u00e9ch\u00e9 tr\u00e8s grave)<\/h3>\n\n\n\n<ul class=\"wp-block-list\">\n<li>Provoquer directement ou indirectement la mort d\u2019un enfant \u00e0 na\u00eetre<\/li>\n\n\n\n<li>Consentir \u00e0 l\u2019avortement, le faciliter, le financer ou le promouvoir<\/li>\n\n\n\n<li>Faire pression sur une autre personne pour qu\u2019elle avorte<\/li>\n\n\n\n<li>Justifier moralement l\u2019avortement<\/li>\n\n\n\n<li>M\u00e9decins ou personnels de sant\u00e9 qui coop\u00e8rent \u00e0 des avortements<\/li>\n\n\n\n<li>Politiques ou l\u00e9gislateurs qui promeuvent des lois favorables \u00e0 l\u2019avortement<\/li>\n<\/ul>\n\n\n\n<h3 class=\"wp-block-heading\">\ud83d\udd34 3. Euthanasie et suicide assist\u00e9<\/h3>\n\n\n\n<ul class=\"wp-block-list\">\n<li>Provoquer la mort d\u2019un malade ou d\u2019une personne \u00e2g\u00e9e \u00ab par compassion \u00bb<\/li>\n\n\n\n<li>Aider, conseiller ou faciliter le suicide<\/li>\n\n\n\n<li>Justifier l\u2019euthanasie comme une \u00ab mort digne \u00bb<\/li>\n\n\n\n<li>Supprimer les soins de base afin d\u2019acc\u00e9l\u00e9rer la mort<\/li>\n<\/ul>\n\n\n\n<h3 class=\"wp-block-heading\">\ud83d\udd34 4. Suicide<\/h3>\n\n\n\n<ul class=\"wp-block-list\">\n<li>Attenter volontairement \u00e0 sa propre vie<\/li>\n\n\n\n<li>Planifier, tenter ou d\u00e9sirer s\u00e9rieusement se donner la mort<\/li>\n<\/ul>\n\n\n\n<blockquote class=\"wp-block-quote is-layout-flow wp-block-quote-is-layout-flow\">\n<p>(L\u2019\u00c9glise distingue toujours la culpabilit\u00e9 subjective, mais l\u2019acte en lui-m\u00eame est gravement d\u00e9sordonn\u00e9)<\/p>\n<\/blockquote>\n\n\n\n<hr class=\"wp-block-separator has-alpha-channel-opacity\"\/>\n\n\n\n<h2 class=\"wp-block-heading\">4. P\u00e9ch\u00e9s contre l\u2019int\u00e9grit\u00e9 physique et la sant\u00e9<\/h2>\n\n\n\n<h3 class=\"wp-block-heading\">\u26a0\ufe0f 5. Violence physique<\/h3>\n\n\n\n<ul class=\"wp-block-list\">\n<li>Frapper, blesser, torturer<\/li>\n\n\n\n<li>Violence domestique<\/li>\n\n\n\n<li>Maltraitance physique envers les enfants, les personnes \u00e2g\u00e9es ou d\u00e9pendantes<\/li>\n\n\n\n<li>Violence lors de bagarres, agressions ou rixes<\/li>\n<\/ul>\n\n\n\n<h3 class=\"wp-block-heading\">\u26a0\ufe0f 6. Violence psychologique<\/h3>\n\n\n\n<ul class=\"wp-block-list\">\n<li>Humilier de mani\u00e8re syst\u00e9matique<\/li>\n\n\n\n<li>Menacer<\/li>\n\n\n\n<li>Manipuler \u00e9motionnellement<\/li>\n\n\n\n<li>Faire souffrir d\u00e9lib\u00e9r\u00e9ment par des paroles ou par le silence<\/li>\n\n\n\n<li>D\u00e9truire l\u2019estime de soi d\u2019autrui<\/li>\n<\/ul>\n\n\n\n<h3 class=\"wp-block-heading\">\u26a0\ufe0f 7. Haine et d\u00e9sirs de vengeance<\/h3>\n\n\n\n<ul class=\"wp-block-list\">\n<li>Souhaiter la mort de quelqu\u2019un<\/li>\n\n\n\n<li>Se r\u00e9jouir du malheur d\u2019autrui<\/li>\n\n\n\n<li>Entretenir volontairement du ressentiment<\/li>\n\n\n\n<li>Nourrir des pens\u00e9es de vengeance<\/li>\n<\/ul>\n\n\n\n<hr class=\"wp-block-separator has-alpha-channel-opacity\"\/>\n\n\n\n<h2 class=\"wp-block-heading\">5. P\u00e9ch\u00e9s de parole contre le Cinqui\u00e8me Commandement<\/h2>\n\n\n\n<p>Les paroles aussi peuvent tuer.<\/p>\n\n\n\n<h3 class=\"wp-block-heading\">\ud83d\udde3\ufe0f 8. Injures graves<\/h3>\n\n\n\n<ul class=\"wp-block-list\">\n<li>Insulter quelqu\u2019un avec m\u00e9pris<\/li>\n\n\n\n<li>D\u00e9shumaniser par les paroles<\/li>\n\n\n\n<li>Ridiculiser quelqu\u2019un publiquement<\/li>\n<\/ul>\n\n\n\n<h3 class=\"wp-block-heading\">\ud83d\udde3\ufe0f 9. Mal\u00e9dictions<\/h3>\n\n\n\n<ul class=\"wp-block-list\">\n<li>Souhaiter le mal \u00e0 autrui<\/li>\n\n\n\n<li>Appeler le malheur sur quelqu\u2019un<\/li>\n<\/ul>\n\n\n\n<h3 class=\"wp-block-heading\">\ud83d\udde3\ufe0f 10. Calomnies et diffamations<\/h3>\n\n\n\n<ul class=\"wp-block-list\">\n<li>Porter atteinte injustement \u00e0 la r\u00e9putation d\u2019une personne<\/li>\n\n\n\n<li>D\u00e9truire l\u2019honneur ou la bonne renomm\u00e9e de quelqu\u2019un<\/li>\n<\/ul>\n\n\n\n<hr class=\"wp-block-separator has-alpha-channel-opacity\"\/>\n\n\n\n<h2 class=\"wp-block-heading\">6. P\u00e9ch\u00e9s d\u2019omission : tuer par indiff\u00e9rence<\/h2>\n\n\n\n<p>On ne p\u00e8che pas seulement par ce que l\u2019on fait, mais aussi par ce que l\u2019on <strong>omet de faire<\/strong>.<\/p>\n\n\n\n<h3 class=\"wp-block-heading\">\u2696\ufe0f 11. Refus d\u2019aider<\/h3>\n\n\n\n<ul class=\"wp-block-list\">\n<li>Ne pas secourir une personne en danger<\/li>\n\n\n\n<li>Ignorer les personnes dans le besoin alors que l\u2019on peut aider<\/li>\n\n\n\n<li>Passer son chemin face \u00e0 la souffrance d\u2019autrui<\/li>\n<\/ul>\n\n\n\n<h3 class=\"wp-block-heading\">\u2696\ufe0f 12. Abandon<\/h3>\n\n\n\n<ul class=\"wp-block-list\">\n<li>Abandonner ses enfants, ses parents ou son conjoint<\/li>\n\n\n\n<li>Se d\u00e9sint\u00e9resser du soin des plus faibles<\/li>\n<\/ul>\n\n\n\n<hr class=\"wp-block-separator has-alpha-channel-opacity\"\/>\n\n\n\n<h2 class=\"wp-block-heading\">7. P\u00e9ch\u00e9s contre sa propre vie et son propre corps<\/h2>\n\n\n\n<h3 class=\"wp-block-heading\">\u26a0\ufe0f 13. Autodestruction<\/h3>\n\n\n\n<ul class=\"wp-block-list\">\n<li>Toxicomanie<\/li>\n\n\n\n<li>Alcoolisme<\/li>\n\n\n\n<li>Usage gravement d\u00e9sordonn\u00e9 du corps<\/li>\n\n\n\n<li>Comportements \u00e0 risque inutiles<\/li>\n<\/ul>\n\n\n\n<h3 class=\"wp-block-heading\">\u26a0\ufe0f 14. N\u00e9gligence grave de la sant\u00e9<\/h3>\n\n\n\n<ul class=\"wp-block-list\">\n<li>Refuser des soins n\u00e9cessaires sans raison valable<\/li>\n\n\n\n<li>Mettre en danger sa propre vie ou celle des autres par imprudence<\/li>\n<\/ul>\n\n\n\n<hr class=\"wp-block-separator has-alpha-channel-opacity\"\/>\n\n\n\n<h2 class=\"wp-block-heading\">8. P\u00e9ch\u00e9s sociaux et structurels contre la vie<\/h2>\n\n\n\n<h3 class=\"wp-block-heading\">\ud83c\udf0d 15. Injustices qui tuent<\/h3>\n\n\n\n<ul class=\"wp-block-list\">\n<li>Exploitation extr\u00eame du travail<\/li>\n\n\n\n<li>Indiff\u00e9rence face \u00e0 la pauvret\u00e9<\/li>\n\n\n\n<li>Syst\u00e8mes qui marginalisent et excluent<\/li>\n<\/ul>\n\n\n\n<h3 class=\"wp-block-heading\">\ud83c\udf0d 16. Promotion de la culture de mort<\/h3>\n\n\n\n<ul class=\"wp-block-list\">\n<li>Soutenir des id\u00e9ologies qui relativisent la vie<\/li>\n\n\n\n<li>Normaliser l\u2019avortement, l\u2019euthanasie ou la violence<\/li>\n\n\n\n<li>Se moquer de la valeur de la vie humaine<\/li>\n<\/ul>\n\n\n\n<hr class=\"wp-block-separator has-alpha-channel-opacity\"\/>\n\n\n\n<h2 class=\"wp-block-heading\">9. Pour l\u2019examen de conscience : questions concr\u00e8tes<\/h2>\n\n\n\n<p>Avant de se confesser, se poser sinc\u00e8rement les questions suivantes :<\/p>\n\n\n\n<ul class=\"wp-block-list\">\n<li>Ai-je m\u00e9pris\u00e9 la vie des autres ou la mienne ?<\/li>\n\n\n\n<li>Ai-je nourri la haine ou le ressentiment ?<\/li>\n\n\n\n<li>Ai-je bless\u00e9 par des paroles ou par le silence ?<\/li>\n\n\n\n<li>Ai-je \u00e9t\u00e9 indiff\u00e9rent \u00e0 la souffrance ?<\/li>\n\n\n\n<li>Ai-je justifi\u00e9 l\u2019avortement ou l\u2019euthanasie ?<\/li>\n\n\n\n<li>Ai-je exerc\u00e9 une violence physique ou psychologique ?<\/li>\n\n\n\n<li>Ai-je pris soin de ma vie et de ma sant\u00e9 de mani\u00e8re responsable ?<\/li>\n\n\n\n<li>Ai-je favoris\u00e9 la paix ou le conflit ?<\/li>\n<\/ul>\n\n\n\n<hr class=\"wp-block-separator has-alpha-channel-opacity\"\/>\n\n\n\n<h2 class=\"wp-block-heading\">10. Le Christ, Seigneur de la vie<\/h2>\n\n\n\n<p>Le Cinqui\u00e8me Commandement n\u2019est pas seulement une interdiction, mais un <strong>appel \u00e0 l\u2019amour<\/strong>. Le Christ est venu pour que nous ayons <strong>la vie en abondance<\/strong> (Jn 10,10). D\u00e9fendre la vie, c\u2019est <strong>aimer comme Lui aime<\/strong>.<\/p>\n\n\n\n<p>Chaque confession est une occasion de <strong>gu\u00e9rison<\/strong>, de <strong>r\u00e9conciliation<\/strong> et de <strong>choisir de nouveau la vie<\/strong>.<\/p>\n\n\n\n<blockquote class=\"wp-block-quote is-layout-flow wp-block-quote-is-layout-flow\">\n<p><em>\u00ab Choisis la vie, afin que tu vives, toi et ta descendance \u00bb<\/em> (Dt 30,19).<\/p>\n<\/blockquote>\n","protected":false},"excerpt":{"rendered":"<p>1. Un commandement bref\u2026 mais immense Le Cinqui\u00e8me Commandement \u2014 \u00ab Tu ne tueras pas \u00bb \u2014 semble, \u00e0 premi\u00e8re vue, l\u2019un des plus clairs et des plus simples. Beaucoup pensent : \u00ab Je n\u2019ai jamais tu\u00e9 personne, donc ce commandement ne me concerne pas. \u00bb Pourtant, l\u2019enseignement de l\u2019\u00c9glise, \u00e9clair\u00e9 par la Sainte \u00c9criture &hellip;<\/p>\n","protected":false},"author":3,"featured_media":4920,"comment_status":"closed","ping_status":"closed","sticky":false,"template":"","format":"standard","meta":{"_seopress_robots_primary_cat":"","_seopress_titles_title":"","_seopress_titles_desc":"","_seopress_robots_index":"","footnotes":""},"categories":[37,47],"tags":[1637],"class_list":["post-4919","post","type-post","status-publish","format-standard","has-post-thumbnail","","category-doctrine-et-foi","category-les-commandements","tag-cinquieme-commandement"],"_links":{"self":[{"href":"https:\/\/catholicus.eu\/fr\/wp-json\/wp\/v2\/posts\/4919","targetHints":{"allow":["GET"]}}],"collection":[{"href":"https:\/\/catholicus.eu\/fr\/wp-json\/wp\/v2\/posts"}],"about":[{"href":"https:\/\/catholicus.eu\/fr\/wp-json\/wp\/v2\/types\/post"}],"author":[{"embeddable":true,"href":"https:\/\/catholicus.eu\/fr\/wp-json\/wp\/v2\/users\/3"}],"replies":[{"embeddable":true,"href":"https:\/\/catholicus.eu\/fr\/wp-json\/wp\/v2\/comments?post=4919"}],"version-history":[{"count":1,"href":"https:\/\/catholicus.eu\/fr\/wp-json\/wp\/v2\/posts\/4919\/revisions"}],"predecessor-version":[{"id":4921,"href":"https:\/\/catholicus.eu\/fr\/wp-json\/wp\/v2\/posts\/4919\/revisions\/4921"}],"wp:featuredmedia":[{"embeddable":true,"href":"https:\/\/catholicus.eu\/fr\/wp-json\/wp\/v2\/media\/4920"}],"wp:attachment":[{"href":"https:\/\/catholicus.eu\/fr\/wp-json\/wp\/v2\/media?parent=4919"}],"wp:term":[{"taxonomy":"category","embeddable":true,"href":"https:\/\/catholicus.eu\/fr\/wp-json\/wp\/v2\/categories?post=4919"},{"taxonomy":"post_tag","embeddable":true,"href":"https:\/\/catholicus.eu\/fr\/wp-json\/wp\/v2\/tags?post=4919"}],"curies":[{"name":"wp","href":"https:\/\/api.w.org\/{rel}","templated":true}]}}